{"id":33421,"date":"2025-05-08T10:10:00","date_gmt":"2025-05-08T13:10:00","guid":{"rendered":"https:\/\/www.correiobraziliense.com.br\/cbradar\/?p=33421"},"modified":"2025-05-07T14:25:16","modified_gmt":"2025-05-07T17:25:16","slug":"tudo-o-que-voce-precisa-saber-para-plantar-abacate-em-casa","status":"publish","type":"post","link":"https:\/\/www.correiobraziliense.com.br\/cbradar\/tudo-o-que-voce-precisa-saber-para-plantar-abacate-em-casa\/","title":{"rendered":"Tudo o que voc\u00ea precisa saber para plantar abacate em casa"},"content":{"rendered":"\n<p><strong>Cultivar abacate <\/strong>em casa \u00e9 uma excelente escolha para quem deseja ter uma fonte sustent\u00e1vel de <strong>frutas ricas<\/strong> em nutrientes como gorduras boas, fibras, pot\u00e1ssio e vitaminas. A <strong>Persea americana<\/strong>, conhecida popularmente como abacate, \u00e9 uma \u00e1rvore de origem tropical que se adapta bem a diversas regi\u00f5es do <strong>Brasil<\/strong>. Com os cuidados certos, \u00e9 poss\u00edvel <a href=\"https:\/\/www.correiobraziliense.com.br\/cbradar\/os-segredos-para-plantar-roma-e-aumentar-sua-imunidade\/\" target=\"_blank\" rel=\"noreferrer noopener\">plantar <\/a>abacate no quintal ou at\u00e9 mesmo em vasos grandes, colhendo frutos saborosos diretamente do p\u00e9.<\/p>\n\n\n\n<h2 class=\"wp-block-heading\">Qual \u00e9 o melhor tipo de abacate para plantar?<\/h2>\n\n\n\n<p>Existem diversas variedades de abacate, mas as mais populares no Brasil s\u00e3o o <strong>abacate Breda<\/strong>, <strong>abacate Quintal<\/strong>, <strong>abacate Geada<\/strong>, e o famoso <strong>abacate Hass<\/strong>. A escolha da variedade ideal depende do clima da regi\u00e3o e do espa\u00e7o dispon\u00edvel.<\/p>\n\n\n\n<ul class=\"wp-block-list\">\n<li>O <strong>abacate Hass<\/strong> \u00e9 ideal para climas mais amenos e tem alto valor comercial, com polpa cremosa e sabor marcante.<\/li>\n\n\n\n<li>J\u00e1 o <strong>abacate Quintal<\/strong> e o <strong>abacate Geada<\/strong> s\u00e3o mais resistentes ao clima tropical e produzem frutos grandes.<\/li>\n\n\n\n<li>O <strong>abacate Breda<\/strong> \u00e9 excelente para quem deseja um abacate doce e de r\u00e1pido crescimento.<\/li>\n<\/ul>\n\n\n\n<p>Plantar a partir de sementes \u00e9 poss\u00edvel, mas para garantir produ\u00e7\u00e3o de qualidade e mais r\u00e1pida, recomenda-se o uso de mudas enxertadas adquiridas em viveiros certificados.<\/p>\n\n\n\n<h2 class=\"wp-block-heading\">Em qual \u00e9poca do ano \u00e9 melhor plantar abacate?<\/h2>\n\n\n\n<p>O per\u00edodo ideal para o plantio do abacate \u00e9 no in\u00edcio da esta\u00e7\u00e3o chuvosa, entre <strong>outubro e dezembro<\/strong>, dependendo da regi\u00e3o. Essa \u00e9poca favorece o enraizamento da muda e seu desenvolvimento inicial, pois o solo estar\u00e1 \u00famido e as temperaturas s\u00e3o mais altas, o que estimula o crescimento.<\/p>\n\n\n\n<p>Evite plantar em per\u00edodos muito secos ou com risco de geadas, pois o abacateiro jovem \u00e9 sens\u00edvel ao frio e \u00e0 falta de \u00e1gua.<\/p>\n\n\n\n<h2 class=\"wp-block-heading\">Qual \u00e9 o solo ideal para o cultivo de abacate?<\/h2>\n\n\n\n<p>O solo deve ser <strong>profundo, bem drenado e rico em <\/strong><a href=\"https:\/\/rehagro.com.br\/blog\/materia-organica-no-solo\/\" target=\"_blank\" rel=\"noreferrer noopener\">mat\u00e9ria org\u00e2nica<\/a>. O abacateiro n\u00e3o se desenvolve bem em terrenos encharcados, ent\u00e3o \u00e9 fundamental garantir uma boa drenagem.<\/p>\n\n\n\n<p>Antes do plantio, fa\u00e7a uma cova de aproximadamente <strong>50 cm de profundidade e largura<\/strong>, misture o solo retirado com <strong>esterco de curral bem curtido, composto org\u00e2nico<\/strong> ou h\u00famus de minhoca. O pH ideal do solo varia entre <strong>5,5 e 6,5<\/strong>.<\/p>\n\n\n\n<p>Caso o solo da sua regi\u00e3o seja muito argiloso ou compactado, recomenda-se a constru\u00e7\u00e3o de camalh\u00f5es (canteiros elevados) para favorecer a drenagem.<\/p>\n\n\n\n<h2 class=\"wp-block-heading\">Como plantar a muda de abacate corretamente?<\/h2>\n\n\n\n<p>Siga o passo a passo abaixo para garantir um bom in\u00edcio de vida \u00e0 sua muda de abacate:<\/p>\n\n\n\n<ol class=\"wp-block-list\">\n<li>Escolha um local com <strong>incid\u00eancia solar direta por pelo menos 6 horas por dia<\/strong>.<\/li>\n\n\n\n<li>Fa\u00e7a a cova e adicione a mistura org\u00e2nica mencionada anteriormente.<\/li>\n\n\n\n<li>Retire a muda do saco pl\u00e1stico com cuidado, mantendo o torr\u00e3o intacto.<\/li>\n\n\n\n<li>Plante a muda de forma que o colo (jun\u00e7\u00e3o entre o caule e a raiz) fique ao n\u00edvel do solo.<\/li>\n\n\n\n<li>Regue bem ap\u00f3s o plantio e cubra o entorno com <strong>palha ou folhas secas<\/strong> para manter a umidade.<\/li>\n\n\n\n<li>Se a regi\u00e3o for muito ventosa, estique uma estaca de bambu ou madeira para apoiar o crescimento inicial.<\/li>\n<\/ol>\n\n\n\n<h2 class=\"wp-block-heading\">Como cuidar do abacateiro nos primeiros anos?<\/h2>\n\n\n\n<p>Nos primeiros dois anos, o abacateiro exige mais aten\u00e7\u00e3o. Veja os principais cuidados:<\/p>\n\n\n\n<ul class=\"wp-block-list\">\n<li><strong>Irriga\u00e7\u00e3o<\/strong>: mantenha o solo \u00famido, mas nunca encharcado. No ver\u00e3o, pode ser necess\u00e1rio regar 2 a 3 vezes por semana.<\/li>\n\n\n\n<li><strong>Aduba\u00e7\u00e3o<\/strong>: a cada 3 meses, aplique <strong>adubo org\u00e2nico<\/strong> ou NPK 10-10-10 ao redor da planta, respeitando a dist\u00e2ncia de 20 cm do tronco.<\/li>\n\n\n\n<li><strong>Poda de forma\u00e7\u00e3o<\/strong>: \u00e9 importante para definir o formato da copa e estimular o crescimento equilibrado. Retire galhos muito baixos e brota\u00e7\u00f5es indesejadas.<\/li>\n\n\n\n<li><strong>Controle de pragas<\/strong>: fique atento \u00e0 presen\u00e7a de cochonilhas, \u00e1caros e brocas. Use <strong>inseticidas naturais<\/strong>, como \u00f3leo de neem ou caldas bordalesas.<\/li>\n<\/ul>\n\n\n\n<h2 class=\"wp-block-heading\">Quanto tempo leva para o abacate come\u00e7ar a produzir frutos?<\/h2>\n\n\n\n<p>O tempo de frutifica\u00e7\u00e3o depende do tipo de muda. Plantas originadas de sementes podem demorar <strong>de 6 a 10 anos<\/strong> para produzir, enquanto mudas enxertadas costumam come\u00e7ar a frutificar <strong>entre 3 e 4 anos<\/strong> ap\u00f3s o plantio.<\/p>\n\n\n\n<p>A produ\u00e7\u00e3o tende a crescer com os anos, podendo chegar a <strong>200 a 400 frutos por ano<\/strong> em \u00e1rvores adultas bem cuidadas.<\/p>\n\n\n<div class=\"wp-block-image\">\n<figure class=\"aligncenter size-large\"><img decoding=\"async\" width=\"1024\" height=\"576\" src=\"https:\/\/www.correiobraziliense.com.br\/cbradar\/wp-content\/uploads\/2025\/04\/abacate_1743876413719-1024x576.jpg\" alt=\"Dicas para plantar e cuidar de abacate em vaso de forma f\u00e1cil\" class=\"wp-image-19641\" srcset=\"https:\/\/www.correiobraziliense.com.br\/cbradar\/wp-content\/uploads\/2025\/04\/abacate_1743876413719-1024x576.jpg 1024w, https:\/\/www.correiobraziliense.com.br\/cbradar\/wp-content\/uploads\/2025\/04\/abacate_1743876413719-300x169.jpg 300w, https:\/\/www.correiobraziliense.com.br\/cbradar\/wp-content\/uploads\/2025\/04\/abacate_1743876413719-768x432.jpg 768w, https:\/\/www.correiobraziliense.com.br\/cbradar\/wp-content\/uploads\/2025\/04\/abacate_1743876413719-750x422.jpg 750w, https:\/\/www.correiobraziliense.com.br\/cbradar\/wp-content\/uploads\/2025\/04\/abacate_1743876413719-1140x641.jpg 1140w, https:\/\/www.correiobraziliense.com.br\/cbradar\/wp-content\/uploads\/2025\/04\/abacate_1743876413719.jpg 1280w\" sizes=\"(max-width: 1024px) 100vw, 1024px\" \/><figcaption class=\"wp-element-caption\">Abacate &#8211; Cr\u00e9ditos: depositphotos.com \/ Ikarahma<\/figcaption><\/figure><\/div>\n\n\n<h2 class=\"wp-block-heading\">\u00c9 poss\u00edvel plantar abacate em vaso?<\/h2>\n\n\n\n<p>Sim, \u00e9 poss\u00edvel plantar abacate em vaso, mas \u00e9 importante escolher uma variedade de porte mais compacto, como o <strong>abacate Hass enxertado an\u00e3o<\/strong>. Use um vaso com capacidade m\u00ednima de <strong>50 litros<\/strong>, com furos de drenagem no fundo e uma boa camada de argila expandida.<\/p>\n\n\n\n<p>A irriga\u00e7\u00e3o deve ser mais frequente, e a aduba\u00e7\u00e3o deve seguir um cronograma mais rigoroso, pois o espa\u00e7o para nutrientes \u00e9 limitado. Podas regulares s\u00e3o essenciais para manter o porte da planta adequado ao vaso.<\/p>\n\n\n\n<h2 class=\"wp-block-heading\">Quais s\u00e3o os sinais de que o abacate est\u00e1 pronto para a colheita?<\/h2>\n\n\n\n<p>O abacate n\u00e3o amadurece completamente no p\u00e9. O sinal de que est\u00e1 pronto para ser colhido \u00e9 o <strong>crescimento m\u00e1ximo<\/strong> do fruto e a <strong>mudan\u00e7a de cor da casca<\/strong>, dependendo da variedade.<\/p>\n\n\n\n<ul class=\"wp-block-list\">\n<li>No caso do <strong>Hass<\/strong>, a casca fica escura e rugosa.<\/li>\n\n\n\n<li>J\u00e1 no <strong>abacate Quintal<\/strong>, a casca permanece verde, mas o fruto se solta mais facilmente do galho.<\/li>\n<\/ul>\n\n\n\n<p>Ap\u00f3s a colheita, os frutos amadurecem em <strong>5 a 10 dias<\/strong> fora da \u00e1rvore, podendo ser acelerado se armazenado junto a bananas ou ma\u00e7\u00e3s.<\/p>\n\n\n\n<h2 class=\"wp-block-heading\">FAQ<\/h2>\n\n\n\n<p><strong>1. Posso plantar abacate diretamente da semente?<\/strong><br>Sim, mas o abacateiro pode demorar at\u00e9 10 anos para dar frutos e nem sempre mant\u00e9m as caracter\u00edsticas da planta original. Prefira mudas enxertadas para produ\u00e7\u00e3o garantida.<\/p>\n\n\n\n<p><strong>2. O abacate pode ser cultivado em qualquer regi\u00e3o do Brasil?<\/strong><br>Sim, desde que a regi\u00e3o n\u00e3o tenha geadas frequentes. Ele se adapta bem ao clima tropical e subtropical.<\/p>\n\n\n\n<p><strong>3. Como saber se a muda que comprei \u00e9 de boa qualidade?<\/strong><br>Verifique se a muda est\u00e1 saud\u00e1vel, sem manchas nas folhas, com caule firme e sem ra\u00edzes expostas. Prefira fornecedores de confian\u00e7a.<\/p>\n\n\n\n<p><strong>4. Preciso plantar mais de uma \u00e1rvore para dar frutos?<\/strong><br>Algumas variedades se beneficiam da poliniza\u00e7\u00e3o cruzada, mas muitas mudas enxertadas s\u00e3o autocompat\u00edveis e frutificam sozinhas.<\/p>\n\n\n\n<p><strong>5. Qual a melhor forma de adubar o abacateiro?<\/strong><br>Use adubo org\u00e2nico ou NPK 10-10-10 de forma equilibrada a cada 3 meses, especialmente nos dois primeiros anos da planta.<\/p>\n","protected":false},"excerpt":{"rendered":"<p>Cultivar abacate em casa \u00e9 uma excelente escolha para quem deseja ter uma fonte sustent\u00e1vel de frutas ricas em nutrientes como gorduras boas, fibras, pot\u00e1ssio e vitaminas. A Persea americana, conhecida popularmente como abacate, \u00e9 uma \u00e1rvore de origem tropical que se adapta bem a diversas regi\u00f5es do Brasil. Com os cuidados certos, \u00e9 poss\u00edvel [&hellip;]<\/p>\n","protected":false},"author":9,"featured_media":33422,"comment_status":"open","ping_status":"open","sticky":false,"template":"","format":"standard","meta":{"_yoast_wpseo_focuskw":"abacate","_yoast_wpseo_title":"%%title%% %%page%%","_yoast_wpseo_metadesc":"Aprenda como plantar abacate em casa, escolher a melhor variedade, cuidar da muda e colher frutos saud\u00e1veis direto do p\u00e9.","jnews-multi-image_gallery":[],"jnews_single_post":{"format":"standard"},"jnews_primary_category":[],"jnews_social_meta":[],"jnews_override_counter":[],"footnotes":""},"categories":[136],"post_tag":[4311,4312,4310,4309],"class_list":["post-33421","post","type-post","status-publish","format-standard","has-post-thumbnail","hentry","category-jardinagem","tag-abacateiro-em-casa","tag-como-cultivar-frutas","tag-cultivo-de-abacate","tag-plantar-abacate"],"yoast_head":"<!-- This site is optimized with the Yoast SEO plugin v24.6 - https:\/\/yoast.com\/wordpress\/plugins\/seo\/ -->\n<title>Tudo o que voc\u00ea precisa saber para plantar abacate em casa<\/title>\n<meta name=\"description\" content=\"Aprenda como plantar abacate em casa, escolher a melhor variedade, cuidar da muda e colher frutos saud\u00e1veis direto do p\u00e9.\" \/>\n<meta name=\"robots\" content=\"index, follow, max-snippet:-1, max-image-preview:large, max-video-preview:-1\" \/>\n<link rel=\"canonical\" href=\"https:\/\/www.correiobraziliense.com.br\/cbradar\/tudo-o-que-voce-precisa-saber-para-plantar-abacate-em-casa\/\" \/>\n<meta property=\"og:locale\" content=\"pt_BR\" \/>\n<meta property=\"og:type\" content=\"article\" \/>\n<meta property=\"og:title\" content=\"Tudo o que voc\u00ea precisa saber para plantar abacate em casa\" \/>\n<meta property=\"og:description\" content=\"Aprenda como plantar abacate em casa, escolher a melhor variedade, cuidar da muda e colher frutos saud\u00e1veis direto do p\u00e9.\" \/>\n<meta property=\"og:url\" content=\"https:\/\/www.correiobraziliense.com.br\/cbradar\/tudo-o-que-voce-precisa-saber-para-plantar-abacate-em-casa\/\" \/>\n<meta property=\"og:site_name\" content=\"Correio Braziliense - Radar\" \/>\n<meta property=\"article:published_time\" content=\"2025-05-08T13:10:00+00:00\" \/>\n<meta property=\"og:image\" content=\"https:\/\/www.correiobraziliense.com.br\/cbradar\/wp-content\/uploads\/2025\/05\/abacate-plantacao_1746638298682.jpg\" \/>\n\t<meta property=\"og:image:width\" content=\"1280\" \/>\n\t<meta property=\"og:image:height\" content=\"720\" \/>\n\t<meta property=\"og:image:type\" content=\"image\/jpeg\" \/>\n<meta name=\"author\" content=\"Daniely Cardoso\" \/>\n<meta name=\"twitter:card\" content=\"summary_large_image\" \/>\n<meta name=\"twitter:label1\" content=\"Escrito por\" \/>\n\t<meta name=\"twitter:data1\" content=\"Daniely Cardoso\" \/>\n\t<meta name=\"twitter:label2\" content=\"Est. tempo de leitura\" \/>\n\t<meta name=\"twitter:data2\" content=\"6 minutos\" \/>\n<!-- \/ Yoast SEO plugin. -->","yoast_head_json":{"title":"Tudo o que voc\u00ea precisa saber para plantar abacate em casa","description":"Aprenda como plantar abacate em casa, escolher a melhor variedade, cuidar da muda e colher frutos saud\u00e1veis direto do p\u00e9.","robots":{"index":"index","follow":"follow","max-snippet":"max-snippet:-1","max-image-preview":"max-image-preview:large","max-video-preview":"max-video-preview:-1"},"canonical":"https:\/\/www.correiobraziliense.com.br\/cbradar\/tudo-o-que-voce-precisa-saber-para-plantar-abacate-em-casa\/","og_locale":"pt_BR","og_type":"article","og_title":"Tudo o que voc\u00ea precisa saber para plantar abacate em casa","og_description":"Aprenda como plantar abacate em casa, escolher a melhor variedade, cuidar da muda e colher frutos saud\u00e1veis direto do p\u00e9.","og_url":"https:\/\/www.correiobraziliense.com.br\/cbradar\/tudo-o-que-voce-precisa-saber-para-plantar-abacate-em-casa\/","og_site_name":"Correio Braziliense - Radar","article_published_time":"2025-05-08T13:10:00+00:00","og_image":[{"width":1280,"height":720,"url":"https:\/\/www.correiobraziliense.com.br\/cbradar\/wp-content\/uploads\/2025\/05\/abacate-plantacao_1746638298682.jpg","type":"image\/jpeg"}],"author":"Daniely Cardoso","twitter_card":"summary_large_image","twitter_misc":{"Escrito por":"Daniely Cardoso","Est. tempo de leitura":"6 minutos"},"schema":{"@context":"https:\/\/schema.org","@graph":[{"@type":"WebPage","@id":"https:\/\/www.correiobraziliense.com.br\/cbradar\/tudo-o-que-voce-precisa-saber-para-plantar-abacate-em-casa\/","url":"https:\/\/www.correiobraziliense.com.br\/cbradar\/tudo-o-que-voce-precisa-saber-para-plantar-abacate-em-casa\/","name":"Tudo o que voc\u00ea precisa saber para plantar abacate em casa","isPartOf":{"@id":"https:\/\/www.correiobraziliense.com.br\/cbradar\/#website"},"primaryImageOfPage":{"@id":"https:\/\/www.correiobraziliense.com.br\/cbradar\/tudo-o-que-voce-precisa-saber-para-plantar-abacate-em-casa\/#primaryimage"},"image":{"@id":"https:\/\/www.correiobraziliense.com.br\/cbradar\/tudo-o-que-voce-precisa-saber-para-plantar-abacate-em-casa\/#primaryimage"},"thumbnailUrl":"https:\/\/www.correiobraziliense.com.br\/cbradar\/wp-content\/uploads\/2025\/05\/abacate-plantacao_1746638298682.jpg","datePublished":"2025-05-08T13:10:00+00:00","author":{"@id":"https:\/\/www.correiobraziliense.com.br\/cbradar\/#\/schema\/person\/7356666e12ec0ee53f348ee5db227032"},"description":"Aprenda como plantar abacate em casa, escolher a melhor variedade, cuidar da muda e colher frutos saud\u00e1veis direto do p\u00e9.","breadcrumb":{"@id":"https:\/\/www.correiobraziliense.com.br\/cbradar\/tudo-o-que-voce-precisa-saber-para-plantar-abacate-em-casa\/#breadcrumb"},"inLanguage":"pt-BR","potentialAction":[{"@type":"ReadAction","target":["https:\/\/www.correiobraziliense.com.br\/cbradar\/tudo-o-que-voce-precisa-saber-para-plantar-abacate-em-casa\/"]}]},{"@type":"ImageObject","inLanguage":"pt-BR","@id":"https:\/\/www.correiobraziliense.com.br\/cbradar\/tudo-o-que-voce-precisa-saber-para-plantar-abacate-em-casa\/#primaryimage","url":"https:\/\/www.correiobraziliense.com.br\/cbradar\/wp-content\/uploads\/2025\/05\/abacate-plantacao_1746638298682.jpg","contentUrl":"https:\/\/www.correiobraziliense.com.br\/cbradar\/wp-content\/uploads\/2025\/05\/abacate-plantacao_1746638298682.jpg","width":1280,"height":720,"caption":"Abacate - Cr\u00e9ditos: depositphotos.com \/ jaboo2foto"},{"@type":"BreadcrumbList","@id":"https:\/\/www.correiobraziliense.com.br\/cbradar\/tudo-o-que-voce-precisa-saber-para-plantar-abacate-em-casa\/#breadcrumb","itemListElement":[{"@type":"ListItem","position":1,"name":"In\u00edcio","item":"https:\/\/www.correiobraziliense.com.br\/cbradar\/"},{"@type":"ListItem","position":2,"name":"Tudo o que voc\u00ea precisa saber para plantar abacate em casa"}]},{"@type":"WebSite","@id":"https:\/\/www.correiobraziliense.com.br\/cbradar\/#website","url":"https:\/\/www.correiobraziliense.com.br\/cbradar\/","name":"Correio Braziliense - Radar","description":"Acompanhe as \u00faltimas not\u00edcias e fique bem informado sobre tudo o que acontece no Brasil e no mundo.","potentialAction":[{"@type":"SearchAction","target":{"@type":"EntryPoint","urlTemplate":"https:\/\/www.correiobraziliense.com.br\/cbradar\/?s={search_term_string}"},"query-input":{"@type":"PropertyValueSpecification","valueRequired":true,"valueName":"search_term_string"}}],"inLanguage":"pt-BR"},{"@type":"Person","@id":"https:\/\/www.correiobraziliense.com.br\/cbradar\/#\/schema\/person\/7356666e12ec0ee53f348ee5db227032","name":"Daniely Cardoso","image":{"@type":"ImageObject","inLanguage":"pt-BR","@id":"https:\/\/www.correiobraziliense.com.br\/cbradar\/#\/schema\/person\/image\/","url":"https:\/\/secure.gravatar.com\/avatar\/4b80ddbd124d1f071b626d52d62e5dff?s=96&d=mm&r=g","contentUrl":"https:\/\/secure.gravatar.com\/avatar\/4b80ddbd124d1f071b626d52d62e5dff?s=96&d=mm&r=g","caption":"Daniely Cardoso"},"description":"Redatora nos portais CB Radar e EM Foco, formada pela Universidade Federal de Goi\u00e1s, em Goi\u00e2nia. Apaixonada por comunica\u00e7\u00e3o, arte, decora\u00e7\u00e3o e tend\u00eancias, atuo na produ\u00e7\u00e3o de conte\u00fados envolventes sobre curiosidades, moda, beleza e paisagismo, sempre com um olhar atento \u00e0s novidades do momento.","sameAs":["https:\/\/www.correiobraziliense.com.br\/cbradar"],"url":"https:\/\/www.correiobraziliense.com.br\/cbradar\/author\/danielymyth\/"}]}},"_links":{"self":[{"href":"https:\/\/www.correiobraziliense.com.br\/cbradar\/wp-json\/wp\/v2\/posts\/33421","targetHints":{"allow":["GET"]}}],"collection":[{"href":"https:\/\/www.correiobraziliense.com.br\/cbradar\/wp-json\/wp\/v2\/posts"}],"about":[{"href":"https:\/\/www.correiobraziliense.com.br\/cbradar\/wp-json\/wp\/v2\/types\/post"}],"author":[{"embeddable":true,"href":"https:\/\/www.correiobraziliense.com.br\/cbradar\/wp-json\/wp\/v2\/users\/9"}],"replies":[{"embeddable":true,"href":"https:\/\/www.correiobraziliense.com.br\/cbradar\/wp-json\/wp\/v2\/comments?post=33421"}],"version-history":[{"count":2,"href":"https:\/\/www.correiobraziliense.com.br\/cbradar\/wp-json\/wp\/v2\/posts\/33421\/revisions"}],"predecessor-version":[{"id":33424,"href":"https:\/\/www.correiobraziliense.com.br\/cbradar\/wp-json\/wp\/v2\/posts\/33421\/revisions\/33424"}],"wp:featuredmedia":[{"embeddable":true,"href":"https:\/\/www.correiobraziliense.com.br\/cbradar\/wp-json\/wp\/v2\/media\/33422"}],"wp:attachment":[{"href":"https:\/\/www.correiobraziliense.com.br\/cbradar\/wp-json\/wp\/v2\/media?parent=33421"}],"wp:term":[{"taxonomy":"category","embeddable":true,"href":"https:\/\/www.correiobraziliense.com.br\/cbradar\/wp-json\/wp\/v2\/categories?post=33421"},{"taxonomy":"post_tag","embeddable":true,"href":"https:\/\/www.correiobraziliense.com.br\/cbradar\/wp-json\/wp\/v2\/post_tag?post=33421"}],"curies":[{"name":"wp","href":"https:\/\/api.w.org\/{rel}","templated":true}]}}