{"id":33973,"date":"2025-05-09T07:30:00","date_gmt":"2025-05-09T10:30:00","guid":{"rendered":"https:\/\/www.correiobraziliense.com.br\/cbradar\/?p=33973"},"modified":"2025-05-08T07:36:30","modified_gmt":"2025-05-08T10:36:30","slug":"essa-capital-nordestina-surpreende-com-estrutura-cultura-e-acolhimento","status":"publish","type":"post","link":"https:\/\/www.correiobraziliense.com.br\/cbradar\/essa-capital-nordestina-surpreende-com-estrutura-cultura-e-acolhimento\/","title":{"rendered":"Essa capital nordestina surpreende com estrutura, cultura e acolhimento"},"content":{"rendered":"\n<p><strong><a href=\"https:\/\/pmt.pi.gov.br\/\" target=\"_blank\" rel=\"noreferrer noopener\">Teresina<\/a><\/strong>, capital do <strong>Piau\u00ed<\/strong>, \u00e9 uma cidade que combina acolhimento nordestino com desenvolvimento urbano. \u00danica capital nordestina que n\u00e3o est\u00e1 \u00e0 beira-mar, ela surpreende pela organiza\u00e7\u00e3o, infraestrutura, boas institui\u00e7\u00f5es de ensino e excelente custo-benef\u00edcio para quem vive ou visita.<\/p>\n\n\n\n<p>Com aproximadamente 870 mil habitantes, <strong>Teresina<\/strong> \u00e9 um centro regional de sa\u00fade, educa\u00e7\u00e3o e com\u00e9rcio. Sua localiza\u00e7\u00e3o estrat\u00e9gica e planejamento urbano v\u00eam fazendo dela uma das capitais com melhor qualidade de vida do Nordeste.<\/p>\n\n\n\n<h2 class=\"wp-block-heading\">Qualidade de vida com custo de vida acess\u00edvel<\/h2>\n\n\n\n<p>Viver em <strong>Teresina<\/strong> significa ter acesso a servi\u00e7os p\u00fablicos eficientes, tr\u00e2nsito tranquilo e uma rotina mais leve. A cidade oferece boas condi\u00e7\u00f5es de moradia, com bairros organizados e um mercado imobili\u00e1rio acess\u00edvel quando comparado a outras capitais brasileiras.<\/p>\n\n\n\n<p>Apesar das altas temperaturas t\u00edpicas da regi\u00e3o, os parques, \u00e1reas verdes e a arboriza\u00e7\u00e3o urbana contribuem para amenizar o clima e favorecer uma vida mais conectada com a natureza. A cidade mant\u00e9m ainda baixos \u00edndices de viol\u00eancia, o que garante mais seguran\u00e7a no dia a dia.<\/p>\n\n\n\n<h2 class=\"wp-block-heading\">Educa\u00e7\u00e3o de qualidade e ensino superior consolidado<\/h2>\n\n\n\n<p>A capital \u00e9 conhecida por sua forte tradi\u00e7\u00e3o educacional. Conta com escolas p\u00fablicas e privadas bem avaliadas, al\u00e9m de institui\u00e7\u00f5es de ensino superior de destaque, como a <strong>Universidade Federal do Piau\u00ed (UFPI)<\/strong> e a <strong>Universidade Estadual do Piau\u00ed (UESPI)<\/strong>.<\/p>\n\n\n\n<p><strong>Teresina<\/strong> tamb\u00e9m concentra faculdades particulares e centros de forma\u00e7\u00e3o t\u00e9cnica que atraem estudantes de todo o estado e de regi\u00f5es vizinhas. Isso transforma a cidade em um polo universit\u00e1rio com grande potencial de crescimento acad\u00eamico e profissional.<\/p>\n\n\n\n<figure class=\"wp-block-image size-large\"><img decoding=\"async\" width=\"1024\" height=\"576\" src=\"https:\/\/www.correiobraziliense.com.br\/cbradar\/wp-content\/uploads\/2025\/05\/Teresina-1024x576.png\" alt=\"Essa capital nordestina surpreende com estrutura, cultura e acolhimento\" class=\"wp-image-33975\" srcset=\"https:\/\/www.correiobraziliense.com.br\/cbradar\/wp-content\/uploads\/2025\/05\/Teresina-1024x576.png 1024w, https:\/\/www.correiobraziliense.com.br\/cbradar\/wp-content\/uploads\/2025\/05\/Teresina-300x169.png 300w, https:\/\/www.correiobraziliense.com.br\/cbradar\/wp-content\/uploads\/2025\/05\/Teresina-768x432.png 768w, https:\/\/www.correiobraziliense.com.br\/cbradar\/wp-content\/uploads\/2025\/05\/Teresina-750x422.png 750w, https:\/\/www.correiobraziliense.com.br\/cbradar\/wp-content\/uploads\/2025\/05\/Teresina-1140x641.png 1140w, https:\/\/www.correiobraziliense.com.br\/cbradar\/wp-content\/uploads\/2025\/05\/Teresina.png 1280w\" sizes=\"(max-width: 1024px) 100vw, 1024px\" \/><figcaption class=\"wp-element-caption\">Teresina. Fonte: Alexandro Dias, CC BY-SA 4.0, via Wikimedia Commons<\/figcaption><\/figure>\n\n\n\n<h2 class=\"wp-block-heading\">Estrutura urbana e mobilidade funcional<\/h2>\n\n\n\n<p>A infraestrutura urbana de <strong>Teresina<\/strong> \u00e9 bem distribu\u00edda. A cidade apresenta ruas amplas, bairros planejados e um sistema de transporte p\u00fablico que cobre as principais regi\u00f5es. H\u00e1 tamb\u00e9m ciclovias, faixas exclusivas para \u00f4nibus e obras de mobilidade que v\u00eam sendo ampliadas nos \u00faltimos anos.<\/p>\n\n\n\n<p>O centro e as zonas mais modernas convivem com \u00e1reas tradicionais em harmonia. Al\u00e9m disso, <strong>Teresina<\/strong> possui um aeroporto regional ativo e acesso facilitado a rodovias que ligam a capital a outros munic\u00edpios do estado e do Nordeste.<\/p>\n\n\n\n<h2 class=\"wp-block-heading\">Cultura, lazer e tradi\u00e7\u00e3o nordestina<\/h2>\n\n\n\n<p><strong>Teresina<\/strong> tem uma cena cultural rica, com influ\u00eancia forte das tradi\u00e7\u00f5es nordestinas. A cidade abriga teatros, museus, centros culturais e promove eventos que valorizam a m\u00fasica, a dan\u00e7a, a culin\u00e1ria e o folclore locais.<\/p>\n\n\n\n<p>A gastronomia \u00e9 um dos pontos altos, com pratos t\u00edpicos como a pa\u00e7oca, a panelada e a carne de sol com macaxeira. Para o lazer, os teresinenses aproveitam parques urbanos, clubes, shoppings e eventos ao ar livre que movimentam a cidade durante todo o ano.<\/p>\n\n\n\n<h2 class=\"wp-block-heading\">Economia est\u00e1vel e oportunidades crescentes<\/h2>\n\n\n\n<p>Com uma economia baseada no setor de servi\u00e7os, com\u00e9rcio e administra\u00e7\u00e3o p\u00fablica, <strong>Teresina<\/strong> \u00e9 o motor da economia piauiense. A cidade tem atra\u00eddo investimentos, especialmente nas \u00e1reas de sa\u00fade, educa\u00e7\u00e3o e tecnologia.<\/p>\n\n\n\n<p>O ambiente empreendedor \u00e9 favor\u00e1vel, e o mercado de trabalho, apesar de competitivo, tem crescido com foco na forma\u00e7\u00e3o profissional e na expans\u00e3o do setor privado. Pequenos e m\u00e9dios neg\u00f3cios tamb\u00e9m encontram espa\u00e7o para se desenvolver.<\/p>\n\n\n\n<figure class=\"wp-block-image size-large\"><img decoding=\"async\" width=\"1024\" height=\"576\" src=\"https:\/\/www.correiobraziliense.com.br\/cbradar\/wp-content\/uploads\/2025\/05\/Teresina-2-1024x576.png\" alt=\"Teresina\" class=\"wp-image-33976\" srcset=\"https:\/\/www.correiobraziliense.com.br\/cbradar\/wp-content\/uploads\/2025\/05\/Teresina-2-1024x576.png 1024w, https:\/\/www.correiobraziliense.com.br\/cbradar\/wp-content\/uploads\/2025\/05\/Teresina-2-300x169.png 300w, https:\/\/www.correiobraziliense.com.br\/cbradar\/wp-content\/uploads\/2025\/05\/Teresina-2-768x432.png 768w, https:\/\/www.correiobraziliense.com.br\/cbradar\/wp-content\/uploads\/2025\/05\/Teresina-2-750x422.png 750w, https:\/\/www.correiobraziliense.com.br\/cbradar\/wp-content\/uploads\/2025\/05\/Teresina-2-1140x641.png 1140w, https:\/\/www.correiobraziliense.com.br\/cbradar\/wp-content\/uploads\/2025\/05\/Teresina-2.png 1280w\" sizes=\"(max-width: 1024px) 100vw, 1024px\" \/><figcaption class=\"wp-element-caption\">Teresina. Fonte: Thompson Sa, CC BY 2.0, via Wikimedia Commons<\/figcaption><\/figure>\n\n\n\n<h2 class=\"wp-block-heading\">Quais s\u00e3o os principais pontos tur\u00edsticos para visitar?<\/h2>\n\n\n\n<ul class=\"wp-block-list\">\n<li><strong>Ponte Estaiada Jo\u00e3o Isidoro Fran\u00e7a<\/strong>: cart\u00e3o-postal da cidade, com mirante e vista panor\u00e2mica.<\/li>\n\n\n\n<li><strong>Encontro dos Rios<\/strong>: local onde os rios Poti e Parna\u00edba se encontram, com estrutura para turismo e lazer.<\/li>\n\n\n\n<li><strong>Parque Ambiental Lagoas do Norte<\/strong>: espa\u00e7o verde com lagoas, pistas de caminhada e atividades culturais.<\/li>\n\n\n\n<li><strong>Museu do Piau\u00ed<\/strong>: preserva a mem\u00f3ria hist\u00f3rica e cultural da regi\u00e3o.<\/li>\n\n\n\n<li><strong>Pal\u00e1cio de Karnak<\/strong>: sede do governo estadual, com arquitetura imponente e jardins bem cuidados.<\/li>\n<\/ul>\n\n\n\n<h2 class=\"wp-block-heading\">Vale a pena morar?<\/h2>\n\n\n\n<p>Sim! <strong>Teresina<\/strong> \u00e9 uma capital que oferece boa estrutura, clima de cidade interiorana e uma rotina mais tranquila. Com boas escolas, hospitais, transporte funcional e custo de vida equilibrado, \u00e9 uma escolha inteligente para quem busca qualidade de vida no Nordeste.<\/p>\n\n\n\n<p>A cidade \u00e9 ideal para fam\u00edlias, estudantes e profissionais que querem viver bem em um ambiente seguro e em crescimento.<\/p>\n\n\n\n<h2 class=\"wp-block-heading\">Vale a pena visitar?<\/h2>\n\n\n\n<p>Sem d\u00favida! A hospitalidade do povo teresinense, os atrativos tur\u00edsticos e a rica cultura local fazem da cidade um destino agrad\u00e1vel e surpreendente. <strong>Teresina<\/strong> \u00e9 um bom ponto de partida para explorar o Piau\u00ed e conhecer um lado do Nordeste ainda pouco explorado por muitos.<\/p>\n","protected":false},"excerpt":{"rendered":"<p>Teresina, PI une estrutura urbana, boas universidades e qualidade de vida com custo acess\u00edvel. Uma capital surpreendente para morar ou visitar.<\/p>\n","protected":false},"author":3,"featured_media":33974,"comment_status":"open","ping_status":"open","sticky":false,"template":"","format":"standard","meta":{"_yoast_wpseo_focuskw":"Teresina","_yoast_wpseo_title":"%%title%%","_yoast_wpseo_metadesc":"Teresina, PI une estrutura urbana, boas universidades e qualidade de vida com custo acess\u00edvel. Uma capital surpreendente para morar ou visitar.","jnews-multi-image_gallery":[],"jnews_single_post":{"format":"standard"},"jnews_primary_category":[],"jnews_social_meta":[],"jnews_override_counter":[],"footnotes":""},"categories":[108],"tags":[109],"class_list":["post-33973","post","type-post","status-publish","format-standard","has-post-thumbnail","hentry","category-cidades","tag-cidades"],"yoast_head":"<!-- This site is optimized with the Yoast SEO plugin v24.6 - https:\/\/yoast.com\/wordpress\/plugins\/seo\/ -->\n<title>Essa capital nordestina surpreende com estrutura, cultura e acolhimento<\/title>\n<meta name=\"description\" content=\"Teresina, PI une estrutura urbana, boas universidades e qualidade de vida com custo acess\u00edvel. Uma capital surpreendente para morar ou visitar.\" \/>\n<meta name=\"robots\" content=\"index, follow, max-snippet:-1, max-image-preview:large, max-video-preview:-1\" \/>\n<link rel=\"canonical\" href=\"https:\/\/www.correiobraziliense.com.br\/cbradar\/essa-capital-nordestina-surpreende-com-estrutura-cultura-e-acolhimento\/\" \/>\n<meta property=\"og:locale\" content=\"pt_BR\" \/>\n<meta property=\"og:type\" content=\"article\" \/>\n<meta property=\"og:title\" content=\"Essa capital nordestina surpreende com estrutura, cultura e acolhimento\" \/>\n<meta property=\"og:description\" content=\"Teresina, PI une estrutura urbana, boas universidades e qualidade de vida com custo acess\u00edvel. Uma capital surpreendente para morar ou visitar.\" \/>\n<meta property=\"og:url\" content=\"https:\/\/www.correiobraziliense.com.br\/cbradar\/essa-capital-nordestina-surpreende-com-estrutura-cultura-e-acolhimento\/\" \/>\n<meta property=\"og:site_name\" content=\"Correio Braziliense - Radar\" \/>\n<meta property=\"article:published_time\" content=\"2025-05-09T10:30:00+00:00\" \/>\n<meta property=\"og:image\" content=\"https:\/\/www.correiobraziliense.com.br\/cbradar\/wp-content\/uploads\/2025\/05\/Teresina_1746697190979.jpg\" \/>\n\t<meta property=\"og:image:width\" content=\"1280\" \/>\n\t<meta property=\"og:image:height\" content=\"720\" \/>\n\t<meta property=\"og:image:type\" content=\"image\/jpeg\" \/>\n<meta name=\"author\" content=\"Larissa Carvalho\" \/>\n<meta name=\"twitter:card\" content=\"summary_large_image\" \/>\n<meta name=\"twitter:label1\" content=\"Escrito por\" \/>\n\t<meta name=\"twitter:data1\" content=\"Larissa Carvalho\" \/>\n\t<meta name=\"twitter:label2\" content=\"Est. tempo de leitura\" \/>\n\t<meta name=\"twitter:data2\" content=\"5 minutos\" \/>\n<!-- \/ Yoast SEO plugin. -->","yoast_head_json":{"title":"Essa capital nordestina surpreende com estrutura, cultura e acolhimento","description":"Teresina, PI une estrutura urbana, boas universidades e qualidade de vida com custo acess\u00edvel. Uma capital surpreendente para morar ou visitar.","robots":{"index":"index","follow":"follow","max-snippet":"max-snippet:-1","max-image-preview":"max-image-preview:large","max-video-preview":"max-video-preview:-1"},"canonical":"https:\/\/www.correiobraziliense.com.br\/cbradar\/essa-capital-nordestina-surpreende-com-estrutura-cultura-e-acolhimento\/","og_locale":"pt_BR","og_type":"article","og_title":"Essa capital nordestina surpreende com estrutura, cultura e acolhimento","og_description":"Teresina, PI une estrutura urbana, boas universidades e qualidade de vida com custo acess\u00edvel. Uma capital surpreendente para morar ou visitar.","og_url":"https:\/\/www.correiobraziliense.com.br\/cbradar\/essa-capital-nordestina-surpreende-com-estrutura-cultura-e-acolhimento\/","og_site_name":"Correio Braziliense - Radar","article_published_time":"2025-05-09T10:30:00+00:00","og_image":[{"width":1280,"height":720,"url":"https:\/\/www.correiobraziliense.com.br\/cbradar\/wp-content\/uploads\/2025\/05\/Teresina_1746697190979.jpg","type":"image\/jpeg"}],"author":"Larissa Carvalho","twitter_card":"summary_large_image","twitter_misc":{"Escrito por":"Larissa Carvalho","Est. tempo de leitura":"5 minutos"},"schema":{"@context":"https:\/\/schema.org","@graph":[{"@type":"WebPage","@id":"https:\/\/www.correiobraziliense.com.br\/cbradar\/essa-capital-nordestina-surpreende-com-estrutura-cultura-e-acolhimento\/","url":"https:\/\/www.correiobraziliense.com.br\/cbradar\/essa-capital-nordestina-surpreende-com-estrutura-cultura-e-acolhimento\/","name":"Essa capital nordestina surpreende com estrutura, cultura e acolhimento","isPartOf":{"@id":"https:\/\/www.correiobraziliense.com.br\/cbradar\/#website"},"primaryImageOfPage":{"@id":"https:\/\/www.correiobraziliense.com.br\/cbradar\/essa-capital-nordestina-surpreende-com-estrutura-cultura-e-acolhimento\/#primaryimage"},"image":{"@id":"https:\/\/www.correiobraziliense.com.br\/cbradar\/essa-capital-nordestina-surpreende-com-estrutura-cultura-e-acolhimento\/#primaryimage"},"thumbnailUrl":"https:\/\/www.correiobraziliense.com.br\/cbradar\/wp-content\/uploads\/2025\/05\/Teresina_1746697190979.jpg","datePublished":"2025-05-09T10:30:00+00:00","author":{"@id":"https:\/\/www.correiobraziliense.com.br\/cbradar\/#\/schema\/person\/58422787644df994b53a19d3e56c1513"},"description":"Teresina, PI une estrutura urbana, boas universidades e qualidade de vida com custo acess\u00edvel. Uma capital surpreendente para morar ou visitar.","breadcrumb":{"@id":"https:\/\/www.correiobraziliense.com.br\/cbradar\/essa-capital-nordestina-surpreende-com-estrutura-cultura-e-acolhimento\/#breadcrumb"},"inLanguage":"pt-BR","potentialAction":[{"@type":"ReadAction","target":["https:\/\/www.correiobraziliense.com.br\/cbradar\/essa-capital-nordestina-surpreende-com-estrutura-cultura-e-acolhimento\/"]}]},{"@type":"ImageObject","inLanguage":"pt-BR","@id":"https:\/\/www.correiobraziliense.com.br\/cbradar\/essa-capital-nordestina-surpreende-com-estrutura-cultura-e-acolhimento\/#primaryimage","url":"https:\/\/www.correiobraziliense.com.br\/cbradar\/wp-content\/uploads\/2025\/05\/Teresina_1746697190979.jpg","contentUrl":"https:\/\/www.correiobraziliense.com.br\/cbradar\/wp-content\/uploads\/2025\/05\/Teresina_1746697190979.jpg","width":1280,"height":720,"caption":"Teresina. Cr\u00e9ditos: depositphotos.com \/ ianm36"},{"@type":"BreadcrumbList","@id":"https:\/\/www.correiobraziliense.com.br\/cbradar\/essa-capital-nordestina-surpreende-com-estrutura-cultura-e-acolhimento\/#breadcrumb","itemListElement":[{"@type":"ListItem","position":1,"name":"In\u00edcio","item":"https:\/\/www.correiobraziliense.com.br\/cbradar\/"},{"@type":"ListItem","position":2,"name":"Essa capital nordestina surpreende com estrutura, cultura e acolhimento"}]},{"@type":"WebSite","@id":"https:\/\/www.correiobraziliense.com.br\/cbradar\/#website","url":"https:\/\/www.correiobraziliense.com.br\/cbradar\/","name":"Correio Braziliense - Radar","description":"Acompanhe as \u00faltimas not\u00edcias e fique bem informado sobre tudo o que acontece no Brasil e no mundo.","potentialAction":[{"@type":"SearchAction","target":{"@type":"EntryPoint","urlTemplate":"https:\/\/www.correiobraziliense.com.br\/cbradar\/?s={search_term_string}"},"query-input":{"@type":"PropertyValueSpecification","valueRequired":true,"valueName":"search_term_string"}}],"inLanguage":"pt-BR"},{"@type":"Person","@id":"https:\/\/www.correiobraziliense.com.br\/cbradar\/#\/schema\/person\/58422787644df994b53a19d3e56c1513","name":"Larissa Carvalho","image":{"@type":"ImageObject","inLanguage":"pt-BR","@id":"https:\/\/www.correiobraziliense.com.br\/cbradar\/#\/schema\/person\/image\/","url":"https:\/\/secure.gravatar.com\/avatar\/fe4f91a0de32b52a838d0d612abdc1aa?s=96&d=mm&r=g","contentUrl":"https:\/\/secure.gravatar.com\/avatar\/fe4f91a0de32b52a838d0d612abdc1aa?s=96&d=mm&r=g","caption":"Larissa Carvalho"},"url":"https:\/\/www.correiobraziliense.com.br\/cbradar\/author\/larissamyth\/"}]}},"_links":{"self":[{"href":"https:\/\/www.correiobraziliense.com.br\/cbradar\/wp-json\/wp\/v2\/posts\/33973","targetHints":{"allow":["GET"]}}],"collection":[{"href":"https:\/\/www.correiobraziliense.com.br\/cbradar\/wp-json\/wp\/v2\/posts"}],"about":[{"href":"https:\/\/www.correiobraziliense.com.br\/cbradar\/wp-json\/wp\/v2\/types\/post"}],"author":[{"embeddable":true,"href":"https:\/\/www.correiobraziliense.com.br\/cbradar\/wp-json\/wp\/v2\/users\/3"}],"replies":[{"embeddable":true,"href":"https:\/\/www.correiobraziliense.com.br\/cbradar\/wp-json\/wp\/v2\/comments?post=33973"}],"version-history":[{"count":2,"href":"https:\/\/www.correiobraziliense.com.br\/cbradar\/wp-json\/wp\/v2\/posts\/33973\/revisions"}],"predecessor-version":[{"id":34037,"href":"https:\/\/www.correiobraziliense.com.br\/cbradar\/wp-json\/wp\/v2\/posts\/33973\/revisions\/34037"}],"wp:featuredmedia":[{"embeddable":true,"href":"https:\/\/www.correiobraziliense.com.br\/cbradar\/wp-json\/wp\/v2\/media\/33974"}],"wp:attachment":[{"href":"https:\/\/www.correiobraziliense.com.br\/cbradar\/wp-json\/wp\/v2\/media?parent=33973"}],"wp:term":[{"taxonomy":"category","embeddable":true,"href":"https:\/\/www.correiobraziliense.com.br\/cbradar\/wp-json\/wp\/v2\/categories?post=33973"},{"taxonomy":"post_tag","embeddable":true,"href":"https:\/\/www.correiobraziliense.com.br\/cbradar\/wp-json\/wp\/v2\/tags?post=33973"}],"curies":[{"name":"wp","href":"https:\/\/api.w.org\/{rel}","templated":true}]}}