{"id":33990,"date":"2025-05-09T19:23:00","date_gmt":"2025-05-09T22:23:00","guid":{"rendered":"https:\/\/www.correiobraziliense.com.br\/cbradar\/?p=33990"},"modified":"2025-05-08T09:10:59","modified_gmt":"2025-05-08T12:10:59","slug":"quem-esta-na-terceira-idade-pode-fazer-essa-rotina-de-10-dias-e-se-hidratar-como-nunca-antes","status":"publish","type":"post","link":"https:\/\/www.correiobraziliense.com.br\/cbradar\/quem-esta-na-terceira-idade-pode-fazer-essa-rotina-de-10-dias-e-se-hidratar-como-nunca-antes\/","title":{"rendered":"Quem est\u00e1 na terceira idade pode fazer essa rotina de 10 dias e se hidratar como nunca antes!"},"content":{"rendered":"\n<p>\u00c0 medida que envelhecemos, a capacidade do corpo de detectar e responder \u00e0 sede diminui naturalmente. Sentimos menos sede, mesmo quando o corpo precisa de l\u00edquidos. Essa altera\u00e7\u00e3o fisiol\u00f3gica, combinada com outros fatores como o uso de certos medicamentos (diur\u00e9ticos, por exemplo), a redu\u00e7\u00e3o da fun\u00e7\u00e3o renal, a diminui\u00e7\u00e3o da mobilidade (dificuldade em buscar l\u00edquidos) e, em alguns casos, a confus\u00e3o ou dem\u00eancia, torna os idosos particularmente vulner\u00e1veis \u00e0 <strong>desidrata\u00e7\u00e3o<\/strong>. A desidrata\u00e7\u00e3o na <strong><a href=\"https:\/\/pt.wikipedia.org\/wiki\/Idoso\" target=\"_blank\" rel=\"noreferrer noopener\">terceira idade<\/a><\/strong> n\u00e3o \u00e9 um mero desconforto; ela pode levar a complica\u00e7\u00f5es s\u00e9rias, incluindo tonturas, quedas, confus\u00e3o mental, problemas renais, constipa\u00e7\u00e3o severa, hospitaliza\u00e7\u00e3o e at\u00e9 mesmo risco de vida.<\/p>\n\n\n\n<p>Garantir que os idosos ingiram l\u00edquidos suficientes \u00e9 um aspecto fundamental do cuidado e da promo\u00e7\u00e3o da <a href=\"https:\/\/www.correiobraziliense.com.br\/cbradar\/quanta-agua-voce-precisa-beber-por-dia-para-se-manter-saudavel\/\" target=\"_blank\" rel=\"noreferrer noopener\">sa\u00fade <\/a>nessa faixa et\u00e1ria. Uma rotina focada, mesmo que por um per\u00edodo inicial como 10 dias, pode ajudar a estabelecer h\u00e1bitos que garantam a <strong>hidrata\u00e7\u00e3o<\/strong> adequada no dia a dia. O objetivo \u00e9 tornar a ingest\u00e3o de l\u00edquidos uma parte integrada e consciente da rotina di\u00e1ria, superando os desafios que podem dificultar essa tarefa. Este guia oferece estrat\u00e9gias seguras e pr\u00e1ticas para melhorar a hidrata\u00e7\u00e3o em idosos, mas \u00e9 crucial <strong>sempre consultar um m\u00e9dico<\/strong> antes de fazer mudan\u00e7as significativas na ingest\u00e3o de l\u00edquidos, especialmente se o idoso tiver condi\u00e7\u00f5es de sa\u00fade subjacentes ou usar medicamentos que afetem o equil\u00edbrio h\u00eddrico.<\/p>\n\n\n\n<h2 class=\"wp-block-heading\">Por que os idosos t\u00eam um risco maior de desidrata\u00e7\u00e3o?<\/h2>\n\n\n<div class=\"wp-block-image\">\n<figure class=\"aligncenter size-large\"><img decoding=\"async\" width=\"1024\" height=\"576\" src=\"https:\/\/www.correiobraziliense.com.br\/cbradar\/wp-content\/uploads\/2025\/05\/idoso-agua_1746703836144-1024x576.jpg\" alt=\"Quem est\u00e1 na terceira idade pode fazer essa rotina de 10 dias e se hidratar como nunca antes!\" class=\"wp-image-34080\" srcset=\"https:\/\/www.correiobraziliense.com.br\/cbradar\/wp-content\/uploads\/2025\/05\/idoso-agua_1746703836144-1024x576.jpg 1024w, https:\/\/www.correiobraziliense.com.br\/cbradar\/wp-content\/uploads\/2025\/05\/idoso-agua_1746703836144-300x169.jpg 300w, https:\/\/www.correiobraziliense.com.br\/cbradar\/wp-content\/uploads\/2025\/05\/idoso-agua_1746703836144-768x432.jpg 768w, https:\/\/www.correiobraziliense.com.br\/cbradar\/wp-content\/uploads\/2025\/05\/idoso-agua_1746703836144-750x422.jpg 750w, https:\/\/www.correiobraziliense.com.br\/cbradar\/wp-content\/uploads\/2025\/05\/idoso-agua_1746703836144-1140x641.jpg 1140w, https:\/\/www.correiobraziliense.com.br\/cbradar\/wp-content\/uploads\/2025\/05\/idoso-agua_1746703836144.jpg 1280w\" sizes=\"(max-width: 1024px) 100vw, 1024px\" \/><figcaption class=\"wp-element-caption\">Idosa &#8211; Cr\u00e9ditos: depositphotos.com \/ IgorVetushko<\/figcaption><\/figure><\/div>\n\n\n<p>Diversos fatores fisiol\u00f3gicos e pr\u00e1ticos contribuem para o aumento do risco de desidrata\u00e7\u00e3o em idosos:<\/p>\n\n\n\n<ul class=\"wp-block-list\">\n<li><strong>Diminui\u00e7\u00e3o da sensa\u00e7\u00e3o de sede:<\/strong> O mecanismo da sede se torna menos eficaz com o envelhecimento.<\/li>\n\n\n\n<li><strong>Altera\u00e7\u00f5es na composi\u00e7\u00e3o corporal:<\/strong> A propor\u00e7\u00e3o de \u00e1gua no corpo diminui naturalmente com a idade.<\/li>\n\n\n\n<li><strong>Fun\u00e7\u00e3o renal reduzida:<\/strong> Os rins podem ter menos capacidade de concentrar a urina e conservar \u00e1gua.<\/li>\n\n\n\n<li><strong>Uso de medicamentos:<\/strong> Diur\u00e9ticos, laxantes e outros medicamentos podem aumentar a perda de fluidos.<\/li>\n\n\n\n<li><strong>Mobilidade limitada:<\/strong> Dificuldades f\u00edsicas podem tornar dif\u00edcil ir buscar um copo d&#8217;\u00e1gua.<\/li>\n\n\n\n<li><strong>Problemas cognitivos:<\/strong> Dem\u00eancia ou Alzheimer podem fazer com que o idoso esque\u00e7a de beber.<\/li>\n\n\n\n<li><strong>Condi\u00e7\u00f5es de sa\u00fade:<\/strong> Febre, v\u00f4mitos, diarreia, diabetes n\u00e3o controlada aumentam a perda de fluidos.<\/li>\n<\/ul>\n\n\n\n<p>Compreender esses fatores \u00e9 o primeiro passo para implementar estrat\u00e9gias eficazes.<\/p>\n\n\n\n<h2 class=\"wp-block-heading\">Quais s\u00e3o os sinais de desidrata\u00e7\u00e3o que cuidadores e familiares devem observar?<\/h2>\n\n\n\n<p>Os <strong>sinais de desidrata\u00e7\u00e3o<\/strong> em idosos podem ser sutis e, por vezes, confundidos com outros problemas de sa\u00fade. \u00c9 vital estar atento a:<\/p>\n\n\n\n<ul class=\"wp-block-list\">\n<li>Boca seca ou pegajosa<\/li>\n\n\n\n<li>L\u00e1bios secos e rachados<\/li>\n\n\n\n<li>Olhos fundos<\/li>\n\n\n\n<li>Produ\u00e7\u00e3o de urina diminu\u00edda ou urina de cor escura e odor forte<\/li>\n\n\n\n<li>Fadiga ou sonol\u00eancia<\/li>\n\n\n\n<li>Tontura ou vertigem, especialmente ao levantar<\/li>\n\n\n\n<li>Confus\u00e3o, irritabilidade ou desorienta\u00e7\u00e3o<\/li>\n\n\n\n<li>Pele seca ou sem elasticidade (ao beliscar suavemente, a pele retorna lentamente)<\/li>\n\n\n\n<li>Constipa\u00e7\u00e3o<\/li>\n\n\n\n<li>C\u00e3ibras musculares<\/li>\n<\/ul>\n\n\n\n<p>Ao notar qualquer um desses sinais, \u00e9 importante agir rapidamente para reidratar o idoso e buscar avalia\u00e7\u00e3o m\u00e9dica se os sintomas forem severos ou persistirem.<\/p>\n\n\n\n<h2 class=\"wp-block-heading\">Que estrat\u00e9gias seguras e pr\u00e1ticas podem aumentar a ingest\u00e3o de l\u00edquidos?<\/h2>\n\n\n\n<p>Integrar a hidrata\u00e7\u00e3o na rotina di\u00e1ria requer intencionalidade e criatividade:<\/p>\n\n\n\n<ul class=\"wp-block-list\">\n<li><strong>Oferecer l\u00edquidos regularmente:<\/strong> N\u00e3o espere que o idoso pe\u00e7a. Ofere\u00e7a \u00e1gua, sucos dilu\u00eddos, ch\u00e1s em intervalos regulares ao longo do dia.<\/li>\n\n\n\n<li><strong>Deixar l\u00edquidos acess\u00edveis:<\/strong> Mantenha um copo ou garrafa de \u00e1gua por perto onde o idoso passa a maior parte do tempo.<\/li>\n\n\n\n<li><strong>Usar lembretes:<\/strong> Configure alarmes no celular, coloque post-its vis\u00edveis ou use aplicativos de hidrata\u00e7\u00e3o.<\/li>\n\n\n\n<li><strong>Incorporar alimentos ricos em \u00e1gua:<\/strong> Frutas e vegetais como melancia, mel\u00e3o, laranja, morango, pepino, tomate e alface contribuem para a hidrata\u00e7\u00e3o.<\/li>\n\n\n\n<li><strong>Oferecer variedade:<\/strong> Alterne entre \u00e1gua pura, \u00e1gua aromatizada naturalmente (com frutas), ch\u00e1s gelados ou mornos (sem cafe\u00edna excessiva), caldos e sopas.<\/li>\n\n\n\n<li><strong>Associar a rotinas:<\/strong> Ofere\u00e7a um copo de l\u00edquido ao acordar, antes e depois das refei\u00e7\u00f5es, ao tomar medicamentos.<\/li>\n\n\n\n<li><strong>Usar copos e canecas atrativas:<\/strong> \u00c0s vezes, um recipiente diferente pode ser um incentivo.<\/li>\n\n\n\n<li><strong>Monitorar a ingest\u00e3o:<\/strong> Para cuidadores, manter um registro da quantidade de l\u00edquidos ingeridos pode ajudar a garantir que a meta est\u00e1 sendo atingida.<\/li>\n<\/ul>\n\n\n\n<p>Pequenas estrat\u00e9gias podem fazer uma grande diferen\u00e7a na ingest\u00e3o total de l\u00edquidos.<\/p>\n\n\n\n<h2 class=\"wp-block-heading\">Quais l\u00edquidos e alimentos s\u00e3o boas op\u00e7\u00f5es para manter a hidrata\u00e7\u00e3o?<\/h2>\n\n\n\n<p>A melhor bebida para hidrata\u00e7\u00e3o \u00e9 a \u00e1gua pura. No entanto, outras op\u00e7\u00f5es podem ajudar a aumentar a ingest\u00e3o total e oferecer variedade:<\/p>\n\n\n\n<ul class=\"wp-block-list\">\n<li><strong>\u00c1gua:<\/strong> \u00c1gua da torneira, filtrada ou mineral.<\/li>\n\n\n\n<li><strong>\u00c1gua aromatizada:<\/strong> Infus\u00e3o de \u00e1gua com fatias de lim\u00e3o, laranja, pepino, hortel\u00e3 ou frutas vermelhas.<\/li>\n\n\n\n<li><strong>Sucos de frutas dilu\u00eddos:<\/strong> Sucos naturais dilu\u00eddos em \u00e1gua para reduzir a concentra\u00e7\u00e3o de a\u00e7\u00facar.<\/li>\n\n\n\n<li><strong>Ch\u00e1s sem cafe\u00edna:<\/strong> Ch\u00e1s de ervas (camomila, hortel\u00e3, erva-cidreira), gelados ou quentes.<\/li>\n\n\n\n<li><strong>Caldo e sopas:<\/strong> Contam como ingest\u00e3o de l\u00edquidos e fornecem nutrientes.<\/li>\n\n\n\n<li><strong>Gelatina:<\/strong> Feita com \u00e1gua, pode ser uma forma saborosa de ingerir l\u00edquidos.<\/li>\n\n\n\n<li><strong>Alimentos ricos em \u00e1gua:<\/strong> Melancia, mel\u00e3o, morango, laranja, uva, pepino, alface, tomate, abobrinha.<\/li>\n<\/ul>\n\n\n\n<p>Limitar o consumo de bebidas a\u00e7ucaradas, refrigerantes e cafe\u00edna em excesso \u00e9 recomendado, pois podem ter efeitos diur\u00e9ticos ou contribuir para outros problemas de sa\u00fade.<\/p>\n\n\n\n<h2 class=\"wp-block-heading\">Como implementar uma rotina de hidrata\u00e7\u00e3o em 10 dias?<\/h2>\n\n\n\n<p>Use os pr\u00f3ximos 10 dias como um per\u00edodo focado para estabelecer novos h\u00e1bitos de hidrata\u00e7\u00e3o.<\/p>\n\n\n\n<ul class=\"wp-block-list\">\n<li><strong>Dias 1-3:<\/strong> Defina uma meta de ingest\u00e3o di\u00e1ria com base na orienta\u00e7\u00e3o m\u00e9dica (geralmente em torno de 1,5 a 2 litros, mas pode variar). Comece a oferecer um copo de \u00e1gua a cada 1-2 horas. Use lembretes visuais.<\/li>\n\n\n\n<li><strong>Dias 4-6:<\/strong> Introduza variedade nos l\u00edquidos. Ofere\u00e7a frutas ricas em \u00e1gua como lanches. Associe a ingest\u00e3o de l\u00edquidos a atividades espec\u00edficas (ex: antes e depois da caminhada, ao sentar para ler).<\/li>\n\n\n\n<li><strong>Dias 7-10:<\/strong> Continue com as estrat\u00e9gias anteriores e comece a monitorar a ingest\u00e3o di\u00e1ria para ver se a meta est\u00e1 sendo atingida. Ajuste as estrat\u00e9gias conforme necess\u00e1rio. Observe os sinais de hidrata\u00e7\u00e3o (urina clara, pele hidratada).<\/li>\n<\/ul>\n\n\n\n<p>Ap\u00f3s os 10 dias, o objetivo \u00e9 que essas pr\u00e1ticas se tornem h\u00e1bitos naturais. Continue monitorando e ajustando conforme as necessidades e a sa\u00fade do idoso mudarem. Uma hidrata\u00e7\u00e3o adequada \u00e9 um componente vital para a sa\u00fade e o bem-estar na terceira idade.<\/p>\n","protected":false},"excerpt":{"rendered":"<p>\u00c0 medida que envelhecemos, a capacidade do corpo de detectar e responder \u00e0 sede diminui naturalmente. Sentimos menos sede, mesmo quando o corpo precisa de l\u00edquidos. Essa altera\u00e7\u00e3o fisiol\u00f3gica, combinada com outros fatores como o uso de certos medicamentos (diur\u00e9ticos, por exemplo), a redu\u00e7\u00e3o da fun\u00e7\u00e3o renal, a diminui\u00e7\u00e3o da mobilidade (dificuldade em buscar l\u00edquidos) [&hellip;]<\/p>\n","protected":false},"author":11,"featured_media":34079,"comment_status":"open","ping_status":"open","sticky":false,"template":"","format":"standard","meta":{"_yoast_wpseo_focuskw":"Terceira idade","_yoast_wpseo_title":"","_yoast_wpseo_metadesc":"Terceira idade com mais disposi\u00e7\u00e3o e sa\u00fade com essa rotina de 10 dias que hidrata o corpo como nunca antes","jnews-multi-image_gallery":[],"jnews_single_post":{"format":"standard"},"jnews_primary_category":[],"jnews_social_meta":[],"jnews_override_counter":[],"footnotes":""},"categories":[119],"post_tag":[120,565,201],"class_list":["post-33990","post","type-post","status-publish","format-standard","has-post-thumbnail","hentry","category-bem-estar","tag-bem-estar","tag-saude","tag-terceira-idade"],"yoast_head":"<!-- This site is optimized with the Yoast SEO plugin v24.6 - https:\/\/yoast.com\/wordpress\/plugins\/seo\/ -->\n<title>Quem est\u00e1 na terceira idade pode fazer essa rotina de 10 dias e se hidratar como nunca antes! - Correio Braziliense - Radar<\/title>\n<meta name=\"description\" content=\"Terceira idade com mais disposi\u00e7\u00e3o e sa\u00fade com essa rotina de 10 dias que hidrata o corpo como nunca antes\" \/>\n<meta name=\"robots\" content=\"index, follow, max-snippet:-1, max-image-preview:large, max-video-preview:-1\" \/>\n<link rel=\"canonical\" href=\"https:\/\/www.correiobraziliense.com.br\/cbradar\/quem-esta-na-terceira-idade-pode-fazer-essa-rotina-de-10-dias-e-se-hidratar-como-nunca-antes\/\" \/>\n<meta property=\"og:locale\" content=\"pt_BR\" \/>\n<meta property=\"og:type\" content=\"article\" \/>\n<meta property=\"og:title\" content=\"Quem est\u00e1 na terceira idade pode fazer essa rotina de 10 dias e se hidratar como nunca antes! - Correio Braziliense - Radar\" \/>\n<meta property=\"og:description\" content=\"Terceira idade com mais disposi\u00e7\u00e3o e sa\u00fade com essa rotina de 10 dias que hidrata o corpo como nunca antes\" \/>\n<meta property=\"og:url\" content=\"https:\/\/www.correiobraziliense.com.br\/cbradar\/quem-esta-na-terceira-idade-pode-fazer-essa-rotina-de-10-dias-e-se-hidratar-como-nunca-antes\/\" \/>\n<meta property=\"og:site_name\" content=\"Correio Braziliense - Radar\" \/>\n<meta property=\"article:published_time\" content=\"2025-05-09T22:23:00+00:00\" \/>\n<meta property=\"og:image\" content=\"https:\/\/www.correiobraziliense.com.br\/cbradar\/wp-content\/uploads\/2025\/05\/idoso-agua_1746703792294.jpg\" \/>\n\t<meta property=\"og:image:width\" content=\"1280\" \/>\n\t<meta property=\"og:image:height\" content=\"720\" \/>\n\t<meta property=\"og:image:type\" content=\"image\/jpeg\" \/>\n<meta name=\"author\" content=\"Paulo Custodio\" \/>\n<meta name=\"twitter:card\" content=\"summary_large_image\" \/>\n<meta name=\"twitter:label1\" content=\"Escrito por\" \/>\n\t<meta name=\"twitter:data1\" content=\"Paulo Custodio\" \/>\n\t<meta name=\"twitter:label2\" content=\"Est. tempo de leitura\" \/>\n\t<meta name=\"twitter:data2\" content=\"6 minutos\" \/>\n<!-- \/ Yoast SEO plugin. -->","yoast_head_json":{"title":"Quem est\u00e1 na terceira idade pode fazer essa rotina de 10 dias e se hidratar como nunca antes! - Correio Braziliense - Radar","description":"Terceira idade com mais disposi\u00e7\u00e3o e sa\u00fade com essa rotina de 10 dias que hidrata o corpo como nunca antes","robots":{"index":"index","follow":"follow","max-snippet":"max-snippet:-1","max-image-preview":"max-image-preview:large","max-video-preview":"max-video-preview:-1"},"canonical":"https:\/\/www.correiobraziliense.com.br\/cbradar\/quem-esta-na-terceira-idade-pode-fazer-essa-rotina-de-10-dias-e-se-hidratar-como-nunca-antes\/","og_locale":"pt_BR","og_type":"article","og_title":"Quem est\u00e1 na terceira idade pode fazer essa rotina de 10 dias e se hidratar como nunca antes! - Correio Braziliense - Radar","og_description":"Terceira idade com mais disposi\u00e7\u00e3o e sa\u00fade com essa rotina de 10 dias que hidrata o corpo como nunca antes","og_url":"https:\/\/www.correiobraziliense.com.br\/cbradar\/quem-esta-na-terceira-idade-pode-fazer-essa-rotina-de-10-dias-e-se-hidratar-como-nunca-antes\/","og_site_name":"Correio Braziliense - Radar","article_published_time":"2025-05-09T22:23:00+00:00","og_image":[{"width":1280,"height":720,"url":"https:\/\/www.correiobraziliense.com.br\/cbradar\/wp-content\/uploads\/2025\/05\/idoso-agua_1746703792294.jpg","type":"image\/jpeg"}],"author":"Paulo Custodio","twitter_card":"summary_large_image","twitter_misc":{"Escrito por":"Paulo Custodio","Est. tempo de leitura":"6 minutos"},"schema":{"@context":"https:\/\/schema.org","@graph":[{"@type":"WebPage","@id":"https:\/\/www.correiobraziliense.com.br\/cbradar\/quem-esta-na-terceira-idade-pode-fazer-essa-rotina-de-10-dias-e-se-hidratar-como-nunca-antes\/","url":"https:\/\/www.correiobraziliense.com.br\/cbradar\/quem-esta-na-terceira-idade-pode-fazer-essa-rotina-de-10-dias-e-se-hidratar-como-nunca-antes\/","name":"Quem est\u00e1 na terceira idade pode fazer essa rotina de 10 dias e se hidratar como nunca antes! - Correio Braziliense - Radar","isPartOf":{"@id":"https:\/\/www.correiobraziliense.com.br\/cbradar\/#website"},"primaryImageOfPage":{"@id":"https:\/\/www.correiobraziliense.com.br\/cbradar\/quem-esta-na-terceira-idade-pode-fazer-essa-rotina-de-10-dias-e-se-hidratar-como-nunca-antes\/#primaryimage"},"image":{"@id":"https:\/\/www.correiobraziliense.com.br\/cbradar\/quem-esta-na-terceira-idade-pode-fazer-essa-rotina-de-10-dias-e-se-hidratar-como-nunca-antes\/#primaryimage"},"thumbnailUrl":"https:\/\/www.correiobraziliense.com.br\/cbradar\/wp-content\/uploads\/2025\/05\/idoso-agua_1746703792294.jpg","datePublished":"2025-05-09T22:23:00+00:00","author":{"@id":"https:\/\/www.correiobraziliense.com.br\/cbradar\/#\/schema\/person\/4cec7857301a9a1a2ef249893cd908d3"},"description":"Terceira idade com mais disposi\u00e7\u00e3o e sa\u00fade com essa rotina de 10 dias que hidrata o corpo como nunca antes","breadcrumb":{"@id":"https:\/\/www.correiobraziliense.com.br\/cbradar\/quem-esta-na-terceira-idade-pode-fazer-essa-rotina-de-10-dias-e-se-hidratar-como-nunca-antes\/#breadcrumb"},"inLanguage":"pt-BR","potentialAction":[{"@type":"ReadAction","target":["https:\/\/www.correiobraziliense.com.br\/cbradar\/quem-esta-na-terceira-idade-pode-fazer-essa-rotina-de-10-dias-e-se-hidratar-como-nunca-antes\/"]}]},{"@type":"ImageObject","inLanguage":"pt-BR","@id":"https:\/\/www.correiobraziliense.com.br\/cbradar\/quem-esta-na-terceira-idade-pode-fazer-essa-rotina-de-10-dias-e-se-hidratar-como-nunca-antes\/#primaryimage","url":"https:\/\/www.correiobraziliense.com.br\/cbradar\/wp-content\/uploads\/2025\/05\/idoso-agua_1746703792294.jpg","contentUrl":"https:\/\/www.correiobraziliense.com.br\/cbradar\/wp-content\/uploads\/2025\/05\/idoso-agua_1746703792294.jpg","width":1280,"height":720,"caption":"Idoso - Cr\u00e9ditos: depositphotos.com \/ AndrewLozovyi"},{"@type":"BreadcrumbList","@id":"https:\/\/www.correiobraziliense.com.br\/cbradar\/quem-esta-na-terceira-idade-pode-fazer-essa-rotina-de-10-dias-e-se-hidratar-como-nunca-antes\/#breadcrumb","itemListElement":[{"@type":"ListItem","position":1,"name":"In\u00edcio","item":"https:\/\/www.correiobraziliense.com.br\/cbradar\/"},{"@type":"ListItem","position":2,"name":"Quem est\u00e1 na terceira idade pode fazer essa rotina de 10 dias e se hidratar como nunca antes!"}]},{"@type":"WebSite","@id":"https:\/\/www.correiobraziliense.com.br\/cbradar\/#website","url":"https:\/\/www.correiobraziliense.com.br\/cbradar\/","name":"Correio Braziliense - Radar","description":"Acompanhe as \u00faltimas not\u00edcias e fique bem informado sobre tudo o que acontece no Brasil e no mundo.","potentialAction":[{"@type":"SearchAction","target":{"@type":"EntryPoint","urlTemplate":"https:\/\/www.correiobraziliense.com.br\/cbradar\/?s={search_term_string}"},"query-input":{"@type":"PropertyValueSpecification","valueRequired":true,"valueName":"search_term_string"}}],"inLanguage":"pt-BR"},{"@type":"Person","@id":"https:\/\/www.correiobraziliense.com.br\/cbradar\/#\/schema\/person\/4cec7857301a9a1a2ef249893cd908d3","name":"Paulo Custodio","image":{"@type":"ImageObject","inLanguage":"pt-BR","@id":"https:\/\/www.correiobraziliense.com.br\/cbradar\/#\/schema\/person\/image\/","url":"https:\/\/secure.gravatar.com\/avatar\/bcd67168d1534e8fcf4f45c726a87cea?s=96&d=mm&r=g","contentUrl":"https:\/\/secure.gravatar.com\/avatar\/bcd67168d1534e8fcf4f45c726a87cea?s=96&d=mm&r=g","caption":"Paulo Custodio"},"sameAs":["https:\/\/www.correiobraziliense.com.br\/cbradar"],"url":"https:\/\/www.correiobraziliense.com.br\/cbradar\/author\/paulomyth\/"}]}},"_links":{"self":[{"href":"https:\/\/www.correiobraziliense.com.br\/cbradar\/wp-json\/wp\/v2\/posts\/33990","targetHints":{"allow":["GET"]}}],"collection":[{"href":"https:\/\/www.correiobraziliense.com.br\/cbradar\/wp-json\/wp\/v2\/posts"}],"about":[{"href":"https:\/\/www.correiobraziliense.com.br\/cbradar\/wp-json\/wp\/v2\/types\/post"}],"author":[{"embeddable":true,"href":"https:\/\/www.correiobraziliense.com.br\/cbradar\/wp-json\/wp\/v2\/users\/11"}],"replies":[{"embeddable":true,"href":"https:\/\/www.correiobraziliense.com.br\/cbradar\/wp-json\/wp\/v2\/comments?post=33990"}],"version-history":[{"count":3,"href":"https:\/\/www.correiobraziliense.com.br\/cbradar\/wp-json\/wp\/v2\/posts\/33990\/revisions"}],"predecessor-version":[{"id":34086,"href":"https:\/\/www.correiobraziliense.com.br\/cbradar\/wp-json\/wp\/v2\/posts\/33990\/revisions\/34086"}],"wp:featuredmedia":[{"embeddable":true,"href":"https:\/\/www.correiobraziliense.com.br\/cbradar\/wp-json\/wp\/v2\/media\/34079"}],"wp:attachment":[{"href":"https:\/\/www.correiobraziliense.com.br\/cbradar\/wp-json\/wp\/v2\/media?parent=33990"}],"wp:term":[{"taxonomy":"category","embeddable":true,"href":"https:\/\/www.correiobraziliense.com.br\/cbradar\/wp-json\/wp\/v2\/categories?post=33990"},{"taxonomy":"post_tag","embeddable":true,"href":"https:\/\/www.correiobraziliense.com.br\/cbradar\/wp-json\/wp\/v2\/post_tag?post=33990"}],"curies":[{"name":"wp","href":"https:\/\/api.w.org\/{rel}","templated":true}]}}