{"id":34197,"date":"2025-05-09T10:10:00","date_gmt":"2025-05-09T13:10:00","guid":{"rendered":"https:\/\/www.correiobraziliense.com.br\/cbradar\/?p=34197"},"modified":"2025-05-08T15:21:35","modified_gmt":"2025-05-08T18:21:35","slug":"beneficios-do-pepino-e-como-plantar-na-sua-horta-caseira","status":"publish","type":"post","link":"https:\/\/www.correiobraziliense.com.br\/cbradar\/beneficios-do-pepino-e-como-plantar-na-sua-horta-caseira\/","title":{"rendered":"Benef\u00edcios do pepino e como plantar na sua horta caseira"},"content":{"rendered":"\n<p>O <strong>pepino (Cucumis sativus)<\/strong> \u00e9 uma <strong>hortali\u00e7a <\/strong>refrescante, nutritiva e vers\u00e1til, muito utilizada em saladas, sucos e conservas. Rico em \u00e1gua, vitaminas e minerais, ele contribui para a hidrata\u00e7\u00e3o do corpo, melhora da digest\u00e3o e sa\u00fade da pele. Al\u00e9m disso, \u00e9 uma planta f\u00e1cil de <a href=\"https:\/\/www.correiobraziliense.com.br\/cbradar\/como-plantar-caju-em-vaso-ou-no-quintal-de-forma-simples\/\" target=\"_blank\" rel=\"noreferrer noopener\">cultivar<\/a>, tanto em hortas no solo quanto em vasos e jardineiras. Ter um p\u00e9 de pepino em casa \u00e9 garantia de alimento fresco, org\u00e2nico e livre de agrot\u00f3xicos.<\/p>\n\n\n\n<h2 class=\"wp-block-heading\">Quais s\u00e3o os benef\u00edcios para a sa\u00fade?<\/h2>\n\n\n\n<p>O <strong>pepino<\/strong> \u00e9 um alimento funcional que oferece diversos benef\u00edcios ao organismo. Entre os principais, destacam-se:<\/p>\n\n\n\n<ul class=\"wp-block-list\">\n<li><strong>Hidrata\u00e7\u00e3o natural<\/strong>: composto por mais de 95% de \u00e1gua.<\/li>\n\n\n\n<li><strong>Baix\u00edssimo valor cal\u00f3rico<\/strong>: ideal para dietas de emagrecimento.<\/li>\n\n\n\n<li><strong>Rico em fibras<\/strong>: auxilia no funcionamento intestinal.<\/li>\n\n\n\n<li><strong>Fonte de pot\u00e1ssio e magn\u00e9sio<\/strong>: ajuda na regula\u00e7\u00e3o da press\u00e3o arterial.<\/li>\n\n\n\n<li><strong>A\u00e7\u00e3o antioxidante<\/strong>: cont\u00e9m flavonoides e vitamina C.<\/li>\n\n\n\n<li><strong>Melhora a digest\u00e3o<\/strong>: suave para o est\u00f4mago e \u00fatil contra acidez.<\/li>\n\n\n\n<li><strong>Beneficia a pele<\/strong>: usado em m\u00e1scaras naturais e hidratantes.<\/li>\n<\/ul>\n\n\n\n<p>Incluir pepino na alimenta\u00e7\u00e3o di\u00e1ria \u00e9 uma forma simples de promover sa\u00fade com sabor e leveza.<\/p>\n\n\n\n<h2 class=\"wp-block-heading\">Qual a melhor \u00e9poca e clima para plantar?<\/h2>\n\n\n\n<p>O <strong>pepino<\/strong> gosta de clima quente e solo bem drenado. A melhor \u00e9poca para o plantio \u00e9 na <strong>primavera e ver\u00e3o<\/strong>, quando as temperaturas est\u00e3o entre <strong>20\u00b0C e 30\u00b0C<\/strong>.<\/p>\n\n\n\n<ul class=\"wp-block-list\">\n<li><strong>N\u00e3o tolera geadas<\/strong>.<\/li>\n\n\n\n<li><strong>Prefere solo levemente \u00e1cido a neutro (pH entre 6,0 e 6,8)<\/strong>.<\/li>\n\n\n\n<li><strong>Cresce rapidamente em locais ensolarados<\/strong>, com pelo menos 6 horas de luz direta por dia.<\/li>\n<\/ul>\n\n\n\n<h2 class=\"wp-block-heading\">Como preparar o solo e o espa\u00e7o?<\/h2>\n\n\n\n<p>O <strong>pepino<\/strong> cresce melhor em locais amplos, com espa\u00e7o para suas ramas se espalharem ou subirem em suportes verticais. Veja como preparar:<\/p>\n\n\n\n<ul class=\"wp-block-list\">\n<li><strong>Solo<\/strong>: f\u00e9rtil, leve, com boa drenagem e rico em <a href=\"https:\/\/rehagro.com.br\/blog\/materia-organica-no-solo\/\" target=\"_blank\" rel=\"noreferrer noopener\">mat\u00e9ria org\u00e2nica<\/a>.<\/li>\n\n\n\n<li><strong>Canteiros ou vasos<\/strong>: em canteiros, mantenha espa\u00e7amento de 1 m entre linhas; em vasos, escolha recipientes com <strong>m\u00ednimo de 30 litros<\/strong>.<\/li>\n\n\n\n<li><strong>Aduba\u00e7\u00e3o inicial<\/strong>: use composto org\u00e2nico, esterco curtido ou h\u00famus de minhoca antes do plantio.<\/li>\n<\/ul>\n\n\n\n<h2 class=\"wp-block-heading\">Como plantar passo a passo<\/h2>\n\n\n\n<p>Voc\u00ea pode plantar pepino por sementes ou mudas. O processo \u00e9 simples:<\/p>\n\n\n\n<h3 class=\"wp-block-heading\"><strong>1. Semeadura direta<\/strong>:<\/h3>\n\n\n\n<ul class=\"wp-block-list\">\n<li>Fa\u00e7a covas com 2 cm de profundidade.<\/li>\n\n\n\n<li>Coloque 2 a 3 sementes por cova.<\/li>\n\n\n\n<li>Cubra levemente com terra e regue.<\/li>\n<\/ul>\n\n\n\n<h3 class=\"wp-block-heading\"><strong>2. Germina\u00e7\u00e3o<\/strong>:<\/h3>\n\n\n\n<ul class=\"wp-block-list\">\n<li>Ocorre em 5 a 10 dias.<\/li>\n\n\n\n<li>Ap\u00f3s o surgimento das folhas verdadeiras, mantenha a muda mais forte e descarte as mais fracas.<\/li>\n<\/ul>\n\n\n\n<h3 class=\"wp-block-heading\"><strong>3. Tutoramento<\/strong>:<\/h3>\n\n\n\n<ul class=\"wp-block-list\">\n<li>Use estacas, treli\u00e7as ou cercas para conduzir os ramos.<\/li>\n\n\n\n<li>Isso melhora a ventila\u00e7\u00e3o, facilita a colheita e evita doen\u00e7as.<\/li>\n<\/ul>\n\n\n\n<h2 class=\"wp-block-heading\">Quais cuidados s\u00e3o essenciais para o cultivo?<\/h2>\n\n\n\n<p>Manter o pepineiro saud\u00e1vel e produtivo exige alguns cuidados b\u00e1sicos:<\/p>\n\n\n\n<ul class=\"wp-block-list\">\n<li><strong>Rega<\/strong>: mantenha o solo sempre \u00famido, mas sem encharcar. Regue preferencialmente pela manh\u00e3.<\/li>\n\n\n\n<li><strong>Aduba\u00e7\u00e3o cont\u00ednua<\/strong>: a cada 15 dias, aplique adubo org\u00e2nico ou NPK 10-10-10.<\/li>\n\n\n\n<li><strong>Poda de limpeza<\/strong>: remova folhas secas, galhos doentes e brotos excessivos.<\/li>\n\n\n\n<li><strong>Controle de pragas<\/strong>:\n<ul class=\"wp-block-list\">\n<li>Pulg\u00f5es e \u00e1caros: use calda de sab\u00e3o neutro ou \u00f3leo de neem.<\/li>\n\n\n\n<li>M\u00edldio e o\u00eddio (fungos): evite excesso de umidade e garanta boa circula\u00e7\u00e3o de ar.<\/li>\n<\/ul>\n<\/li>\n<\/ul>\n\n\n<div class=\"wp-block-image\">\n<figure class=\"aligncenter size-large\"><img decoding=\"async\" width=\"1024\" height=\"576\" src=\"https:\/\/www.correiobraziliense.com.br\/cbradar\/wp-content\/uploads\/2025\/04\/pepino_1743693645874-1024x576.jpg\" alt=\"Aumente sua hidrata\u00e7\u00e3o cultivando essas frutas refrescantes e nutritivas\" class=\"wp-image-19090\" srcset=\"https:\/\/www.correiobraziliense.com.br\/cbradar\/wp-content\/uploads\/2025\/04\/pepino_1743693645874-1024x576.jpg 1024w, https:\/\/www.correiobraziliense.com.br\/cbradar\/wp-content\/uploads\/2025\/04\/pepino_1743693645874-300x169.jpg 300w, https:\/\/www.correiobraziliense.com.br\/cbradar\/wp-content\/uploads\/2025\/04\/pepino_1743693645874-768x432.jpg 768w, https:\/\/www.correiobraziliense.com.br\/cbradar\/wp-content\/uploads\/2025\/04\/pepino_1743693645874-750x422.jpg 750w, https:\/\/www.correiobraziliense.com.br\/cbradar\/wp-content\/uploads\/2025\/04\/pepino_1743693645874-1140x641.jpg 1140w, https:\/\/www.correiobraziliense.com.br\/cbradar\/wp-content\/uploads\/2025\/04\/pepino_1743693645874.jpg 1280w\" sizes=\"(max-width: 1024px) 100vw, 1024px\" \/><figcaption class=\"wp-element-caption\">Pepino &#8211; Cr\u00e9ditos: depositphotos.com \/ IgorTishenko<\/figcaption><\/figure><\/div>\n\n\n<h2 class=\"wp-block-heading\">Quanto tempo leva para colher?<\/h2>\n\n\n\n<p>O ciclo do pepino \u00e9 <strong>relativamente curto<\/strong>. A colheita pode come\u00e7ar de <strong>45 a 60 dias ap\u00f3s o plantio<\/strong>, dependendo da variedade.<\/p>\n\n\n\n<p><strong>Dicas para colher no ponto ideal<\/strong>:<\/p>\n\n\n\n<ul class=\"wp-block-list\">\n<li>Colha quando o fruto estiver <strong>firme e com cor verde intensa<\/strong>.<\/li>\n\n\n\n<li>O tamanho ideal varia de <strong>15 a 20 cm<\/strong>, antes de o fruto come\u00e7ar a amarelar.<\/li>\n\n\n\n<li>Colher regularmente estimula novos frutos.<\/li>\n<\/ul>\n\n\n\n<h2 class=\"wp-block-heading\">Posso plantar em vasos ou hortas verticais?<\/h2>\n\n\n\n<p>Sim! O <strong>pepino<\/strong> se adapta muito bem ao cultivo em vasos grandes e at\u00e9 em <strong>hortas verticais<\/strong>, desde que tenha suporte adequado.<\/p>\n\n\n\n<ul class=\"wp-block-list\">\n<li><strong>Escolha vasos com pelo menos 30 litros<\/strong> e boa drenagem.<\/li>\n\n\n\n<li><strong>Use tutores verticais ou redes<\/strong> para conduzir os ramos.<\/li>\n\n\n\n<li><strong>Ideal para varandas, quintais e at\u00e9 coberturas de garagem<\/strong>.<\/li>\n<\/ul>\n\n\n\n<p>Esse sistema economiza espa\u00e7o e facilita a colheita.<\/p>\n\n\n\n<h2 class=\"wp-block-heading\">Como usar o pepino no dia a dia?<\/h2>\n\n\n\n<p>Al\u00e9m das saladas, o pepino pode ser usado de v\u00e1rias formas:<\/p>\n\n\n\n<ul class=\"wp-block-list\">\n<li><strong>Suco detox com lim\u00e3o e hortel\u00e3<\/strong>.<\/li>\n\n\n\n<li><strong>\u00c1gua aromatizada com rodelas de pepino e gengibre<\/strong>.<\/li>\n\n\n\n<li><strong>Picles caseiro em conserva de vinagre e especiarias<\/strong>.<\/li>\n\n\n\n<li><strong>T\u00f4nico facial natural<\/strong>: com suco de pepino puro.<\/li>\n\n\n\n<li><strong>Sopa fria de pepino com iogurte (gazpacho)<\/strong>.<\/li>\n<\/ul>\n\n\n\n<p>\u00c9 um alimento leve, refrescante e cheio de possibilidades na cozinha e nos cuidados pessoais.<\/p>\n\n\n\n<h2 class=\"wp-block-heading\">FAQ<\/h2>\n\n\n\n<p><strong>1. Pepino precisa de muito espa\u00e7o para crescer?<\/strong><br>Sim. Ele se espalha bastante, mas pode ser conduzido verticalmente com tutoramento.<\/p>\n\n\n\n<p><strong>2. Posso plantar pepino em apartamento?<\/strong><br>Sim, desde que tenha um vaso grande, boa drenagem e acesso a pelo menos 6 horas de sol direto.<\/p>\n\n\n\n<p><strong>3. Como saber se o pepino est\u00e1 maduro?<\/strong><br>Quando est\u00e1 <strong>verde escuro, firme e com cerca de 15 a 20 cm<\/strong>. Se come\u00e7ar a amarelar, passou do ponto.<\/p>\n\n\n\n<p><strong>4. O pepino d\u00e1 o ano inteiro?<\/strong><br>Em regi\u00f5es quentes, sim. Em locais com inverno rigoroso, a produ\u00e7\u00e3o cai ou para completamente.<\/p>\n\n\n\n<p><strong>5. Preciso de mais de uma planta para dar frutos?<\/strong><br>N\u00e3o necessariamente. O pepineiro possui flores masculinas e femininas na mesma planta, mas <strong>a presen\u00e7a de polinizadores<\/strong> (como abelhas) ajuda na frutifica\u00e7\u00e3o.<\/p>\n","protected":false},"excerpt":{"rendered":"<p>O pepino (Cucumis sativus) \u00e9 uma hortali\u00e7a refrescante, nutritiva e vers\u00e1til, muito utilizada em saladas, sucos e conservas. Rico em \u00e1gua, vitaminas e minerais, ele contribui para a hidrata\u00e7\u00e3o do corpo, melhora da digest\u00e3o e sa\u00fade da pele. Al\u00e9m disso, \u00e9 uma planta f\u00e1cil de cultivar, tanto em hortas no solo quanto em vasos e [&hellip;]<\/p>\n","protected":false},"author":9,"featured_media":19091,"comment_status":"open","ping_status":"open","sticky":false,"template":"","format":"standard","meta":{"_yoast_wpseo_focuskw":"pepino","_yoast_wpseo_title":"","_yoast_wpseo_metadesc":"","jnews-multi-image_gallery":[],"jnews_single_post":{"format":"standard"},"jnews_primary_category":[],"jnews_social_meta":[],"jnews_override_counter":[],"footnotes":""},"categories":[136],"post_tag":[2842,2506,266,4355],"class_list":["post-34197","post","type-post","status-publish","format-standard","has-post-thumbnail","hentry","category-jardinagem","tag-como-plantar-pepino","tag-cultivo-de-hortalicas","tag-horta-caseira","tag-pepino-em-vaso"],"yoast_head":"<!-- This site is optimized with the Yoast SEO plugin v24.6 - https:\/\/yoast.com\/wordpress\/plugins\/seo\/ -->\n<title>Benef\u00edcios do pepino e como plantar na sua horta caseira - Correio Braziliense - Radar<\/title>\n<meta name=\"robots\" content=\"index, follow, max-snippet:-1, max-image-preview:large, max-video-preview:-1\" \/>\n<link rel=\"canonical\" href=\"https:\/\/www.correiobraziliense.com.br\/cbradar\/beneficios-do-pepino-e-como-plantar-na-sua-horta-caseira\/\" \/>\n<meta property=\"og:locale\" content=\"pt_BR\" \/>\n<meta property=\"og:type\" content=\"article\" \/>\n<meta property=\"og:title\" content=\"Benef\u00edcios do pepino e como plantar na sua horta caseira - Correio Braziliense - Radar\" \/>\n<meta property=\"og:description\" content=\"O pepino (Cucumis sativus) \u00e9 uma hortali\u00e7a refrescante, nutritiva e vers\u00e1til, muito utilizada em saladas, sucos e conservas. Rico em \u00e1gua, vitaminas e minerais, ele contribui para a hidrata\u00e7\u00e3o do corpo, melhora da digest\u00e3o e sa\u00fade da pele. Al\u00e9m disso, \u00e9 uma planta f\u00e1cil de cultivar, tanto em hortas no solo quanto em vasos e [&hellip;]\" \/>\n<meta property=\"og:url\" content=\"https:\/\/www.correiobraziliense.com.br\/cbradar\/beneficios-do-pepino-e-como-plantar-na-sua-horta-caseira\/\" \/>\n<meta property=\"og:site_name\" content=\"Correio Braziliense - Radar\" \/>\n<meta property=\"article:published_time\" content=\"2025-05-09T13:10:00+00:00\" \/>\n<meta property=\"og:image\" content=\"https:\/\/www.correiobraziliense.com.br\/cbradar\/wp-content\/uploads\/2025\/04\/pepino_1743693780623.jpg\" \/>\n\t<meta property=\"og:image:width\" content=\"1280\" \/>\n\t<meta property=\"og:image:height\" content=\"720\" \/>\n\t<meta property=\"og:image:type\" content=\"image\/jpeg\" \/>\n<meta name=\"author\" content=\"Daniely Cardoso\" \/>\n<meta name=\"twitter:card\" content=\"summary_large_image\" \/>\n<meta name=\"twitter:label1\" content=\"Escrito por\" \/>\n\t<meta name=\"twitter:data1\" content=\"Daniely Cardoso\" \/>\n\t<meta name=\"twitter:label2\" content=\"Est. tempo de leitura\" \/>\n\t<meta name=\"twitter:data2\" content=\"6 minutos\" \/>\n<!-- \/ Yoast SEO plugin. -->","yoast_head_json":{"title":"Benef\u00edcios do pepino e como plantar na sua horta caseira - Correio Braziliense - Radar","robots":{"index":"index","follow":"follow","max-snippet":"max-snippet:-1","max-image-preview":"max-image-preview:large","max-video-preview":"max-video-preview:-1"},"canonical":"https:\/\/www.correiobraziliense.com.br\/cbradar\/beneficios-do-pepino-e-como-plantar-na-sua-horta-caseira\/","og_locale":"pt_BR","og_type":"article","og_title":"Benef\u00edcios do pepino e como plantar na sua horta caseira - Correio Braziliense - Radar","og_description":"O pepino (Cucumis sativus) \u00e9 uma hortali\u00e7a refrescante, nutritiva e vers\u00e1til, muito utilizada em saladas, sucos e conservas. Rico em \u00e1gua, vitaminas e minerais, ele contribui para a hidrata\u00e7\u00e3o do corpo, melhora da digest\u00e3o e sa\u00fade da pele. Al\u00e9m disso, \u00e9 uma planta f\u00e1cil de cultivar, tanto em hortas no solo quanto em vasos e [&hellip;]","og_url":"https:\/\/www.correiobraziliense.com.br\/cbradar\/beneficios-do-pepino-e-como-plantar-na-sua-horta-caseira\/","og_site_name":"Correio Braziliense - Radar","article_published_time":"2025-05-09T13:10:00+00:00","og_image":[{"width":1280,"height":720,"url":"https:\/\/www.correiobraziliense.com.br\/cbradar\/wp-content\/uploads\/2025\/04\/pepino_1743693780623.jpg","type":"image\/jpeg"}],"author":"Daniely Cardoso","twitter_card":"summary_large_image","twitter_misc":{"Escrito por":"Daniely Cardoso","Est. tempo de leitura":"6 minutos"},"schema":{"@context":"https:\/\/schema.org","@graph":[{"@type":"WebPage","@id":"https:\/\/www.correiobraziliense.com.br\/cbradar\/beneficios-do-pepino-e-como-plantar-na-sua-horta-caseira\/","url":"https:\/\/www.correiobraziliense.com.br\/cbradar\/beneficios-do-pepino-e-como-plantar-na-sua-horta-caseira\/","name":"Benef\u00edcios do pepino e como plantar na sua horta caseira - Correio Braziliense - Radar","isPartOf":{"@id":"https:\/\/www.correiobraziliense.com.br\/cbradar\/#website"},"primaryImageOfPage":{"@id":"https:\/\/www.correiobraziliense.com.br\/cbradar\/beneficios-do-pepino-e-como-plantar-na-sua-horta-caseira\/#primaryimage"},"image":{"@id":"https:\/\/www.correiobraziliense.com.br\/cbradar\/beneficios-do-pepino-e-como-plantar-na-sua-horta-caseira\/#primaryimage"},"thumbnailUrl":"https:\/\/www.correiobraziliense.com.br\/cbradar\/wp-content\/uploads\/2025\/04\/pepino_1743693780623.jpg","datePublished":"2025-05-09T13:10:00+00:00","author":{"@id":"https:\/\/www.correiobraziliense.com.br\/cbradar\/#\/schema\/person\/7356666e12ec0ee53f348ee5db227032"},"breadcrumb":{"@id":"https:\/\/www.correiobraziliense.com.br\/cbradar\/beneficios-do-pepino-e-como-plantar-na-sua-horta-caseira\/#breadcrumb"},"inLanguage":"pt-BR","potentialAction":[{"@type":"ReadAction","target":["https:\/\/www.correiobraziliense.com.br\/cbradar\/beneficios-do-pepino-e-como-plantar-na-sua-horta-caseira\/"]}]},{"@type":"ImageObject","inLanguage":"pt-BR","@id":"https:\/\/www.correiobraziliense.com.br\/cbradar\/beneficios-do-pepino-e-como-plantar-na-sua-horta-caseira\/#primaryimage","url":"https:\/\/www.correiobraziliense.com.br\/cbradar\/wp-content\/uploads\/2025\/04\/pepino_1743693780623.jpg","contentUrl":"https:\/\/www.correiobraziliense.com.br\/cbradar\/wp-content\/uploads\/2025\/04\/pepino_1743693780623.jpg","width":1280,"height":720,"caption":"O pepino tem reconhecida a\u00e7\u00e3o diur\u00e9tica natural, estimulando a elimina\u00e7\u00e3o de l\u00edquidos e toxinas acumuladas no organismo - Cr\u00e9ditos: depositphotos.com \/ Leo-nik"},{"@type":"BreadcrumbList","@id":"https:\/\/www.correiobraziliense.com.br\/cbradar\/beneficios-do-pepino-e-como-plantar-na-sua-horta-caseira\/#breadcrumb","itemListElement":[{"@type":"ListItem","position":1,"name":"In\u00edcio","item":"https:\/\/www.correiobraziliense.com.br\/cbradar\/"},{"@type":"ListItem","position":2,"name":"Benef\u00edcios do pepino e como plantar na sua horta caseira"}]},{"@type":"WebSite","@id":"https:\/\/www.correiobraziliense.com.br\/cbradar\/#website","url":"https:\/\/www.correiobraziliense.com.br\/cbradar\/","name":"Correio Braziliense - Radar","description":"Acompanhe as \u00faltimas not\u00edcias e fique bem informado sobre tudo o que acontece no Brasil e no mundo.","potentialAction":[{"@type":"SearchAction","target":{"@type":"EntryPoint","urlTemplate":"https:\/\/www.correiobraziliense.com.br\/cbradar\/?s={search_term_string}"},"query-input":{"@type":"PropertyValueSpecification","valueRequired":true,"valueName":"search_term_string"}}],"inLanguage":"pt-BR"},{"@type":"Person","@id":"https:\/\/www.correiobraziliense.com.br\/cbradar\/#\/schema\/person\/7356666e12ec0ee53f348ee5db227032","name":"Daniely Cardoso","image":{"@type":"ImageObject","inLanguage":"pt-BR","@id":"https:\/\/www.correiobraziliense.com.br\/cbradar\/#\/schema\/person\/image\/","url":"https:\/\/secure.gravatar.com\/avatar\/4b80ddbd124d1f071b626d52d62e5dff?s=96&d=mm&r=g","contentUrl":"https:\/\/secure.gravatar.com\/avatar\/4b80ddbd124d1f071b626d52d62e5dff?s=96&d=mm&r=g","caption":"Daniely Cardoso"},"description":"Redatora nos portais CB Radar e EM Foco, formada pela Universidade Federal de Goi\u00e1s, em Goi\u00e2nia. Apaixonada por comunica\u00e7\u00e3o, arte, decora\u00e7\u00e3o e tend\u00eancias, atuo na produ\u00e7\u00e3o de conte\u00fados envolventes sobre curiosidades, moda, beleza e paisagismo, sempre com um olhar atento \u00e0s novidades do momento.","sameAs":["https:\/\/www.correiobraziliense.com.br\/cbradar"],"url":"https:\/\/www.correiobraziliense.com.br\/cbradar\/author\/danielymyth\/"}]}},"_links":{"self":[{"href":"https:\/\/www.correiobraziliense.com.br\/cbradar\/wp-json\/wp\/v2\/posts\/34197","targetHints":{"allow":["GET"]}}],"collection":[{"href":"https:\/\/www.correiobraziliense.com.br\/cbradar\/wp-json\/wp\/v2\/posts"}],"about":[{"href":"https:\/\/www.correiobraziliense.com.br\/cbradar\/wp-json\/wp\/v2\/types\/post"}],"author":[{"embeddable":true,"href":"https:\/\/www.correiobraziliense.com.br\/cbradar\/wp-json\/wp\/v2\/users\/9"}],"replies":[{"embeddable":true,"href":"https:\/\/www.correiobraziliense.com.br\/cbradar\/wp-json\/wp\/v2\/comments?post=34197"}],"version-history":[{"count":4,"href":"https:\/\/www.correiobraziliense.com.br\/cbradar\/wp-json\/wp\/v2\/posts\/34197\/revisions"}],"predecessor-version":[{"id":34201,"href":"https:\/\/www.correiobraziliense.com.br\/cbradar\/wp-json\/wp\/v2\/posts\/34197\/revisions\/34201"}],"wp:featuredmedia":[{"embeddable":true,"href":"https:\/\/www.correiobraziliense.com.br\/cbradar\/wp-json\/wp\/v2\/media\/19091"}],"wp:attachment":[{"href":"https:\/\/www.correiobraziliense.com.br\/cbradar\/wp-json\/wp\/v2\/media?parent=34197"}],"wp:term":[{"taxonomy":"category","embeddable":true,"href":"https:\/\/www.correiobraziliense.com.br\/cbradar\/wp-json\/wp\/v2\/categories?post=34197"},{"taxonomy":"post_tag","embeddable":true,"href":"https:\/\/www.correiobraziliense.com.br\/cbradar\/wp-json\/wp\/v2\/post_tag?post=34197"}],"curies":[{"name":"wp","href":"https:\/\/api.w.org\/{rel}","templated":true}]}}