{"id":34378,"date":"2025-05-10T07:30:00","date_gmt":"2025-05-10T10:30:00","guid":{"rendered":"https:\/\/www.correiobraziliense.com.br\/cbradar\/?p=34378"},"modified":"2025-05-09T14:05:46","modified_gmt":"2025-05-09T17:05:46","slug":"essa-cidade-do-nordeste-surpreende-com-estrutura-cultura-e-oportunidades","status":"publish","type":"post","link":"https:\/\/www.correiobraziliense.com.br\/cbradar\/essa-cidade-do-nordeste-surpreende-com-estrutura-cultura-e-oportunidades\/","title":{"rendered":"Essa cidade do Nordeste surpreende com estrutura, cultura e oportunidades"},"content":{"rendered":"\n<p><strong><a href=\"https:\/\/www.feiradesantana.ba.gov.br\/\" target=\"_blank\" rel=\"noreferrer noopener\">Feira de Santana<\/a><\/strong>, localizada a cerca de 100 km de <strong><a href=\"https:\/\/www.correiobraziliense.com.br\/cbradar\/essa-cidadezinha-no-interior-da-bahia-tem-ruas-floridas-o-ano-inteiro\/\" target=\"_blank\" rel=\"noreferrer noopener\">Salvador<\/a><\/strong>, \u00e9 a segunda maior cidade da <strong>Bahia<\/strong> e uma das mais importantes do Nordeste em termos econ\u00f4micos e log\u00edsticos. Com mais de 600 mil habitantes, ela \u00e9 estrat\u00e9gica por estar no entroncamento de grandes rodovias, funcionando como polo de distribui\u00e7\u00e3o e neg\u00f3cios.<\/p>\n\n\n\n<p>Com um crescimento urbano acelerado, <strong>Feira de Santana<\/strong> tamb\u00e9m vem se destacando nos setores de educa\u00e7\u00e3o e servi\u00e7os. \u00c9 uma cidade que atrai estudantes, empres\u00e1rios e profissionais em busca de oportunidades, sem abrir m\u00e3o da cultura e da hospitalidade baiana.<\/p>\n\n\n\n<h2 class=\"wp-block-heading\">Qualidade de vida com servi\u00e7os e mobilidade<\/h2>\n\n\n\n<p><strong>Feira de Santana<\/strong> apresenta boa cobertura de servi\u00e7os p\u00fablicos e uma rede urbana que facilita o acesso a diferentes bairros e regi\u00f5es. A cidade conta com centros comerciais, unidades de sa\u00fade, parques e op\u00e7\u00f5es de lazer que contribuem para a qualidade de vida dos moradores.<\/p>\n\n\n\n<p>A mobilidade urbana tem sido modernizada com projetos de transporte coletivo, vias expressas e investimentos em infraestrutura vi\u00e1ria. O tr\u00e2nsito, apesar do crescimento populacional, ainda \u00e9 considerado administr\u00e1vel, especialmente fora do hor\u00e1rio de pico.<\/p>\n\n\n\n<h2 class=\"wp-block-heading\">Educa\u00e7\u00e3o em constante crescimento<\/h2>\n\n\n\n<p>A cidade investe cada vez mais em educa\u00e7\u00e3o, com escolas p\u00fablicas bem avaliadas e uma rede particular diversificada. H\u00e1 tamb\u00e9m projetos de qualifica\u00e7\u00e3o t\u00e9cnica e forma\u00e7\u00e3o profissional em expans\u00e3o, o que fortalece a base de m\u00e3o de obra local.<\/p>\n\n\n\n<p>No ensino superior, <strong>Feira de Santana<\/strong> abriga institui\u00e7\u00f5es importantes como a <strong>Universidade Estadual de Feira de Santana (UEFS)<\/strong>, al\u00e9m de centros universit\u00e1rios e faculdades privadas. Isso atrai estudantes de v\u00e1rias regi\u00f5es do estado e movimenta o setor educacional.<\/p>\n\n\n\n<figure class=\"wp-block-image size-large\"><img decoding=\"async\" width=\"1024\" height=\"576\" src=\"https:\/\/www.correiobraziliense.com.br\/cbradar\/wp-content\/uploads\/2025\/05\/Feira-de-Santana-1024x576.png\" alt=\"Essa cidade do Nordeste surpreende com estrutura, cultura e oportunidades\" class=\"wp-image-34380\" srcset=\"https:\/\/www.correiobraziliense.com.br\/cbradar\/wp-content\/uploads\/2025\/05\/Feira-de-Santana-1024x576.png 1024w, https:\/\/www.correiobraziliense.com.br\/cbradar\/wp-content\/uploads\/2025\/05\/Feira-de-Santana-300x169.png 300w, https:\/\/www.correiobraziliense.com.br\/cbradar\/wp-content\/uploads\/2025\/05\/Feira-de-Santana-768x432.png 768w, https:\/\/www.correiobraziliense.com.br\/cbradar\/wp-content\/uploads\/2025\/05\/Feira-de-Santana-750x422.png 750w, https:\/\/www.correiobraziliense.com.br\/cbradar\/wp-content\/uploads\/2025\/05\/Feira-de-Santana-1140x641.png 1140w, https:\/\/www.correiobraziliense.com.br\/cbradar\/wp-content\/uploads\/2025\/05\/Feira-de-Santana.png 1280w\" sizes=\"(max-width: 1024px) 100vw, 1024px\" \/><figcaption class=\"wp-element-caption\">Feira de Santana. Fonte: Willemarcel, CC BY-SA 3.0, via Wikimedia Commons<\/figcaption><\/figure>\n\n\n\n<h2 class=\"wp-block-heading\">Economia forte e localiza\u00e7\u00e3o estrat\u00e9gica<\/h2>\n\n\n\n<p>A economia de <strong>Feira de Santana<\/strong> \u00e9 uma das mais ativas do Nordeste. O setor de com\u00e9rcio \u00e9 pujante, com shoppings, atacadistas e feiras populares que movimentam a cidade diariamente. A ind\u00fastria tamb\u00e9m tem presen\u00e7a significativa, com destaque para o setor aliment\u00edcio, metal\u00fargico e t\u00eaxtil.<\/p>\n\n\n\n<p>Por estar em uma posi\u00e7\u00e3o central entre grandes centros do Norte e do Sul do pa\u00eds, a cidade funciona como corredor log\u00edstico. O anel vi\u00e1rio, o terminal rodovi\u00e1rio e os acessos \u00e0s BRs 101 e 116 fortalecem seu papel como entreposto comercial.<\/p>\n\n\n\n<h2 class=\"wp-block-heading\">Estrutura urbana e moderniza\u00e7\u00e3o cont\u00ednua<\/h2>\n\n\n\n<p><strong>Feira de Santana<\/strong> tem passado por um processo constante de moderniza\u00e7\u00e3o. Novos bairros, loteamentos planejados e investimentos em saneamento e ilumina\u00e7\u00e3o p\u00fablica tornam a cidade cada vez mais preparada para o crescimento populacional.<\/p>\n\n\n\n<p>A cidade tamb\u00e9m possui espa\u00e7os como o <strong>Parque da Cidade<\/strong>, pra\u00e7as revitalizadas e centros de conviv\u00eancia que estimulam o lazer e a vida em comunidade. O ambiente urbano vem se tornando mais atrativo tanto para os moradores quanto para quem busca novos neg\u00f3cios.<\/p>\n\n\n\n<h2 class=\"wp-block-heading\">Cultura forte e vida social intensa<\/h2>\n\n\n\n<p>Com ra\u00edzes culturais fortes, <strong>Feira de Santana<\/strong> mant\u00e9m viva a tradi\u00e7\u00e3o nordestina em suas festas populares, m\u00fasica e gastronomia. Eventos como a <strong>Micareta de Feira<\/strong> e festas religiosas movimentam o calend\u00e1rio cultural e atraem visitantes de todo o pa\u00eds.<\/p>\n\n\n\n<p>A cidade tamb\u00e9m possui teatros, centros culturais e feiras de arte que valorizam artistas locais. A vida noturna \u00e9 ativa, com bares, restaurantes e casas de show que garantem op\u00e7\u00f5es para todos os gostos.<\/p>\n\n\n\n<figure class=\"wp-block-image size-large\"><img decoding=\"async\" width=\"1024\" height=\"576\" src=\"https:\/\/www.correiobraziliense.com.br\/cbradar\/wp-content\/uploads\/2025\/05\/Feira-de-Santana-2-1024x576.png\" alt=\"Essa cidade do Nordeste surpreende com estrutura, cultura e oportunidades\" class=\"wp-image-34381\" srcset=\"https:\/\/www.correiobraziliense.com.br\/cbradar\/wp-content\/uploads\/2025\/05\/Feira-de-Santana-2-1024x576.png 1024w, https:\/\/www.correiobraziliense.com.br\/cbradar\/wp-content\/uploads\/2025\/05\/Feira-de-Santana-2-300x169.png 300w, https:\/\/www.correiobraziliense.com.br\/cbradar\/wp-content\/uploads\/2025\/05\/Feira-de-Santana-2-768x432.png 768w, https:\/\/www.correiobraziliense.com.br\/cbradar\/wp-content\/uploads\/2025\/05\/Feira-de-Santana-2-750x422.png 750w, https:\/\/www.correiobraziliense.com.br\/cbradar\/wp-content\/uploads\/2025\/05\/Feira-de-Santana-2-1140x641.png 1140w, https:\/\/www.correiobraziliense.com.br\/cbradar\/wp-content\/uploads\/2025\/05\/Feira-de-Santana-2.png 1280w\" sizes=\"(max-width: 1024px) 100vw, 1024px\" \/><figcaption class=\"wp-element-caption\">Feira de Santana. Fonte: Marcele, CC BY-SA 4.0, via Wikimedia Commons<\/figcaption><\/figure>\n\n\n\n<h2 class=\"wp-block-heading\">Quais s\u00e3o os principais pontos tur\u00edsticos para visitar?<\/h2>\n\n\n\n<ul class=\"wp-block-list\">\n<li><strong>Museu Parque do Saber<\/strong>: espa\u00e7o cultural e cient\u00edfico com planet\u00e1rio.<\/li>\n\n\n\n<li><strong>Catedral Metropolitana de Sant\u2019Ana<\/strong>: patrim\u00f4nio religioso e hist\u00f3rico.<\/li>\n\n\n\n<li><strong>Mercado de Arte Popular<\/strong>: com artesanato e express\u00f5es culturais locais.<\/li>\n\n\n\n<li><strong>Parque da Cidade Frei Jos\u00e9 Monteiro Sobrinho<\/strong>: lazer ao ar livre e contato com a natureza.<\/li>\n\n\n\n<li><strong>Observat\u00f3rio Antares<\/strong>: espa\u00e7o para observa\u00e7\u00e3o astron\u00f4mica e atividades educativas.<\/li>\n<\/ul>\n\n\n\n<h2 class=\"wp-block-heading\">Vale a pena morar?<\/h2>\n\n\n\n<p>Sim! <strong>Feira de Santana<\/strong> \u00e9 uma cidade que oferece oportunidades profissionais, boas escolas, infraestrutura em expans\u00e3o e qualidade de vida em crescimento. \u00c9 um excelente lugar para quem busca morar fora da capital sem perder acesso a servi\u00e7os e desenvolvimento.<\/p>\n\n\n\n<p>A cidade \u00e9 ideal para fam\u00edlias, estudantes e empreendedores que querem investir em um ambiente urbano em evolu\u00e7\u00e3o e com forte potencial.<\/p>\n\n\n\n<h2 class=\"wp-block-heading\">Vale a pena visitar?<\/h2>\n\n\n\n<p>Com certeza! Entre sua riqueza cultural, festas tradicionais e op\u00e7\u00f5es de lazer, <strong>Feira de Santana<\/strong> oferece uma experi\u00eancia \u00fanica. \u00c9 uma cidade hospitaleira, vibrante e cheia de hist\u00f3rias para contar, perfeita para quem quer conhecer o interior da <strong>Bahia<\/strong> com estrutura e conforto.<\/p>\n","protected":false},"excerpt":{"rendered":"<p>Feira de Santana, BA tem economia forte, ensino em expans\u00e3o e localiza\u00e7\u00e3o estrat\u00e9gica. Ideal para morar, investir ou visitar no interior da Bahia.<\/p>\n","protected":false},"author":3,"featured_media":34379,"comment_status":"open","ping_status":"open","sticky":false,"template":"","format":"standard","meta":{"_yoast_wpseo_focuskw":"Feira de Santana","_yoast_wpseo_title":"%%title%%","_yoast_wpseo_metadesc":"Feira de Santana, BA tem economia forte, ensino em expans\u00e3o e localiza\u00e7\u00e3o estrat\u00e9gica. Ideal para morar, investir ou visitar no interior da Bahia.","jnews-multi-image_gallery":[],"jnews_single_post":{"format":"standard"},"jnews_primary_category":[],"jnews_social_meta":[],"jnews_override_counter":[],"footnotes":""},"categories":[108],"tags":[109],"class_list":["post-34378","post","type-post","status-publish","format-standard","has-post-thumbnail","hentry","category-cidades","tag-cidades"],"yoast_head":"<!-- This site is optimized with the Yoast SEO plugin v24.6 - https:\/\/yoast.com\/wordpress\/plugins\/seo\/ -->\n<title>Essa cidade do Nordeste surpreende com estrutura, cultura e oportunidades<\/title>\n<meta name=\"description\" content=\"Feira de Santana, BA tem economia forte, ensino em expans\u00e3o e localiza\u00e7\u00e3o estrat\u00e9gica. Ideal para morar, investir ou visitar no interior da Bahia.\" \/>\n<meta name=\"robots\" content=\"index, follow, max-snippet:-1, max-image-preview:large, max-video-preview:-1\" \/>\n<link rel=\"canonical\" href=\"https:\/\/www.correiobraziliense.com.br\/cbradar\/essa-cidade-do-nordeste-surpreende-com-estrutura-cultura-e-oportunidades\/\" \/>\n<meta property=\"og:locale\" content=\"pt_BR\" \/>\n<meta property=\"og:type\" content=\"article\" \/>\n<meta property=\"og:title\" content=\"Essa cidade do Nordeste surpreende com estrutura, cultura e oportunidades\" \/>\n<meta property=\"og:description\" content=\"Feira de Santana, BA tem economia forte, ensino em expans\u00e3o e localiza\u00e7\u00e3o estrat\u00e9gica. Ideal para morar, investir ou visitar no interior da Bahia.\" \/>\n<meta property=\"og:url\" content=\"https:\/\/www.correiobraziliense.com.br\/cbradar\/essa-cidade-do-nordeste-surpreende-com-estrutura-cultura-e-oportunidades\/\" \/>\n<meta property=\"og:site_name\" content=\"Correio Braziliense - Radar\" \/>\n<meta property=\"article:published_time\" content=\"2025-05-10T10:30:00+00:00\" \/>\n<meta property=\"og:image\" content=\"https:\/\/www.correiobraziliense.com.br\/cbradar\/wp-content\/uploads\/2025\/05\/Feira-de-Santana_1746787813272.jpg\" \/>\n\t<meta property=\"og:image:width\" content=\"1280\" \/>\n\t<meta property=\"og:image:height\" content=\"720\" \/>\n\t<meta property=\"og:image:type\" content=\"image\/jpeg\" \/>\n<meta name=\"author\" content=\"Larissa Carvalho\" \/>\n<meta name=\"twitter:card\" content=\"summary_large_image\" \/>\n<meta name=\"twitter:label1\" content=\"Escrito por\" \/>\n\t<meta name=\"twitter:data1\" content=\"Larissa Carvalho\" \/>\n\t<meta name=\"twitter:label2\" content=\"Est. tempo de leitura\" \/>\n\t<meta name=\"twitter:data2\" content=\"5 minutos\" \/>\n<!-- \/ Yoast SEO plugin. -->","yoast_head_json":{"title":"Essa cidade do Nordeste surpreende com estrutura, cultura e oportunidades","description":"Feira de Santana, BA tem economia forte, ensino em expans\u00e3o e localiza\u00e7\u00e3o estrat\u00e9gica. Ideal para morar, investir ou visitar no interior da Bahia.","robots":{"index":"index","follow":"follow","max-snippet":"max-snippet:-1","max-image-preview":"max-image-preview:large","max-video-preview":"max-video-preview:-1"},"canonical":"https:\/\/www.correiobraziliense.com.br\/cbradar\/essa-cidade-do-nordeste-surpreende-com-estrutura-cultura-e-oportunidades\/","og_locale":"pt_BR","og_type":"article","og_title":"Essa cidade do Nordeste surpreende com estrutura, cultura e oportunidades","og_description":"Feira de Santana, BA tem economia forte, ensino em expans\u00e3o e localiza\u00e7\u00e3o estrat\u00e9gica. Ideal para morar, investir ou visitar no interior da Bahia.","og_url":"https:\/\/www.correiobraziliense.com.br\/cbradar\/essa-cidade-do-nordeste-surpreende-com-estrutura-cultura-e-oportunidades\/","og_site_name":"Correio Braziliense - Radar","article_published_time":"2025-05-10T10:30:00+00:00","og_image":[{"width":1280,"height":720,"url":"https:\/\/www.correiobraziliense.com.br\/cbradar\/wp-content\/uploads\/2025\/05\/Feira-de-Santana_1746787813272.jpg","type":"image\/jpeg"}],"author":"Larissa Carvalho","twitter_card":"summary_large_image","twitter_misc":{"Escrito por":"Larissa Carvalho","Est. tempo de leitura":"5 minutos"},"schema":{"@context":"https:\/\/schema.org","@graph":[{"@type":"WebPage","@id":"https:\/\/www.correiobraziliense.com.br\/cbradar\/essa-cidade-do-nordeste-surpreende-com-estrutura-cultura-e-oportunidades\/","url":"https:\/\/www.correiobraziliense.com.br\/cbradar\/essa-cidade-do-nordeste-surpreende-com-estrutura-cultura-e-oportunidades\/","name":"Essa cidade do Nordeste surpreende com estrutura, cultura e oportunidades","isPartOf":{"@id":"https:\/\/www.correiobraziliense.com.br\/cbradar\/#website"},"primaryImageOfPage":{"@id":"https:\/\/www.correiobraziliense.com.br\/cbradar\/essa-cidade-do-nordeste-surpreende-com-estrutura-cultura-e-oportunidades\/#primaryimage"},"image":{"@id":"https:\/\/www.correiobraziliense.com.br\/cbradar\/essa-cidade-do-nordeste-surpreende-com-estrutura-cultura-e-oportunidades\/#primaryimage"},"thumbnailUrl":"https:\/\/www.correiobraziliense.com.br\/cbradar\/wp-content\/uploads\/2025\/05\/Feira-de-Santana_1746787813272.jpg","datePublished":"2025-05-10T10:30:00+00:00","author":{"@id":"https:\/\/www.correiobraziliense.com.br\/cbradar\/#\/schema\/person\/58422787644df994b53a19d3e56c1513"},"description":"Feira de Santana, BA tem economia forte, ensino em expans\u00e3o e localiza\u00e7\u00e3o estrat\u00e9gica. Ideal para morar, investir ou visitar no interior da Bahia.","breadcrumb":{"@id":"https:\/\/www.correiobraziliense.com.br\/cbradar\/essa-cidade-do-nordeste-surpreende-com-estrutura-cultura-e-oportunidades\/#breadcrumb"},"inLanguage":"pt-BR","potentialAction":[{"@type":"ReadAction","target":["https:\/\/www.correiobraziliense.com.br\/cbradar\/essa-cidade-do-nordeste-surpreende-com-estrutura-cultura-e-oportunidades\/"]}]},{"@type":"ImageObject","inLanguage":"pt-BR","@id":"https:\/\/www.correiobraziliense.com.br\/cbradar\/essa-cidade-do-nordeste-surpreende-com-estrutura-cultura-e-oportunidades\/#primaryimage","url":"https:\/\/www.correiobraziliense.com.br\/cbradar\/wp-content\/uploads\/2025\/05\/Feira-de-Santana_1746787813272.jpg","contentUrl":"https:\/\/www.correiobraziliense.com.br\/cbradar\/wp-content\/uploads\/2025\/05\/Feira-de-Santana_1746787813272.jpg","width":1280,"height":720,"caption":"Feira de Santana. Cr\u00e9ditos: depositphotos.com \/ AleksTaurus"},{"@type":"BreadcrumbList","@id":"https:\/\/www.correiobraziliense.com.br\/cbradar\/essa-cidade-do-nordeste-surpreende-com-estrutura-cultura-e-oportunidades\/#breadcrumb","itemListElement":[{"@type":"ListItem","position":1,"name":"In\u00edcio","item":"https:\/\/www.correiobraziliense.com.br\/cbradar\/"},{"@type":"ListItem","position":2,"name":"Essa cidade do Nordeste surpreende com estrutura, cultura e oportunidades"}]},{"@type":"WebSite","@id":"https:\/\/www.correiobraziliense.com.br\/cbradar\/#website","url":"https:\/\/www.correiobraziliense.com.br\/cbradar\/","name":"Correio Braziliense - Radar","description":"Acompanhe as \u00faltimas not\u00edcias e fique bem informado sobre tudo o que acontece no Brasil e no mundo.","potentialAction":[{"@type":"SearchAction","target":{"@type":"EntryPoint","urlTemplate":"https:\/\/www.correiobraziliense.com.br\/cbradar\/?s={search_term_string}"},"query-input":{"@type":"PropertyValueSpecification","valueRequired":true,"valueName":"search_term_string"}}],"inLanguage":"pt-BR"},{"@type":"Person","@id":"https:\/\/www.correiobraziliense.com.br\/cbradar\/#\/schema\/person\/58422787644df994b53a19d3e56c1513","name":"Larissa Carvalho","image":{"@type":"ImageObject","inLanguage":"pt-BR","@id":"https:\/\/www.correiobraziliense.com.br\/cbradar\/#\/schema\/person\/image\/","url":"https:\/\/secure.gravatar.com\/avatar\/fe4f91a0de32b52a838d0d612abdc1aa?s=96&d=mm&r=g","contentUrl":"https:\/\/secure.gravatar.com\/avatar\/fe4f91a0de32b52a838d0d612abdc1aa?s=96&d=mm&r=g","caption":"Larissa Carvalho"},"url":"https:\/\/www.correiobraziliense.com.br\/cbradar\/author\/larissamyth\/"}]}},"_links":{"self":[{"href":"https:\/\/www.correiobraziliense.com.br\/cbradar\/wp-json\/wp\/v2\/posts\/34378","targetHints":{"allow":["GET"]}}],"collection":[{"href":"https:\/\/www.correiobraziliense.com.br\/cbradar\/wp-json\/wp\/v2\/posts"}],"about":[{"href":"https:\/\/www.correiobraziliense.com.br\/cbradar\/wp-json\/wp\/v2\/types\/post"}],"author":[{"embeddable":true,"href":"https:\/\/www.correiobraziliense.com.br\/cbradar\/wp-json\/wp\/v2\/users\/3"}],"replies":[{"embeddable":true,"href":"https:\/\/www.correiobraziliense.com.br\/cbradar\/wp-json\/wp\/v2\/comments?post=34378"}],"version-history":[{"count":2,"href":"https:\/\/www.correiobraziliense.com.br\/cbradar\/wp-json\/wp\/v2\/posts\/34378\/revisions"}],"predecessor-version":[{"id":34510,"href":"https:\/\/www.correiobraziliense.com.br\/cbradar\/wp-json\/wp\/v2\/posts\/34378\/revisions\/34510"}],"wp:featuredmedia":[{"embeddable":true,"href":"https:\/\/www.correiobraziliense.com.br\/cbradar\/wp-json\/wp\/v2\/media\/34379"}],"wp:attachment":[{"href":"https:\/\/www.correiobraziliense.com.br\/cbradar\/wp-json\/wp\/v2\/media?parent=34378"}],"wp:term":[{"taxonomy":"category","embeddable":true,"href":"https:\/\/www.correiobraziliense.com.br\/cbradar\/wp-json\/wp\/v2\/categories?post=34378"},{"taxonomy":"post_tag","embeddable":true,"href":"https:\/\/www.correiobraziliense.com.br\/cbradar\/wp-json\/wp\/v2\/tags?post=34378"}],"curies":[{"name":"wp","href":"https:\/\/api.w.org\/{rel}","templated":true}]}}