{"id":34420,"date":"2025-05-10T07:23:00","date_gmt":"2025-05-10T10:23:00","guid":{"rendered":"https:\/\/www.correiobraziliense.com.br\/cbradar\/?p=34420"},"modified":"2025-05-09T14:05:54","modified_gmt":"2025-05-09T17:05:54","slug":"melhor-filme-para-quem-busca-emocao-e-reconciliacao","status":"publish","type":"post","link":"https:\/\/www.correiobraziliense.com.br\/cbradar\/melhor-filme-para-quem-busca-emocao-e-reconciliacao\/","title":{"rendered":"Melhor filme para quem busca emo\u00e7\u00e3o e reconcilia\u00e7\u00e3o"},"content":{"rendered":"\n<p><strong>A \u00faltima m\u00fasica<\/strong> (<em>The Last Song<\/em>) \u00e9 um drama rom\u00e2ntico lan\u00e7ado em 2010, baseado no livro de <strong>Nicholas Sparks<\/strong> e estrelado por <strong>Miley Cyrus<\/strong> e <strong>Liam Hemsworth<\/strong>. A trama acompanha <strong>Ronnie Miller<\/strong>, uma adolescente rebelde que \u00e9 enviada para passar o ver\u00e3o com o pai distante, <strong>Steve<\/strong>, em uma pequena cidade litor\u00e2nea.<\/p>\n\n\n\n<p>No in\u00edcio, Ronnie resiste ao novo ambiente e \u00e0 reaproxima\u00e7\u00e3o com o pai. No entanto, ao longo do ver\u00e3o, ela redescobre seu amor pela m\u00fasica, desenvolve uma rela\u00e7\u00e3o profunda com o pai e se apaixona por <strong>Will Blakelee<\/strong>, um jovem local. O filme trata de temas como reconcilia\u00e7\u00e3o familiar, amadurecimento e a dor da perda.<\/p>\n\n\n\n<h2 class=\"wp-block-heading\">Quem s\u00e3o os personagens principais?<\/h2>\n\n\n\n<ul class=\"wp-block-list\">\n<li><strong>Ronnie Miller<\/strong> (Miley Cyrus): adolescente talentosa no piano, mas emocionalmente fechada e resistente.<\/li>\n\n\n\n<li><strong>Steve Miller<\/strong> (Greg Kinnear): pai de Ronnie, com quem ela tenta reconstruir la\u00e7os afetivos.<\/li>\n\n\n\n<li><strong>Will Blakelee<\/strong> (Liam Hemsworth): jovem sens\u00edvel e dedicado, que se apaixona por Ronnie.<\/li>\n\n\n\n<li><strong>Jonah Miller<\/strong> (Bobby Coleman): irm\u00e3o mais novo de Ronnie, com papel essencial na reconex\u00e3o familiar.<\/li>\n<\/ul>\n\n\n\n<p>Esses personagens conduzem uma narrativa delicada, marcada por transforma\u00e7\u00f5es internas e momentos de grande emo\u00e7\u00e3o.<\/p>\n\n\n\n<h2 class=\"wp-block-heading\">Como o filme se destaca dentro do g\u00eanero rom\u00e2ntico?<\/h2>\n\n\n\n<p>O filme segue o estilo t\u00edpico das adapta\u00e7\u00f5es de Nicholas Sparks: romance juvenil, paisagens deslumbrantes e um fundo dram\u00e1tico. No entanto, <strong>A \u00faltima m\u00fasica<\/strong> se destaca pelo foco na rela\u00e7\u00e3o pai e filha, algo menos comum no g\u00eanero.<\/p>\n\n\n\n<p>A m\u00fasica tamb\u00e9m desempenha um papel simb\u00f3lico, representando conex\u00f5es emocionais e cura interior. O roteiro equilibra cenas rom\u00e2nticas com momentos de conflito familiar e supera\u00e7\u00e3o.<\/p>\n\n\n\n<figure class=\"wp-block-image size-large\"><img decoding=\"async\" width=\"1024\" height=\"576\" src=\"https:\/\/www.correiobraziliense.com.br\/cbradar\/wp-content\/uploads\/2025\/05\/A-ultima-musica-2-1024x576.png\" alt=\"Melhor filme para quem busca emo\u00e7\u00e3o e reconcilia\u00e7\u00e3o\" class=\"wp-image-34421\" srcset=\"https:\/\/www.correiobraziliense.com.br\/cbradar\/wp-content\/uploads\/2025\/05\/A-ultima-musica-2-1024x576.png 1024w, https:\/\/www.correiobraziliense.com.br\/cbradar\/wp-content\/uploads\/2025\/05\/A-ultima-musica-2-300x169.png 300w, https:\/\/www.correiobraziliense.com.br\/cbradar\/wp-content\/uploads\/2025\/05\/A-ultima-musica-2-768x432.png 768w, https:\/\/www.correiobraziliense.com.br\/cbradar\/wp-content\/uploads\/2025\/05\/A-ultima-musica-2-750x422.png 750w, https:\/\/www.correiobraziliense.com.br\/cbradar\/wp-content\/uploads\/2025\/05\/A-ultima-musica-2-1140x641.png 1140w, https:\/\/www.correiobraziliense.com.br\/cbradar\/wp-content\/uploads\/2025\/05\/A-ultima-musica-2.png 1280w\" sizes=\"(max-width: 1024px) 100vw, 1024px\" \/><figcaption class=\"wp-element-caption\">A \u00faltima m\u00fasica. Fonte: divulga\u00e7\u00e3o \/ Offspring Entertainment.<\/figcaption><\/figure>\n\n\n\n<h2 class=\"wp-block-heading\">Vale a pena assistir A \u00faltima m\u00fasica?<\/h2>\n\n\n\n<p>Sim, especialmente para quem aprecia dramas rom\u00e2nticos que exploram rela\u00e7\u00f5es familiares e crescimento pessoal. O filme emociona com sua simplicidade e sinceridade, e a qu\u00edmica entre <strong>Miley Cyrus<\/strong> e <strong>Liam Hemsworth<\/strong> traz autenticidade ao romance.<\/p>\n\n\n\n<p>Apesar de previs\u00edvel em alguns momentos, <em>A \u00faltima m\u00fasica<\/em> conquista pelo cora\u00e7\u00e3o. \u00c9 uma boa escolha para quem quer se emocionar e refletir sobre perd\u00e3o, reconex\u00e3o e despedidas.<\/p>\n\n\n\n<h2 class=\"wp-block-heading\">Curiosidades sobre A \u00faltima m\u00fasica<\/h2>\n\n\n\n<ul class=\"wp-block-list\">\n<li>O roteiro foi escrito por Nicholas Sparks antes mesmo do livro ser lan\u00e7ado.<\/li>\n\n\n\n<li>O filme marcou a transi\u00e7\u00e3o de <strong>Miley Cyrus<\/strong> para pap\u00e9is dram\u00e1ticos no cinema.<\/li>\n\n\n\n<li>Foi durante as filmagens que Miley e Liam se conheceram e iniciaram um relacionamento na vida real.<\/li>\n\n\n\n<li>A trilha sonora do filme \u00e9 um dos seus pontos fortes, conectando emocionalmente os personagens.<\/li>\n<\/ul>\n\n\n\n<iframe loading=\"lazy\" width=\"560\" height=\"315\" src=\"https:\/\/www.youtube.com\/embed\/tlQpJAcNzJg?si=Bo0QFeh60c0sSgE-\" title=\"YouTube video player\" frameborder=\"0\" allow=\"accelerometer; autoplay; clipboard-write; encrypted-media; gyroscope; picture-in-picture; web-share\" referrerpolicy=\"strict-origin-when-cross-origin\" allowfullscreen><\/iframe>\n\n\n\n<h2 class=\"wp-block-heading\">FAQ &#8211; Perguntas frequentes<\/h2>\n\n\n\n<ul class=\"wp-block-list\">\n<li><strong>Onde assistir A \u00faltima m\u00fasica?<\/strong>\n<ul class=\"wp-block-list\">\n<li>Dispon\u00edvel no Disney+ e para aluguel em plataformas como Prime Video e Apple TV.<\/li>\n<\/ul>\n<\/li>\n\n\n\n<li><strong>Quem est\u00e1 no elenco principal?<\/strong>\n<ul class=\"wp-block-list\">\n<li><strong>Miley Cyrus<\/strong>, <strong>Liam Hemsworth<\/strong>, <strong>Greg Kinnear<\/strong>, <strong>Bobby Coleman<\/strong>, <strong>Kelly Preston<\/strong>.<\/li>\n<\/ul>\n<\/li>\n\n\n\n<li><strong>Qual o ano de lan\u00e7amento do filme?<\/strong>\n<ul class=\"wp-block-list\">\n<li><em>A \u00faltima m\u00fasica<\/em> foi lan\u00e7ado em 2010.<\/li>\n<\/ul>\n<\/li>\n\n\n\n<li><strong>Qual a produtora respons\u00e1vel pelo filme?<\/strong>\n<ul class=\"wp-block-list\">\n<li>Produzido por <strong>Touchstone Pictures<\/strong> em parceria com a <strong>Offspring Entertainment<\/strong>.<\/li>\n<\/ul>\n<\/li>\n<\/ul>\n","protected":false},"excerpt":{"rendered":"<p>Emo\u00e7\u00e3o, amadurecimento e amor se encontram nesta adapta\u00e7\u00e3o comovente do romance de Nicholas Sparks.<\/p>\n","protected":false},"author":3,"featured_media":34422,"comment_status":"open","ping_status":"open","sticky":false,"template":"","format":"standard","meta":{"_yoast_wpseo_focuskw":"A \u00faltima M\u00fasica","_yoast_wpseo_title":"%%title%%","_yoast_wpseo_metadesc":"Emo\u00e7\u00e3o, amadurecimento e amor se encontram nesta adapta\u00e7\u00e3o comovente do romance de Nicholas Sparks.","jnews-multi-image_gallery":[],"jnews_single_post":{"format":"standard"},"jnews_primary_category":[],"jnews_social_meta":[],"jnews_override_counter":[],"footnotes":""},"categories":[140],"post_tag":[568],"class_list":["post-34420","post","type-post","status-publish","format-standard","has-post-thumbnail","hentry","category-entretenimento","tag-series-e-filmes"],"yoast_head":"<!-- This site is optimized with the Yoast SEO plugin v24.6 - https:\/\/yoast.com\/wordpress\/plugins\/seo\/ -->\n<title>Melhor filme para quem busca emo\u00e7\u00e3o e reconcilia\u00e7\u00e3o<\/title>\n<meta name=\"description\" content=\"Emo\u00e7\u00e3o, amadurecimento e amor se encontram nesta adapta\u00e7\u00e3o comovente do romance de Nicholas Sparks.\" \/>\n<meta name=\"robots\" content=\"index, follow, max-snippet:-1, max-image-preview:large, max-video-preview:-1\" \/>\n<link rel=\"canonical\" href=\"https:\/\/www.correiobraziliense.com.br\/cbradar\/melhor-filme-para-quem-busca-emocao-e-reconciliacao\/\" \/>\n<meta property=\"og:locale\" content=\"pt_BR\" \/>\n<meta property=\"og:type\" content=\"article\" \/>\n<meta property=\"og:title\" content=\"Melhor filme para quem busca emo\u00e7\u00e3o e reconcilia\u00e7\u00e3o\" \/>\n<meta property=\"og:description\" content=\"Emo\u00e7\u00e3o, amadurecimento e amor se encontram nesta adapta\u00e7\u00e3o comovente do romance de Nicholas Sparks.\" \/>\n<meta property=\"og:url\" content=\"https:\/\/www.correiobraziliense.com.br\/cbradar\/melhor-filme-para-quem-busca-emocao-e-reconciliacao\/\" \/>\n<meta property=\"og:site_name\" content=\"Correio Braziliense - Radar\" \/>\n<meta property=\"article:published_time\" content=\"2025-05-10T10:23:00+00:00\" \/>\n<meta property=\"og:image\" content=\"https:\/\/www.correiobraziliense.com.br\/cbradar\/wp-content\/uploads\/2025\/05\/A-ultima-musica.png\" \/>\n\t<meta property=\"og:image:width\" content=\"1280\" \/>\n\t<meta property=\"og:image:height\" content=\"720\" \/>\n\t<meta property=\"og:image:type\" content=\"image\/png\" \/>\n<meta name=\"author\" content=\"Larissa Carvalho\" \/>\n<meta name=\"twitter:card\" content=\"summary_large_image\" \/>\n<meta name=\"twitter:label1\" content=\"Escrito por\" \/>\n\t<meta name=\"twitter:data1\" content=\"Larissa Carvalho\" \/>\n\t<meta name=\"twitter:label2\" content=\"Est. tempo de leitura\" \/>\n\t<meta name=\"twitter:data2\" content=\"3 minutos\" \/>\n<!-- \/ Yoast SEO plugin. -->","yoast_head_json":{"title":"Melhor filme para quem busca emo\u00e7\u00e3o e reconcilia\u00e7\u00e3o","description":"Emo\u00e7\u00e3o, amadurecimento e amor se encontram nesta adapta\u00e7\u00e3o comovente do romance de Nicholas Sparks.","robots":{"index":"index","follow":"follow","max-snippet":"max-snippet:-1","max-image-preview":"max-image-preview:large","max-video-preview":"max-video-preview:-1"},"canonical":"https:\/\/www.correiobraziliense.com.br\/cbradar\/melhor-filme-para-quem-busca-emocao-e-reconciliacao\/","og_locale":"pt_BR","og_type":"article","og_title":"Melhor filme para quem busca emo\u00e7\u00e3o e reconcilia\u00e7\u00e3o","og_description":"Emo\u00e7\u00e3o, amadurecimento e amor se encontram nesta adapta\u00e7\u00e3o comovente do romance de Nicholas Sparks.","og_url":"https:\/\/www.correiobraziliense.com.br\/cbradar\/melhor-filme-para-quem-busca-emocao-e-reconciliacao\/","og_site_name":"Correio Braziliense - Radar","article_published_time":"2025-05-10T10:23:00+00:00","og_image":[{"width":1280,"height":720,"url":"https:\/\/www.correiobraziliense.com.br\/cbradar\/wp-content\/uploads\/2025\/05\/A-ultima-musica.png","type":"image\/png"}],"author":"Larissa Carvalho","twitter_card":"summary_large_image","twitter_misc":{"Escrito por":"Larissa Carvalho","Est. tempo de leitura":"3 minutos"},"schema":{"@context":"https:\/\/schema.org","@graph":[{"@type":"WebPage","@id":"https:\/\/www.correiobraziliense.com.br\/cbradar\/melhor-filme-para-quem-busca-emocao-e-reconciliacao\/","url":"https:\/\/www.correiobraziliense.com.br\/cbradar\/melhor-filme-para-quem-busca-emocao-e-reconciliacao\/","name":"Melhor filme para quem busca emo\u00e7\u00e3o e reconcilia\u00e7\u00e3o","isPartOf":{"@id":"https:\/\/www.correiobraziliense.com.br\/cbradar\/#website"},"primaryImageOfPage":{"@id":"https:\/\/www.correiobraziliense.com.br\/cbradar\/melhor-filme-para-quem-busca-emocao-e-reconciliacao\/#primaryimage"},"image":{"@id":"https:\/\/www.correiobraziliense.com.br\/cbradar\/melhor-filme-para-quem-busca-emocao-e-reconciliacao\/#primaryimage"},"thumbnailUrl":"https:\/\/www.correiobraziliense.com.br\/cbradar\/wp-content\/uploads\/2025\/05\/A-ultima-musica.png","datePublished":"2025-05-10T10:23:00+00:00","author":{"@id":"https:\/\/www.correiobraziliense.com.br\/cbradar\/#\/schema\/person\/58422787644df994b53a19d3e56c1513"},"description":"Emo\u00e7\u00e3o, amadurecimento e amor se encontram nesta adapta\u00e7\u00e3o comovente do romance de Nicholas Sparks.","breadcrumb":{"@id":"https:\/\/www.correiobraziliense.com.br\/cbradar\/melhor-filme-para-quem-busca-emocao-e-reconciliacao\/#breadcrumb"},"inLanguage":"pt-BR","potentialAction":[{"@type":"ReadAction","target":["https:\/\/www.correiobraziliense.com.br\/cbradar\/melhor-filme-para-quem-busca-emocao-e-reconciliacao\/"]}]},{"@type":"ImageObject","inLanguage":"pt-BR","@id":"https:\/\/www.correiobraziliense.com.br\/cbradar\/melhor-filme-para-quem-busca-emocao-e-reconciliacao\/#primaryimage","url":"https:\/\/www.correiobraziliense.com.br\/cbradar\/wp-content\/uploads\/2025\/05\/A-ultima-musica.png","contentUrl":"https:\/\/www.correiobraziliense.com.br\/cbradar\/wp-content\/uploads\/2025\/05\/A-ultima-musica.png","width":1280,"height":720,"caption":"A \u00faltima m\u00fasica. Fonte: divulga\u00e7\u00e3o \/ Offspring Entertainment."},{"@type":"BreadcrumbList","@id":"https:\/\/www.correiobraziliense.com.br\/cbradar\/melhor-filme-para-quem-busca-emocao-e-reconciliacao\/#breadcrumb","itemListElement":[{"@type":"ListItem","position":1,"name":"In\u00edcio","item":"https:\/\/www.correiobraziliense.com.br\/cbradar\/"},{"@type":"ListItem","position":2,"name":"Melhor filme para quem busca emo\u00e7\u00e3o e reconcilia\u00e7\u00e3o"}]},{"@type":"WebSite","@id":"https:\/\/www.correiobraziliense.com.br\/cbradar\/#website","url":"https:\/\/www.correiobraziliense.com.br\/cbradar\/","name":"Correio Braziliense - Radar","description":"Acompanhe as \u00faltimas not\u00edcias e fique bem informado sobre tudo o que acontece no Brasil e no mundo.","potentialAction":[{"@type":"SearchAction","target":{"@type":"EntryPoint","urlTemplate":"https:\/\/www.correiobraziliense.com.br\/cbradar\/?s={search_term_string}"},"query-input":{"@type":"PropertyValueSpecification","valueRequired":true,"valueName":"search_term_string"}}],"inLanguage":"pt-BR"},{"@type":"Person","@id":"https:\/\/www.correiobraziliense.com.br\/cbradar\/#\/schema\/person\/58422787644df994b53a19d3e56c1513","name":"Larissa Carvalho","image":{"@type":"ImageObject","inLanguage":"pt-BR","@id":"https:\/\/www.correiobraziliense.com.br\/cbradar\/#\/schema\/person\/image\/","url":"https:\/\/secure.gravatar.com\/avatar\/fe4f91a0de32b52a838d0d612abdc1aa?s=96&d=mm&r=g","contentUrl":"https:\/\/secure.gravatar.com\/avatar\/fe4f91a0de32b52a838d0d612abdc1aa?s=96&d=mm&r=g","caption":"Larissa Carvalho"},"url":"https:\/\/www.correiobraziliense.com.br\/cbradar\/author\/larissamyth\/"}]}},"_links":{"self":[{"href":"https:\/\/www.correiobraziliense.com.br\/cbradar\/wp-json\/wp\/v2\/posts\/34420","targetHints":{"allow":["GET"]}}],"collection":[{"href":"https:\/\/www.correiobraziliense.com.br\/cbradar\/wp-json\/wp\/v2\/posts"}],"about":[{"href":"https:\/\/www.correiobraziliense.com.br\/cbradar\/wp-json\/wp\/v2\/types\/post"}],"author":[{"embeddable":true,"href":"https:\/\/www.correiobraziliense.com.br\/cbradar\/wp-json\/wp\/v2\/users\/3"}],"replies":[{"embeddable":true,"href":"https:\/\/www.correiobraziliense.com.br\/cbradar\/wp-json\/wp\/v2\/comments?post=34420"}],"version-history":[{"count":1,"href":"https:\/\/www.correiobraziliense.com.br\/cbradar\/wp-json\/wp\/v2\/posts\/34420\/revisions"}],"predecessor-version":[{"id":34423,"href":"https:\/\/www.correiobraziliense.com.br\/cbradar\/wp-json\/wp\/v2\/posts\/34420\/revisions\/34423"}],"wp:featuredmedia":[{"embeddable":true,"href":"https:\/\/www.correiobraziliense.com.br\/cbradar\/wp-json\/wp\/v2\/media\/34422"}],"wp:attachment":[{"href":"https:\/\/www.correiobraziliense.com.br\/cbradar\/wp-json\/wp\/v2\/media?parent=34420"}],"wp:term":[{"taxonomy":"category","embeddable":true,"href":"https:\/\/www.correiobraziliense.com.br\/cbradar\/wp-json\/wp\/v2\/categories?post=34420"},{"taxonomy":"post_tag","embeddable":true,"href":"https:\/\/www.correiobraziliense.com.br\/cbradar\/wp-json\/wp\/v2\/post_tag?post=34420"}],"curies":[{"name":"wp","href":"https:\/\/api.w.org\/{rel}","templated":true}]}}