{"id":34474,"date":"2025-05-10T13:30:00","date_gmt":"2025-05-10T16:30:00","guid":{"rendered":"https:\/\/www.correiobraziliense.com.br\/cbradar\/?p=34474"},"modified":"2025-05-09T14:05:30","modified_gmt":"2025-05-09T17:05:30","slug":"essa-serie-vai-te-deixar-em-choque-e-muito-reflexivo","status":"publish","type":"post","link":"https:\/\/www.correiobraziliense.com.br\/cbradar\/essa-serie-vai-te-deixar-em-choque-e-muito-reflexivo\/","title":{"rendered":"Essa s\u00e9rie vai te deixar em choque e muito reflexivo"},"content":{"rendered":"\n<p><strong>The Handmaid&#8217;s Tale<\/strong> \u00e9 uma s\u00e9rie dist\u00f3pica baseada no romance de <strong>Margaret Atwood<\/strong>, lan\u00e7ada pela <strong>Hulu<\/strong> em 2017. A hist\u00f3ria se passa em <strong>Gilead<\/strong>, um regime totalit\u00e1rio que surge nos Estados Unidos ap\u00f3s uma crise de fertilidade global. Nesse novo governo teocr\u00e1tico, as mulheres perdem todos os direitos e s\u00e3o divididas por fun\u00e7\u00f5es, sendo as &#8220;aias&#8221; for\u00e7adas a procriar para as fam\u00edlias da elite.<\/p>\n\n\n\n<p>A protagonista, <strong>June Osborne<\/strong> (ou Offred), \u00e9 uma dessas aias. Separada da fam\u00edlia, ela luta para sobreviver, manter sua identidade e resistir ao sistema. A s\u00e9rie \u00e9 marcada por fortes cr\u00edticas sociais e uma narrativa intensa, visualmente impactante e emocionalmente devastadora.<\/p>\n\n\n\n<h2 class=\"wp-block-heading\">Quem s\u00e3o os personagens principais?<\/h2>\n\n\n\n<ul class=\"wp-block-list\">\n<li><strong>June Osborne \/ Offred<\/strong> (Elisabeth Moss): protagonista determinada e corajosa.<\/li>\n\n\n\n<li><strong>Serena Joy Waterford<\/strong> (Yvonne Strahovski): esposa do comandante, com papel amb\u00edguo na opress\u00e3o.<\/li>\n\n\n\n<li><strong>Fred Waterford<\/strong> (Joseph Fiennes): comandante de Gilead e \u201cdono\u201d de June.<\/li>\n\n\n\n<li><strong>Aunt Lydia<\/strong> (Ann Dowd): respons\u00e1vel por doutrinar e punir as aias.<\/li>\n\n\n\n<li><strong>Nick Blaine<\/strong>, <strong>Emily Malek<\/strong>, <strong>Moira<\/strong>, e <strong>Luke<\/strong> completam o elenco com tramas paralelas de resist\u00eancia, fuga e sobreviv\u00eancia.<\/li>\n<\/ul>\n\n\n\n<figure class=\"wp-block-image size-large\"><img decoding=\"async\" width=\"1024\" height=\"576\" src=\"https:\/\/www.correiobraziliense.com.br\/cbradar\/wp-content\/uploads\/2025\/05\/The-Handmaids-Tale-1024x576.png\" alt=\"Essa s\u00e9rie vai te deixar em choque e muito reflexivo\" class=\"wp-image-34476\" srcset=\"https:\/\/www.correiobraziliense.com.br\/cbradar\/wp-content\/uploads\/2025\/05\/The-Handmaids-Tale-1024x576.png 1024w, https:\/\/www.correiobraziliense.com.br\/cbradar\/wp-content\/uploads\/2025\/05\/The-Handmaids-Tale-300x169.png 300w, https:\/\/www.correiobraziliense.com.br\/cbradar\/wp-content\/uploads\/2025\/05\/The-Handmaids-Tale-768x432.png 768w, https:\/\/www.correiobraziliense.com.br\/cbradar\/wp-content\/uploads\/2025\/05\/The-Handmaids-Tale-750x422.png 750w, https:\/\/www.correiobraziliense.com.br\/cbradar\/wp-content\/uploads\/2025\/05\/The-Handmaids-Tale-1140x641.png 1140w, https:\/\/www.correiobraziliense.com.br\/cbradar\/wp-content\/uploads\/2025\/05\/The-Handmaids-Tale.png 1280w\" sizes=\"(max-width: 1024px) 100vw, 1024px\" \/><figcaption class=\"wp-element-caption\">The Handmaid&#8217;s Tale. Fonte: divulga\u00e7\u00e3o \/ Hulo<\/figcaption><\/figure>\n\n\n\n<h2 class=\"wp-block-heading\">Como a s\u00e9rie aborda temas sociais e pol\u00edticos?<\/h2>\n\n\n\n<p><em>The Handmaid&#8217;s Tale<\/em> \u00e9 mais do que uma fic\u00e7\u00e3o dist\u00f3pica. Ela discute temas como:<\/p>\n\n\n\n<ul class=\"wp-block-list\">\n<li><strong>Viol\u00eancia de g\u00eanero e controle do corpo feminino<\/strong>.<\/li>\n\n\n\n<li><strong>Fundamentalismo religioso e autoritarismo pol\u00edtico<\/strong>.<\/li>\n\n\n\n<li><strong>Resist\u00eancia, solidariedade e identidade<\/strong>.<\/li>\n<\/ul>\n\n\n\n<p>Cada epis\u00f3dio provoca reflex\u00f5es sobre liberdade, opress\u00e3o e os limites da resist\u00eancia humana. A s\u00e9rie \u00e9 frequentemente citada em debates sobre direitos civis e feminismo contempor\u00e2neo.<\/p>\n\n\n\n<h2 class=\"wp-block-heading\">Vale a pena assistir The Handmaid&#8217;s Tale?<\/h2>\n\n\n\n<p>Com certeza. A s\u00e9rie \u00e9 premiada, aclamada pela cr\u00edtica e provocadora. A performance de <strong>Elisabeth Moss<\/strong> \u00e9 arrebatadora, transmitindo desespero, raiva e esperan\u00e7a com profundidade.<\/p>\n\n\n\n<p>Visualmente impressionante, com uma est\u00e9tica fria e simb\u00f3lica, <em>The Handmaid&#8217;s Tale<\/em> \u00e9 intensa, muitas vezes desconfort\u00e1vel, mas necess\u00e1ria. Ideal para quem busca uma narrativa forte, relevante e cheia de camadas.<\/p>\n\n\n\n<iframe loading=\"lazy\" width=\"560\" height=\"315\" src=\"https:\/\/www.youtube.com\/embed\/aDqxFl7LTxU?si=-5T0di9qvJg4LQ0i\" title=\"YouTube video player\" frameborder=\"0\" allow=\"accelerometer; autoplay; clipboard-write; encrypted-media; gyroscope; picture-in-picture; web-share\" referrerpolicy=\"strict-origin-when-cross-origin\" allowfullscreen><\/iframe>\n\n\n\n<h2 class=\"wp-block-heading\">Curiosidades sobre The Handmaid&#8217;s Tale<\/h2>\n\n\n\n<ul class=\"wp-block-list\">\n<li>Os trajes vermelhos das aias se tornaram \u00edcones de protesto feminista.<\/li>\n\n\n\n<li>A autora <strong>Margaret Atwood<\/strong> participa da produ\u00e7\u00e3o e tem apari\u00e7\u00f5es na s\u00e9rie.<\/li>\n\n\n\n<li>A s\u00e9rie ultrapassa o final do livro original, criando novas tramas.<\/li>\n\n\n\n<li>Venceu diversos pr\u00eamios, incluindo <strong>Emmy<\/strong> e <strong>Globo de Ouro<\/strong>.<\/li>\n<\/ul>\n\n\n\n<h2 class=\"wp-block-heading\">FAQ &#8211; Perguntas frequentes<\/h2>\n\n\n\n<ul class=\"wp-block-list\">\n<li><strong>Onde assistir The Handmaid&#8217;s Tale?<\/strong>\n<ul class=\"wp-block-list\">\n<li>Dispon\u00edvel no Paramount+ e no Globoplay no Brasil.<\/li>\n<\/ul>\n<\/li>\n\n\n\n<li><strong>Quem est\u00e1 no elenco principal?<\/strong>\n<ul class=\"wp-block-list\">\n<li><strong>Elisabeth Moss<\/strong>, <strong>Yvonne Strahovski<\/strong>, <strong>Joseph Fiennes<\/strong>, <strong>Ann Dowd<\/strong>, <strong>Alexis Bledel<\/strong>, <strong>Samira Wiley<\/strong>.<\/li>\n<\/ul>\n<\/li>\n\n\n\n<li><strong>Qual o ano de lan\u00e7amento da s\u00e9rie?<\/strong>\n<ul class=\"wp-block-list\">\n<li><em>The Handmaid&#8217;s Tale<\/em> estreou em 2017.<\/li>\n<\/ul>\n<\/li>\n\n\n\n<li><strong>Qual a produtora respons\u00e1vel pela s\u00e9rie?<\/strong>\n<ul class=\"wp-block-list\">\n<li>Produzida pela <strong>MGM Television<\/strong> para a <strong>Hulu<\/strong>.<\/li>\n<\/ul>\n<\/li>\n<\/ul>\n","protected":false},"excerpt":{"rendered":"<p>Um futuro dist\u00f3pico onde mulheres s\u00e3o subjugadas por um regime autorit\u00e1rio levanta reflex\u00f5es intensas sobre liberdade e resist\u00eancia.<\/p>\n","protected":false},"author":3,"featured_media":34475,"comment_status":"open","ping_status":"open","sticky":false,"template":"","format":"standard","meta":{"_yoast_wpseo_focuskw":"The Handmaid's Tale","_yoast_wpseo_title":"%%title%%","_yoast_wpseo_metadesc":"Um futuro dist\u00f3pico onde mulheres s\u00e3o subjugadas por um regime autorit\u00e1rio levanta reflex\u00f5es intensas sobre liberdade e resist\u00eancia.","jnews-multi-image_gallery":[],"jnews_single_post":{"format":"standard"},"jnews_primary_category":[],"jnews_social_meta":[],"jnews_override_counter":[],"footnotes":""},"categories":[140],"post_tag":[568],"class_list":["post-34474","post","type-post","status-publish","format-standard","has-post-thumbnail","hentry","category-entretenimento","tag-series-e-filmes"],"yoast_head":"<!-- This site is optimized with the Yoast SEO plugin v24.6 - https:\/\/yoast.com\/wordpress\/plugins\/seo\/ -->\n<title>Essa s\u00e9rie vai te deixar em choque e muito reflexivo<\/title>\n<meta name=\"description\" content=\"Um futuro dist\u00f3pico onde mulheres s\u00e3o subjugadas por um regime autorit\u00e1rio levanta reflex\u00f5es intensas sobre liberdade e resist\u00eancia.\" \/>\n<meta name=\"robots\" content=\"index, follow, max-snippet:-1, max-image-preview:large, max-video-preview:-1\" \/>\n<link rel=\"canonical\" href=\"https:\/\/www.correiobraziliense.com.br\/cbradar\/essa-serie-vai-te-deixar-em-choque-e-muito-reflexivo\/\" \/>\n<meta property=\"og:locale\" content=\"pt_BR\" \/>\n<meta property=\"og:type\" content=\"article\" \/>\n<meta property=\"og:title\" content=\"Essa s\u00e9rie vai te deixar em choque e muito reflexivo\" \/>\n<meta property=\"og:description\" content=\"Um futuro dist\u00f3pico onde mulheres s\u00e3o subjugadas por um regime autorit\u00e1rio levanta reflex\u00f5es intensas sobre liberdade e resist\u00eancia.\" \/>\n<meta property=\"og:url\" content=\"https:\/\/www.correiobraziliense.com.br\/cbradar\/essa-serie-vai-te-deixar-em-choque-e-muito-reflexivo\/\" \/>\n<meta property=\"og:site_name\" content=\"Correio Braziliense - Radar\" \/>\n<meta property=\"article:published_time\" content=\"2025-05-10T16:30:00+00:00\" \/>\n<meta property=\"og:image\" content=\"https:\/\/www.correiobraziliense.com.br\/cbradar\/wp-content\/uploads\/2025\/05\/The-Handmaids-Tale-2.png\" \/>\n\t<meta property=\"og:image:width\" content=\"1280\" \/>\n\t<meta property=\"og:image:height\" content=\"720\" \/>\n\t<meta property=\"og:image:type\" content=\"image\/png\" \/>\n<meta name=\"author\" content=\"Larissa Carvalho\" \/>\n<meta name=\"twitter:card\" content=\"summary_large_image\" \/>\n<meta name=\"twitter:label1\" content=\"Escrito por\" \/>\n\t<meta name=\"twitter:data1\" content=\"Larissa Carvalho\" \/>\n\t<meta name=\"twitter:label2\" content=\"Est. tempo de leitura\" \/>\n\t<meta name=\"twitter:data2\" content=\"3 minutos\" \/>\n<!-- \/ Yoast SEO plugin. -->","yoast_head_json":{"title":"Essa s\u00e9rie vai te deixar em choque e muito reflexivo","description":"Um futuro dist\u00f3pico onde mulheres s\u00e3o subjugadas por um regime autorit\u00e1rio levanta reflex\u00f5es intensas sobre liberdade e resist\u00eancia.","robots":{"index":"index","follow":"follow","max-snippet":"max-snippet:-1","max-image-preview":"max-image-preview:large","max-video-preview":"max-video-preview:-1"},"canonical":"https:\/\/www.correiobraziliense.com.br\/cbradar\/essa-serie-vai-te-deixar-em-choque-e-muito-reflexivo\/","og_locale":"pt_BR","og_type":"article","og_title":"Essa s\u00e9rie vai te deixar em choque e muito reflexivo","og_description":"Um futuro dist\u00f3pico onde mulheres s\u00e3o subjugadas por um regime autorit\u00e1rio levanta reflex\u00f5es intensas sobre liberdade e resist\u00eancia.","og_url":"https:\/\/www.correiobraziliense.com.br\/cbradar\/essa-serie-vai-te-deixar-em-choque-e-muito-reflexivo\/","og_site_name":"Correio Braziliense - Radar","article_published_time":"2025-05-10T16:30:00+00:00","og_image":[{"width":1280,"height":720,"url":"https:\/\/www.correiobraziliense.com.br\/cbradar\/wp-content\/uploads\/2025\/05\/The-Handmaids-Tale-2.png","type":"image\/png"}],"author":"Larissa Carvalho","twitter_card":"summary_large_image","twitter_misc":{"Escrito por":"Larissa Carvalho","Est. tempo de leitura":"3 minutos"},"schema":{"@context":"https:\/\/schema.org","@graph":[{"@type":"WebPage","@id":"https:\/\/www.correiobraziliense.com.br\/cbradar\/essa-serie-vai-te-deixar-em-choque-e-muito-reflexivo\/","url":"https:\/\/www.correiobraziliense.com.br\/cbradar\/essa-serie-vai-te-deixar-em-choque-e-muito-reflexivo\/","name":"Essa s\u00e9rie vai te deixar em choque e muito reflexivo","isPartOf":{"@id":"https:\/\/www.correiobraziliense.com.br\/cbradar\/#website"},"primaryImageOfPage":{"@id":"https:\/\/www.correiobraziliense.com.br\/cbradar\/essa-serie-vai-te-deixar-em-choque-e-muito-reflexivo\/#primaryimage"},"image":{"@id":"https:\/\/www.correiobraziliense.com.br\/cbradar\/essa-serie-vai-te-deixar-em-choque-e-muito-reflexivo\/#primaryimage"},"thumbnailUrl":"https:\/\/www.correiobraziliense.com.br\/cbradar\/wp-content\/uploads\/2025\/05\/The-Handmaids-Tale-2.png","datePublished":"2025-05-10T16:30:00+00:00","author":{"@id":"https:\/\/www.correiobraziliense.com.br\/cbradar\/#\/schema\/person\/58422787644df994b53a19d3e56c1513"},"description":"Um futuro dist\u00f3pico onde mulheres s\u00e3o subjugadas por um regime autorit\u00e1rio levanta reflex\u00f5es intensas sobre liberdade e resist\u00eancia.","breadcrumb":{"@id":"https:\/\/www.correiobraziliense.com.br\/cbradar\/essa-serie-vai-te-deixar-em-choque-e-muito-reflexivo\/#breadcrumb"},"inLanguage":"pt-BR","potentialAction":[{"@type":"ReadAction","target":["https:\/\/www.correiobraziliense.com.br\/cbradar\/essa-serie-vai-te-deixar-em-choque-e-muito-reflexivo\/"]}]},{"@type":"ImageObject","inLanguage":"pt-BR","@id":"https:\/\/www.correiobraziliense.com.br\/cbradar\/essa-serie-vai-te-deixar-em-choque-e-muito-reflexivo\/#primaryimage","url":"https:\/\/www.correiobraziliense.com.br\/cbradar\/wp-content\/uploads\/2025\/05\/The-Handmaids-Tale-2.png","contentUrl":"https:\/\/www.correiobraziliense.com.br\/cbradar\/wp-content\/uploads\/2025\/05\/The-Handmaids-Tale-2.png","width":1280,"height":720,"caption":"The Handmaid's Tale. Fonte: divulga\u00e7\u00e3o \/ Hulo"},{"@type":"BreadcrumbList","@id":"https:\/\/www.correiobraziliense.com.br\/cbradar\/essa-serie-vai-te-deixar-em-choque-e-muito-reflexivo\/#breadcrumb","itemListElement":[{"@type":"ListItem","position":1,"name":"In\u00edcio","item":"https:\/\/www.correiobraziliense.com.br\/cbradar\/"},{"@type":"ListItem","position":2,"name":"Essa s\u00e9rie vai te deixar em choque e muito reflexivo"}]},{"@type":"WebSite","@id":"https:\/\/www.correiobraziliense.com.br\/cbradar\/#website","url":"https:\/\/www.correiobraziliense.com.br\/cbradar\/","name":"Correio Braziliense - Radar","description":"Acompanhe as \u00faltimas not\u00edcias e fique bem informado sobre tudo o que acontece no Brasil e no mundo.","potentialAction":[{"@type":"SearchAction","target":{"@type":"EntryPoint","urlTemplate":"https:\/\/www.correiobraziliense.com.br\/cbradar\/?s={search_term_string}"},"query-input":{"@type":"PropertyValueSpecification","valueRequired":true,"valueName":"search_term_string"}}],"inLanguage":"pt-BR"},{"@type":"Person","@id":"https:\/\/www.correiobraziliense.com.br\/cbradar\/#\/schema\/person\/58422787644df994b53a19d3e56c1513","name":"Larissa Carvalho","image":{"@type":"ImageObject","inLanguage":"pt-BR","@id":"https:\/\/www.correiobraziliense.com.br\/cbradar\/#\/schema\/person\/image\/","url":"https:\/\/secure.gravatar.com\/avatar\/fe4f91a0de32b52a838d0d612abdc1aa?s=96&d=mm&r=g","contentUrl":"https:\/\/secure.gravatar.com\/avatar\/fe4f91a0de32b52a838d0d612abdc1aa?s=96&d=mm&r=g","caption":"Larissa Carvalho"},"url":"https:\/\/www.correiobraziliense.com.br\/cbradar\/author\/larissamyth\/"}]}},"_links":{"self":[{"href":"https:\/\/www.correiobraziliense.com.br\/cbradar\/wp-json\/wp\/v2\/posts\/34474","targetHints":{"allow":["GET"]}}],"collection":[{"href":"https:\/\/www.correiobraziliense.com.br\/cbradar\/wp-json\/wp\/v2\/posts"}],"about":[{"href":"https:\/\/www.correiobraziliense.com.br\/cbradar\/wp-json\/wp\/v2\/types\/post"}],"author":[{"embeddable":true,"href":"https:\/\/www.correiobraziliense.com.br\/cbradar\/wp-json\/wp\/v2\/users\/3"}],"replies":[{"embeddable":true,"href":"https:\/\/www.correiobraziliense.com.br\/cbradar\/wp-json\/wp\/v2\/comments?post=34474"}],"version-history":[{"count":1,"href":"https:\/\/www.correiobraziliense.com.br\/cbradar\/wp-json\/wp\/v2\/posts\/34474\/revisions"}],"predecessor-version":[{"id":34477,"href":"https:\/\/www.correiobraziliense.com.br\/cbradar\/wp-json\/wp\/v2\/posts\/34474\/revisions\/34477"}],"wp:featuredmedia":[{"embeddable":true,"href":"https:\/\/www.correiobraziliense.com.br\/cbradar\/wp-json\/wp\/v2\/media\/34475"}],"wp:attachment":[{"href":"https:\/\/www.correiobraziliense.com.br\/cbradar\/wp-json\/wp\/v2\/media?parent=34474"}],"wp:term":[{"taxonomy":"category","embeddable":true,"href":"https:\/\/www.correiobraziliense.com.br\/cbradar\/wp-json\/wp\/v2\/categories?post=34474"},{"taxonomy":"post_tag","embeddable":true,"href":"https:\/\/www.correiobraziliense.com.br\/cbradar\/wp-json\/wp\/v2\/post_tag?post=34474"}],"curies":[{"name":"wp","href":"https:\/\/api.w.org\/{rel}","templated":true}]}}