{"id":34631,"date":"2025-05-11T08:10:00","date_gmt":"2025-05-11T11:10:00","guid":{"rendered":"https:\/\/www.correiobraziliense.com.br\/cbradar\/?p=34631"},"modified":"2025-05-11T05:52:19","modified_gmt":"2025-05-11T08:52:19","slug":"os-8-vegetais-para-aumentar-sua-imunidade-e-como-plantar-em-casa","status":"publish","type":"post","link":"https:\/\/www.correiobraziliense.com.br\/cbradar\/os-8-vegetais-para-aumentar-sua-imunidade-e-como-plantar-em-casa\/","title":{"rendered":"Os 8 vegetais para aumentar sua imunidade e como plantar em casa"},"content":{"rendered":"\n<p>Manter o sistema imunol\u00f3gico forte \u00e9 essencial para a preven\u00e7\u00e3o de doen\u00e7as e para o bem-estar geral. Al\u00e9m de uma rotina saud\u00e1vel, a alimenta\u00e7\u00e3o rica em nutrientes \u00e9 uma das bases para fortalecer as defesas do corpo. <a href=\"https:\/\/www.correiobraziliense.com.br\/cbradar\/aprenda-a-plantar-melao-em-casa-e-tenha-frutas-hidratantes-o-ano-todo\/\" target=\"_blank\" rel=\"noreferrer noopener\">Cultivar <\/a>vegetais em casa que auxiliam o sistema imunol\u00f3gico \u00e9 uma forma pr\u00e1tica, econ\u00f4mica e saud\u00e1vel de garantir o consumo de alimentos frescos e funcionais no dia a dia. Neste conte\u00fado, voc\u00ea vai aprender quais s\u00e3o os melhores vegetais para este fim e como cultiv\u00e1-los com sucesso mesmo em pequenos espa\u00e7os.<\/p>\n\n\n\n<h2 class=\"wp-block-heading\">Quais vegetais ajudam a fortalecer o sistema imunol\u00f3gico?<\/h2>\n\n\n\n<p>Diversos vegetais s\u00e3o fontes ricas em vitaminas, minerais, antioxidantes e compostos bioativos que refor\u00e7am o sistema de defesa do corpo. Veja os principais:<\/p>\n\n\n\n<ul class=\"wp-block-list\">\n<li><strong>Br\u00f3colis<\/strong>: cont\u00e9m vitaminas C, A e E, al\u00e9m de antioxidantes que estimulam as c\u00e9lulas de defesa.<\/li>\n\n\n\n<li><strong>Espinafre<\/strong>: fonte de ferro, \u00e1cido f\u00f3lico, vitamina C e betacaroteno, essenciais para a fun\u00e7\u00e3o imune.<\/li>\n\n\n\n<li><strong>Cenoura<\/strong>: rica em betacaroteno, precursor da vitamina A, que atua na integridade das mucosas e pele.<\/li>\n\n\n\n<li><strong>Alho<\/strong>: potente antimicrobiano natural que estimula o sistema imunol\u00f3gico.<\/li>\n\n\n\n<li><strong>Cebolinha<\/strong>: cont\u00e9m compostos sulfurados e vitamina C.<\/li>\n\n\n\n<li><strong>Couve<\/strong>: rica em antioxidantes, vitamina C e flavonoides.<\/li>\n\n\n\n<li><strong>R\u00facula<\/strong>: cont\u00e9m vitamina K, zinco e compostos anti-inflamat\u00f3rios.<\/li>\n\n\n\n<li><strong>Piment\u00e3o<\/strong>: excelente fonte de vitamina C, importante na produ\u00e7\u00e3o de gl\u00f3bulos brancos.<\/li>\n<\/ul>\n\n\n\n<p>Esses vegetais podem ser facilmente cultivados em hortas verticais, vasos ou jardins e devem estar presentes com frequ\u00eancia nas refei\u00e7\u00f5es.<\/p>\n\n\n\n<h2 class=\"wp-block-heading\">Como preparar o solo ideal para esses vegetais?<\/h2>\n\n\n\n<p>Para os vegetais crescerem saud\u00e1veis e ricos em nutrientes, \u00e9 fundamental que o solo seja bem preparado. Um solo f\u00e9rtil favorece o desenvolvimento das folhas e ra\u00edzes, garantindo vegetais mais nutritivos.<\/p>\n\n\n\n<ul class=\"wp-block-list\">\n<li><strong>Textura<\/strong>: o solo deve ser solto, bem drenado e arejado.<\/li>\n\n\n\n<li><strong>Composi\u00e7\u00e3o ideal<\/strong>:\n<ul class=\"wp-block-list\">\n<li>50% terra vegetal<\/li>\n\n\n\n<li>30% <a href=\"https:\/\/rehagro.com.br\/blog\/composto-organico-quais-os-beneficios-como-e-feito\/\" target=\"_blank\" rel=\"noreferrer noopener\">composto org\u00e2nico<\/a> (esterco, h\u00famus de minhoca)<\/li>\n\n\n\n<li>20% areia grossa<\/li>\n<\/ul>\n<\/li>\n\n\n\n<li><strong>pH<\/strong>: entre 6,0 e 7,0 (ligeiramente \u00e1cido a neutro)<\/li>\n<\/ul>\n\n\n\n<p>Antes de plantar, misture bem todos os ingredientes e remova poss\u00edveis pedras ou torr\u00f5es. Se poss\u00edvel, fa\u00e7a um descanso de 3 a 5 dias antes do plantio para estabilizar os nutrientes.<\/p>\n\n\n\n<h2 class=\"wp-block-heading\">\u00c9 poss\u00edvel cultivar esses vegetais em vasos?<\/h2>\n\n\n\n<p>Sim! A maioria dos vegetais que fortalecem a imunidade podem ser cultivados com sucesso em vasos, floreiras, caixas pl\u00e1sticas ou hortas verticais.<\/p>\n\n\n\n<ul class=\"wp-block-list\">\n<li><strong>Br\u00f3colis e couve<\/strong>: precisam de vasos com no m\u00ednimo 30 cm de profundidade.<\/li>\n\n\n\n<li><strong>Espinafre, r\u00facula e cebolinha<\/strong>: desenvolvem-se bem em vasos m\u00e9dios (20 a 25 cm).<\/li>\n\n\n\n<li><strong>Alho<\/strong>: pode ser plantado em vasos de 20 cm, com espa\u00e7amento de 10 cm entre cada dente.<\/li>\n\n\n\n<li><strong>Piment\u00e3o<\/strong>: vasos de 30 a 40 cm de profundidade garantem boa produ\u00e7\u00e3o.<\/li>\n\n\n\n<li>Sempre use vasos com furos no fundo e um sistema de drenagem com pedrinhas ou argila expandida.<\/li>\n<\/ul>\n\n\n\n<h2 class=\"wp-block-heading\">Qual a frequ\u00eancia correta de rega e ilumina\u00e7\u00e3o?<\/h2>\n\n\n\n<p>A irriga\u00e7\u00e3o e a exposi\u00e7\u00e3o \u00e0 luz s\u00e3o fatores essenciais para garantir vegetais saud\u00e1veis e ricos em nutrientes.<\/p>\n\n\n\n<ul class=\"wp-block-list\">\n<li><strong>Rega<\/strong>: geralmente 1 vez ao dia, nas primeiras horas da manh\u00e3 ou final da tarde. Em dias frios ou chuvosos, reduza a frequ\u00eancia.<\/li>\n\n\n\n<li><strong>Luz solar<\/strong>:\n<ul class=\"wp-block-list\">\n<li>A maioria dos vegetais precisa de <strong>4 a 6 horas de sol direto por dia<\/strong>.<\/li>\n\n\n\n<li>Em locais com pouca luz natural, pode-se usar l\u00e2mpadas de cultivo LED como alternativa.<\/li>\n<\/ul>\n<\/li>\n<\/ul>\n\n\n\n<p>A falta de luz ou excesso de \u00e1gua pode prejudicar o crescimento, deixando os vegetais fracos e com menos valor nutricional.<\/p>\n\n\n<div class=\"wp-block-image\">\n<figure class=\"aligncenter size-large\"><img decoding=\"async\" width=\"1024\" height=\"576\" src=\"https:\/\/www.correiobraziliense.com.br\/cbradar\/wp-content\/uploads\/2025\/04\/brocolis_1743484986872-1024x576.jpg\" alt=\"Como aproveitar o outono para renovar sua horta caseira\" class=\"wp-image-17699\" srcset=\"https:\/\/www.correiobraziliense.com.br\/cbradar\/wp-content\/uploads\/2025\/04\/brocolis_1743484986872-1024x576.jpg 1024w, https:\/\/www.correiobraziliense.com.br\/cbradar\/wp-content\/uploads\/2025\/04\/brocolis_1743484986872-300x169.jpg 300w, https:\/\/www.correiobraziliense.com.br\/cbradar\/wp-content\/uploads\/2025\/04\/brocolis_1743484986872-768x432.jpg 768w, https:\/\/www.correiobraziliense.com.br\/cbradar\/wp-content\/uploads\/2025\/04\/brocolis_1743484986872-750x422.jpg 750w, https:\/\/www.correiobraziliense.com.br\/cbradar\/wp-content\/uploads\/2025\/04\/brocolis_1743484986872-1140x641.jpg 1140w, https:\/\/www.correiobraziliense.com.br\/cbradar\/wp-content\/uploads\/2025\/04\/brocolis_1743484986872.jpg 1280w\" sizes=\"(max-width: 1024px) 100vw, 1024px\" \/><figcaption class=\"wp-element-caption\">Br\u00f3colis &#8211; Cr\u00e9ditos: depositphotos.com \/ gresey<\/figcaption><\/figure><\/div>\n\n\n<h2 class=\"wp-block-heading\">Quais s\u00e3o os cuidados essenciais com esses vegetais?<\/h2>\n\n\n\n<p>Mesmo sendo plantas resistentes, alguns cuidados b\u00e1sicos garantem melhor produ\u00e7\u00e3o:<\/p>\n\n\n\n<ul class=\"wp-block-list\">\n<li><strong>Aduba\u00e7\u00e3o<\/strong>: a cada 15 dias, aplique adubo org\u00e2nico l\u00edquido (como chorume de compostagem ou biofertilizante).<\/li>\n\n\n\n<li><strong>Podas regulares<\/strong>: remova folhas secas ou amarelas para estimular o crescimento.<\/li>\n\n\n\n<li><strong>Controle de pragas<\/strong>:\n<ul class=\"wp-block-list\">\n<li>Use calda de fumo ou de neem contra pulg\u00f5es e lagartas.<\/li>\n\n\n\n<li>Plante alho ou cebola pr\u00f3ximos como repelentes naturais.<\/li>\n<\/ul>\n<\/li>\n\n\n\n<li><strong>Rota\u00e7\u00e3o de culturas<\/strong>: evite plantar a mesma hortali\u00e7a v\u00e1rias vezes no mesmo vaso para n\u00e3o esgotar os nutrientes do solo.<\/li>\n<\/ul>\n\n\n\n<h2 class=\"wp-block-heading\">Quando e como fazer a colheita?<\/h2>\n\n\n\n<p>Cada vegetal tem seu tempo ideal de colheita, e respeit\u00e1-lo garante o melhor aproveitamento dos nutrientes:<\/p>\n\n\n\n<ul class=\"wp-block-list\">\n<li><strong>Br\u00f3colis<\/strong>: colha quando a infloresc\u00eancia estiver bem formada, mas antes de abrir flores (cerca de 60 a 80 dias).<\/li>\n\n\n\n<li><strong>Espinafre e r\u00facula<\/strong>: as folhas podem ser colhidas a partir de 30 dias, cortando sempre as mais externas.<\/li>\n\n\n\n<li><strong>Cenoura<\/strong>: pronta para colheita entre 70 e 90 dias, dependendo do tamanho.<\/li>\n\n\n\n<li><strong>Cebolinha<\/strong>: a colheita pode ser feita continuamente a partir de 40 dias.<\/li>\n\n\n\n<li><strong>Alho<\/strong>: colha quando as folhas come\u00e7arem a secar, ap\u00f3s 90 a 120 dias.<\/li>\n\n\n\n<li><strong>Piment\u00e3o<\/strong>: colha quando os frutos estiverem firmes e bem coloridos, cerca de 80 a 100 dias.<\/li>\n<\/ul>\n\n\n\n<h2 class=\"wp-block-heading\">Como aumentar o valor nutricional dos vegetais cultivados?<\/h2>\n\n\n\n<p>Para que os vegetais cultivados em casa sejam mais ricos em nutrientes, siga estas recomenda\u00e7\u00f5es:<\/p>\n\n\n\n<ol class=\"wp-block-list\">\n<li><strong>Use aduba\u00e7\u00e3o org\u00e2nica diversificada<\/strong>: como composto, farinha de ossos, torta de mamona e cinzas.<\/li>\n\n\n\n<li><strong>Fa\u00e7a cobertura morta<\/strong>: com folhas secas ou palha para manter a umidade e proteger os microrganismos ben\u00e9ficos do solo.<\/li>\n\n\n\n<li><strong>Evite produtos qu\u00edmicos<\/strong>: mantenha o cultivo o mais natural poss\u00edvel para preservar os antioxidantes e fitoqu\u00edmicos.<\/li>\n\n\n\n<li><strong>Colha no momento certo<\/strong>: vegetais colhidos muito tarde ou muito cedo podem perder parte de seus compostos ben\u00e9ficos.<\/li>\n<\/ol>\n\n\n\n<h2 class=\"wp-block-heading\">FAQ<\/h2>\n\n\n\n<p><strong>1. Qual \u00e9 o melhor vegetal para fortalecer a imunidade?<\/strong><br>O <strong>br\u00f3colis<\/strong> \u00e9 um dos mais completos, pois cont\u00e9m antioxidantes, vitamina C e compostos que estimulam as c\u00e9lulas imunol\u00f3gicas.<\/p>\n\n\n\n<p><strong>2. Posso plantar esses vegetais em garrafas PET?<\/strong><br>Sim, principalmente <strong>espinafre<\/strong>, <strong>r\u00facula<\/strong> e <strong>cebolinha<\/strong>, que t\u00eam ra\u00edzes superficiais. Basta adaptar a garrafa para ter boa drenagem.<\/p>\n\n\n\n<p><strong>3. Existe um melhor m\u00eas para plantar esses vegetais?<\/strong><br>Muitos desses vegetais podem ser plantados o ano inteiro, mas, em geral, a <strong>primavera<\/strong> e o <strong>outono<\/strong> s\u00e3o ideais para a maioria.<\/p>\n\n\n\n<p><strong>4. \u00c9 necess\u00e1rio usar fertilizantes qu\u00edmicos para melhorar a imunidade dos vegetais?<\/strong><br>N\u00e3o. O uso de adubos org\u00e2nicos bem equilibrados \u00e9 suficiente para garantir vegetais nutritivos e saud\u00e1veis.<\/p>\n\n\n\n<p><strong>5. Como saber se os vegetais est\u00e3o prontos para colheita?<\/strong><br>Observe o desenvolvimento das folhas, o tamanho dos frutos e o tempo desde o plantio. Cada esp\u00e9cie tem seu ciclo indicado.<\/p>\n","protected":false},"excerpt":{"rendered":"<p>Manter o sistema imunol\u00f3gico forte \u00e9 essencial para a preven\u00e7\u00e3o de doen\u00e7as e para o bem-estar geral. Al\u00e9m de uma rotina saud\u00e1vel, a alimenta\u00e7\u00e3o rica em nutrientes \u00e9 uma das bases para fortalecer as defesas do corpo. Cultivar vegetais em casa que auxiliam o sistema imunol\u00f3gico \u00e9 uma forma pr\u00e1tica, econ\u00f4mica e saud\u00e1vel de garantir [&hellip;]<\/p>\n","protected":false},"author":9,"featured_media":17865,"comment_status":"open","ping_status":"open","sticky":false,"template":"","format":"standard","meta":{"_yoast_wpseo_focuskw":"vegetais","_yoast_wpseo_title":"%%title%% %%page%%","_yoast_wpseo_metadesc":"Aprenda a cultivar vegetais que fortalecem a imunidade em casa com dicas de solo, vasos, cuidados e colheita saud\u00e1vel.","jnews-multi-image_gallery":[],"jnews_single_post":{"format":"standard"},"jnews_primary_category":[],"jnews_social_meta":[],"jnews_override_counter":[],"footnotes":""},"categories":[136],"post_tag":[4429,266,1809,4428],"class_list":["post-34631","post","type-post","status-publish","format-standard","has-post-thumbnail","hentry","category-jardinagem","tag-alimentos-funcionais","tag-horta-caseira","tag-sistema-imunologico","tag-vegetais-saudaveis"],"yoast_head":"<!-- This site is optimized with the Yoast SEO plugin v24.6 - https:\/\/yoast.com\/wordpress\/plugins\/seo\/ -->\n<title>Os 8 vegetais para aumentar sua imunidade e como plantar em casa<\/title>\n<meta name=\"description\" content=\"Aprenda a cultivar vegetais que fortalecem a imunidade em casa com dicas de solo, vasos, cuidados e colheita saud\u00e1vel.\" \/>\n<meta name=\"robots\" content=\"index, follow, max-snippet:-1, max-image-preview:large, max-video-preview:-1\" \/>\n<link rel=\"canonical\" href=\"https:\/\/www.correiobraziliense.com.br\/cbradar\/os-8-vegetais-para-aumentar-sua-imunidade-e-como-plantar-em-casa\/\" \/>\n<meta property=\"og:locale\" content=\"pt_BR\" \/>\n<meta property=\"og:type\" content=\"article\" \/>\n<meta property=\"og:title\" content=\"Os 8 vegetais para aumentar sua imunidade e como plantar em casa\" \/>\n<meta property=\"og:description\" content=\"Aprenda a cultivar vegetais que fortalecem a imunidade em casa com dicas de solo, vasos, cuidados e colheita saud\u00e1vel.\" \/>\n<meta property=\"og:url\" content=\"https:\/\/www.correiobraziliense.com.br\/cbradar\/os-8-vegetais-para-aumentar-sua-imunidade-e-como-plantar-em-casa\/\" \/>\n<meta property=\"og:site_name\" content=\"Correio Braziliense - Radar\" \/>\n<meta property=\"article:published_time\" content=\"2025-05-11T11:10:00+00:00\" \/>\n<meta property=\"og:image\" content=\"https:\/\/www.correiobraziliense.com.br\/cbradar\/wp-content\/uploads\/2025\/04\/rucula-_1743516035032.jpg\" \/>\n\t<meta property=\"og:image:width\" content=\"1280\" \/>\n\t<meta property=\"og:image:height\" content=\"720\" \/>\n\t<meta property=\"og:image:type\" content=\"image\/jpeg\" \/>\n<meta name=\"author\" content=\"Daniely Cardoso\" \/>\n<meta name=\"twitter:card\" content=\"summary_large_image\" \/>\n<meta name=\"twitter:label1\" content=\"Escrito por\" \/>\n\t<meta name=\"twitter:data1\" content=\"Daniely Cardoso\" \/>\n\t<meta name=\"twitter:label2\" content=\"Est. tempo de leitura\" \/>\n\t<meta name=\"twitter:data2\" content=\"6 minutos\" \/>\n<!-- \/ Yoast SEO plugin. -->","yoast_head_json":{"title":"Os 8 vegetais para aumentar sua imunidade e como plantar em casa","description":"Aprenda a cultivar vegetais que fortalecem a imunidade em casa com dicas de solo, vasos, cuidados e colheita saud\u00e1vel.","robots":{"index":"index","follow":"follow","max-snippet":"max-snippet:-1","max-image-preview":"max-image-preview:large","max-video-preview":"max-video-preview:-1"},"canonical":"https:\/\/www.correiobraziliense.com.br\/cbradar\/os-8-vegetais-para-aumentar-sua-imunidade-e-como-plantar-em-casa\/","og_locale":"pt_BR","og_type":"article","og_title":"Os 8 vegetais para aumentar sua imunidade e como plantar em casa","og_description":"Aprenda a cultivar vegetais que fortalecem a imunidade em casa com dicas de solo, vasos, cuidados e colheita saud\u00e1vel.","og_url":"https:\/\/www.correiobraziliense.com.br\/cbradar\/os-8-vegetais-para-aumentar-sua-imunidade-e-como-plantar-em-casa\/","og_site_name":"Correio Braziliense - Radar","article_published_time":"2025-05-11T11:10:00+00:00","og_image":[{"width":1280,"height":720,"url":"https:\/\/www.correiobraziliense.com.br\/cbradar\/wp-content\/uploads\/2025\/04\/rucula-_1743516035032.jpg","type":"image\/jpeg"}],"author":"Daniely Cardoso","twitter_card":"summary_large_image","twitter_misc":{"Escrito por":"Daniely Cardoso","Est. tempo de leitura":"6 minutos"},"schema":{"@context":"https:\/\/schema.org","@graph":[{"@type":"WebPage","@id":"https:\/\/www.correiobraziliense.com.br\/cbradar\/os-8-vegetais-para-aumentar-sua-imunidade-e-como-plantar-em-casa\/","url":"https:\/\/www.correiobraziliense.com.br\/cbradar\/os-8-vegetais-para-aumentar-sua-imunidade-e-como-plantar-em-casa\/","name":"Os 8 vegetais para aumentar sua imunidade e como plantar em casa","isPartOf":{"@id":"https:\/\/www.correiobraziliense.com.br\/cbradar\/#website"},"primaryImageOfPage":{"@id":"https:\/\/www.correiobraziliense.com.br\/cbradar\/os-8-vegetais-para-aumentar-sua-imunidade-e-como-plantar-em-casa\/#primaryimage"},"image":{"@id":"https:\/\/www.correiobraziliense.com.br\/cbradar\/os-8-vegetais-para-aumentar-sua-imunidade-e-como-plantar-em-casa\/#primaryimage"},"thumbnailUrl":"https:\/\/www.correiobraziliense.com.br\/cbradar\/wp-content\/uploads\/2025\/04\/rucula-_1743516035032.jpg","datePublished":"2025-05-11T11:10:00+00:00","author":{"@id":"https:\/\/www.correiobraziliense.com.br\/cbradar\/#\/schema\/person\/7356666e12ec0ee53f348ee5db227032"},"description":"Aprenda a cultivar vegetais que fortalecem a imunidade em casa com dicas de solo, vasos, cuidados e colheita saud\u00e1vel.","breadcrumb":{"@id":"https:\/\/www.correiobraziliense.com.br\/cbradar\/os-8-vegetais-para-aumentar-sua-imunidade-e-como-plantar-em-casa\/#breadcrumb"},"inLanguage":"pt-BR","potentialAction":[{"@type":"ReadAction","target":["https:\/\/www.correiobraziliense.com.br\/cbradar\/os-8-vegetais-para-aumentar-sua-imunidade-e-como-plantar-em-casa\/"]}]},{"@type":"ImageObject","inLanguage":"pt-BR","@id":"https:\/\/www.correiobraziliense.com.br\/cbradar\/os-8-vegetais-para-aumentar-sua-imunidade-e-como-plantar-em-casa\/#primaryimage","url":"https:\/\/www.correiobraziliense.com.br\/cbradar\/wp-content\/uploads\/2025\/04\/rucula-_1743516035032.jpg","contentUrl":"https:\/\/www.correiobraziliense.com.br\/cbradar\/wp-content\/uploads\/2025\/04\/rucula-_1743516035032.jpg","width":1280,"height":720,"caption":"R\u00facula - Cr\u00e9ditos: depositphotos.com \/ AntonMatyukha"},{"@type":"BreadcrumbList","@id":"https:\/\/www.correiobraziliense.com.br\/cbradar\/os-8-vegetais-para-aumentar-sua-imunidade-e-como-plantar-em-casa\/#breadcrumb","itemListElement":[{"@type":"ListItem","position":1,"name":"In\u00edcio","item":"https:\/\/www.correiobraziliense.com.br\/cbradar\/"},{"@type":"ListItem","position":2,"name":"Os 8 vegetais para aumentar sua imunidade e como plantar em casa"}]},{"@type":"WebSite","@id":"https:\/\/www.correiobraziliense.com.br\/cbradar\/#website","url":"https:\/\/www.correiobraziliense.com.br\/cbradar\/","name":"Correio Braziliense - Radar","description":"Acompanhe as \u00faltimas not\u00edcias e fique bem informado sobre tudo o que acontece no Brasil e no mundo.","potentialAction":[{"@type":"SearchAction","target":{"@type":"EntryPoint","urlTemplate":"https:\/\/www.correiobraziliense.com.br\/cbradar\/?s={search_term_string}"},"query-input":{"@type":"PropertyValueSpecification","valueRequired":true,"valueName":"search_term_string"}}],"inLanguage":"pt-BR"},{"@type":"Person","@id":"https:\/\/www.correiobraziliense.com.br\/cbradar\/#\/schema\/person\/7356666e12ec0ee53f348ee5db227032","name":"Daniely Cardoso","image":{"@type":"ImageObject","inLanguage":"pt-BR","@id":"https:\/\/www.correiobraziliense.com.br\/cbradar\/#\/schema\/person\/image\/","url":"https:\/\/secure.gravatar.com\/avatar\/4b80ddbd124d1f071b626d52d62e5dff?s=96&d=mm&r=g","contentUrl":"https:\/\/secure.gravatar.com\/avatar\/4b80ddbd124d1f071b626d52d62e5dff?s=96&d=mm&r=g","caption":"Daniely Cardoso"},"description":"Redatora nos portais CB Radar e EM Foco, formada pela Universidade Federal de Goi\u00e1s, em Goi\u00e2nia. Apaixonada por comunica\u00e7\u00e3o, arte, decora\u00e7\u00e3o e tend\u00eancias, atuo na produ\u00e7\u00e3o de conte\u00fados envolventes sobre curiosidades, moda, beleza e paisagismo, sempre com um olhar atento \u00e0s novidades do momento.","sameAs":["https:\/\/www.correiobraziliense.com.br\/cbradar"],"url":"https:\/\/www.correiobraziliense.com.br\/cbradar\/author\/danielymyth\/"}]}},"_links":{"self":[{"href":"https:\/\/www.correiobraziliense.com.br\/cbradar\/wp-json\/wp\/v2\/posts\/34631","targetHints":{"allow":["GET"]}}],"collection":[{"href":"https:\/\/www.correiobraziliense.com.br\/cbradar\/wp-json\/wp\/v2\/posts"}],"about":[{"href":"https:\/\/www.correiobraziliense.com.br\/cbradar\/wp-json\/wp\/v2\/types\/post"}],"author":[{"embeddable":true,"href":"https:\/\/www.correiobraziliense.com.br\/cbradar\/wp-json\/wp\/v2\/users\/9"}],"replies":[{"embeddable":true,"href":"https:\/\/www.correiobraziliense.com.br\/cbradar\/wp-json\/wp\/v2\/comments?post=34631"}],"version-history":[{"count":5,"href":"https:\/\/www.correiobraziliense.com.br\/cbradar\/wp-json\/wp\/v2\/posts\/34631\/revisions"}],"predecessor-version":[{"id":35388,"href":"https:\/\/www.correiobraziliense.com.br\/cbradar\/wp-json\/wp\/v2\/posts\/34631\/revisions\/35388"}],"wp:featuredmedia":[{"embeddable":true,"href":"https:\/\/www.correiobraziliense.com.br\/cbradar\/wp-json\/wp\/v2\/media\/17865"}],"wp:attachment":[{"href":"https:\/\/www.correiobraziliense.com.br\/cbradar\/wp-json\/wp\/v2\/media?parent=34631"}],"wp:term":[{"taxonomy":"category","embeddable":true,"href":"https:\/\/www.correiobraziliense.com.br\/cbradar\/wp-json\/wp\/v2\/categories?post=34631"},{"taxonomy":"post_tag","embeddable":true,"href":"https:\/\/www.correiobraziliense.com.br\/cbradar\/wp-json\/wp\/v2\/post_tag?post=34631"}],"curies":[{"name":"wp","href":"https:\/\/api.w.org\/{rel}","templated":true}]}}