{"id":34828,"date":"2025-05-12T07:30:00","date_gmt":"2025-05-12T10:30:00","guid":{"rendered":"https:\/\/www.correiobraziliense.com.br\/cbradar\/?p=34828"},"modified":"2025-05-10T07:01:47","modified_gmt":"2025-05-10T10:01:47","slug":"a-cidade-perfeita-para-quem-busca-qualidade-de-vida-e-inovacao-no-brasil","status":"publish","type":"post","link":"https:\/\/www.correiobraziliense.com.br\/cbradar\/a-cidade-perfeita-para-quem-busca-qualidade-de-vida-e-inovacao-no-brasil\/","title":{"rendered":"A cidade perfeita para quem busca qualidade de vida e inova\u00e7\u00e3o no Brasil"},"content":{"rendered":"\n<p><strong><a href=\"https:\/\/www.curitiba.pr.gov.br\/\" target=\"_blank\" rel=\"noreferrer noopener\">Curitiba<\/a><\/strong>, capital do estado do <strong><a href=\"https:\/\/www.correiobraziliense.com.br\/cbradar\/cidade-no-interior-do-parana-encanta-com-qualidade-de-vida-e-sustentabilidade\/\" target=\"_blank\" rel=\"noreferrer noopener\">Paran\u00e1<\/a><\/strong>, \u00e9 um verdadeiro exemplo de planejamento urbano e qualidade de vida. Com uma infraestrutura invej\u00e1vel, um sistema de transporte p\u00fablico reconhecido mundialmente e uma vida cultural vibrante, a cidade tem conquistado o cora\u00e7\u00e3o de moradores e turistas. Em meio a parques, museus e gastronomia de alta qualidade, <strong>Curitiba<\/strong> se destaca como uma das melhores cidades para se viver no <strong>Brasil<\/strong>.<\/p>\n\n\n\n<h2 class=\"wp-block-heading\">O que faz a qualidade de vida em Curitiba ser t\u00e3o especial?<\/h2>\n\n\n\n<p>Quando se fala em qualidade de vida, <strong>Curitiba<\/strong> \u00e9 um dos primeiros exemplos que v\u00eam \u00e0 mente. A cidade \u00e9 um modelo de planejamento urbano, com \u00e1reas verdes preservadas, excelente mobilidade e pol\u00edticas p\u00fablicas que priorizam o bem-estar da popula\u00e7\u00e3o.<\/p>\n\n\n\n<p><strong>Curitiba<\/strong> \u00e9 famosa pelos seus parques e \u00e1reas verdes, que garantem qualidade de vida para seus moradores e turistas. Com mais de 30 parques e bosques, a cidade oferece um ambiente agrad\u00e1vel, onde as pessoas podem se conectar com a natureza, praticar atividades ao ar livre e relaxar em meio \u00e0 tranquilidade. O <strong>Parque Barigui <\/strong>e o <strong>Jardim Bot\u00e2nico<\/strong> s\u00e3o apenas dois exemplos do cuidado da cidade com seus espa\u00e7os p\u00fablicos, proporcionando lazer e qualidade de vida a todos.<\/p>\n\n\n<div class=\"wp-block-image\">\n<figure class=\"aligncenter size-large\"><img decoding=\"async\" width=\"1024\" height=\"576\" src=\"https:\/\/www.correiobraziliense.com.br\/cbradar\/wp-content\/uploads\/2025\/04\/curitiba_1744548906015-1024x576.jpg\" alt=\"Voc\u00ea sabe qual \u00e9 a cidade conhecida como a \u201cCidade Sorriso\u201d?\" class=\"wp-image-22941\" srcset=\"https:\/\/www.correiobraziliense.com.br\/cbradar\/wp-content\/uploads\/2025\/04\/curitiba_1744548906015-1024x576.jpg 1024w, https:\/\/www.correiobraziliense.com.br\/cbradar\/wp-content\/uploads\/2025\/04\/curitiba_1744548906015-300x169.jpg 300w, https:\/\/www.correiobraziliense.com.br\/cbradar\/wp-content\/uploads\/2025\/04\/curitiba_1744548906015-768x432.jpg 768w, https:\/\/www.correiobraziliense.com.br\/cbradar\/wp-content\/uploads\/2025\/04\/curitiba_1744548906015-750x422.jpg 750w, https:\/\/www.correiobraziliense.com.br\/cbradar\/wp-content\/uploads\/2025\/04\/curitiba_1744548906015-1140x642.jpg 1140w, https:\/\/www.correiobraziliense.com.br\/cbradar\/wp-content\/uploads\/2025\/04\/curitiba_1744548906015.jpg 1279w\" sizes=\"(max-width: 1024px) 100vw, 1024px\" \/><figcaption class=\"wp-element-caption\">Curitiba \/\/ Cr\u00e9ditos: depositphotos.com \/ detanan<\/figcaption><\/figure><\/div>\n\n\n<h2 class=\"wp-block-heading\">Cidade rica em seguran\u00e7a e transporte p\u00fablico eficiente <\/h2>\n\n\n\n<p>Outro fator que contribui para a qualidade de vida em <strong>Curitiba<\/strong> \u00e9 o sistema de transporte p\u00fablico, reconhecido como um dos melhores do mundo. A cidade implementou o sistema de<strong> BRT (Bus Rapid Transit)<\/strong>, que oferece um transporte r\u00e1pido, acess\u00edvel e eficiente para os habitantes. Al\u00e9m disso, <strong>Curitiba<\/strong> investe constantemente em solu\u00e7\u00f5es sustent\u00e1veis, o que contribui para a redu\u00e7\u00e3o de congestionamentos e a melhoria da qualidade do ar.<\/p>\n\n\n\n<p><strong>Curitiba<\/strong> tamb\u00e9m se destaca em termos de seguran\u00e7a e servi\u00e7os de sa\u00fade. A cidade apresenta \u00edndices de criminalidade relativamente baixos em compara\u00e7\u00e3o com outras capitais brasileiras, o que a torna um local seguro para morar. Al\u00e9m disso, a cidade conta com hospitais e cl\u00ednicas de qualidade, com acesso tanto para a popula\u00e7\u00e3o local quanto para os turistas que visitam a cidade.<\/p>\n\n\n\n<h2 class=\"wp-block-heading\">Educa\u00e7\u00e3o na Cidade: Qualidade e inova\u00e7\u00e3o<\/h2>\n\n\n\n<p>As escolas p\u00fablicas de <strong>Curitiba<\/strong> s\u00e3o bem avaliadas e oferecem ensino de qualidade, com destaque para a rede de ensino fundamental e m\u00e9dio. A cidade investe constantemente na forma\u00e7\u00e3o de professores, na melhoria das instala\u00e7\u00f5es e na oferta de programas educacionais que atendem \u00e0s necessidades dos estudantes.<\/p>\n\n\n\n<p>No ensino superior, <strong>Curitiba<\/strong> conta com importantes universidades, como a <strong>Universidade Federal do Paran\u00e1 (UFPR)<\/strong> e a <strong>Universidade Tecnol\u00f3gica Federal do Paran\u00e1 (UTFPR)<\/strong>, que s\u00e3o refer\u00eancias no pa\u00eds. Essas institui\u00e7\u00f5es oferecem uma ampla gama de cursos de gradua\u00e7\u00e3o e p\u00f3s-gradua\u00e7\u00e3o, al\u00e9m de promoverem atividades de pesquisa e extens\u00e3o que contribuem para o desenvolvimento da cidade.<\/p>\n\n\n<div class=\"wp-block-image\">\n<figure class=\"aligncenter size-large\"><img decoding=\"async\" width=\"1024\" height=\"576\" src=\"https:\/\/www.correiobraziliense.com.br\/cbradar\/wp-content\/uploads\/2025\/02\/Curitiba_1739428654411-1024x576.jpg\" alt=\"Voc\u00ea sabe qual \u00e9 a cidade conhecida como a \u201cCidade Sorriso\u201d?\" class=\"wp-image-2181\" srcset=\"https:\/\/www.correiobraziliense.com.br\/cbradar\/wp-content\/uploads\/2025\/02\/Curitiba_1739428654411-1024x576.jpg 1024w, https:\/\/www.correiobraziliense.com.br\/cbradar\/wp-content\/uploads\/2025\/02\/Curitiba_1739428654411-300x169.jpg 300w, https:\/\/www.correiobraziliense.com.br\/cbradar\/wp-content\/uploads\/2025\/02\/Curitiba_1739428654411-768x432.jpg 768w, https:\/\/www.correiobraziliense.com.br\/cbradar\/wp-content\/uploads\/2025\/02\/Curitiba_1739428654411-750x422.jpg 750w, https:\/\/www.correiobraziliense.com.br\/cbradar\/wp-content\/uploads\/2025\/02\/Curitiba_1739428654411-1140x641.jpg 1140w, https:\/\/www.correiobraziliense.com.br\/cbradar\/wp-content\/uploads\/2025\/02\/Curitiba_1739428654411.jpg 1280w\" sizes=\"(max-width: 1024px) 100vw, 1024px\" \/><figcaption class=\"wp-element-caption\">Curitiba \/\/ Cr\u00e9ditos: depositphotos.com \/ mbastos<\/figcaption><\/figure><\/div>\n\n\n<h2 class=\"wp-block-heading\">O que fazer em Curitiba? Turismo e lazer para todos os gostos<\/h2>\n\n\n\n<p>Quem visita <strong>Curitiba<\/strong> n\u00e3o pode deixar de conhecer o <strong>Jardim Bot\u00e2nico<\/strong>, com sua famosa estufa de vidro, o <strong>Museu Oscar Niemeyer<\/strong>, um dos maiores centros de arte do <strong>Brasil<\/strong>, e a <strong>\u00d3pera de Arame<\/strong>, uma constru\u00e7\u00e3o surpreendente no meio de um cen\u00e1rio natural deslumbrante. Al\u00e9m disso, a cidade \u00e9 famosa por sua gastronomia, com restaurantes que oferecem pratos t\u00edpicos da culin\u00e1ria paranaense e de diversas partes do mundo.<\/p>\n\n\n\n<p>Al\u00e9m das atra\u00e7\u00f5es urbanas, <strong>Curitiba<\/strong> tamb\u00e9m \u00e9 um destino ideal para quem ama ecoturismo. O<strong> Parque Tangu\u00e1, <\/strong>o<strong> Parque Passa\u00fana <\/strong>e o <strong>Parque Estadual de Vila Velha<\/strong> s\u00e3o apenas algumas das op\u00e7\u00f5es para quem quer desfrutar de trilhas, observa\u00e7\u00e3o de fauna e flora, e paisagens de tirar o f\u00f4lego. Para os amantes de hist\u00f3ria e cultura, o bairro de Santa Felicidade oferece um mergulho na cultura italiana, com suas cantinas e eventos tradicionais.<\/p>\n\n\n\n<h2 class=\"wp-block-heading\">Como a cidade preserva sua hist\u00f3ria e cultura?<\/h2>\n\n\n\n<p>A cidade \u00e9 um exemplo de como \u00e9 poss\u00edvel conciliar o desenvolvimento urbano com a preserva\u00e7\u00e3o cultural e hist\u00f3rica. <strong>Curitiba<\/strong> mant\u00e9m um patrim\u00f4nio arquitet\u00f4nico impressionante, desde os casar\u00f5es do Centro Hist\u00f3rico at\u00e9 as constru\u00e7\u00f5es modernas, como o Museu Oscar Niemeyer, que simboliza o compromisso da cidade com a arte e a inova\u00e7\u00e3o.<\/p>\n\n\n\n<p><strong>Curitiba<\/strong> tamb\u00e9m \u00e9 palco de uma s\u00e9rie de festas e eventos culturais durante o ano inteiro. O <strong>Festival de Teatro de Curitiba<\/strong>, por exemplo, atrai milhares de visitantes todos os anos, assim como a <strong>Mostra de Cinema de Curitiba<\/strong> e o <strong>Natal de Curitiba<\/strong>, com suas famosas ilumina\u00e7\u00f5es e decora\u00e7\u00f5es que encantam tanto adultos quanto crian\u00e7as.<\/p>\n\n\n\n<h2 class=\"wp-block-heading\">Vale a pena morar em Curitiba?<\/h2>\n\n\n\n<p>Sim, morar em <strong>Curitiba<\/strong> \u00e9 uma excelente escolha para quem busca qualidade de vida. A cidade oferece uma infraestrutura de primeiro mundo, seguran\u00e7a, op\u00e7\u00f5es de lazer e cultura, al\u00e9m de um ambiente saud\u00e1vel e com \u00f3timas oportunidades de emprego e educa\u00e7\u00e3o. Se voc\u00ea est\u00e1 procurando um lugar para viver com qualidade de vida e boa acessibilidade, <strong>Curitiba<\/strong> \u00e9 um dos melhores destinos do Brasil.<\/p>\n\n\n\n<h2 class=\"wp-block-heading\">Vale a pena visitar Curitiba?<\/h2>\n\n\n\n<p>Definitivamente, sim! <strong>Curitiba<\/strong> \u00e9 uma cidade cheia de charme e op\u00e7\u00f5es tur\u00edsticas para todos os gostos. Se voc\u00ea ama cultura, natureza e gastronomia, a cidade \u00e9 um destino imperd\u00edvel. Visitar <strong>Curitiba<\/strong> \u00e9 uma experi\u00eancia \u00fanica, com sua combina\u00e7\u00e3o de modernidade e tradi\u00e7\u00e3o, al\u00e9m da hospitalidade de seu povo. N\u00e3o deixe de conhecer suas principais atra\u00e7\u00f5es e se encantar com tudo o que a cidade tem a oferecer.<\/p>\n","protected":false},"excerpt":{"rendered":"<p>Curitiba, capital do estado do Paran\u00e1, \u00e9 um verdadeiro exemplo de planejamento urbano e qualidade de vida. Com uma infraestrutura invej\u00e1vel, um sistema de transporte p\u00fablico reconhecido mundialmente e uma vida cultural vibrante, a cidade tem conquistado o cora\u00e7\u00e3o de moradores e turistas. Em meio a parques, museus e gastronomia de alta qualidade, Curitiba se [&hellip;]<\/p>\n","protected":false},"author":8,"featured_media":22942,"comment_status":"open","ping_status":"open","sticky":false,"template":"","format":"standard","meta":{"_yoast_wpseo_focuskw":"cidade","_yoast_wpseo_title":"","_yoast_wpseo_metadesc":"Procura o lugar ideal para morar? Essa cidade une qualidade de vida, natureza e inova\u00e7\u00e3o em um s\u00f3 lugar. Veja os detalhes.","jnews-multi-image_gallery":[],"jnews_single_post":{"format":"standard"},"jnews_primary_category":[],"jnews_social_meta":[],"jnews_override_counter":[],"footnotes":""},"categories":[108,111],"tags":[449,149,247],"class_list":["post-34828","post","type-post","status-publish","format-standard","has-post-thumbnail","hentry","category-cidades","category-turismo","tag-curitiba","tag-educacao","tag-qualidade-de-vida"],"yoast_head":"<!-- This site is optimized with the Yoast SEO plugin v24.6 - https:\/\/yoast.com\/wordpress\/plugins\/seo\/ -->\n<title>A cidade perfeita para quem busca qualidade de vida e inova\u00e7\u00e3o no Brasil - Correio Braziliense - Radar<\/title>\n<meta name=\"description\" content=\"Procura o lugar ideal para morar? Essa cidade une qualidade de vida, natureza e inova\u00e7\u00e3o em um s\u00f3 lugar. Veja os detalhes.\" \/>\n<meta name=\"robots\" content=\"index, follow, max-snippet:-1, max-image-preview:large, max-video-preview:-1\" \/>\n<link rel=\"canonical\" href=\"https:\/\/www.correiobraziliense.com.br\/cbradar\/a-cidade-perfeita-para-quem-busca-qualidade-de-vida-e-inovacao-no-brasil\/\" \/>\n<meta property=\"og:locale\" content=\"pt_BR\" \/>\n<meta property=\"og:type\" content=\"article\" \/>\n<meta property=\"og:title\" content=\"A cidade perfeita para quem busca qualidade de vida e inova\u00e7\u00e3o no Brasil - Correio Braziliense - Radar\" \/>\n<meta property=\"og:description\" content=\"Procura o lugar ideal para morar? Essa cidade une qualidade de vida, natureza e inova\u00e7\u00e3o em um s\u00f3 lugar. Veja os detalhes.\" \/>\n<meta property=\"og:url\" content=\"https:\/\/www.correiobraziliense.com.br\/cbradar\/a-cidade-perfeita-para-quem-busca-qualidade-de-vida-e-inovacao-no-brasil\/\" \/>\n<meta property=\"og:site_name\" content=\"Correio Braziliense - Radar\" \/>\n<meta property=\"article:published_time\" content=\"2025-05-12T10:30:00+00:00\" \/>\n<meta property=\"og:image\" content=\"https:\/\/www.correiobraziliense.com.br\/cbradar\/wp-content\/uploads\/2025\/04\/curitiba_1744549014194.jpg\" \/>\n\t<meta property=\"og:image:width\" content=\"1280\" \/>\n\t<meta property=\"og:image:height\" content=\"720\" \/>\n\t<meta property=\"og:image:type\" content=\"image\/jpeg\" \/>\n<meta name=\"author\" content=\"Maura Pereira\" \/>\n<meta name=\"twitter:card\" content=\"summary_large_image\" \/>\n<meta name=\"twitter:label1\" content=\"Escrito por\" \/>\n\t<meta name=\"twitter:data1\" content=\"Maura Pereira\" \/>\n\t<meta name=\"twitter:label2\" content=\"Est. tempo de leitura\" \/>\n\t<meta name=\"twitter:data2\" content=\"6 minutos\" \/>\n<!-- \/ Yoast SEO plugin. -->","yoast_head_json":{"title":"A cidade perfeita para quem busca qualidade de vida e inova\u00e7\u00e3o no Brasil - Correio Braziliense - Radar","description":"Procura o lugar ideal para morar? Essa cidade une qualidade de vida, natureza e inova\u00e7\u00e3o em um s\u00f3 lugar. Veja os detalhes.","robots":{"index":"index","follow":"follow","max-snippet":"max-snippet:-1","max-image-preview":"max-image-preview:large","max-video-preview":"max-video-preview:-1"},"canonical":"https:\/\/www.correiobraziliense.com.br\/cbradar\/a-cidade-perfeita-para-quem-busca-qualidade-de-vida-e-inovacao-no-brasil\/","og_locale":"pt_BR","og_type":"article","og_title":"A cidade perfeita para quem busca qualidade de vida e inova\u00e7\u00e3o no Brasil - Correio Braziliense - Radar","og_description":"Procura o lugar ideal para morar? Essa cidade une qualidade de vida, natureza e inova\u00e7\u00e3o em um s\u00f3 lugar. Veja os detalhes.","og_url":"https:\/\/www.correiobraziliense.com.br\/cbradar\/a-cidade-perfeita-para-quem-busca-qualidade-de-vida-e-inovacao-no-brasil\/","og_site_name":"Correio Braziliense - Radar","article_published_time":"2025-05-12T10:30:00+00:00","og_image":[{"width":1280,"height":720,"url":"https:\/\/www.correiobraziliense.com.br\/cbradar\/wp-content\/uploads\/2025\/04\/curitiba_1744549014194.jpg","type":"image\/jpeg"}],"author":"Maura Pereira","twitter_card":"summary_large_image","twitter_misc":{"Escrito por":"Maura Pereira","Est. tempo de leitura":"6 minutos"},"schema":{"@context":"https:\/\/schema.org","@graph":[{"@type":"WebPage","@id":"https:\/\/www.correiobraziliense.com.br\/cbradar\/a-cidade-perfeita-para-quem-busca-qualidade-de-vida-e-inovacao-no-brasil\/","url":"https:\/\/www.correiobraziliense.com.br\/cbradar\/a-cidade-perfeita-para-quem-busca-qualidade-de-vida-e-inovacao-no-brasil\/","name":"A cidade perfeita para quem busca qualidade de vida e inova\u00e7\u00e3o no Brasil - Correio Braziliense - Radar","isPartOf":{"@id":"https:\/\/www.correiobraziliense.com.br\/cbradar\/#website"},"primaryImageOfPage":{"@id":"https:\/\/www.correiobraziliense.com.br\/cbradar\/a-cidade-perfeita-para-quem-busca-qualidade-de-vida-e-inovacao-no-brasil\/#primaryimage"},"image":{"@id":"https:\/\/www.correiobraziliense.com.br\/cbradar\/a-cidade-perfeita-para-quem-busca-qualidade-de-vida-e-inovacao-no-brasil\/#primaryimage"},"thumbnailUrl":"https:\/\/www.correiobraziliense.com.br\/cbradar\/wp-content\/uploads\/2025\/04\/curitiba_1744549014194.jpg","datePublished":"2025-05-12T10:30:00+00:00","author":{"@id":"https:\/\/www.correiobraziliense.com.br\/cbradar\/#\/schema\/person\/4053c651a9bfc785afc6f4cbc9032fd3"},"description":"Procura o lugar ideal para morar? Essa cidade une qualidade de vida, natureza e inova\u00e7\u00e3o em um s\u00f3 lugar. Veja os detalhes.","breadcrumb":{"@id":"https:\/\/www.correiobraziliense.com.br\/cbradar\/a-cidade-perfeita-para-quem-busca-qualidade-de-vida-e-inovacao-no-brasil\/#breadcrumb"},"inLanguage":"pt-BR","potentialAction":[{"@type":"ReadAction","target":["https:\/\/www.correiobraziliense.com.br\/cbradar\/a-cidade-perfeita-para-quem-busca-qualidade-de-vida-e-inovacao-no-brasil\/"]}]},{"@type":"ImageObject","inLanguage":"pt-BR","@id":"https:\/\/www.correiobraziliense.com.br\/cbradar\/a-cidade-perfeita-para-quem-busca-qualidade-de-vida-e-inovacao-no-brasil\/#primaryimage","url":"https:\/\/www.correiobraziliense.com.br\/cbradar\/wp-content\/uploads\/2025\/04\/curitiba_1744549014194.jpg","contentUrl":"https:\/\/www.correiobraziliense.com.br\/cbradar\/wp-content\/uploads\/2025\/04\/curitiba_1744549014194.jpg","width":1280,"height":720,"caption":"Viva Curitiba, cidade verde que inspira qualidade de vida com inova\u00e7\u00e3o e cultura vibrante. \/\/ Cr\u00e9ditos: depositphotos.com \/ sergio_pulp"},{"@type":"BreadcrumbList","@id":"https:\/\/www.correiobraziliense.com.br\/cbradar\/a-cidade-perfeita-para-quem-busca-qualidade-de-vida-e-inovacao-no-brasil\/#breadcrumb","itemListElement":[{"@type":"ListItem","position":1,"name":"In\u00edcio","item":"https:\/\/www.correiobraziliense.com.br\/cbradar\/"},{"@type":"ListItem","position":2,"name":"A cidade perfeita para quem busca qualidade de vida e inova\u00e7\u00e3o no Brasil"}]},{"@type":"WebSite","@id":"https:\/\/www.correiobraziliense.com.br\/cbradar\/#website","url":"https:\/\/www.correiobraziliense.com.br\/cbradar\/","name":"Correio Braziliense - Radar","description":"Acompanhe as \u00faltimas not\u00edcias e fique bem informado sobre tudo o que acontece no Brasil e no mundo.","potentialAction":[{"@type":"SearchAction","target":{"@type":"EntryPoint","urlTemplate":"https:\/\/www.correiobraziliense.com.br\/cbradar\/?s={search_term_string}"},"query-input":{"@type":"PropertyValueSpecification","valueRequired":true,"valueName":"search_term_string"}}],"inLanguage":"pt-BR"},{"@type":"Person","@id":"https:\/\/www.correiobraziliense.com.br\/cbradar\/#\/schema\/person\/4053c651a9bfc785afc6f4cbc9032fd3","name":"Maura Pereira","image":{"@type":"ImageObject","inLanguage":"pt-BR","@id":"https:\/\/www.correiobraziliense.com.br\/cbradar\/#\/schema\/person\/image\/","url":"https:\/\/secure.gravatar.com\/avatar\/3effd6bdadfa447f15089c7f7144eaa6?s=96&d=mm&r=g","contentUrl":"https:\/\/secure.gravatar.com\/avatar\/3effd6bdadfa447f15089c7f7144eaa6?s=96&d=mm&r=g","caption":"Maura Pereira"},"sameAs":["https:\/\/www.correiobraziliense.com.br\/"],"url":"https:\/\/www.correiobraziliense.com.br\/cbradar\/author\/mauramyth\/"}]}},"_links":{"self":[{"href":"https:\/\/www.correiobraziliense.com.br\/cbradar\/wp-json\/wp\/v2\/posts\/34828","targetHints":{"allow":["GET"]}}],"collection":[{"href":"https:\/\/www.correiobraziliense.com.br\/cbradar\/wp-json\/wp\/v2\/posts"}],"about":[{"href":"https:\/\/www.correiobraziliense.com.br\/cbradar\/wp-json\/wp\/v2\/types\/post"}],"author":[{"embeddable":true,"href":"https:\/\/www.correiobraziliense.com.br\/cbradar\/wp-json\/wp\/v2\/users\/8"}],"replies":[{"embeddable":true,"href":"https:\/\/www.correiobraziliense.com.br\/cbradar\/wp-json\/wp\/v2\/comments?post=34828"}],"version-history":[{"count":15,"href":"https:\/\/www.correiobraziliense.com.br\/cbradar\/wp-json\/wp\/v2\/posts\/34828\/revisions"}],"predecessor-version":[{"id":34855,"href":"https:\/\/www.correiobraziliense.com.br\/cbradar\/wp-json\/wp\/v2\/posts\/34828\/revisions\/34855"}],"wp:featuredmedia":[{"embeddable":true,"href":"https:\/\/www.correiobraziliense.com.br\/cbradar\/wp-json\/wp\/v2\/media\/22942"}],"wp:attachment":[{"href":"https:\/\/www.correiobraziliense.com.br\/cbradar\/wp-json\/wp\/v2\/media?parent=34828"}],"wp:term":[{"taxonomy":"category","embeddable":true,"href":"https:\/\/www.correiobraziliense.com.br\/cbradar\/wp-json\/wp\/v2\/categories?post=34828"},{"taxonomy":"post_tag","embeddable":true,"href":"https:\/\/www.correiobraziliense.com.br\/cbradar\/wp-json\/wp\/v2\/tags?post=34828"}],"curies":[{"name":"wp","href":"https:\/\/api.w.org\/{rel}","templated":true}]}}