{"id":35016,"date":"2025-05-10T11:29:16","date_gmt":"2025-05-10T14:29:16","guid":{"rendered":"https:\/\/www.correiobraziliense.com.br\/cbradar\/?p=35016"},"modified":"2025-05-10T11:29:16","modified_gmt":"2025-05-10T14:29:16","slug":"saiba-para-que-servem-os-botoes-de-metal-na-calca-jeans","status":"publish","type":"post","link":"https:\/\/www.correiobraziliense.com.br\/cbradar\/saiba-para-que-servem-os-botoes-de-metal-na-calca-jeans\/","title":{"rendered":"Saiba para que servem os bot\u00f5es de metal na cal\u00e7a jeans"},"content":{"rendered":"\n<p>Os jeans, uma pe\u00e7a ic\u00f4nica no mundo da moda, escondem detalhes que v\u00e3o al\u00e9m de sua apar\u00eancia. Um desses detalhes s\u00e3o os rebites met\u00e1licos, que \u00e0 primeira vista podem parecer meros adornos. No entanto, sua fun\u00e7\u00e3o \u00e9 muito mais significativa e remonta \u00e0s origens dos jeans como roupa de trabalho.<\/p>\n\n\n\n<p>Em 1873, um alfaiate identificou um problema comum entre os trabalhadores manuais: as costuras de suas cal\u00e7as se rompiam facilmente nas \u00e1reas de maior tens\u00e3o. Para solucionar isso, foram introduzidos pequenos rebites de cobre em pontos cr\u00edticos, refor\u00e7ando assim a resist\u00eancia do tecido e prolongando a vida \u00fatil das cal\u00e7as.<\/p>\n\n\n\n<h2 class=\"wp-block-heading\">Por que os rebites met\u00e1licos ainda s\u00e3o relevantes?<\/h2>\n\n\n\n<p>Apesar dos avan\u00e7os nas t\u00e9cnicas de costura, os rebites met\u00e1licos continuam sendo um elemento chave no design dos jeans. Originalmente, esses rebites impediam que as costuras se desfizessem, garantindo que as cal\u00e7as suportassem o desgaste di\u00e1rio dos trabalhadores. Com o tempo, os jeans deixaram de ser exclusivamente roupa de trabalho e se tornaram uma pe\u00e7a fundamental da moda urbana.<\/p>\n\n\n\n<p>Hoje em dia, os rebites s\u00e3o mantidos n\u00e3o apenas por sua funcionalidade, mas tamb\u00e9m como um s\u00edmbolo de autenticidade e heran\u00e7a. As marcas os preservam como uma homenagem \u00e0 hist\u00f3ria dos jeans, destacando sua resist\u00eancia e qualidade.<\/p>\n\n\n\n<figure class=\"wp-block-image size-large\"><img decoding=\"async\" width=\"1024\" height=\"576\" src=\"https:\/\/www.correiobraziliense.com.br\/cbradar\/wp-content\/uploads\/2025\/05\/calca-jeans_1746887337012-1024x576.jpg\" alt=\"Saiba para que servem os bot\u00f5es de metal na cal\u00e7a jeans\" class=\"wp-image-35019\" srcset=\"https:\/\/www.correiobraziliense.com.br\/cbradar\/wp-content\/uploads\/2025\/05\/calca-jeans_1746887337012-1024x576.jpg 1024w, https:\/\/www.correiobraziliense.com.br\/cbradar\/wp-content\/uploads\/2025\/05\/calca-jeans_1746887337012-300x169.jpg 300w, https:\/\/www.correiobraziliense.com.br\/cbradar\/wp-content\/uploads\/2025\/05\/calca-jeans_1746887337012-768x432.jpg 768w, https:\/\/www.correiobraziliense.com.br\/cbradar\/wp-content\/uploads\/2025\/05\/calca-jeans_1746887337012-750x422.jpg 750w, https:\/\/www.correiobraziliense.com.br\/cbradar\/wp-content\/uploads\/2025\/05\/calca-jeans_1746887337012-1140x641.jpg 1140w, https:\/\/www.correiobraziliense.com.br\/cbradar\/wp-content\/uploads\/2025\/05\/calca-jeans_1746887337012.jpg 1280w\" sizes=\"(max-width: 1024px) 100vw, 1024px\" \/><figcaption class=\"wp-element-caption\">Cal\u00e7a jeans. Cr\u00e9ditos: depositphotos.com \/ silici<\/figcaption><\/figure>\n\n\n\n<h2 class=\"wp-block-heading\">O misterioso bolso pequeno dos jeans<\/h2>\n\n\n\n<p>Outro elemento curioso no design dos jeans \u00e9 o pequeno bolso adicional dentro do bolso frontal direito. Embora muitos o considerem um ornamento sem utilidade, este bolso tem um prop\u00f3sito hist\u00f3rico. No s\u00e9culo XIX, quando os rel\u00f3gios de bolso eram comuns, este pequeno compartimento servia para proteg\u00ea-los, assegurando que n\u00e3o se movessem ou se danificassem.<\/p>\n\n\n\n<p>Hoje, embora os rel\u00f3gios de bolso tenham ca\u00eddo em desuso, o pequeno bolso ainda est\u00e1 presente. Sua perman\u00eancia \u00e9 um lembrete do legado dos jeans e sua evolu\u00e7\u00e3o ao longo do tempo, de uma pe\u00e7a funcional para trabalhadores a um \u00edcone da moda contempor\u00e2nea.<\/p>\n\n\n\n<h2 class=\"wp-block-heading\">A evolu\u00e7\u00e3o dos jeans: da funcionalidade \u00e0 moda<\/h2>\n\n\n\n<p>Os jeans percorreram um longo caminho desde seus humildes come\u00e7os como roupa de trabalho. Com o passar das d\u00e9cadas, eles se adaptaram \u00e0s tend\u00eancias da moda, mantendo elementos tradicionais como os rebites e o pequeno bolso. Esses detalhes n\u00e3o apenas refletem a hist\u00f3ria dos jeans, mas tamb\u00e9m destacam sua capacidade de evoluir e permanecer relevantes no mundo da moda.<\/p>\n\n\n\n<p>Atualmente, os jeans s\u00e3o uma pe\u00e7a essencial no guarda-roupa de homens e mulheres de todas as idades. Seu design, que combina funcionalidade e estilo, continua sendo um testemunho de sua rica hist\u00f3ria e capacidade de se adaptar \u00e0s necessidades cambiantes da sociedade.<\/p>\n","protected":false},"excerpt":{"rendered":"<p>Descubra a hist\u00f3ria por tr\u00e1s dos ic\u00f4nicos tachas de metal nos jeans, sua finalidade original e por que eles continuam sendo um elemento essencial hoje em dia.<\/p>\n","protected":false},"author":3,"featured_media":35018,"comment_status":"open","ping_status":"open","sticky":false,"template":"","format":"standard","meta":{"_yoast_wpseo_focuskw":"bot\u00f5es metal jeans","_yoast_wpseo_title":"%%title%%","_yoast_wpseo_metadesc":"Descubra a hist\u00f3ria por tr\u00e1s dos ic\u00f4nicos tachas de metal nos jeans, sua finalidade original e por que eles continuam sendo um elemento essencial hoje em dia.","jnews-multi-image_gallery":[],"jnews_single_post":{"format":"standard"},"jnews_primary_category":[],"jnews_social_meta":[],"jnews_override_counter":[],"footnotes":""},"categories":[112],"tags":[4447,4446,4448],"class_list":["post-35016","post","type-post","status-publish","format-standard","has-post-thumbnail","hentry","category-curiosidades","tag-calca-jeans","tag-jeans","tag-vestuario"],"yoast_head":"<!-- This site is optimized with the Yoast SEO plugin v24.6 - https:\/\/yoast.com\/wordpress\/plugins\/seo\/ -->\n<title>Saiba para que servem os bot\u00f5es de metal na cal\u00e7a jeans<\/title>\n<meta name=\"description\" content=\"Descubra a hist\u00f3ria por tr\u00e1s dos ic\u00f4nicos tachas de metal nos jeans, sua finalidade original e por que eles continuam sendo um elemento essencial hoje em dia.\" \/>\n<meta name=\"robots\" content=\"index, follow, max-snippet:-1, max-image-preview:large, max-video-preview:-1\" \/>\n<link rel=\"canonical\" href=\"https:\/\/www.correiobraziliense.com.br\/cbradar\/saiba-para-que-servem-os-botoes-de-metal-na-calca-jeans\/\" \/>\n<meta property=\"og:locale\" content=\"pt_BR\" \/>\n<meta property=\"og:type\" content=\"article\" \/>\n<meta property=\"og:title\" content=\"Saiba para que servem os bot\u00f5es de metal na cal\u00e7a jeans\" \/>\n<meta property=\"og:description\" content=\"Descubra a hist\u00f3ria por tr\u00e1s dos ic\u00f4nicos tachas de metal nos jeans, sua finalidade original e por que eles continuam sendo um elemento essencial hoje em dia.\" \/>\n<meta property=\"og:url\" content=\"https:\/\/www.correiobraziliense.com.br\/cbradar\/saiba-para-que-servem-os-botoes-de-metal-na-calca-jeans\/\" \/>\n<meta property=\"og:site_name\" content=\"Correio Braziliense - Radar\" \/>\n<meta property=\"article:published_time\" content=\"2025-05-10T14:29:16+00:00\" \/>\n<meta property=\"og:image\" content=\"https:\/\/www.correiobraziliense.com.br\/cbradar\/wp-content\/uploads\/2025\/05\/calca-jeans_1746887250217.jpg\" \/>\n\t<meta property=\"og:image:width\" content=\"1280\" \/>\n\t<meta property=\"og:image:height\" content=\"720\" \/>\n\t<meta property=\"og:image:type\" content=\"image\/jpeg\" \/>\n<meta name=\"author\" content=\"Larissa Carvalho\" \/>\n<meta name=\"twitter:card\" content=\"summary_large_image\" \/>\n<meta name=\"twitter:label1\" content=\"Escrito por\" \/>\n\t<meta name=\"twitter:data1\" content=\"Larissa Carvalho\" \/>\n\t<meta name=\"twitter:label2\" content=\"Est. tempo de leitura\" \/>\n\t<meta name=\"twitter:data2\" content=\"3 minutos\" \/>\n<!-- \/ Yoast SEO plugin. -->","yoast_head_json":{"title":"Saiba para que servem os bot\u00f5es de metal na cal\u00e7a jeans","description":"Descubra a hist\u00f3ria por tr\u00e1s dos ic\u00f4nicos tachas de metal nos jeans, sua finalidade original e por que eles continuam sendo um elemento essencial hoje em dia.","robots":{"index":"index","follow":"follow","max-snippet":"max-snippet:-1","max-image-preview":"max-image-preview:large","max-video-preview":"max-video-preview:-1"},"canonical":"https:\/\/www.correiobraziliense.com.br\/cbradar\/saiba-para-que-servem-os-botoes-de-metal-na-calca-jeans\/","og_locale":"pt_BR","og_type":"article","og_title":"Saiba para que servem os bot\u00f5es de metal na cal\u00e7a jeans","og_description":"Descubra a hist\u00f3ria por tr\u00e1s dos ic\u00f4nicos tachas de metal nos jeans, sua finalidade original e por que eles continuam sendo um elemento essencial hoje em dia.","og_url":"https:\/\/www.correiobraziliense.com.br\/cbradar\/saiba-para-que-servem-os-botoes-de-metal-na-calca-jeans\/","og_site_name":"Correio Braziliense - Radar","article_published_time":"2025-05-10T14:29:16+00:00","og_image":[{"width":1280,"height":720,"url":"https:\/\/www.correiobraziliense.com.br\/cbradar\/wp-content\/uploads\/2025\/05\/calca-jeans_1746887250217.jpg","type":"image\/jpeg"}],"author":"Larissa Carvalho","twitter_card":"summary_large_image","twitter_misc":{"Escrito por":"Larissa Carvalho","Est. tempo de leitura":"3 minutos"},"schema":{"@context":"https:\/\/schema.org","@graph":[{"@type":"WebPage","@id":"https:\/\/www.correiobraziliense.com.br\/cbradar\/saiba-para-que-servem-os-botoes-de-metal-na-calca-jeans\/","url":"https:\/\/www.correiobraziliense.com.br\/cbradar\/saiba-para-que-servem-os-botoes-de-metal-na-calca-jeans\/","name":"Saiba para que servem os bot\u00f5es de metal na cal\u00e7a jeans","isPartOf":{"@id":"https:\/\/www.correiobraziliense.com.br\/cbradar\/#website"},"primaryImageOfPage":{"@id":"https:\/\/www.correiobraziliense.com.br\/cbradar\/saiba-para-que-servem-os-botoes-de-metal-na-calca-jeans\/#primaryimage"},"image":{"@id":"https:\/\/www.correiobraziliense.com.br\/cbradar\/saiba-para-que-servem-os-botoes-de-metal-na-calca-jeans\/#primaryimage"},"thumbnailUrl":"https:\/\/www.correiobraziliense.com.br\/cbradar\/wp-content\/uploads\/2025\/05\/calca-jeans_1746887250217.jpg","datePublished":"2025-05-10T14:29:16+00:00","author":{"@id":"https:\/\/www.correiobraziliense.com.br\/cbradar\/#\/schema\/person\/58422787644df994b53a19d3e56c1513"},"description":"Descubra a hist\u00f3ria por tr\u00e1s dos ic\u00f4nicos tachas de metal nos jeans, sua finalidade original e por que eles continuam sendo um elemento essencial hoje em dia.","breadcrumb":{"@id":"https:\/\/www.correiobraziliense.com.br\/cbradar\/saiba-para-que-servem-os-botoes-de-metal-na-calca-jeans\/#breadcrumb"},"inLanguage":"pt-BR","potentialAction":[{"@type":"ReadAction","target":["https:\/\/www.correiobraziliense.com.br\/cbradar\/saiba-para-que-servem-os-botoes-de-metal-na-calca-jeans\/"]}]},{"@type":"ImageObject","inLanguage":"pt-BR","@id":"https:\/\/www.correiobraziliense.com.br\/cbradar\/saiba-para-que-servem-os-botoes-de-metal-na-calca-jeans\/#primaryimage","url":"https:\/\/www.correiobraziliense.com.br\/cbradar\/wp-content\/uploads\/2025\/05\/calca-jeans_1746887250217.jpg","contentUrl":"https:\/\/www.correiobraziliense.com.br\/cbradar\/wp-content\/uploads\/2025\/05\/calca-jeans_1746887250217.jpg","width":1280,"height":720,"caption":"cal\u00e7a jeans. Cr\u00e9ditos: depositphotos.com \/ gdolgikh"},{"@type":"BreadcrumbList","@id":"https:\/\/www.correiobraziliense.com.br\/cbradar\/saiba-para-que-servem-os-botoes-de-metal-na-calca-jeans\/#breadcrumb","itemListElement":[{"@type":"ListItem","position":1,"name":"In\u00edcio","item":"https:\/\/www.correiobraziliense.com.br\/cbradar\/"},{"@type":"ListItem","position":2,"name":"Saiba para que servem os bot\u00f5es de metal na cal\u00e7a jeans"}]},{"@type":"WebSite","@id":"https:\/\/www.correiobraziliense.com.br\/cbradar\/#website","url":"https:\/\/www.correiobraziliense.com.br\/cbradar\/","name":"Correio Braziliense - Radar","description":"Acompanhe as \u00faltimas not\u00edcias e fique bem informado sobre tudo o que acontece no Brasil e no mundo.","potentialAction":[{"@type":"SearchAction","target":{"@type":"EntryPoint","urlTemplate":"https:\/\/www.correiobraziliense.com.br\/cbradar\/?s={search_term_string}"},"query-input":{"@type":"PropertyValueSpecification","valueRequired":true,"valueName":"search_term_string"}}],"inLanguage":"pt-BR"},{"@type":"Person","@id":"https:\/\/www.correiobraziliense.com.br\/cbradar\/#\/schema\/person\/58422787644df994b53a19d3e56c1513","name":"Larissa Carvalho","image":{"@type":"ImageObject","inLanguage":"pt-BR","@id":"https:\/\/www.correiobraziliense.com.br\/cbradar\/#\/schema\/person\/image\/","url":"https:\/\/secure.gravatar.com\/avatar\/fe4f91a0de32b52a838d0d612abdc1aa?s=96&d=mm&r=g","contentUrl":"https:\/\/secure.gravatar.com\/avatar\/fe4f91a0de32b52a838d0d612abdc1aa?s=96&d=mm&r=g","caption":"Larissa Carvalho"},"url":"https:\/\/www.correiobraziliense.com.br\/cbradar\/author\/larissamyth\/"}]}},"_links":{"self":[{"href":"https:\/\/www.correiobraziliense.com.br\/cbradar\/wp-json\/wp\/v2\/posts\/35016","targetHints":{"allow":["GET"]}}],"collection":[{"href":"https:\/\/www.correiobraziliense.com.br\/cbradar\/wp-json\/wp\/v2\/posts"}],"about":[{"href":"https:\/\/www.correiobraziliense.com.br\/cbradar\/wp-json\/wp\/v2\/types\/post"}],"author":[{"embeddable":true,"href":"https:\/\/www.correiobraziliense.com.br\/cbradar\/wp-json\/wp\/v2\/users\/3"}],"replies":[{"embeddable":true,"href":"https:\/\/www.correiobraziliense.com.br\/cbradar\/wp-json\/wp\/v2\/comments?post=35016"}],"version-history":[{"count":2,"href":"https:\/\/www.correiobraziliense.com.br\/cbradar\/wp-json\/wp\/v2\/posts\/35016\/revisions"}],"predecessor-version":[{"id":35020,"href":"https:\/\/www.correiobraziliense.com.br\/cbradar\/wp-json\/wp\/v2\/posts\/35016\/revisions\/35020"}],"wp:featuredmedia":[{"embeddable":true,"href":"https:\/\/www.correiobraziliense.com.br\/cbradar\/wp-json\/wp\/v2\/media\/35018"}],"wp:attachment":[{"href":"https:\/\/www.correiobraziliense.com.br\/cbradar\/wp-json\/wp\/v2\/media?parent=35016"}],"wp:term":[{"taxonomy":"category","embeddable":true,"href":"https:\/\/www.correiobraziliense.com.br\/cbradar\/wp-json\/wp\/v2\/categories?post=35016"},{"taxonomy":"post_tag","embeddable":true,"href":"https:\/\/www.correiobraziliense.com.br\/cbradar\/wp-json\/wp\/v2\/tags?post=35016"}],"curies":[{"name":"wp","href":"https:\/\/api.w.org\/{rel}","templated":true}]}}