{"id":35043,"date":"2025-05-11T07:03:00","date_gmt":"2025-05-11T10:03:00","guid":{"rendered":"https:\/\/www.correiobraziliense.com.br\/cbradar\/?p=35043"},"modified":"2025-05-12T14:19:41","modified_gmt":"2025-05-12T17:19:41","slug":"o-maior-erro-que-voce-comete-ao-tomar-banho-pos-treino","status":"publish","type":"post","link":"https:\/\/www.correiobraziliense.com.br\/cbradar\/o-maior-erro-que-voce-comete-ao-tomar-banho-pos-treino\/","title":{"rendered":"O maior erro que voc\u00ea comete ao tomar Banho p\u00f3s-treino"},"content":{"rendered":"\n<p>O <strong>Banho <\/strong>\u00e9 uma pr\u00e1tica di\u00e1ria essencial para a higiene pessoal, ajudando a remover sujeira, suor e <a href=\"https:\/\/www.msdmanuals.com\/pt\/casa\/dist%C3%BArbios-da-pele\/infec%C3%A7%C3%B5es-bacterianas-da-pele\/considera%C3%A7%C3%B5es-gerais-sobre-infec%C3%A7%C3%B5es-bacterianas-da-pele\" target=\"_blank\" rel=\"noreferrer noopener\">bact\u00e9rias da pele<\/a>. No entanto, o momento de tomar banho ap\u00f3s a pr\u00e1tica de exerc\u00edcios f\u00edsicos pode influenciar a sa\u00fade de maneiras que muitos desconhecem. Este artigo explora os efeitos de tomar banho imediatamente ap\u00f3s o treino e oferece orienta\u00e7\u00f5es sobre o momento mais adequado para faz\u00ea-lo.<\/p>\n\n\n\n<p>Durante a atividade f\u00edsica, o corpo passa por diversas mudan\u00e7as fisiol\u00f3gicas, incluindo o aumento da temperatura corporal e a dilata\u00e7\u00e3o dos vasos sangu\u00edneos. Esses processos s\u00e3o naturais e ajudam a regular a temperatura do corpo atrav\u00e9s do suor. No entanto, interromper esse ciclo com um Banho imediato pode ter consequ\u00eancias indesejadas.<\/p>\n\n\n\n<h2 class=\"wp-block-heading\">Por que evitar o Banho imediato ap\u00f3s o exerc\u00edcio?<\/h2>\n\n\n\n<p>Quando uma pessoa se exercita, os m\u00fasculos queimam energia, o que eleva a temperatura do corpo. Como resposta, os vasos sangu\u00edneos se dilatam e o corpo come\u00e7a a suar para resfriar-se. Este processo n\u00e3o termina imediatamente ap\u00f3s o exerc\u00edcio, mas continua por alguns minutos enquanto o suor evapora, ajudando a regular a temperatura corporal.<\/p>\n\n\n\n<p>Interromper esse processo natural com um Banho, especialmente com \u00e1gua fria, pode causar efeitos adversos como tonturas, desmaios e altera\u00e7\u00f5es na press\u00e3o arterial. Em casos mais extremos, pode at\u00e9 levar a problemas como paralisia facial perif\u00e9rica. Portanto, \u00e9 importante permitir que o corpo esfrie naturalmente antes de tomar banho.<\/p>\n\n\n\n<h2 class=\"wp-block-heading\">Qual \u00e9 o momento ideal para tomar Banho?<\/h2>\n\n\n\n<p>Especialistas recomendam esperar cerca de 15 minutos ap\u00f3s o t\u00e9rmino do exerc\u00edcio antes de tomar Banho. Este tempo permite que o corpo complete seu processo de resfriamento natural. Durante esse per\u00edodo, \u00e9 aconselh\u00e1vel se hidratar adequadamente, ajudando na elimina\u00e7\u00e3o de toxinas atrav\u00e9s do suor.<\/p>\n\n\n\n<p>Al\u00e9m disso, o suor possui um pH levemente \u00e1cido, que cria uma camada protetora na pele contra bact\u00e9rias e agentes externos. Usar sabonetes alcalinos imediatamente ap\u00f3s o exerc\u00edcio pode remover essa prote\u00e7\u00e3o, deixando a pele mais vulner\u00e1vel. Assim, aguardar um pouco antes de tomar Banho pode ser ben\u00e9fico para a sa\u00fade da pele.<\/p>\n\n\n\n<h2 class=\"wp-block-heading\">Quais s\u00e3o as alternativas se esperar n\u00e3o for poss\u00edvel?<\/h2>\n\n\n\n<p>Se esperar n\u00e3o for uma op\u00e7\u00e3o vi\u00e1vel, a melhor alternativa \u00e9 optar por um Banho com \u00e1gua morna ou quente. Isso minimiza o impacto negativo na temperatura corporal e reduz o risco de problemas circulat\u00f3rios. \u00c1gua morna ajuda a manter o equil\u00edbrio t\u00e9rmico do corpo, evitando choques t\u00e9rmicos que podem ocorrer com \u00e1gua fria.<\/p>\n\n\n\n<p>Al\u00e9m disso, \u00e9 importante lembrar que o Banho n\u00e3o deve ser muito prolongado. Um Banho r\u00e1pido \u00e9 suficiente para remover o suor e a sujeira sem comprometer a sa\u00fade da pele.<\/p>\n\n\n\n<h2 class=\"wp-block-heading\">Quais os cuidados adicionais para manter a sa\u00fade ap\u00f3s o exerc\u00edcio?<\/h2>\n\n\n\n<p>Al\u00e9m de considerar o momento ideal para tomar Banho, \u00e9 essencial adotar outras pr\u00e1ticas saud\u00e1veis ap\u00f3s o exerc\u00edcio. Isso inclui a hidrata\u00e7\u00e3o adequada, alimenta\u00e7\u00e3o balanceada e descanso suficiente para a recupera\u00e7\u00e3o muscular. Esses cuidados ajudam a maximizar os benef\u00edcios do exerc\u00edcio e a manter o bem-estar geral.<\/p>\n\n\n\n<p>Por fim, \u00e9 sempre recomend\u00e1vel consultar um profissional de sa\u00fade ou um treinador f\u00edsico para orienta\u00e7\u00f5es personalizadas, especialmente se houver condi\u00e7\u00f5es de sa\u00fade preexistentes que possam ser afetadas pela pr\u00e1tica de exerc\u00edcios ou pelo Banho ap\u00f3s o treino.<\/p>\n\n\n\n<figure class=\"wp-block-image aligncenter size-large is-resized\"><img decoding=\"async\" width=\"1024\" height=\"576\" src=\"https:\/\/www.correiobraziliense.com.br\/cbradar\/wp-content\/uploads\/2025\/05\/pos-exercise_1746899783993-1024x576.jpg\" alt=\"\" class=\"wp-image-35051\" style=\"width:1017px;height:auto\" srcset=\"https:\/\/www.correiobraziliense.com.br\/cbradar\/wp-content\/uploads\/2025\/05\/pos-exercise_1746899783993-1024x576.jpg 1024w, https:\/\/www.correiobraziliense.com.br\/cbradar\/wp-content\/uploads\/2025\/05\/pos-exercise_1746899783993-300x169.jpg 300w, https:\/\/www.correiobraziliense.com.br\/cbradar\/wp-content\/uploads\/2025\/05\/pos-exercise_1746899783993-768x432.jpg 768w, https:\/\/www.correiobraziliense.com.br\/cbradar\/wp-content\/uploads\/2025\/05\/pos-exercise_1746899783993-750x422.jpg 750w, https:\/\/www.correiobraziliense.com.br\/cbradar\/wp-content\/uploads\/2025\/05\/pos-exercise_1746899783993-1140x641.jpg 1140w, https:\/\/www.correiobraziliense.com.br\/cbradar\/wp-content\/uploads\/2025\/05\/pos-exercise_1746899783993.jpg 1280w\" sizes=\"(max-width: 1024px) 100vw, 1024px\" \/><figcaption class=\"wp-element-caption\">o maior erro que voc\u00ea comete ao tomar banho p\u00f3s-treino &#8211; Cr\u00e9ditos: depositphotos.com \/ HayDmitriy\n\n<\/figcaption><\/figure>\n\n\n\n<p>Em resumo, o Banho ap\u00f3s o exerc\u00edcio \u00e9 uma pr\u00e1tica que requer aten\u00e7\u00e3o ao momento certo para evitar efeitos adversos. Compreender o funcionamento do corpo e respeitar seus processos naturais s\u00e3o passos importantes para garantir sa\u00fade e bem-estar cont\u00ednuos.<\/p>\n\n\n\n<p><\/p>\n","protected":false},"excerpt":{"rendered":"<p>O Banho \u00e9 uma pr\u00e1tica di\u00e1ria essencial para a higiene pessoal, ajudando a remover sujeira, suor e bact\u00e9rias da pele. No entanto, o momento de tomar banho ap\u00f3s a pr\u00e1tica de exerc\u00edcios f\u00edsicos pode influenciar a sa\u00fade de maneiras que muitos desconhecem. Este artigo explora os efeitos de tomar banho imediatamente ap\u00f3s o treino e [&hellip;]<\/p>\n","protected":false},"author":14,"featured_media":35060,"comment_status":"open","ping_status":"open","sticky":false,"template":"","format":"standard","meta":{"_yoast_wpseo_focuskw":"Banho","_yoast_wpseo_title":"","_yoast_wpseo_metadesc":"Voc\u00ea pode estar colocando sua sa\u00fade em risco com o banho ap\u00f3s o treino sem nem saber. Descubra o que ningu\u00e9m fala sobre esse h\u00e1bito comum.","jnews-multi-image_gallery":[],"jnews_single_post":{"format":"standard"},"jnews_primary_category":[],"jnews_social_meta":[],"jnews_override_counter":[],"footnotes":""},"categories":[4404],"tags":[444],"class_list":["post-35043","post","type-post","status-publish","format-standard","has-post-thumbnail","hentry","category-saude","tag-exercicio-fisico"],"yoast_head":"<!-- This site is optimized with the Yoast SEO plugin v24.6 - https:\/\/yoast.com\/wordpress\/plugins\/seo\/ -->\n<title>O maior erro que voc\u00ea comete ao tomar Banho p\u00f3s-treino - Correio Braziliense - Radar<\/title>\n<meta name=\"description\" content=\"Voc\u00ea pode estar colocando sua sa\u00fade em risco com o banho ap\u00f3s o treino sem nem saber. Descubra o que ningu\u00e9m fala sobre esse h\u00e1bito comum.\" \/>\n<meta name=\"robots\" content=\"index, follow, max-snippet:-1, max-image-preview:large, max-video-preview:-1\" \/>\n<link rel=\"canonical\" href=\"https:\/\/www.correiobraziliense.com.br\/cbradar\/o-maior-erro-que-voce-comete-ao-tomar-banho-pos-treino\/\" \/>\n<meta property=\"og:locale\" content=\"pt_BR\" \/>\n<meta property=\"og:type\" content=\"article\" \/>\n<meta property=\"og:title\" content=\"O maior erro que voc\u00ea comete ao tomar Banho p\u00f3s-treino - Correio Braziliense - Radar\" \/>\n<meta property=\"og:description\" content=\"Voc\u00ea pode estar colocando sua sa\u00fade em risco com o banho ap\u00f3s o treino sem nem saber. Descubra o que ningu\u00e9m fala sobre esse h\u00e1bito comum.\" \/>\n<meta property=\"og:url\" content=\"https:\/\/www.correiobraziliense.com.br\/cbradar\/o-maior-erro-que-voce-comete-ao-tomar-banho-pos-treino\/\" \/>\n<meta property=\"og:site_name\" content=\"Correio Braziliense - Radar\" \/>\n<meta property=\"article:published_time\" content=\"2025-05-11T10:03:00+00:00\" \/>\n<meta property=\"article:modified_time\" content=\"2025-05-12T17:19:41+00:00\" \/>\n<meta property=\"og:image\" content=\"https:\/\/www.correiobraziliense.com.br\/cbradar\/wp-content\/uploads\/2025\/05\/banho-exercise_1746900156159.jpg\" \/>\n\t<meta property=\"og:image:width\" content=\"1280\" \/>\n\t<meta property=\"og:image:height\" content=\"720\" \/>\n\t<meta property=\"og:image:type\" content=\"image\/jpeg\" \/>\n<meta name=\"author\" content=\"guilherme_saude\" \/>\n<meta name=\"twitter:card\" content=\"summary_large_image\" \/>\n<meta name=\"twitter:label1\" content=\"Escrito por\" \/>\n\t<meta name=\"twitter:data1\" content=\"guilherme_saude\" \/>\n\t<meta name=\"twitter:label2\" content=\"Est. tempo de leitura\" \/>\n\t<meta name=\"twitter:data2\" content=\"4 minutos\" \/>\n<!-- \/ Yoast SEO plugin. -->","yoast_head_json":{"title":"O maior erro que voc\u00ea comete ao tomar Banho p\u00f3s-treino - Correio Braziliense - Radar","description":"Voc\u00ea pode estar colocando sua sa\u00fade em risco com o banho ap\u00f3s o treino sem nem saber. Descubra o que ningu\u00e9m fala sobre esse h\u00e1bito comum.","robots":{"index":"index","follow":"follow","max-snippet":"max-snippet:-1","max-image-preview":"max-image-preview:large","max-video-preview":"max-video-preview:-1"},"canonical":"https:\/\/www.correiobraziliense.com.br\/cbradar\/o-maior-erro-que-voce-comete-ao-tomar-banho-pos-treino\/","og_locale":"pt_BR","og_type":"article","og_title":"O maior erro que voc\u00ea comete ao tomar Banho p\u00f3s-treino - Correio Braziliense - Radar","og_description":"Voc\u00ea pode estar colocando sua sa\u00fade em risco com o banho ap\u00f3s o treino sem nem saber. Descubra o que ningu\u00e9m fala sobre esse h\u00e1bito comum.","og_url":"https:\/\/www.correiobraziliense.com.br\/cbradar\/o-maior-erro-que-voce-comete-ao-tomar-banho-pos-treino\/","og_site_name":"Correio Braziliense - Radar","article_published_time":"2025-05-11T10:03:00+00:00","article_modified_time":"2025-05-12T17:19:41+00:00","og_image":[{"width":1280,"height":720,"url":"https:\/\/www.correiobraziliense.com.br\/cbradar\/wp-content\/uploads\/2025\/05\/banho-exercise_1746900156159.jpg","type":"image\/jpeg"}],"author":"guilherme_saude","twitter_card":"summary_large_image","twitter_misc":{"Escrito por":"guilherme_saude","Est. tempo de leitura":"4 minutos"},"schema":{"@context":"https:\/\/schema.org","@graph":[{"@type":"WebPage","@id":"https:\/\/www.correiobraziliense.com.br\/cbradar\/o-maior-erro-que-voce-comete-ao-tomar-banho-pos-treino\/","url":"https:\/\/www.correiobraziliense.com.br\/cbradar\/o-maior-erro-que-voce-comete-ao-tomar-banho-pos-treino\/","name":"O maior erro que voc\u00ea comete ao tomar Banho p\u00f3s-treino - Correio Braziliense - Radar","isPartOf":{"@id":"https:\/\/www.correiobraziliense.com.br\/cbradar\/#website"},"primaryImageOfPage":{"@id":"https:\/\/www.correiobraziliense.com.br\/cbradar\/o-maior-erro-que-voce-comete-ao-tomar-banho-pos-treino\/#primaryimage"},"image":{"@id":"https:\/\/www.correiobraziliense.com.br\/cbradar\/o-maior-erro-que-voce-comete-ao-tomar-banho-pos-treino\/#primaryimage"},"thumbnailUrl":"https:\/\/www.correiobraziliense.com.br\/cbradar\/wp-content\/uploads\/2025\/05\/banho-exercise_1746900156159.jpg","datePublished":"2025-05-11T10:03:00+00:00","dateModified":"2025-05-12T17:19:41+00:00","author":{"@id":"https:\/\/www.correiobraziliense.com.br\/cbradar\/#\/schema\/person\/5aa4bf3c8fa699c267933611de12978b"},"description":"Voc\u00ea pode estar colocando sua sa\u00fade em risco com o banho ap\u00f3s o treino sem nem saber. Descubra o que ningu\u00e9m fala sobre esse h\u00e1bito comum.","breadcrumb":{"@id":"https:\/\/www.correiobraziliense.com.br\/cbradar\/o-maior-erro-que-voce-comete-ao-tomar-banho-pos-treino\/#breadcrumb"},"inLanguage":"pt-BR","potentialAction":[{"@type":"ReadAction","target":["https:\/\/www.correiobraziliense.com.br\/cbradar\/o-maior-erro-que-voce-comete-ao-tomar-banho-pos-treino\/"]}]},{"@type":"ImageObject","inLanguage":"pt-BR","@id":"https:\/\/www.correiobraziliense.com.br\/cbradar\/o-maior-erro-que-voce-comete-ao-tomar-banho-pos-treino\/#primaryimage","url":"https:\/\/www.correiobraziliense.com.br\/cbradar\/wp-content\/uploads\/2025\/05\/banho-exercise_1746900156159.jpg","contentUrl":"https:\/\/www.correiobraziliense.com.br\/cbradar\/wp-content\/uploads\/2025\/05\/banho-exercise_1746900156159.jpg","width":1280,"height":720,"caption":"O m\u00e9todo natural mais usado por atletas para recuperar o corpo - Cr\u00e9ditos: depositphotos.com \/ giorgiorossi73"},{"@type":"BreadcrumbList","@id":"https:\/\/www.correiobraziliense.com.br\/cbradar\/o-maior-erro-que-voce-comete-ao-tomar-banho-pos-treino\/#breadcrumb","itemListElement":[{"@type":"ListItem","position":1,"name":"In\u00edcio","item":"https:\/\/www.correiobraziliense.com.br\/cbradar\/"},{"@type":"ListItem","position":2,"name":"O maior erro que voc\u00ea comete ao tomar Banho p\u00f3s-treino"}]},{"@type":"WebSite","@id":"https:\/\/www.correiobraziliense.com.br\/cbradar\/#website","url":"https:\/\/www.correiobraziliense.com.br\/cbradar\/","name":"Correio Braziliense - Radar","description":"Acompanhe as \u00faltimas not\u00edcias e fique bem informado sobre tudo o que acontece no Brasil e no mundo.","potentialAction":[{"@type":"SearchAction","target":{"@type":"EntryPoint","urlTemplate":"https:\/\/www.correiobraziliense.com.br\/cbradar\/?s={search_term_string}"},"query-input":{"@type":"PropertyValueSpecification","valueRequired":true,"valueName":"search_term_string"}}],"inLanguage":"pt-BR"},{"@type":"Person","@id":"https:\/\/www.correiobraziliense.com.br\/cbradar\/#\/schema\/person\/5aa4bf3c8fa699c267933611de12978b","name":"guilherme_saude","image":{"@type":"ImageObject","inLanguage":"pt-BR","@id":"https:\/\/www.correiobraziliense.com.br\/cbradar\/#\/schema\/person\/image\/","url":"https:\/\/secure.gravatar.com\/avatar\/df9adfb835d344bc0af109d41756253f?s=96&d=mm&r=g","contentUrl":"https:\/\/secure.gravatar.com\/avatar\/df9adfb835d344bc0af109d41756253f?s=96&d=mm&r=g","caption":"guilherme_saude"},"url":"https:\/\/www.correiobraziliense.com.br\/cbradar\/author\/guilherme_saude\/"}]}},"_links":{"self":[{"href":"https:\/\/www.correiobraziliense.com.br\/cbradar\/wp-json\/wp\/v2\/posts\/35043","targetHints":{"allow":["GET"]}}],"collection":[{"href":"https:\/\/www.correiobraziliense.com.br\/cbradar\/wp-json\/wp\/v2\/posts"}],"about":[{"href":"https:\/\/www.correiobraziliense.com.br\/cbradar\/wp-json\/wp\/v2\/types\/post"}],"author":[{"embeddable":true,"href":"https:\/\/www.correiobraziliense.com.br\/cbradar\/wp-json\/wp\/v2\/users\/14"}],"replies":[{"embeddable":true,"href":"https:\/\/www.correiobraziliense.com.br\/cbradar\/wp-json\/wp\/v2\/comments?post=35043"}],"version-history":[{"count":1,"href":"https:\/\/www.correiobraziliense.com.br\/cbradar\/wp-json\/wp\/v2\/posts\/35043\/revisions"}],"predecessor-version":[{"id":35063,"href":"https:\/\/www.correiobraziliense.com.br\/cbradar\/wp-json\/wp\/v2\/posts\/35043\/revisions\/35063"}],"wp:featuredmedia":[{"embeddable":true,"href":"https:\/\/www.correiobraziliense.com.br\/cbradar\/wp-json\/wp\/v2\/media\/35060"}],"wp:attachment":[{"href":"https:\/\/www.correiobraziliense.com.br\/cbradar\/wp-json\/wp\/v2\/media?parent=35043"}],"wp:term":[{"taxonomy":"category","embeddable":true,"href":"https:\/\/www.correiobraziliense.com.br\/cbradar\/wp-json\/wp\/v2\/categories?post=35043"},{"taxonomy":"post_tag","embeddable":true,"href":"https:\/\/www.correiobraziliense.com.br\/cbradar\/wp-json\/wp\/v2\/tags?post=35043"}],"curies":[{"name":"wp","href":"https:\/\/api.w.org\/{rel}","templated":true}]}}