{"id":35216,"date":"2025-05-11T20:10:00","date_gmt":"2025-05-11T23:10:00","guid":{"rendered":"https:\/\/www.correiobraziliense.com.br\/cbradar\/?p=35216"},"modified":"2025-05-10T17:57:01","modified_gmt":"2025-05-10T20:57:01","slug":"essa-cidade-do-nordeste-e-referencia-em-cultura-comercio-e-educacao","status":"publish","type":"post","link":"https:\/\/www.correiobraziliense.com.br\/cbradar\/essa-cidade-do-nordeste-e-referencia-em-cultura-comercio-e-educacao\/","title":{"rendered":"Essa cidade do Nordeste \u00e9 refer\u00eancia em cultura, com\u00e9rcio e educa\u00e7\u00e3o"},"content":{"rendered":"\n<p><strong><a href=\"https:\/\/caruaru.pe.gov.br\/\" target=\"_blank\" rel=\"noreferrer noopener\">Caruaru<\/a><\/strong>, no interior de <strong><a href=\"https:\/\/www.correiobraziliense.com.br\/cbradar\/essa-cidade-do-interior-de-pernambuco-e-conhecida-como-capital-do-bom-viver\/\" target=\"_blank\" rel=\"noreferrer noopener\">Pernambuco<\/a><\/strong>, \u00e9 conhecida como a <strong>Capital do Agreste<\/strong>. Com uma popula\u00e7\u00e3o de mais de 360 mil habitantes, a cidade se destaca por sua rica tradi\u00e7\u00e3o cultural, com\u00e9rcio vibrante e avan\u00e7os constantes em educa\u00e7\u00e3o e infraestrutura. \u00c9 um dos centros urbanos mais importantes do interior nordestino e refer\u00eancia para dezenas de munic\u00edpios da regi\u00e3o.<\/p>\n\n\n\n<p>Entre o moderno e o tradicional, <strong>Caruaru<\/strong> oferece uma combina\u00e7\u00e3o \u00fanica de hist\u00f3ria, desenvolvimento e qualidade de vida, sendo uma excelente escolha para quem deseja morar, empreender ou estudar em uma cidade cheia de identidade.<\/p>\n\n\n\n<h2 class=\"wp-block-heading\">Qualidade de vida com estrutura e ritmo equilibrado<\/h2>\n\n\n\n<p><strong>Caruaru<\/strong> oferece uma boa estrutura urbana, com bairros organizados, transporte coletivo funcional e acesso a servi\u00e7os p\u00fablicos essenciais. O sistema de sa\u00fade \u00e9 amplo, com hospitais, cl\u00ednicas e postos de atendimento distribu\u00eddos por toda a cidade.<\/p>\n\n\n\n<p>Apesar de movimentada, especialmente em \u00e9pocas festivas, <strong>Caruaru<\/strong> mant\u00e9m um ritmo de vida equilibrado, ideal para quem quer viver em uma cidade ativa sem a correria das capitais. A arboriza\u00e7\u00e3o e os espa\u00e7os p\u00fablicos tamb\u00e9m contribuem para o bem-estar dos moradores.<\/p>\n\n\n\n<h2 class=\"wp-block-heading\">Educa\u00e7\u00e3o em crescimento e destaque regional<\/h2>\n\n\n\n<p>O setor educacional de <strong>Caruaru<\/strong> vem crescendo de forma significativa. A cidade abriga institui\u00e7\u00f5es como o campus do <strong>Instituto Federal de Pernambuco (IFPE)<\/strong>, a <strong>Universidade Federal de Pernambuco (UFPE)<\/strong> e universidades privadas que oferecem cursos em diversas \u00e1reas.<\/p>\n\n\n\n<p>No ensino b\u00e1sico, escolas p\u00fablicas e privadas se destacam por seus projetos pedag\u00f3gicos e desempenho em avalia\u00e7\u00f5es. A forma\u00e7\u00e3o t\u00e9cnica e profissionalizante tamb\u00e9m recebe aten\u00e7\u00e3o especial, ampliando as oportunidades para os jovens da regi\u00e3o.<\/p>\n\n\n\n<figure class=\"wp-block-image size-large\"><img decoding=\"async\" width=\"1024\" height=\"576\" src=\"https:\/\/www.correiobraziliense.com.br\/cbradar\/wp-content\/uploads\/2025\/05\/Caruaru_1746909477616-1024x576.jpg\" alt=\"Essa cidade do Nordeste \u00e9 refer\u00eancia em cultura, com\u00e9rcio e educa\u00e7\u00e3o\" class=\"wp-image-35218\" srcset=\"https:\/\/www.correiobraziliense.com.br\/cbradar\/wp-content\/uploads\/2025\/05\/Caruaru_1746909477616-1024x576.jpg 1024w, https:\/\/www.correiobraziliense.com.br\/cbradar\/wp-content\/uploads\/2025\/05\/Caruaru_1746909477616-300x169.jpg 300w, https:\/\/www.correiobraziliense.com.br\/cbradar\/wp-content\/uploads\/2025\/05\/Caruaru_1746909477616-768x432.jpg 768w, https:\/\/www.correiobraziliense.com.br\/cbradar\/wp-content\/uploads\/2025\/05\/Caruaru_1746909477616-750x422.jpg 750w, https:\/\/www.correiobraziliense.com.br\/cbradar\/wp-content\/uploads\/2025\/05\/Caruaru_1746909477616-1140x641.jpg 1140w, https:\/\/www.correiobraziliense.com.br\/cbradar\/wp-content\/uploads\/2025\/05\/Caruaru_1746909477616.jpg 1280w\" sizes=\"(max-width: 1024px) 100vw, 1024px\" \/><figcaption class=\"wp-element-caption\">Caruaru. Cr\u00e9ditos: depositphotos.com \/ mrmello63@gmail.com<\/figcaption><\/figure>\n\n\n\n<h2 class=\"wp-block-heading\">Infraestrutura urbana e mobilidade funcional<\/h2>\n\n\n\n<p>Com ruas largas, vias bem sinalizadas e terminais de transporte, a cidade mant\u00e9m um sistema de mobilidade funcional, mesmo com o aumento populacional. A integra\u00e7\u00e3o entre os bairros \u00e9 eficiente, e h\u00e1 constante investimento em melhorias vi\u00e1rias e urbanas.<\/p>\n\n\n\n<p>Al\u00e9m disso, <strong>Caruaru<\/strong> conta com obras de expans\u00e3o urbana e requalifica\u00e7\u00e3o de \u00e1reas p\u00fablicas, o que valoriza ainda mais o espa\u00e7o urbano e estimula o crescimento ordenado.<\/p>\n\n\n\n<h2 class=\"wp-block-heading\">Tradi\u00e7\u00e3o cultural e eventos que movimentam a cidade<\/h2>\n\n\n\n<p><strong>Caruaru<\/strong> \u00e9 conhecida nacionalmente por sediar o <strong>Maior S\u00e3o Jo\u00e3o do Mundo<\/strong>, uma das festas juninas mais famosas do Brasil. Durante o m\u00eas de junho, a cidade se transforma em um verdadeiro centro cultural com apresenta\u00e7\u00f5es de forr\u00f3, quadrilhas, feiras e comidas t\u00edpicas.<\/p>\n\n\n\n<p>Fora do per\u00edodo junino, a cultura segue viva nos museus, no artesanato, na m\u00fasica regional e nos espa\u00e7os dedicados \u00e0 arte popular. A Feira de Caruaru, por exemplo, \u00e9 uma atra\u00e7\u00e3o \u00e0 parte, considerada uma das maiores feiras ao ar livre da Am\u00e9rica Latina.<\/p>\n\n\n\n<h2 class=\"wp-block-heading\">Com\u00e9rcio forte e economia regional ativa<\/h2>\n\n\n\n<p>O com\u00e9rcio \u00e9 um dos principais pilares da economia local. <strong>Caruaru<\/strong> abriga uma variedade de centros comerciais, atacadistas, mercados e lojas que abastecem n\u00e3o s\u00f3 a cidade, mas todo o agreste e sert\u00e3o pernambucano.<\/p>\n\n\n\n<p>O setor de confec\u00e7\u00f5es tamb\u00e9m \u00e9 forte, com destaque para o Polo de Moda do Agreste, que gera empregos e impulsiona a economia. A cidade tem atra\u00eddo novos empreendimentos e segue em ritmo acelerado de desenvolvimento econ\u00f4mico.<\/p>\n\n\n\n<figure class=\"wp-block-image size-large\"><img decoding=\"async\" width=\"1024\" height=\"576\" src=\"https:\/\/www.correiobraziliense.com.br\/cbradar\/wp-content\/uploads\/2025\/05\/Caruaru_1746909506072-1024x576.jpg\" alt=\"Essa cidade do Nordeste \u00e9 refer\u00eancia em cultura, com\u00e9rcio e educa\u00e7\u00e3o\" class=\"wp-image-35219\" srcset=\"https:\/\/www.correiobraziliense.com.br\/cbradar\/wp-content\/uploads\/2025\/05\/Caruaru_1746909506072-1024x576.jpg 1024w, https:\/\/www.correiobraziliense.com.br\/cbradar\/wp-content\/uploads\/2025\/05\/Caruaru_1746909506072-300x169.jpg 300w, https:\/\/www.correiobraziliense.com.br\/cbradar\/wp-content\/uploads\/2025\/05\/Caruaru_1746909506072-768x432.jpg 768w, https:\/\/www.correiobraziliense.com.br\/cbradar\/wp-content\/uploads\/2025\/05\/Caruaru_1746909506072-750x422.jpg 750w, https:\/\/www.correiobraziliense.com.br\/cbradar\/wp-content\/uploads\/2025\/05\/Caruaru_1746909506072-1140x641.jpg 1140w, https:\/\/www.correiobraziliense.com.br\/cbradar\/wp-content\/uploads\/2025\/05\/Caruaru_1746909506072.jpg 1280w\" sizes=\"(max-width: 1024px) 100vw, 1024px\" \/><figcaption class=\"wp-element-caption\">Caruaru. Cr\u00e9ditos: depositphotos.com \/ mrmello63@gmail.com<\/figcaption><\/figure>\n\n\n\n<h2 class=\"wp-block-heading\">Quais s\u00e3o os principais pontos tur\u00edsticos para visitar?<\/h2>\n\n\n\n<ul class=\"wp-block-list\">\n<li><strong>Feira de Caruaru<\/strong>: diversidade de produtos e artesanato local.<\/li>\n\n\n\n<li><strong>Museu do Barro e Museu Luiz Gonzaga<\/strong>: acervo sobre cultura nordestina.<\/li>\n\n\n\n<li><strong>Alto do Moura<\/strong>: bairro hist\u00f3rico conhecido como ber\u00e7o do artesanato em barro.<\/li>\n\n\n\n<li><strong>Esta\u00e7\u00e3o Ferrovi\u00e1ria<\/strong>: s\u00edmbolo da hist\u00f3ria da cidade, revitalizado como espa\u00e7o cultural.<\/li>\n\n\n\n<li><strong>Parque 18 de Maio<\/strong>: cen\u00e1rio principal das festas juninas e de lazer local.<\/li>\n<\/ul>\n\n\n\n<h2 class=\"wp-block-heading\">Vale a pena morar?<\/h2>\n\n\n\n<p>Sim! <strong>Caruaru<\/strong> oferece um ambiente urbano completo, com escolas de qualidade, servi\u00e7os de sa\u00fade, estrutura funcional e um clima cultural intenso. A cidade \u00e9 acolhedora, segura e oferece boas oportunidades para quem quer crescer com estabilidade e qualidade de vida.<\/p>\n\n\n\n<p>Fam\u00edlias, estudantes e empreendedores encontram em <strong>Caruaru<\/strong> um lugar prop\u00edcio para viver bem e com identidade regional preservada.<\/p>\n\n\n\n<h2 class=\"wp-block-heading\">Vale a pena visitar?<\/h2>\n\n\n\n<p>Com certeza! Al\u00e9m do famoso S\u00e3o Jo\u00e3o, a cidade reserva experi\u00eancias culturais riqu\u00edssimas durante todo o ano. Seja para explorar sua feira, conhecer sua arte ou vivenciar sua m\u00fasica, <strong>Caruaru<\/strong> \u00e9 uma parada obrigat\u00f3ria para quem visita o Nordeste.<\/p>\n","protected":false},"excerpt":{"rendered":"<p>Caruaru, PE \u00e9 destaque no Agreste com tradi\u00e7\u00e3o cultural, com\u00e9rcio forte, ensino em expans\u00e3o e infraestrutura urbana para morar ou visitar.<\/p>\n","protected":false},"author":3,"featured_media":35217,"comment_status":"open","ping_status":"open","sticky":false,"template":"","format":"standard","meta":{"_yoast_wpseo_focuskw":"Caruaru","_yoast_wpseo_title":"%%title%%","_yoast_wpseo_metadesc":"Caruaru, PE \u00e9 destaque no Agreste com tradi\u00e7\u00e3o cultural, com\u00e9rcio forte, ensino em expans\u00e3o e infraestrutura urbana para morar ou visitar.","jnews-multi-image_gallery":[],"jnews_single_post":{"format":"standard"},"jnews_primary_category":[],"jnews_social_meta":[],"jnews_override_counter":[],"footnotes":""},"categories":[108],"tags":[109],"class_list":["post-35216","post","type-post","status-publish","format-standard","has-post-thumbnail","hentry","category-cidades","tag-cidades"],"yoast_head":"<!-- This site is optimized with the Yoast SEO plugin v24.6 - https:\/\/yoast.com\/wordpress\/plugins\/seo\/ -->\n<title>Essa cidade do Nordeste \u00e9 refer\u00eancia em cultura, com\u00e9rcio e educa\u00e7\u00e3o<\/title>\n<meta name=\"description\" content=\"Caruaru, PE \u00e9 destaque no Agreste com tradi\u00e7\u00e3o cultural, com\u00e9rcio forte, ensino em expans\u00e3o e infraestrutura urbana para morar ou visitar.\" \/>\n<meta name=\"robots\" content=\"index, follow, max-snippet:-1, max-image-preview:large, max-video-preview:-1\" \/>\n<link rel=\"canonical\" href=\"https:\/\/www.correiobraziliense.com.br\/cbradar\/essa-cidade-do-nordeste-e-referencia-em-cultura-comercio-e-educacao\/\" \/>\n<meta property=\"og:locale\" content=\"pt_BR\" \/>\n<meta property=\"og:type\" content=\"article\" \/>\n<meta property=\"og:title\" content=\"Essa cidade do Nordeste \u00e9 refer\u00eancia em cultura, com\u00e9rcio e educa\u00e7\u00e3o\" \/>\n<meta property=\"og:description\" content=\"Caruaru, PE \u00e9 destaque no Agreste com tradi\u00e7\u00e3o cultural, com\u00e9rcio forte, ensino em expans\u00e3o e infraestrutura urbana para morar ou visitar.\" \/>\n<meta property=\"og:url\" content=\"https:\/\/www.correiobraziliense.com.br\/cbradar\/essa-cidade-do-nordeste-e-referencia-em-cultura-comercio-e-educacao\/\" \/>\n<meta property=\"og:site_name\" content=\"Correio Braziliense - Radar\" \/>\n<meta property=\"article:published_time\" content=\"2025-05-11T23:10:00+00:00\" \/>\n<meta property=\"og:image\" content=\"https:\/\/www.correiobraziliense.com.br\/cbradar\/wp-content\/uploads\/2025\/05\/Caruaru_1746909454074.jpg\" \/>\n\t<meta property=\"og:image:width\" content=\"1280\" \/>\n\t<meta property=\"og:image:height\" content=\"720\" \/>\n\t<meta property=\"og:image:type\" content=\"image\/jpeg\" \/>\n<meta name=\"author\" content=\"Larissa Carvalho\" \/>\n<meta name=\"twitter:card\" content=\"summary_large_image\" \/>\n<meta name=\"twitter:label1\" content=\"Escrito por\" \/>\n\t<meta name=\"twitter:data1\" content=\"Larissa Carvalho\" \/>\n\t<meta name=\"twitter:label2\" content=\"Est. tempo de leitura\" \/>\n\t<meta name=\"twitter:data2\" content=\"5 minutos\" \/>\n<!-- \/ Yoast SEO plugin. -->","yoast_head_json":{"title":"Essa cidade do Nordeste \u00e9 refer\u00eancia em cultura, com\u00e9rcio e educa\u00e7\u00e3o","description":"Caruaru, PE \u00e9 destaque no Agreste com tradi\u00e7\u00e3o cultural, com\u00e9rcio forte, ensino em expans\u00e3o e infraestrutura urbana para morar ou visitar.","robots":{"index":"index","follow":"follow","max-snippet":"max-snippet:-1","max-image-preview":"max-image-preview:large","max-video-preview":"max-video-preview:-1"},"canonical":"https:\/\/www.correiobraziliense.com.br\/cbradar\/essa-cidade-do-nordeste-e-referencia-em-cultura-comercio-e-educacao\/","og_locale":"pt_BR","og_type":"article","og_title":"Essa cidade do Nordeste \u00e9 refer\u00eancia em cultura, com\u00e9rcio e educa\u00e7\u00e3o","og_description":"Caruaru, PE \u00e9 destaque no Agreste com tradi\u00e7\u00e3o cultural, com\u00e9rcio forte, ensino em expans\u00e3o e infraestrutura urbana para morar ou visitar.","og_url":"https:\/\/www.correiobraziliense.com.br\/cbradar\/essa-cidade-do-nordeste-e-referencia-em-cultura-comercio-e-educacao\/","og_site_name":"Correio Braziliense - Radar","article_published_time":"2025-05-11T23:10:00+00:00","og_image":[{"width":1280,"height":720,"url":"https:\/\/www.correiobraziliense.com.br\/cbradar\/wp-content\/uploads\/2025\/05\/Caruaru_1746909454074.jpg","type":"image\/jpeg"}],"author":"Larissa Carvalho","twitter_card":"summary_large_image","twitter_misc":{"Escrito por":"Larissa Carvalho","Est. tempo de leitura":"5 minutos"},"schema":{"@context":"https:\/\/schema.org","@graph":[{"@type":"WebPage","@id":"https:\/\/www.correiobraziliense.com.br\/cbradar\/essa-cidade-do-nordeste-e-referencia-em-cultura-comercio-e-educacao\/","url":"https:\/\/www.correiobraziliense.com.br\/cbradar\/essa-cidade-do-nordeste-e-referencia-em-cultura-comercio-e-educacao\/","name":"Essa cidade do Nordeste \u00e9 refer\u00eancia em cultura, com\u00e9rcio e educa\u00e7\u00e3o","isPartOf":{"@id":"https:\/\/www.correiobraziliense.com.br\/cbradar\/#website"},"primaryImageOfPage":{"@id":"https:\/\/www.correiobraziliense.com.br\/cbradar\/essa-cidade-do-nordeste-e-referencia-em-cultura-comercio-e-educacao\/#primaryimage"},"image":{"@id":"https:\/\/www.correiobraziliense.com.br\/cbradar\/essa-cidade-do-nordeste-e-referencia-em-cultura-comercio-e-educacao\/#primaryimage"},"thumbnailUrl":"https:\/\/www.correiobraziliense.com.br\/cbradar\/wp-content\/uploads\/2025\/05\/Caruaru_1746909454074.jpg","datePublished":"2025-05-11T23:10:00+00:00","author":{"@id":"https:\/\/www.correiobraziliense.com.br\/cbradar\/#\/schema\/person\/58422787644df994b53a19d3e56c1513"},"description":"Caruaru, PE \u00e9 destaque no Agreste com tradi\u00e7\u00e3o cultural, com\u00e9rcio forte, ensino em expans\u00e3o e infraestrutura urbana para morar ou visitar.","breadcrumb":{"@id":"https:\/\/www.correiobraziliense.com.br\/cbradar\/essa-cidade-do-nordeste-e-referencia-em-cultura-comercio-e-educacao\/#breadcrumb"},"inLanguage":"pt-BR","potentialAction":[{"@type":"ReadAction","target":["https:\/\/www.correiobraziliense.com.br\/cbradar\/essa-cidade-do-nordeste-e-referencia-em-cultura-comercio-e-educacao\/"]}]},{"@type":"ImageObject","inLanguage":"pt-BR","@id":"https:\/\/www.correiobraziliense.com.br\/cbradar\/essa-cidade-do-nordeste-e-referencia-em-cultura-comercio-e-educacao\/#primaryimage","url":"https:\/\/www.correiobraziliense.com.br\/cbradar\/wp-content\/uploads\/2025\/05\/Caruaru_1746909454074.jpg","contentUrl":"https:\/\/www.correiobraziliense.com.br\/cbradar\/wp-content\/uploads\/2025\/05\/Caruaru_1746909454074.jpg","width":1280,"height":720,"caption":"Caruaru. Cr\u00e9ditos: depositphotos.com \/ AleksTaurus"},{"@type":"BreadcrumbList","@id":"https:\/\/www.correiobraziliense.com.br\/cbradar\/essa-cidade-do-nordeste-e-referencia-em-cultura-comercio-e-educacao\/#breadcrumb","itemListElement":[{"@type":"ListItem","position":1,"name":"In\u00edcio","item":"https:\/\/www.correiobraziliense.com.br\/cbradar\/"},{"@type":"ListItem","position":2,"name":"Essa cidade do Nordeste \u00e9 refer\u00eancia em cultura, com\u00e9rcio e educa\u00e7\u00e3o"}]},{"@type":"WebSite","@id":"https:\/\/www.correiobraziliense.com.br\/cbradar\/#website","url":"https:\/\/www.correiobraziliense.com.br\/cbradar\/","name":"Correio Braziliense - Radar","description":"Acompanhe as \u00faltimas not\u00edcias e fique bem informado sobre tudo o que acontece no Brasil e no mundo.","potentialAction":[{"@type":"SearchAction","target":{"@type":"EntryPoint","urlTemplate":"https:\/\/www.correiobraziliense.com.br\/cbradar\/?s={search_term_string}"},"query-input":{"@type":"PropertyValueSpecification","valueRequired":true,"valueName":"search_term_string"}}],"inLanguage":"pt-BR"},{"@type":"Person","@id":"https:\/\/www.correiobraziliense.com.br\/cbradar\/#\/schema\/person\/58422787644df994b53a19d3e56c1513","name":"Larissa Carvalho","image":{"@type":"ImageObject","inLanguage":"pt-BR","@id":"https:\/\/www.correiobraziliense.com.br\/cbradar\/#\/schema\/person\/image\/","url":"https:\/\/secure.gravatar.com\/avatar\/fe4f91a0de32b52a838d0d612abdc1aa?s=96&d=mm&r=g","contentUrl":"https:\/\/secure.gravatar.com\/avatar\/fe4f91a0de32b52a838d0d612abdc1aa?s=96&d=mm&r=g","caption":"Larissa Carvalho"},"url":"https:\/\/www.correiobraziliense.com.br\/cbradar\/author\/larissamyth\/"}]}},"_links":{"self":[{"href":"https:\/\/www.correiobraziliense.com.br\/cbradar\/wp-json\/wp\/v2\/posts\/35216","targetHints":{"allow":["GET"]}}],"collection":[{"href":"https:\/\/www.correiobraziliense.com.br\/cbradar\/wp-json\/wp\/v2\/posts"}],"about":[{"href":"https:\/\/www.correiobraziliense.com.br\/cbradar\/wp-json\/wp\/v2\/types\/post"}],"author":[{"embeddable":true,"href":"https:\/\/www.correiobraziliense.com.br\/cbradar\/wp-json\/wp\/v2\/users\/3"}],"replies":[{"embeddable":true,"href":"https:\/\/www.correiobraziliense.com.br\/cbradar\/wp-json\/wp\/v2\/comments?post=35216"}],"version-history":[{"count":1,"href":"https:\/\/www.correiobraziliense.com.br\/cbradar\/wp-json\/wp\/v2\/posts\/35216\/revisions"}],"predecessor-version":[{"id":35220,"href":"https:\/\/www.correiobraziliense.com.br\/cbradar\/wp-json\/wp\/v2\/posts\/35216\/revisions\/35220"}],"wp:featuredmedia":[{"embeddable":true,"href":"https:\/\/www.correiobraziliense.com.br\/cbradar\/wp-json\/wp\/v2\/media\/35217"}],"wp:attachment":[{"href":"https:\/\/www.correiobraziliense.com.br\/cbradar\/wp-json\/wp\/v2\/media?parent=35216"}],"wp:term":[{"taxonomy":"category","embeddable":true,"href":"https:\/\/www.correiobraziliense.com.br\/cbradar\/wp-json\/wp\/v2\/categories?post=35216"},{"taxonomy":"post_tag","embeddable":true,"href":"https:\/\/www.correiobraziliense.com.br\/cbradar\/wp-json\/wp\/v2\/tags?post=35216"}],"curies":[{"name":"wp","href":"https:\/\/api.w.org\/{rel}","templated":true}]}}