{"id":35518,"date":"2025-05-11T09:40:00","date_gmt":"2025-05-11T12:40:00","guid":{"rendered":"https:\/\/www.correiobraziliense.com.br\/cbradar\/?p=35518"},"modified":"2025-05-11T09:37:31","modified_gmt":"2025-05-11T12:37:31","slug":"data-do-fim-do-mundo-prevista-por-isaac-newton-esta-chegando","status":"publish","type":"post","link":"https:\/\/www.correiobraziliense.com.br\/cbradar\/data-do-fim-do-mundo-prevista-por-isaac-newton-esta-chegando\/","title":{"rendered":"Data do fim do mundo prevista por Isaac Newton est\u00e1 chegando"},"content":{"rendered":"\n<p><strong>Isaac Newton<\/strong> \u00e9 amplamente celebrado por suas contribui\u00e7\u00f5es \u00e0 f\u00edsica e matem\u00e1tica, notadamente pelas leis do movimento e da gravita\u00e7\u00e3o universal. Contudo, sua curiosidade intelectual n\u00e3o se limitou a essas \u00e1reas. Newton tamb\u00e9m dedicou parte de sua vida a explorar quest\u00f5es teol\u00f3gicas e a interpretar textos b\u00edblicos, revelando um lado menos conhecido de sua personalidade.<\/p>\n\n\n\n<p>Entre suas investiga\u00e7\u00f5es teol\u00f3gicas, destaca-se uma previs\u00e3o para o ano de 2060, onde ele sugeriu uma transforma\u00e7\u00e3o significativa no mundo. Esta previs\u00e3o, baseada em suas interpreta\u00e7\u00f5es de textos religiosos, demonstra como Newton buscava entender o universo de maneira abrangente, integrando ci\u00eancia e espiritualidade.<\/p>\n\n\n\n<h2 class=\"wp-block-heading\">Qual era a vis\u00e3o de Newton sobre o futuro?<\/h2>\n\n\n\n<p>Newton n\u00e3o via o futuro como um colapso iminente, mas como uma transi\u00e7\u00e3o para uma nova era. Ele acreditava que eventos significativos poderiam ocorrer, levando a uma renova\u00e7\u00e3o espiritual e social. Em suas cartas, preservadas em institui\u00e7\u00f5es como a Biblioteca Nacional de Israel, ele descreveu essa transforma\u00e7\u00e3o como um per\u00edodo de restaura\u00e7\u00e3o e renova\u00e7\u00e3o.<\/p>\n\n\n\n<p>Al\u00e9m disso, Newton especulou sobre poss\u00edveis conflitos futuros, que poderiam ocorrer em novos dom\u00ednios, como o ciberespa\u00e7o. Ele antecipou que as disputas poderiam ter impactos profundos na sociedade, refletindo mudan\u00e7as nos sistemas e nas estruturas de poder.<\/p>\n\n\n\n<figure class=\"wp-block-image size-large\"><img decoding=\"async\" width=\"1024\" height=\"576\" src=\"https:\/\/www.correiobraziliense.com.br\/cbradar\/wp-content\/uploads\/2025\/05\/fim-do-mundo_1746967034646-1024x576.jpg\" alt=\"Data do fim do mundo prevista por Isaac Newton est\u00e1 chegando\" class=\"wp-image-35521\" srcset=\"https:\/\/www.correiobraziliense.com.br\/cbradar\/wp-content\/uploads\/2025\/05\/fim-do-mundo_1746967034646-1024x576.jpg 1024w, https:\/\/www.correiobraziliense.com.br\/cbradar\/wp-content\/uploads\/2025\/05\/fim-do-mundo_1746967034646-300x169.jpg 300w, https:\/\/www.correiobraziliense.com.br\/cbradar\/wp-content\/uploads\/2025\/05\/fim-do-mundo_1746967034646-768x432.jpg 768w, https:\/\/www.correiobraziliense.com.br\/cbradar\/wp-content\/uploads\/2025\/05\/fim-do-mundo_1746967034646-750x422.jpg 750w, https:\/\/www.correiobraziliense.com.br\/cbradar\/wp-content\/uploads\/2025\/05\/fim-do-mundo_1746967034646-1140x641.jpg 1140w, https:\/\/www.correiobraziliense.com.br\/cbradar\/wp-content\/uploads\/2025\/05\/fim-do-mundo_1746967034646.jpg 1280w\" sizes=\"(max-width: 1024px) 100vw, 1024px\" \/><figcaption class=\"wp-element-caption\">fim do mundo. Cr\u00e9ditos: depositphotos.com \/ rfphoto<\/figcaption><\/figure>\n\n\n\n<h2 class=\"wp-block-heading\">Como Newton desenvolveu suas previs\u00f5es?<\/h2>\n\n\n\n<p>As previs\u00f5es de Newton foram baseadas em sua interpreta\u00e7\u00e3o de textos b\u00edblicos, especialmente do livro de Daniel. Ele utilizou uma abordagem met\u00f3dica, aplicando c\u00e1lculos para interpretar profecias e tentar prever eventos futuros. Esta metodologia reflete seu esfor\u00e7o em unir ci\u00eancia e religi\u00e3o, buscando uma compreens\u00e3o mais profunda do mundo.<\/p>\n\n\n\n<p>Newton acreditava que a an\u00e1lise racional poderia enriquecer a interpreta\u00e7\u00e3o das escrituras, permitindo uma vis\u00e3o mais completa e integrada do futuro. Sua abordagem destaca a tentativa de encontrar harmonia entre diferentes formas de conhecimento.<\/p>\n\n\n\n<h2 class=\"wp-block-heading\">O impacto duradouro das ideias de Newton<\/h2>\n\n\n\n<p>Embora as previs\u00f5es de Newton possam parecer especulativas, elas ilustram seu desejo de explorar o desconhecido e de entender o mundo de maneira hol\u00edstica. Sua disposi\u00e7\u00e3o para integrar ci\u00eancia e teologia demonstra a amplitude de seu pensamento e sua curiosidade insaci\u00e1vel.<\/p>\n\n\n\n<p>O legado de Newton vai al\u00e9m de suas descobertas cient\u00edficas, abrangendo tamb\u00e9m suas reflex\u00f5es sobre o futuro da humanidade. Suas ideias continuam a inspirar debates sobre o papel da tecnologia, da f\u00e9 e da ci\u00eancia no desenvolvimento da civiliza\u00e7\u00e3o, destacando a relev\u00e2ncia de suas contribui\u00e7\u00f5es para al\u00e9m do campo cient\u00edfico.<\/p>\n","protected":false},"excerpt":{"rendered":"<p>Explora\u00e7\u00e3o das vis\u00f5es futuristas de Isaac Newton, sua tentativa de integrar ci\u00eancia e espiritualidade e o impacto duradouro de suas ideias em nossa compreens\u00e3o do mundo.<\/p>\n","protected":false},"author":3,"featured_media":35520,"comment_status":"open","ping_status":"open","sticky":false,"template":"","format":"standard","meta":{"_yoast_wpseo_focuskw":"fim do mundo isaac","_yoast_wpseo_title":"","_yoast_wpseo_metadesc":"Explora\u00e7\u00e3o das vis\u00f5es futuristas de Isaac Newton, sua tentativa de integrar ci\u00eancia e espiritualidade e o impacto duradouro de suas ideias em nossa compreens\u00e3o do mundo.","jnews-multi-image_gallery":[],"jnews_single_post":{"format":"standard"},"jnews_primary_category":[],"jnews_social_meta":[],"jnews_override_counter":[],"footnotes":""},"categories":[112],"post_tag":[3895,4492],"class_list":["post-35518","post","type-post","status-publish","format-standard","has-post-thumbnail","hentry","category-curiosidades","tag-fim-do-mundo","tag-isaac-new"],"yoast_head":"<!-- This site is optimized with the Yoast SEO plugin v24.6 - https:\/\/yoast.com\/wordpress\/plugins\/seo\/ -->\n<title>Data do fim do mundo prevista por Isaac Newton est\u00e1 chegando - Correio Braziliense - Radar<\/title>\n<meta name=\"description\" content=\"Explora\u00e7\u00e3o das vis\u00f5es futuristas de Isaac Newton, sua tentativa de integrar ci\u00eancia e espiritualidade e o impacto duradouro de suas ideias em nossa compreens\u00e3o do mundo.\" \/>\n<meta name=\"robots\" content=\"index, follow, max-snippet:-1, max-image-preview:large, max-video-preview:-1\" \/>\n<link rel=\"canonical\" href=\"https:\/\/www.correiobraziliense.com.br\/cbradar\/data-do-fim-do-mundo-prevista-por-isaac-newton-esta-chegando\/\" \/>\n<meta property=\"og:locale\" content=\"pt_BR\" \/>\n<meta property=\"og:type\" content=\"article\" \/>\n<meta property=\"og:title\" content=\"Data do fim do mundo prevista por Isaac Newton est\u00e1 chegando - Correio Braziliense - Radar\" \/>\n<meta property=\"og:description\" content=\"Explora\u00e7\u00e3o das vis\u00f5es futuristas de Isaac Newton, sua tentativa de integrar ci\u00eancia e espiritualidade e o impacto duradouro de suas ideias em nossa compreens\u00e3o do mundo.\" \/>\n<meta property=\"og:url\" content=\"https:\/\/www.correiobraziliense.com.br\/cbradar\/data-do-fim-do-mundo-prevista-por-isaac-newton-esta-chegando\/\" \/>\n<meta property=\"og:site_name\" content=\"Correio Braziliense - Radar\" \/>\n<meta property=\"article:published_time\" content=\"2025-05-11T12:40:00+00:00\" \/>\n<meta property=\"og:image\" content=\"https:\/\/www.correiobraziliense.com.br\/cbradar\/wp-content\/uploads\/2025\/05\/fim-do-mundo_1746967009041.jpg\" \/>\n\t<meta property=\"og:image:width\" content=\"1280\" \/>\n\t<meta property=\"og:image:height\" content=\"720\" \/>\n\t<meta property=\"og:image:type\" content=\"image\/jpeg\" \/>\n<meta name=\"author\" content=\"Larissa Carvalho\" \/>\n<meta name=\"twitter:card\" content=\"summary_large_image\" \/>\n<meta name=\"twitter:label1\" content=\"Escrito por\" \/>\n\t<meta name=\"twitter:data1\" content=\"Larissa Carvalho\" \/>\n\t<meta name=\"twitter:label2\" content=\"Est. tempo de leitura\" \/>\n\t<meta name=\"twitter:data2\" content=\"3 minutos\" \/>\n<!-- \/ Yoast SEO plugin. -->","yoast_head_json":{"title":"Data do fim do mundo prevista por Isaac Newton est\u00e1 chegando - Correio Braziliense - Radar","description":"Explora\u00e7\u00e3o das vis\u00f5es futuristas de Isaac Newton, sua tentativa de integrar ci\u00eancia e espiritualidade e o impacto duradouro de suas ideias em nossa compreens\u00e3o do mundo.","robots":{"index":"index","follow":"follow","max-snippet":"max-snippet:-1","max-image-preview":"max-image-preview:large","max-video-preview":"max-video-preview:-1"},"canonical":"https:\/\/www.correiobraziliense.com.br\/cbradar\/data-do-fim-do-mundo-prevista-por-isaac-newton-esta-chegando\/","og_locale":"pt_BR","og_type":"article","og_title":"Data do fim do mundo prevista por Isaac Newton est\u00e1 chegando - Correio Braziliense - Radar","og_description":"Explora\u00e7\u00e3o das vis\u00f5es futuristas de Isaac Newton, sua tentativa de integrar ci\u00eancia e espiritualidade e o impacto duradouro de suas ideias em nossa compreens\u00e3o do mundo.","og_url":"https:\/\/www.correiobraziliense.com.br\/cbradar\/data-do-fim-do-mundo-prevista-por-isaac-newton-esta-chegando\/","og_site_name":"Correio Braziliense - Radar","article_published_time":"2025-05-11T12:40:00+00:00","og_image":[{"width":1280,"height":720,"url":"https:\/\/www.correiobraziliense.com.br\/cbradar\/wp-content\/uploads\/2025\/05\/fim-do-mundo_1746967009041.jpg","type":"image\/jpeg"}],"author":"Larissa Carvalho","twitter_card":"summary_large_image","twitter_misc":{"Escrito por":"Larissa Carvalho","Est. tempo de leitura":"3 minutos"},"schema":{"@context":"https:\/\/schema.org","@graph":[{"@type":"WebPage","@id":"https:\/\/www.correiobraziliense.com.br\/cbradar\/data-do-fim-do-mundo-prevista-por-isaac-newton-esta-chegando\/","url":"https:\/\/www.correiobraziliense.com.br\/cbradar\/data-do-fim-do-mundo-prevista-por-isaac-newton-esta-chegando\/","name":"Data do fim do mundo prevista por Isaac Newton est\u00e1 chegando - Correio Braziliense - Radar","isPartOf":{"@id":"https:\/\/www.correiobraziliense.com.br\/cbradar\/#website"},"primaryImageOfPage":{"@id":"https:\/\/www.correiobraziliense.com.br\/cbradar\/data-do-fim-do-mundo-prevista-por-isaac-newton-esta-chegando\/#primaryimage"},"image":{"@id":"https:\/\/www.correiobraziliense.com.br\/cbradar\/data-do-fim-do-mundo-prevista-por-isaac-newton-esta-chegando\/#primaryimage"},"thumbnailUrl":"https:\/\/www.correiobraziliense.com.br\/cbradar\/wp-content\/uploads\/2025\/05\/fim-do-mundo_1746967009041.jpg","datePublished":"2025-05-11T12:40:00+00:00","author":{"@id":"https:\/\/www.correiobraziliense.com.br\/cbradar\/#\/schema\/person\/58422787644df994b53a19d3e56c1513"},"description":"Explora\u00e7\u00e3o das vis\u00f5es futuristas de Isaac Newton, sua tentativa de integrar ci\u00eancia e espiritualidade e o impacto duradouro de suas ideias em nossa compreens\u00e3o do mundo.","breadcrumb":{"@id":"https:\/\/www.correiobraziliense.com.br\/cbradar\/data-do-fim-do-mundo-prevista-por-isaac-newton-esta-chegando\/#breadcrumb"},"inLanguage":"pt-BR","potentialAction":[{"@type":"ReadAction","target":["https:\/\/www.correiobraziliense.com.br\/cbradar\/data-do-fim-do-mundo-prevista-por-isaac-newton-esta-chegando\/"]}]},{"@type":"ImageObject","inLanguage":"pt-BR","@id":"https:\/\/www.correiobraziliense.com.br\/cbradar\/data-do-fim-do-mundo-prevista-por-isaac-newton-esta-chegando\/#primaryimage","url":"https:\/\/www.correiobraziliense.com.br\/cbradar\/wp-content\/uploads\/2025\/05\/fim-do-mundo_1746967009041.jpg","contentUrl":"https:\/\/www.correiobraziliense.com.br\/cbradar\/wp-content\/uploads\/2025\/05\/fim-do-mundo_1746967009041.jpg","width":1280,"height":720,"caption":"fim do mundo. Cr\u00e9ditos: depositphotos.com \/ vicnt2815"},{"@type":"BreadcrumbList","@id":"https:\/\/www.correiobraziliense.com.br\/cbradar\/data-do-fim-do-mundo-prevista-por-isaac-newton-esta-chegando\/#breadcrumb","itemListElement":[{"@type":"ListItem","position":1,"name":"In\u00edcio","item":"https:\/\/www.correiobraziliense.com.br\/cbradar\/"},{"@type":"ListItem","position":2,"name":"Data do fim do mundo prevista por Isaac Newton est\u00e1 chegando"}]},{"@type":"WebSite","@id":"https:\/\/www.correiobraziliense.com.br\/cbradar\/#website","url":"https:\/\/www.correiobraziliense.com.br\/cbradar\/","name":"Correio Braziliense - Radar","description":"Acompanhe as \u00faltimas not\u00edcias e fique bem informado sobre tudo o que acontece no Brasil e no mundo.","potentialAction":[{"@type":"SearchAction","target":{"@type":"EntryPoint","urlTemplate":"https:\/\/www.correiobraziliense.com.br\/cbradar\/?s={search_term_string}"},"query-input":{"@type":"PropertyValueSpecification","valueRequired":true,"valueName":"search_term_string"}}],"inLanguage":"pt-BR"},{"@type":"Person","@id":"https:\/\/www.correiobraziliense.com.br\/cbradar\/#\/schema\/person\/58422787644df994b53a19d3e56c1513","name":"Larissa Carvalho","image":{"@type":"ImageObject","inLanguage":"pt-BR","@id":"https:\/\/www.correiobraziliense.com.br\/cbradar\/#\/schema\/person\/image\/","url":"https:\/\/secure.gravatar.com\/avatar\/fe4f91a0de32b52a838d0d612abdc1aa?s=96&d=mm&r=g","contentUrl":"https:\/\/secure.gravatar.com\/avatar\/fe4f91a0de32b52a838d0d612abdc1aa?s=96&d=mm&r=g","caption":"Larissa Carvalho"},"url":"https:\/\/www.correiobraziliense.com.br\/cbradar\/author\/larissamyth\/"}]}},"_links":{"self":[{"href":"https:\/\/www.correiobraziliense.com.br\/cbradar\/wp-json\/wp\/v2\/posts\/35518","targetHints":{"allow":["GET"]}}],"collection":[{"href":"https:\/\/www.correiobraziliense.com.br\/cbradar\/wp-json\/wp\/v2\/posts"}],"about":[{"href":"https:\/\/www.correiobraziliense.com.br\/cbradar\/wp-json\/wp\/v2\/types\/post"}],"author":[{"embeddable":true,"href":"https:\/\/www.correiobraziliense.com.br\/cbradar\/wp-json\/wp\/v2\/users\/3"}],"replies":[{"embeddable":true,"href":"https:\/\/www.correiobraziliense.com.br\/cbradar\/wp-json\/wp\/v2\/comments?post=35518"}],"version-history":[{"count":2,"href":"https:\/\/www.correiobraziliense.com.br\/cbradar\/wp-json\/wp\/v2\/posts\/35518\/revisions"}],"predecessor-version":[{"id":35522,"href":"https:\/\/www.correiobraziliense.com.br\/cbradar\/wp-json\/wp\/v2\/posts\/35518\/revisions\/35522"}],"wp:featuredmedia":[{"embeddable":true,"href":"https:\/\/www.correiobraziliense.com.br\/cbradar\/wp-json\/wp\/v2\/media\/35520"}],"wp:attachment":[{"href":"https:\/\/www.correiobraziliense.com.br\/cbradar\/wp-json\/wp\/v2\/media?parent=35518"}],"wp:term":[{"taxonomy":"category","embeddable":true,"href":"https:\/\/www.correiobraziliense.com.br\/cbradar\/wp-json\/wp\/v2\/categories?post=35518"},{"taxonomy":"post_tag","embeddable":true,"href":"https:\/\/www.correiobraziliense.com.br\/cbradar\/wp-json\/wp\/v2\/post_tag?post=35518"}],"curies":[{"name":"wp","href":"https:\/\/api.w.org\/{rel}","templated":true}]}}