{"id":35538,"date":"2025-05-12T10:03:00","date_gmt":"2025-05-12T13:03:00","guid":{"rendered":"https:\/\/www.correiobraziliense.com.br\/cbradar\/?p=35538"},"modified":"2025-05-12T14:17:42","modified_gmt":"2025-05-12T17:17:42","slug":"o-tratamento-mais-eficaz-que-esta-mudando-vidas-com-hanseniaselepra","status":"publish","type":"post","link":"https:\/\/www.correiobraziliense.com.br\/cbradar\/o-tratamento-mais-eficaz-que-esta-mudando-vidas-com-hanseniaselepra\/","title":{"rendered":"O tratamento mais eficaz que est\u00e1 mudando vidas com Hansen\u00edase(Lepra)"},"content":{"rendered":"\n<p>A <strong>Hansen\u00edase<\/strong>, conhecida popularmente como lepra, \u00e9 uma doen\u00e7a infecciosa que pode causar s\u00e9rias complica\u00e7\u00f5es se n\u00e3o tratada adequadamente. O tratamento, que envolve uma combina\u00e7\u00e3o de medicamentos, \u00e9 crucial para controlar a infec\u00e7\u00e3o e prevenir danos permanentes ao corpo. Este artigo explora as op\u00e7\u00f5es de tratamento dispon\u00edveis e a import\u00e2ncia de seguir as orienta\u00e7\u00f5es m\u00e9dicas.<\/p>\n\n\n\n<p>O tratamento da Hansen\u00edase \u00e9 um processo prolongado, mas eficaz, que requer o uso de m\u00faltiplos antibi\u00f3ticos. A poliquimioterapia \u00e9 a abordagem padr\u00e3o, combinando medicamentos como rifampicina, dapsona e clofazimina. Este regime tem sido fundamental para eliminar a bact\u00e9ria causadora da doen\u00e7a e reduzir o risco de transmiss\u00e3o.<\/p>\n\n\n\n<h2 class=\"wp-block-heading\">Como funciona a poliquimioterapia?<\/h2>\n\n\n\n<p>A poliquimioterapia, ou PQT, \u00e9 a principal estrat\u00e9gia no combate \u00e0 Hansen\u00edase. Este tratamento utiliza uma combina\u00e7\u00e3o de antibi\u00f3ticos para atacar a bact\u00e9ria <a href=\"https:\/\/pmc.ncbi.nlm.nih.gov\/articles\/PMC9635560\/\" target=\"_blank\" rel=\"noreferrer noopener\">Mycobacterium leprae<\/a> de diferentes maneiras, aumentando a efic\u00e1cia do tratamento e reduzindo a possibilidade de resist\u00eancia bacteriana.<\/p>\n\n\n\n<figure class=\"wp-block-image aligncenter size-large\"><img decoding=\"async\" width=\"1024\" height=\"576\" src=\"https:\/\/www.correiobraziliense.com.br\/cbradar\/wp-content\/uploads\/2025\/05\/Hanseniase_1746997994028-1024x576.jpg\" alt=\"\" class=\"wp-image-35566\" srcset=\"https:\/\/www.correiobraziliense.com.br\/cbradar\/wp-content\/uploads\/2025\/05\/Hanseniase_1746997994028-1024x576.jpg 1024w, https:\/\/www.correiobraziliense.com.br\/cbradar\/wp-content\/uploads\/2025\/05\/Hanseniase_1746997994028-300x169.jpg 300w, https:\/\/www.correiobraziliense.com.br\/cbradar\/wp-content\/uploads\/2025\/05\/Hanseniase_1746997994028-768x432.jpg 768w, https:\/\/www.correiobraziliense.com.br\/cbradar\/wp-content\/uploads\/2025\/05\/Hanseniase_1746997994028-750x422.jpg 750w, https:\/\/www.correiobraziliense.com.br\/cbradar\/wp-content\/uploads\/2025\/05\/Hanseniase_1746997994028.jpg 1125w\" sizes=\"(max-width: 1024px) 100vw, 1024px\" \/><figcaption class=\"wp-element-caption\">a verdade por tr\u00e1s do tratamento mais poderoso contra a hansen\u00edase &#8211; Cr\u00e9ditos: depositphotos.com \/ CreativeEndeavors6@gmail.com\n<\/figcaption><\/figure>\n\n\n\n<h2 class=\"wp-block-heading\">Quais s\u00e3o os medicamentos utilizados?<\/h2>\n\n\n\n<p>Os medicamentos mais comuns no tratamento da Hansen\u00edase incluem:<\/p>\n\n\n\n<ul class=\"wp-block-list\">\n<li><strong>Rifampicina:<\/strong>\u00a0Um antibi\u00f3tico potente que ajuda a eliminar a bact\u00e9ria.<\/li>\n\n\n\n<li><strong>Dapsona:<\/strong>\u00a0Atua inibindo o crescimento bacteriano.<\/li>\n\n\n\n<li><strong>Clofazimina:<\/strong>\u00a0Ajuda a reduzir a inflama\u00e7\u00e3o e a controlar a infec\u00e7\u00e3o.<\/li>\n<\/ul>\n\n\n\n<p>Em casos de resist\u00eancia a esses medicamentos, outras op\u00e7\u00f5es como ofloxacino, minociclina e claritromicina podem ser consideradas pelo m\u00e9dico.<\/p>\n\n\n\n<h2 class=\"wp-block-heading\">Quais s\u00e3o os cuidados durante o tratamento?<\/h2>\n\n\n\n<p>Durante o tratamento, \u00e9 essencial que o paciente mantenha consultas regulares com o infectologista para monitorar a efic\u00e1cia do tratamento e ajustar as doses conforme necess\u00e1rio. Al\u00e9m disso, o acompanhamento com outros especialistas, como dermatologistas e neurologistas, pode ser necess\u00e1rio para tratar complica\u00e7\u00f5es espec\u00edficas.<\/p>\n\n\n\n<h2 class=\"wp-block-heading\">O papel da psicoterapia no tratamento da Hansen\u00edase<\/h2>\n\n\n\n<p>A Hansen\u00edase pode ter um impacto significativo na sa\u00fade mental dos pacientes, devido ao estigma social e \u00e0s poss\u00edveis deformidades f\u00edsicas. A psicoterapia desempenha um papel crucial, ajudando os pacientes a lidar com os desafios emocionais e sociais da doen\u00e7a. O apoio psicol\u00f3gico pode melhorar a ades\u00e3o ao tratamento e a qualidade de vida geral.<\/p>\n\n\n\n<h2 class=\"wp-block-heading\">Como cuidar da pele e das extremidades?<\/h2>\n\n\n\n<p>O cuidado com a pele e as extremidades \u00e9 vital para prevenir complica\u00e7\u00f5es. Recomenda-se:<\/p>\n\n\n\n<ol class=\"wp-block-list\">\n<li>Manter as m\u00e3os e os p\u00e9s hidratados e protegidos.<\/li>\n\n\n\n<li>Realizar exerc\u00edcios de alongamento para melhorar a mobilidade.<\/li>\n\n\n\n<li>Usar sapatos adequados para evitar les\u00f5es nos p\u00e9s.<\/li>\n<\/ol>\n\n\n\n<p>Al\u00e9m disso, o uso de soro fisiol\u00f3gico pode ajudar a manter as narinas limpas e hidratadas, prevenindo complica\u00e7\u00f5es nas vias respirat\u00f3rias.<\/p>\n\n\n\n<h2 class=\"wp-block-heading\">Quais s\u00e3o os sinais de melhora e piora?<\/h2>\n\n\n\n<p>Os sinais de melhora incluem a redu\u00e7\u00e3o das les\u00f5es na pele e a recupera\u00e7\u00e3o da sensibilidade em \u00e1reas afetadas. No entanto, se o tratamento n\u00e3o for seguido corretamente, pode haver piora, com aumento das les\u00f5es e perda de mobilidade. \u00c9 crucial seguir as orienta\u00e7\u00f5es m\u00e9dicas para evitar complica\u00e7\u00f5es graves.<\/p>\n\n\n\n<p>Em resumo, o tratamento da Hansen\u00edase \u00e9 um processo complexo que requer compromisso e acompanhamento m\u00e9dico regular. A combina\u00e7\u00e3o de medicamentos, cuidados com a pele e apoio psicol\u00f3gico s\u00e3o fundamentais para o sucesso do tratamento. \u00c9 importante lembrar que a Hansen\u00edase tem cura, e o tratamento adequado pode transformar a vida dos pacientes.<\/p>\n\n\n\n<p>Para mais informa\u00e7\u00f5es sobre a Hansen\u00edase e seu tratamento, consulte um profissional de sa\u00fade qualificado ou acesse\u00a0<a href=\"https:\/\/www.saude.gov.br\/\">o site do Minist\u00e9rio da Sa\u00fade<\/a>.<\/p>\n\n\n<a href=\"https:\/\/www.instagram.com\/dra.annaluisabf\/\" target=\"_blank\" rel=\"noopener\" style=\"text-decoration: none; color: inherit;\">\n    <span style=\"display: inline-block; border: 1px solid #ccc; border-radius: 10px; padding: 15px; max-width: 550px; font-family: sans-serif; box-shadow: 0 2px 5px rgba(0,0,0,0.1); width: 100%;\">\n\n      <!-- T\u00edtulo -->\n      <span style=\"display: block; margin: 0 0 15px 0; font-weight: bold; color: #2c3e50; text-align: center;\">\n        Entre em contato:\n      <\/span>\n\n      <!-- Linha do perfil -->\n      <span style=\"display: flex; align-items: center; gap: 15px;\">\n        <img decoding=\"async\"\n          src=\"https:\/\/www.correiobraziliense.com.br\/cbradar\/wp-content\/uploads\/2025\/08\/dra_anna_luisa.jpeg\"\n          alt=\"Foto da Dra. Anna Lu\u00edsa\"\n          style=\"border-radius: 50%; width: 80px; height: 80px; object-fit: cover;\"\n        \/>\n        <span style=\"display: flex; flex-direction: column;\">\n          <span style=\"font-size: 18px; font-weight: 700; color: #2c3e50;\">Dra. Anna Lu\u00edsa Barbosa Fernandes<\/span>\n          <span style=\"color: #555;\">CRM-GO 33.271<\/span>\n        <\/span>\n      <\/span>\n\n      <!-- Redes -->\n      <span style=\"display: flex; align-items: center; gap: 10px; margin-top: 12px;\">\n        <img decoding=\"async\" src=\"https:\/\/cdn-icons-png.flaticon.com\/24\/1384\/1384063.png\" alt=\"Instagram\" width=\"24\" height=\"24\" \/>\n        <span style=\"text-decoration: underline; color: #2c3e50;\">@dra.annaluisabf<\/span>\n      <\/span>\n\n    <\/span>\n  <\/a>","protected":false},"excerpt":{"rendered":"<p>A Hansen\u00edase, conhecida popularmente como lepra, \u00e9 uma doen\u00e7a infecciosa que pode causar s\u00e9rias complica\u00e7\u00f5es se n\u00e3o tratada adequadamente. O tratamento, que envolve uma combina\u00e7\u00e3o de medicamentos, \u00e9 crucial para controlar a infec\u00e7\u00e3o e prevenir danos permanentes ao corpo. Este artigo explora as op\u00e7\u00f5es de tratamento dispon\u00edveis e a import\u00e2ncia de seguir as orienta\u00e7\u00f5es m\u00e9dicas. [&hellip;]<\/p>\n","protected":false},"author":14,"featured_media":35565,"comment_status":"open","ping_status":"open","sticky":false,"template":"","format":"standard","meta":{"_yoast_wpseo_focuskw":"Hansen\u00edase","_yoast_wpseo_title":"","_yoast_wpseo_metadesc":"Veja como o tratamento da hansen\u00edase pode ser eficaz com antibi\u00f3ticos poderosos e cuidados essenciais que transformam a vida dos pacientes.","jnews-multi-image_gallery":[],"jnews_single_post":{"format":"standard"},"jnews_primary_category":[],"jnews_social_meta":[],"jnews_override_counter":[],"footnotes":""},"categories":[4404],"tags":[4497,4498,565],"class_list":["post-35538","post","type-post","status-publish","format-standard","has-post-thumbnail","hentry","category-saude","tag-hanseniase","tag-lepra","tag-saude"],"yoast_head":"<!-- This site is optimized with the Yoast SEO plugin v24.6 - https:\/\/yoast.com\/wordpress\/plugins\/seo\/ -->\n<title>O tratamento mais eficaz que est\u00e1 mudando vidas com Hansen\u00edase(Lepra) - Correio Braziliense - Radar<\/title>\n<meta name=\"description\" content=\"Veja como o tratamento da hansen\u00edase pode ser eficaz com antibi\u00f3ticos poderosos e cuidados essenciais que transformam a vida dos pacientes.\" \/>\n<meta name=\"robots\" content=\"index, follow, max-snippet:-1, max-image-preview:large, max-video-preview:-1\" \/>\n<link rel=\"canonical\" href=\"https:\/\/www.correiobraziliense.com.br\/cbradar\/o-tratamento-mais-eficaz-que-esta-mudando-vidas-com-hanseniaselepra\/\" \/>\n<meta property=\"og:locale\" content=\"pt_BR\" \/>\n<meta property=\"og:type\" content=\"article\" \/>\n<meta property=\"og:title\" content=\"O tratamento mais eficaz que est\u00e1 mudando vidas com Hansen\u00edase(Lepra) - Correio Braziliense - Radar\" \/>\n<meta property=\"og:description\" content=\"Veja como o tratamento da hansen\u00edase pode ser eficaz com antibi\u00f3ticos poderosos e cuidados essenciais que transformam a vida dos pacientes.\" \/>\n<meta property=\"og:url\" content=\"https:\/\/www.correiobraziliense.com.br\/cbradar\/o-tratamento-mais-eficaz-que-esta-mudando-vidas-com-hanseniaselepra\/\" \/>\n<meta property=\"og:site_name\" content=\"Correio Braziliense - Radar\" \/>\n<meta property=\"article:published_time\" content=\"2025-05-12T13:03:00+00:00\" \/>\n<meta property=\"article:modified_time\" content=\"2025-05-12T17:17:42+00:00\" \/>\n<meta property=\"og:image\" content=\"https:\/\/www.correiobraziliense.com.br\/cbradar\/wp-content\/uploads\/2025\/05\/Hanseniase_1746997956356.jpg\" \/>\n\t<meta property=\"og:image:width\" content=\"1280\" \/>\n\t<meta property=\"og:image:height\" content=\"720\" \/>\n\t<meta property=\"og:image:type\" content=\"image\/jpeg\" \/>\n<meta name=\"author\" content=\"guilherme_saude\" \/>\n<meta name=\"twitter:card\" content=\"summary_large_image\" \/>\n<meta name=\"twitter:label1\" content=\"Escrito por\" \/>\n\t<meta name=\"twitter:data1\" content=\"guilherme_saude\" \/>\n\t<meta name=\"twitter:label2\" content=\"Est. tempo de leitura\" \/>\n\t<meta name=\"twitter:data2\" content=\"7 minutos\" \/>\n<!-- \/ Yoast SEO plugin. -->","yoast_head_json":{"title":"O tratamento mais eficaz que est\u00e1 mudando vidas com Hansen\u00edase(Lepra) - Correio Braziliense - Radar","description":"Veja como o tratamento da hansen\u00edase pode ser eficaz com antibi\u00f3ticos poderosos e cuidados essenciais que transformam a vida dos pacientes.","robots":{"index":"index","follow":"follow","max-snippet":"max-snippet:-1","max-image-preview":"max-image-preview:large","max-video-preview":"max-video-preview:-1"},"canonical":"https:\/\/www.correiobraziliense.com.br\/cbradar\/o-tratamento-mais-eficaz-que-esta-mudando-vidas-com-hanseniaselepra\/","og_locale":"pt_BR","og_type":"article","og_title":"O tratamento mais eficaz que est\u00e1 mudando vidas com Hansen\u00edase(Lepra) - Correio Braziliense - Radar","og_description":"Veja como o tratamento da hansen\u00edase pode ser eficaz com antibi\u00f3ticos poderosos e cuidados essenciais que transformam a vida dos pacientes.","og_url":"https:\/\/www.correiobraziliense.com.br\/cbradar\/o-tratamento-mais-eficaz-que-esta-mudando-vidas-com-hanseniaselepra\/","og_site_name":"Correio Braziliense - Radar","article_published_time":"2025-05-12T13:03:00+00:00","article_modified_time":"2025-05-12T17:17:42+00:00","og_image":[{"width":1280,"height":720,"url":"https:\/\/www.correiobraziliense.com.br\/cbradar\/wp-content\/uploads\/2025\/05\/Hanseniase_1746997956356.jpg","type":"image\/jpeg"}],"author":"guilherme_saude","twitter_card":"summary_large_image","twitter_misc":{"Escrito por":"guilherme_saude","Est. tempo de leitura":"7 minutos"},"schema":{"@context":"https:\/\/schema.org","@graph":[{"@type":"WebPage","@id":"https:\/\/www.correiobraziliense.com.br\/cbradar\/o-tratamento-mais-eficaz-que-esta-mudando-vidas-com-hanseniaselepra\/","url":"https:\/\/www.correiobraziliense.com.br\/cbradar\/o-tratamento-mais-eficaz-que-esta-mudando-vidas-com-hanseniaselepra\/","name":"O tratamento mais eficaz que est\u00e1 mudando vidas com Hansen\u00edase(Lepra) - Correio Braziliense - Radar","isPartOf":{"@id":"https:\/\/www.correiobraziliense.com.br\/cbradar\/#website"},"primaryImageOfPage":{"@id":"https:\/\/www.correiobraziliense.com.br\/cbradar\/o-tratamento-mais-eficaz-que-esta-mudando-vidas-com-hanseniaselepra\/#primaryimage"},"image":{"@id":"https:\/\/www.correiobraziliense.com.br\/cbradar\/o-tratamento-mais-eficaz-que-esta-mudando-vidas-com-hanseniaselepra\/#primaryimage"},"thumbnailUrl":"https:\/\/www.correiobraziliense.com.br\/cbradar\/wp-content\/uploads\/2025\/05\/Hanseniase_1746997956356.jpg","datePublished":"2025-05-12T13:03:00+00:00","dateModified":"2025-05-12T17:17:42+00:00","author":{"@id":"https:\/\/www.correiobraziliense.com.br\/cbradar\/#\/schema\/person\/5aa4bf3c8fa699c267933611de12978b"},"description":"Veja como o tratamento da hansen\u00edase pode ser eficaz com antibi\u00f3ticos poderosos e cuidados essenciais que transformam a vida dos pacientes.","breadcrumb":{"@id":"https:\/\/www.correiobraziliense.com.br\/cbradar\/o-tratamento-mais-eficaz-que-esta-mudando-vidas-com-hanseniaselepra\/#breadcrumb"},"inLanguage":"pt-BR","potentialAction":[{"@type":"ReadAction","target":["https:\/\/www.correiobraziliense.com.br\/cbradar\/o-tratamento-mais-eficaz-que-esta-mudando-vidas-com-hanseniaselepra\/"]}]},{"@type":"ImageObject","inLanguage":"pt-BR","@id":"https:\/\/www.correiobraziliense.com.br\/cbradar\/o-tratamento-mais-eficaz-que-esta-mudando-vidas-com-hanseniaselepra\/#primaryimage","url":"https:\/\/www.correiobraziliense.com.br\/cbradar\/wp-content\/uploads\/2025\/05\/Hanseniase_1746997956356.jpg","contentUrl":"https:\/\/www.correiobraziliense.com.br\/cbradar\/wp-content\/uploads\/2025\/05\/Hanseniase_1746997956356.jpg","width":1280,"height":720,"caption":"esse \u00e9 o segredo m\u00e9dico mais promissor contra a hansen\u00edase no Brasil - Cr\u00e9ditos: depositphotos.com \/ frankviryapan.gmail.com"},{"@type":"BreadcrumbList","@id":"https:\/\/www.correiobraziliense.com.br\/cbradar\/o-tratamento-mais-eficaz-que-esta-mudando-vidas-com-hanseniaselepra\/#breadcrumb","itemListElement":[{"@type":"ListItem","position":1,"name":"In\u00edcio","item":"https:\/\/www.correiobraziliense.com.br\/cbradar\/"},{"@type":"ListItem","position":2,"name":"O tratamento mais eficaz que est\u00e1 mudando vidas com Hansen\u00edase(Lepra)"}]},{"@type":"WebSite","@id":"https:\/\/www.correiobraziliense.com.br\/cbradar\/#website","url":"https:\/\/www.correiobraziliense.com.br\/cbradar\/","name":"Correio Braziliense - Radar","description":"Acompanhe as \u00faltimas not\u00edcias e fique bem informado sobre tudo o que acontece no Brasil e no mundo.","potentialAction":[{"@type":"SearchAction","target":{"@type":"EntryPoint","urlTemplate":"https:\/\/www.correiobraziliense.com.br\/cbradar\/?s={search_term_string}"},"query-input":{"@type":"PropertyValueSpecification","valueRequired":true,"valueName":"search_term_string"}}],"inLanguage":"pt-BR"},{"@type":"Person","@id":"https:\/\/www.correiobraziliense.com.br\/cbradar\/#\/schema\/person\/5aa4bf3c8fa699c267933611de12978b","name":"guilherme_saude","image":{"@type":"ImageObject","inLanguage":"pt-BR","@id":"https:\/\/www.correiobraziliense.com.br\/cbradar\/#\/schema\/person\/image\/","url":"https:\/\/secure.gravatar.com\/avatar\/df9adfb835d344bc0af109d41756253f?s=96&d=mm&r=g","contentUrl":"https:\/\/secure.gravatar.com\/avatar\/df9adfb835d344bc0af109d41756253f?s=96&d=mm&r=g","caption":"guilherme_saude"},"url":"https:\/\/www.correiobraziliense.com.br\/cbradar\/author\/guilherme_saude\/"}]}},"_links":{"self":[{"href":"https:\/\/www.correiobraziliense.com.br\/cbradar\/wp-json\/wp\/v2\/posts\/35538","targetHints":{"allow":["GET"]}}],"collection":[{"href":"https:\/\/www.correiobraziliense.com.br\/cbradar\/wp-json\/wp\/v2\/posts"}],"about":[{"href":"https:\/\/www.correiobraziliense.com.br\/cbradar\/wp-json\/wp\/v2\/types\/post"}],"author":[{"embeddable":true,"href":"https:\/\/www.correiobraziliense.com.br\/cbradar\/wp-json\/wp\/v2\/users\/14"}],"replies":[{"embeddable":true,"href":"https:\/\/www.correiobraziliense.com.br\/cbradar\/wp-json\/wp\/v2\/comments?post=35538"}],"version-history":[{"count":1,"href":"https:\/\/www.correiobraziliense.com.br\/cbradar\/wp-json\/wp\/v2\/posts\/35538\/revisions"}],"predecessor-version":[{"id":35567,"href":"https:\/\/www.correiobraziliense.com.br\/cbradar\/wp-json\/wp\/v2\/posts\/35538\/revisions\/35567"}],"wp:featuredmedia":[{"embeddable":true,"href":"https:\/\/www.correiobraziliense.com.br\/cbradar\/wp-json\/wp\/v2\/media\/35565"}],"wp:attachment":[{"href":"https:\/\/www.correiobraziliense.com.br\/cbradar\/wp-json\/wp\/v2\/media?parent=35538"}],"wp:term":[{"taxonomy":"category","embeddable":true,"href":"https:\/\/www.correiobraziliense.com.br\/cbradar\/wp-json\/wp\/v2\/categories?post=35538"},{"taxonomy":"post_tag","embeddable":true,"href":"https:\/\/www.correiobraziliense.com.br\/cbradar\/wp-json\/wp\/v2\/tags?post=35538"}],"curies":[{"name":"wp","href":"https:\/\/api.w.org\/{rel}","templated":true}]}}