{"id":356,"date":"2025-02-04T12:30:00","date_gmt":"2025-02-04T15:30:00","guid":{"rendered":"https:\/\/www.correiobraziliense.com.br\/cbradar\/?p=356"},"modified":"2025-02-03T20:40:13","modified_gmt":"2025-02-03T23:40:13","slug":"alerta-de-calor-extremo-regioes-do-brasil-enfrentam-temperaturas-recordes-veja-locais","status":"publish","type":"post","link":"https:\/\/www.correiobraziliense.com.br\/cbradar\/alerta-de-calor-extremo-regioes-do-brasil-enfrentam-temperaturas-recordes-veja-locais\/","title":{"rendered":"Alerta de calor extremo: regi\u00f5es do Brasil enfrentam temperaturas recordes, veja locais"},"content":{"rendered":"\n<p>No m\u00eas de fevereiro de 2025, o Brasil enfrenta uma severa <strong><a href=\"https:\/\/www.correiobraziliense.com.br\/cbradar\/tag\/calor-extremo\/\" target=\"_blank\" rel=\"noreferrer noopener\">onda de calor<\/a><\/strong>, com temperaturas que ultrapassam as m\u00e9dias hist\u00f3ricas, especialmente na regi\u00e3o Sul. Este fen\u00f4meno clim\u00e1tico tem gerado preocupa\u00e7\u00f5es devido aos seus impactos em \u00e1reas essenciais, como <strong>sa\u00fade p\u00fablica<\/strong>, <strong>agricultura<\/strong> e <strong>disponibilidade de \u00e1gua<\/strong>. As previs\u00f5es indicam que as temperaturas continuar\u00e3o elevadas, afetando tanto o cotidiano quanto a economia das regi\u00f5es impactadas.<\/p>\n\n\n\n<p>Essas condi\u00e7\u00f5es extremas est\u00e3o sendo parcialmente causadas pelo fen\u00f4meno <strong>La Ni\u00f1a<\/strong>, que altera padr\u00f5es de precipita\u00e7\u00e3o e evapora\u00e7\u00e3o, intensificando o calor em algumas \u00e1reas. Este cen\u00e1rio destaca a necessidade urgente de desenvolver estrat\u00e9gias de adapta\u00e7\u00e3o e mitiga\u00e7\u00e3o para enfrentar os desafios impostos pelas <strong>mudan\u00e7as clim\u00e1ticas<\/strong>.<\/p>\n\n\n<div class=\"wp-block-image\">\n<figure class=\"aligncenter size-large is-resized\"><img decoding=\"async\" width=\"1024\" height=\"576\" src=\"https:\/\/www.correiobraziliense.com.br\/cbradar\/wp-content\/uploads\/2025\/02\/calor_1738625954495-1024x576.jpg\" alt=\"Alerta de calor extremo: regi\u00f5es do Brasil enfrentam temperaturas recordes, veja locais\" class=\"wp-image-360\" style=\"width:485px;height:auto\" srcset=\"https:\/\/www.correiobraziliense.com.br\/cbradar\/wp-content\/uploads\/2025\/02\/calor_1738625954495-1024x576.jpg 1024w, https:\/\/www.correiobraziliense.com.br\/cbradar\/wp-content\/uploads\/2025\/02\/calor_1738625954495-300x169.jpg 300w, https:\/\/www.correiobraziliense.com.br\/cbradar\/wp-content\/uploads\/2025\/02\/calor_1738625954495-768x432.jpg 768w, https:\/\/www.correiobraziliense.com.br\/cbradar\/wp-content\/uploads\/2025\/02\/calor_1738625954495-750x422.jpg 750w, https:\/\/www.correiobraziliense.com.br\/cbradar\/wp-content\/uploads\/2025\/02\/calor_1738625954495-1140x641.jpg 1140w, https:\/\/www.correiobraziliense.com.br\/cbradar\/wp-content\/uploads\/2025\/02\/calor_1738625954495.jpg 1280w\" sizes=\"(max-width: 1024px) 100vw, 1024px\" \/><figcaption class=\"wp-element-caption\">Diversas regi\u00f5es passam por momentos delicados na temperatura. Cr\u00e9ditos: depositphotos.com \/ eliosdnepr@gmail.com<\/figcaption><\/figure><\/div>\n\n\n<h2 class=\"wp-block-heading\">Quais regi\u00f5es est\u00e3o mais afetadas pela onda de calor?<\/h2>\n\n\n\n<p>O <strong>Rio Grande do Sul<\/strong> est\u00e1 entre as \u00e1reas mais impactadas pela onda de calor, com cidades como <strong>Santa Rosa<\/strong> e <strong>Uruguaiana<\/strong> registrando temperaturas superiores a <strong>40\u00b0C<\/strong>. Al\u00e9m disso, o <strong>Centro-Oeste<\/strong>, especialmente <strong>Mato Grosso do Sul<\/strong>, tamb\u00e9m enfrenta calor extremo, agravado pela falta de chuvas, o que contribui para a <strong>seca<\/strong> e a <strong>escassez de \u00e1gua<\/strong>.<\/p>\n\n\n\n<p>O <strong>Instituto Nacional de Meteorologia (Inmet)<\/strong> alertou que as temperaturas podem continuar subindo, aumentando o risco de <strong>inc\u00eandios florestais<\/strong> e outros desastres naturais. As autoridades locais est\u00e3o em <strong>alerta m\u00e1ximo<\/strong> e emitindo orienta\u00e7\u00f5es para que a popula\u00e7\u00e3o adote medidas preventivas.<\/p>\n\n\n\n<h2 class=\"wp-block-heading\">Como o calor extremo afeta a sa\u00fade e o clima local?<\/h2>\n\n\n\n<p>O calor extremo impacta diretamente a sa\u00fade das pessoas e o clima local. A combina\u00e7\u00e3o de altas temperaturas e <strong>umidade elevada<\/strong> pode resultar em <strong>tempestades fortes<\/strong>, especialmente em \u00e1reas urbanas densamente povoadas. Em <strong>Porto Alegre<\/strong>, por exemplo, h\u00e1 previs\u00e3o de chuvas intensas que podem causar <strong>alagamentos<\/strong>.<\/p>\n\n\n\n<p>Al\u00e9m disso, a <strong>agricultura<\/strong> est\u00e1 sendo severamente afetada pela <strong>escassez de \u00e1gua<\/strong>, o que compromete a produ\u00e7\u00e3o de alimentos e aumenta os custos para os agricultores. A <strong>gest\u00e3o eficaz dos recursos h\u00eddricos<\/strong> \u00e9 essencial para minimizar os danos e garantir a <strong>seguran\u00e7a alimentar<\/strong>.<\/p>\n\n\n\n<h2 class=\"wp-block-heading\">Quais os efeitos na agricultura e nos recursos h\u00eddricos?<\/h2>\n\n\n\n<p>A prolongada onda de calor est\u00e1 afetando diretamente a <strong>agricultura<\/strong>, aumentando a evapora\u00e7\u00e3o e reduzindo a \u00e1gua dispon\u00edvel para irriga\u00e7\u00e3o. Esse cen\u00e1rio representa um grande desafio para os agricultores, que precisam adotar pr\u00e1ticas mais sustent\u00e1veis para manter a produtividade. <strong>Tecnologias de irriga\u00e7\u00e3o eficientes<\/strong> e o uso de cultivos mais <strong>resistentes ao calor<\/strong> s\u00e3o algumas das alternativas poss\u00edveis.<\/p>\n\n\n\n<p>Al\u00e9m disso, os <strong>recursos h\u00eddricos<\/strong> est\u00e3o sob press\u00e3o, com <strong>reservat\u00f3rios<\/strong> em n\u00edveis preocupantes. A gest\u00e3o integrada da \u00e1gua e o uso consciente s\u00e3o fundamentais para garantir o abastecimento tanto para a popula\u00e7\u00e3o quanto para as atividades econ\u00f4micas.<\/p>\n\n\n\n<h2 class=\"wp-block-heading\">O que esperar para o futuro do clima no Brasil?<\/h2>\n\n\n\n<p>Com o aumento de eventos clim\u00e1ticos extremos, como as ondas de calor, \u00e9 crucial que o Brasil adote <strong>pol\u00edticas eficazes de adapta\u00e7\u00e3o e mitiga\u00e7\u00e3o<\/strong>. A conscientiza\u00e7\u00e3o p\u00fablica e a educa\u00e7\u00e3o sobre as <strong>mudan\u00e7as clim\u00e1ticas<\/strong> s\u00e3o essenciais para preparar a sociedade para os desafios que vir\u00e3o.<\/p>\n\n\n\n<p>As autoridades meteorol\u00f3gicas seguem monitorando a situa\u00e7\u00e3o e emitindo alertas para garantir a <strong>seguran\u00e7a da popula\u00e7\u00e3o<\/strong>. A coopera\u00e7\u00e3o entre governo, setor privado e sociedade civil \u00e9 fundamental para implementar solu\u00e7\u00f5es que protejam o meio ambiente e promovam o <strong>desenvolvimento sustent\u00e1vel<\/strong>.<\/p>\n","protected":false},"excerpt":{"rendered":"<p>Em fevereiro de 2025, o Brasil enfrenta uma severa onda de calor, com temperaturas ultrapassando os 40\u00b0C<\/p>\n","protected":false},"author":1,"featured_media":359,"comment_status":"open","ping_status":"open","sticky":false,"template":"","format":"standard","meta":{"_yoast_wpseo_focuskw":"alerta calor extremo","_yoast_wpseo_title":"%%title%%","_yoast_wpseo_metadesc":"%%excerpt%%","jnews-multi-image_gallery":[],"jnews_single_post":{"format":"standard"},"jnews_primary_category":[],"jnews_social_meta":[],"jnews_override_counter":[],"footnotes":""},"categories":[169],"tags":[235,234],"class_list":["post-356","post","type-post","status-publish","format-standard","has-post-thumbnail","hentry","category-noticias","tag-calor","tag-calor-extremo"],"yoast_head":"<!-- This site is optimized with the Yoast SEO plugin v24.6 - https:\/\/yoast.com\/wordpress\/plugins\/seo\/ -->\n<title>Alerta de calor extremo: regi\u00f5es do Brasil enfrentam temperaturas recordes, veja locais<\/title>\n<meta name=\"description\" content=\"Em fevereiro de 2025, o Brasil enfrenta uma severa onda de calor, com temperaturas ultrapassando os 40\u00b0C\" \/>\n<meta name=\"robots\" content=\"index, follow, max-snippet:-1, max-image-preview:large, max-video-preview:-1\" \/>\n<link rel=\"canonical\" href=\"https:\/\/www.correiobraziliense.com.br\/cbradar\/alerta-de-calor-extremo-regioes-do-brasil-enfrentam-temperaturas-recordes-veja-locais\/\" \/>\n<meta property=\"og:locale\" content=\"pt_BR\" \/>\n<meta property=\"og:type\" content=\"article\" \/>\n<meta property=\"og:title\" content=\"Alerta de calor extremo: regi\u00f5es do Brasil enfrentam temperaturas recordes, veja locais\" \/>\n<meta property=\"og:description\" content=\"Em fevereiro de 2025, o Brasil enfrenta uma severa onda de calor, com temperaturas ultrapassando os 40\u00b0C\" \/>\n<meta property=\"og:url\" content=\"https:\/\/www.correiobraziliense.com.br\/cbradar\/alerta-de-calor-extremo-regioes-do-brasil-enfrentam-temperaturas-recordes-veja-locais\/\" \/>\n<meta property=\"og:site_name\" content=\"Correio Braziliense - Radar\" \/>\n<meta property=\"article:published_time\" content=\"2025-02-04T15:30:00+00:00\" \/>\n<meta property=\"og:image\" content=\"https:\/\/www.correiobraziliense.com.br\/cbradar\/wp-content\/uploads\/2025\/02\/calor_1738625908356.jpg\" \/>\n\t<meta property=\"og:image:width\" content=\"1280\" \/>\n\t<meta property=\"og:image:height\" content=\"720\" \/>\n\t<meta property=\"og:image:type\" content=\"image\/jpeg\" \/>\n<meta name=\"author\" content=\"admin\" \/>\n<meta name=\"twitter:card\" content=\"summary_large_image\" \/>\n<meta name=\"twitter:label1\" content=\"Escrito por\" \/>\n\t<meta name=\"twitter:data1\" content=\"admin\" \/>\n\t<meta name=\"twitter:label2\" content=\"Est. tempo de leitura\" \/>\n\t<meta name=\"twitter:data2\" content=\"4 minutos\" \/>\n<!-- \/ Yoast SEO plugin. -->","yoast_head_json":{"title":"Alerta de calor extremo: regi\u00f5es do Brasil enfrentam temperaturas recordes, veja locais","description":"Em fevereiro de 2025, o Brasil enfrenta uma severa onda de calor, com temperaturas ultrapassando os 40\u00b0C","robots":{"index":"index","follow":"follow","max-snippet":"max-snippet:-1","max-image-preview":"max-image-preview:large","max-video-preview":"max-video-preview:-1"},"canonical":"https:\/\/www.correiobraziliense.com.br\/cbradar\/alerta-de-calor-extremo-regioes-do-brasil-enfrentam-temperaturas-recordes-veja-locais\/","og_locale":"pt_BR","og_type":"article","og_title":"Alerta de calor extremo: regi\u00f5es do Brasil enfrentam temperaturas recordes, veja locais","og_description":"Em fevereiro de 2025, o Brasil enfrenta uma severa onda de calor, com temperaturas ultrapassando os 40\u00b0C","og_url":"https:\/\/www.correiobraziliense.com.br\/cbradar\/alerta-de-calor-extremo-regioes-do-brasil-enfrentam-temperaturas-recordes-veja-locais\/","og_site_name":"Correio Braziliense - Radar","article_published_time":"2025-02-04T15:30:00+00:00","og_image":[{"width":1280,"height":720,"url":"https:\/\/www.correiobraziliense.com.br\/cbradar\/wp-content\/uploads\/2025\/02\/calor_1738625908356.jpg","type":"image\/jpeg"}],"author":"admin","twitter_card":"summary_large_image","twitter_misc":{"Escrito por":"admin","Est. tempo de leitura":"4 minutos"},"schema":{"@context":"https:\/\/schema.org","@graph":[{"@type":"WebPage","@id":"https:\/\/www.correiobraziliense.com.br\/cbradar\/alerta-de-calor-extremo-regioes-do-brasil-enfrentam-temperaturas-recordes-veja-locais\/","url":"https:\/\/www.correiobraziliense.com.br\/cbradar\/alerta-de-calor-extremo-regioes-do-brasil-enfrentam-temperaturas-recordes-veja-locais\/","name":"Alerta de calor extremo: regi\u00f5es do Brasil enfrentam temperaturas recordes, veja locais","isPartOf":{"@id":"https:\/\/www.correiobraziliense.com.br\/cbradar\/#website"},"primaryImageOfPage":{"@id":"https:\/\/www.correiobraziliense.com.br\/cbradar\/alerta-de-calor-extremo-regioes-do-brasil-enfrentam-temperaturas-recordes-veja-locais\/#primaryimage"},"image":{"@id":"https:\/\/www.correiobraziliense.com.br\/cbradar\/alerta-de-calor-extremo-regioes-do-brasil-enfrentam-temperaturas-recordes-veja-locais\/#primaryimage"},"thumbnailUrl":"https:\/\/www.correiobraziliense.com.br\/cbradar\/wp-content\/uploads\/2025\/02\/calor_1738625908356.jpg","datePublished":"2025-02-04T15:30:00+00:00","author":{"@id":"https:\/\/www.correiobraziliense.com.br\/cbradar\/#\/schema\/person\/ba6be179bf1fb248ff7e5860cf05c1ce"},"description":"Em fevereiro de 2025, o Brasil enfrenta uma severa onda de calor, com temperaturas ultrapassando os 40\u00b0C","breadcrumb":{"@id":"https:\/\/www.correiobraziliense.com.br\/cbradar\/alerta-de-calor-extremo-regioes-do-brasil-enfrentam-temperaturas-recordes-veja-locais\/#breadcrumb"},"inLanguage":"pt-BR","potentialAction":[{"@type":"ReadAction","target":["https:\/\/www.correiobraziliense.com.br\/cbradar\/alerta-de-calor-extremo-regioes-do-brasil-enfrentam-temperaturas-recordes-veja-locais\/"]}]},{"@type":"ImageObject","inLanguage":"pt-BR","@id":"https:\/\/www.correiobraziliense.com.br\/cbradar\/alerta-de-calor-extremo-regioes-do-brasil-enfrentam-temperaturas-recordes-veja-locais\/#primaryimage","url":"https:\/\/www.correiobraziliense.com.br\/cbradar\/wp-content\/uploads\/2025\/02\/calor_1738625908356.jpg","contentUrl":"https:\/\/www.correiobraziliense.com.br\/cbradar\/wp-content\/uploads\/2025\/02\/calor_1738625908356.jpg","width":1280,"height":720,"caption":"Veja as regi\u00f5es em alerta para calor extremo. Cr\u00e9ditos: depositphotos.com \/ VladisChern"},{"@type":"BreadcrumbList","@id":"https:\/\/www.correiobraziliense.com.br\/cbradar\/alerta-de-calor-extremo-regioes-do-brasil-enfrentam-temperaturas-recordes-veja-locais\/#breadcrumb","itemListElement":[{"@type":"ListItem","position":1,"name":"In\u00edcio","item":"https:\/\/www.correiobraziliense.com.br\/cbradar\/"},{"@type":"ListItem","position":2,"name":"Alerta de calor extremo: regi\u00f5es do Brasil enfrentam temperaturas recordes, veja locais"}]},{"@type":"WebSite","@id":"https:\/\/www.correiobraziliense.com.br\/cbradar\/#website","url":"https:\/\/www.correiobraziliense.com.br\/cbradar\/","name":"Correio Braziliense - Radar","description":"Acompanhe as \u00faltimas not\u00edcias e fique bem informado sobre tudo o que acontece no Brasil e no mundo.","potentialAction":[{"@type":"SearchAction","target":{"@type":"EntryPoint","urlTemplate":"https:\/\/www.correiobraziliense.com.br\/cbradar\/?s={search_term_string}"},"query-input":{"@type":"PropertyValueSpecification","valueRequired":true,"valueName":"search_term_string"}}],"inLanguage":"pt-BR"},{"@type":"Person","@id":"https:\/\/www.correiobraziliense.com.br\/cbradar\/#\/schema\/person\/ba6be179bf1fb248ff7e5860cf05c1ce","name":"admin","image":{"@type":"ImageObject","inLanguage":"pt-BR","@id":"https:\/\/www.correiobraziliense.com.br\/cbradar\/#\/schema\/person\/image\/","url":"https:\/\/secure.gravatar.com\/avatar\/f48813594a2311891ce48755a52acc9e?s=96&d=mm&r=g","contentUrl":"https:\/\/secure.gravatar.com\/avatar\/f48813594a2311891ce48755a52acc9e?s=96&d=mm&r=g","caption":"admin"},"sameAs":["https:\/\/www.correiobraziliense.com.br\/cbradar"],"url":"https:\/\/www.correiobraziliense.com.br\/cbradar\/author\/machines_81tgorx9\/"}]}},"_links":{"self":[{"href":"https:\/\/www.correiobraziliense.com.br\/cbradar\/wp-json\/wp\/v2\/posts\/356","targetHints":{"allow":["GET"]}}],"collection":[{"href":"https:\/\/www.correiobraziliense.com.br\/cbradar\/wp-json\/wp\/v2\/posts"}],"about":[{"href":"https:\/\/www.correiobraziliense.com.br\/cbradar\/wp-json\/wp\/v2\/types\/post"}],"author":[{"embeddable":true,"href":"https:\/\/www.correiobraziliense.com.br\/cbradar\/wp-json\/wp\/v2\/users\/1"}],"replies":[{"embeddable":true,"href":"https:\/\/www.correiobraziliense.com.br\/cbradar\/wp-json\/wp\/v2\/comments?post=356"}],"version-history":[{"count":3,"href":"https:\/\/www.correiobraziliense.com.br\/cbradar\/wp-json\/wp\/v2\/posts\/356\/revisions"}],"predecessor-version":[{"id":362,"href":"https:\/\/www.correiobraziliense.com.br\/cbradar\/wp-json\/wp\/v2\/posts\/356\/revisions\/362"}],"wp:featuredmedia":[{"embeddable":true,"href":"https:\/\/www.correiobraziliense.com.br\/cbradar\/wp-json\/wp\/v2\/media\/359"}],"wp:attachment":[{"href":"https:\/\/www.correiobraziliense.com.br\/cbradar\/wp-json\/wp\/v2\/media?parent=356"}],"wp:term":[{"taxonomy":"category","embeddable":true,"href":"https:\/\/www.correiobraziliense.com.br\/cbradar\/wp-json\/wp\/v2\/categories?post=356"},{"taxonomy":"post_tag","embeddable":true,"href":"https:\/\/www.correiobraziliense.com.br\/cbradar\/wp-json\/wp\/v2\/tags?post=356"}],"curies":[{"name":"wp","href":"https:\/\/api.w.org\/{rel}","templated":true}]}}