{"id":35707,"date":"2025-05-13T12:23:00","date_gmt":"2025-05-13T15:23:00","guid":{"rendered":"https:\/\/www.correiobraziliense.com.br\/cbradar\/?p=35707"},"modified":"2025-05-12T10:14:18","modified_gmt":"2025-05-12T13:14:18","slug":"suas-costas-mudarao-completamente-apos-voce-executar-esses-exercicios","status":"publish","type":"post","link":"https:\/\/www.correiobraziliense.com.br\/cbradar\/suas-costas-mudarao-completamente-apos-voce-executar-esses-exercicios\/","title":{"rendered":"Suas costas mudar\u00e3o completamente ap\u00f3s voc\u00ea executar esses exerc\u00edcios"},"content":{"rendered":"\n<p>Para muitos, a jornada de trabalho envolve passar a maior parte do tempo sentado em frente a um computador. Embora pare\u00e7a inofensivo, o <strong>trabalho sedent\u00e1rio<\/strong> prolongado \u00e9 um dos principais contribuintes para a <strong>dor nas costas<\/strong>, especialmente na regi\u00e3o lombar e superior. Manter a mesma posi\u00e7\u00e3o por horas a fio enfraquece os <strong><a href=\"https:\/\/pt.wikipedia.org\/wiki\/M\u00fasculo_grande_dorsal\" target=\"_blank\" rel=\"noreferrer noopener\">m\u00fasculos das costas<\/a><\/strong> e do <strong>core<\/strong> (centro do corpo), essenciais para dar suporte \u00e0 coluna. Isso leva a uma m\u00e1 <strong>postura<\/strong>, onde os ombros se curvam para a frente e a cabe\u00e7a se projeta, colocando estresse excessivo sobre a coluna vertebral. A dor resultante pode variar de um inc\u00f4modo leve a uma dor cr\u00f4nica e debilitante que afeta a concentra\u00e7\u00e3o e a qualidade de vida. Felizmente, n\u00e3o \u00e9 preciso se resignar a viver com essa dor. A incorpora\u00e7\u00e3o regular de exerc\u00edcios de fortalecimento direcionados pode ser uma estrat\u00e9gia eficaz para aliviar a dor existente e, mais importante, prevenir seu retorno.<\/p>\n\n\n\n<p>Entender quais m\u00fasculos s\u00e3o mais afetados pelo tempo sentado e focar em fortalec\u00ea-los pode reverter os efeitos negativos do <strong>trabalho sedent\u00e1rio<\/strong> na <strong>postura<\/strong> e na <strong><a href=\"https:\/\/www.correiobraziliense.com.br\/cbradar\/em-apenas-7-dias-suas-noites-de-sono-se-transformaram-e-voce-vai-adorar-os-resultados\/\" target=\"_blank\" rel=\"noreferrer noopener\">sa\u00fade <\/a>das costas<\/strong>. Exerc\u00edcios simples, que podem ser realizados em casa ou at\u00e9 mesmo no escrit\u00f3rio durante pequenas pausas, visam reativar e fortalecer esses m\u00fasculos, promovendo um melhor alinhamento da coluna e reduzindo a <strong>tens\u00e3o<\/strong>. Uma rotina consistente de fortalecimento, combinada com a aten\u00e7\u00e3o \u00e0 <strong>postura<\/strong> e \u00e0 <strong>ergonomia<\/strong>, pode transformar sua experi\u00eancia no trabalho, tornando-a mais confort\u00e1vel e livre de dor. Se a dor nas costas for persistente ou severa, <strong>sempre consulte um m\u00e9dico<\/strong> ou fisioterapeuta para um diagn\u00f3stico e plano de tratamento adequados.<\/p>\n\n\n\n<h2 class=\"wp-block-heading\">Por que o trabalho de escrit\u00f3rio pode ser t\u00e3o prejudicial para as costas?<\/h2>\n\n\n<div class=\"wp-block-image\">\n<figure class=\"aligncenter size-large\"><img decoding=\"async\" width=\"1024\" height=\"576\" src=\"https:\/\/www.correiobraziliense.com.br\/cbradar\/wp-content\/uploads\/2025\/03\/ambiente-de-trabalho_1740934245880-1024x576.jpg\" alt=\"Suas costas mudar\u00e3o completamente ap\u00f3s voc\u00ea executar esses exerc\u00edcios\" class=\"wp-image-8361\" srcset=\"https:\/\/www.correiobraziliense.com.br\/cbradar\/wp-content\/uploads\/2025\/03\/ambiente-de-trabalho_1740934245880-1024x576.jpg 1024w, https:\/\/www.correiobraziliense.com.br\/cbradar\/wp-content\/uploads\/2025\/03\/ambiente-de-trabalho_1740934245880-300x169.jpg 300w, https:\/\/www.correiobraziliense.com.br\/cbradar\/wp-content\/uploads\/2025\/03\/ambiente-de-trabalho_1740934245880-768x432.jpg 768w, https:\/\/www.correiobraziliense.com.br\/cbradar\/wp-content\/uploads\/2025\/03\/ambiente-de-trabalho_1740934245880-750x422.jpg 750w, https:\/\/www.correiobraziliense.com.br\/cbradar\/wp-content\/uploads\/2025\/03\/ambiente-de-trabalho_1740934245880-1140x641.jpg 1140w, https:\/\/www.correiobraziliense.com.br\/cbradar\/wp-content\/uploads\/2025\/03\/ambiente-de-trabalho_1740934245880.jpg 1280w\" sizes=\"(max-width: 1024px) 100vw, 1024px\" \/><figcaption class=\"wp-element-caption\">Trabalho &#8211; Cr\u00e9ditos: depositphotos.com \/ EdZbarzhyvetsky<\/figcaption><\/figure><\/div>\n\n\n<p>O principal problema do <strong>trabalho sedent\u00e1rio<\/strong> \u00e9 a inatividade prolongada dos <strong>m\u00fasculos das costas<\/strong> e do <strong>core<\/strong>. Quando sentamos por longos per\u00edodos, esses m\u00fasculos, que deveriam estar ativos para dar suporte \u00e0 coluna, ficam inativos. Essa inatividade leva ao enfraquecimento (atrofia) e ao descondicionamento muscular.<\/p>\n\n\n\n<p>Al\u00e9m disso, a posi\u00e7\u00e3o sentada, especialmente em cadeiras inadequadas ou com m\u00e1 <strong>postura<\/strong>, tende a encurtar os flexores do quadril e a arredondar a parte superior das costas, protraindo os ombros e a cabe\u00e7a. Essa <strong>postura<\/strong> desalinhada coloca estresse indevido sobre os ligamentos e discos da coluna vertebral, comprimindo nervos e causando dor e desconforto. A falta de movimento regular tamb\u00e9m reduz a circula\u00e7\u00e3o sangu\u00ednea para os m\u00fasculos das costas, o que pode contribuir para a rigidez e a dor.<\/p>\n\n\n\n<h2 class=\"wp-block-heading\">Que m\u00fasculos das costas devo focar para aliviar a dor do escrit\u00f3rio?<\/h2>\n\n\n\n<p>Para combater a <strong>dor nas costas<\/strong> relacionada ao <strong>trabalho sedent\u00e1rio<\/strong> e melhorar a <strong>postura<\/strong>, \u00e9 importante focar nos seguintes grupos musculares:<\/p>\n\n\n\n<ul class=\"wp-block-list\">\n<li><strong>M\u00fasculos da parte superior das costas:<\/strong> <strong>Romboides<\/strong> e parte m\u00e9dia\/inferior do <strong>trap\u00e9zio<\/strong>. Esses m\u00fasculos ajudam a puxar as omoplatas para tr\u00e1s e para baixo, contrariando os ombros arredondados e melhorando a <strong>postura<\/strong> da parte superior do tronco.<\/li>\n\n\n\n<li><strong>M\u00fasculos extensores lombares:<\/strong> M\u00fasculos na parte inferior das costas que ajudam a manter a coluna ereta e a suportar a carga na regi\u00e3o lombar.<\/li>\n\n\n\n<li><strong>Core:<\/strong> <strong>M\u00fasculos abdominais<\/strong> profundos e obl\u00edquos. Um <strong>core<\/strong> forte trabalha em conjunto com os <strong>m\u00fasculos das costas<\/strong> para estabilizar a coluna e a pelve, reduzindo a sobrecarga na regi\u00e3o lombar.<\/li>\n<\/ul>\n\n\n\n<p>Fortalecer esses m\u00fasculos ajuda a suportar a coluna de forma mais eficaz e a manter uma <strong>postura<\/strong> mais saud\u00e1vel ao sentar e em outras atividades.<\/p>\n\n\n\n<h2 class=\"wp-block-heading\">Quais exerc\u00edcios de fortalecimento de costas podem ser feitos sem sair de casa ou do escrit\u00f3rio?<\/h2>\n\n\n\n<p>Estes exerc\u00edcios utilizam apenas o peso corporal e podem ser feitos em um pequeno espa\u00e7o:<\/p>\n\n\n\n<ul class=\"wp-block-list\">\n<li><strong>Retra\u00e7\u00e3o de esc\u00e1pulas:<\/strong> Sentado ou em p\u00e9 com as costas retas, aperte as omoplatas (esc\u00e1pulas) uma contra a outra, como se quisesse segurar algo entre elas. Mantenha por 5 segundos.<\/li>\n\n\n\n<li><strong>Remada invertida na mesa (se tiver uma mesa firme):<\/strong> Deite de costas sob uma mesa resistente, segure a borda da mesa com as m\u00e3os na largura dos ombros. Puxe o peito em dire\u00e7\u00e3o \u00e0 mesa, contraindo os <strong>m\u00fasculos das costas<\/strong>. Os p\u00e9s ficam no ch\u00e3o.<\/li>\n\n\n\n<li><strong>Prancha (Plank):<\/strong> Mantenha o corpo em linha reta apoiado nos antebra\u00e7os e pontas dos p\u00e9s. Fortalece o <strong>core<\/strong>, que suporta a coluna.<\/li>\n\n\n\n<li><strong>Super-Homem:<\/strong> Deitado de bru\u00e7os no ch\u00e3o, estenda bra\u00e7os e pernas. Levante simultaneamente bra\u00e7os, peito e pernas do ch\u00e3o, contraindo os <strong>m\u00fasculos das costas<\/strong> e gl\u00fateos.<\/li>\n\n\n\n<li><strong>Bird-Dog:<\/strong> Em posi\u00e7\u00e3o de quatro apoios, estenda simultaneamente um bra\u00e7o e a perna oposta, mantendo o tronco est\u00e1vel. Fortalece o <strong>core<\/strong> e os extensores lombares.<\/li>\n\n\n\n<li><strong>Ponte (Glute Bridge):<\/strong> Deitado de costas com joelhos flexionados, levante o quadril contraindo os gl\u00fateos. Fortalece gl\u00fateos e lombar inferior.<\/li>\n\n\n\n<li><strong>Alongamento de peitoral na porta:<\/strong> Fique em um batente de porta, com um bra\u00e7o flexionado a 90 graus e a m\u00e3o no batente. Avance o corpo para sentir o alongamento no peitoral.<\/li>\n<\/ul>\n\n\n\n<p>Realize 2-3 s\u00e9ries de 10-15 repeti\u00e7\u00f5es de cada exerc\u00edcio (para prancha, mantenha por 30-60 segundos).<\/p>\n\n\n\n<h2 class=\"wp-block-heading\">Como criar uma rotina de exerc\u00edcios eficaz contra a dor nas costas no dia a dia?<\/h2>\n\n\n\n<p>Para combater a <strong>dor nas costas<\/strong> do escrit\u00f3rio, a <strong>consist\u00eancia<\/strong> \u00e9 mais importante do que a dura\u00e7\u00e3o. Tente incorporar alguns desses exerc\u00edcios na sua rotina di\u00e1ria ou, no m\u00ednimo, 3 a 4 vezes por semana.<\/p>\n\n\n\n<ul class=\"wp-block-list\">\n<li><strong>Pequenas pausas ativas:<\/strong> Durante o hor\u00e1rio de trabalho, a cada hora, levante-se e fa\u00e7a 10 <strong>retra\u00e7\u00f5es de esc\u00e1pulas<\/strong> ou alguns alongamentos suaves do pesco\u00e7o e ombros.<\/li>\n\n\n\n<li><strong>Rotina em casa:<\/strong> Dedique 15-20 minutos ap\u00f3s o trabalho para realizar uma sele\u00e7\u00e3o de 4-5 exerc\u00edcios, focando em <strong>m\u00fasculos das costas<\/strong> e <strong>core<\/strong>.<\/li>\n\n\n\n<li><strong>Combine com alongamento:<\/strong> Alongar os flexores do quadril e o peitoral tamb\u00e9m \u00e9 crucial para contrariar os efeitos de sentar prolongado.<\/li>\n\n\n\n<li><strong>Progress\u00e3o:<\/strong> \u00c0 medida que ficar mais forte, aumente o n\u00famero de repeti\u00e7\u00f5es, s\u00e9ries ou o tempo nas pranchas.<\/li>\n<\/ul>\n\n\n\n<p>Uma rotina regular fortalece os <strong>m\u00fasculos das costas<\/strong> e melhora a <strong>postura<\/strong>, reduzindo a probabilidade de dor.<\/p>\n\n\n\n<h2 class=\"wp-block-heading\">Al\u00e9m dos exerc\u00edcios, o que mais posso fazer para proteger minhas costas no trabalho?<\/h2>\n\n\n\n<p>Al\u00e9m do fortalecimento, outras estrat\u00e9gias s\u00e3o essenciais:<\/p>\n\n\n\n<ul class=\"wp-block-list\">\n<li><strong>Ajustes ergon\u00f4micos:<\/strong> Certifique-se de que sua esta\u00e7\u00e3o de trabalho (cadeira, altura da mesa, monitor) esteja ergonomicamente configurada para promover uma boa <strong>postura<\/strong>.<\/li>\n\n\n\n<li><strong>Fa\u00e7a pausas regulares para levantar e caminhar:<\/strong> Evite sentar por mais de 60 minutos seguidos.<\/li>\n\n\n\n<li><strong>Consci\u00eancia postural:<\/strong> Preste aten\u00e7\u00e3o \u00e0 sua <strong>postura<\/strong> ao longo do dia e fa\u00e7a ajustes conscientes para sentar ou ficar em p\u00e9 de forma ereta.<\/li>\n\n\n\n<li><strong>Mantenha-se ativo fora do trabalho:<\/strong> A atividade f\u00edsica regular, como caminhada ou outros exerc\u00edcios, fortalece o corpo e melhora a <strong>sa\u00fade das costas<\/strong> em geral.<\/li>\n\n\n\n<li><strong>Hidrata\u00e7\u00e3o:<\/strong> Manter-se hidratado \u00e9 importante para a sa\u00fade dos discos intervertebrais.<\/li>\n<\/ul>\n\n\n\n<p>Combinar exerc\u00edcios de fortalecimento com h\u00e1bitos saud\u00e1veis no local de trabalho e um estilo de vida ativo \u00e9 a melhor forma de prevenir e aliviar a <strong>dor nas costas<\/strong> relacionada ao <strong>trabalho sedent\u00e1rio<\/strong>. Lembre-se de buscar orienta\u00e7\u00e3o profissional se a dor for persistente.<\/p>\n","protected":false},"excerpt":{"rendered":"<p>Para muitos, a jornada de trabalho envolve passar a maior parte do tempo sentado em frente a um computador. Embora pare\u00e7a inofensivo, o trabalho sedent\u00e1rio prolongado \u00e9 um dos principais contribuintes para a dor nas costas, especialmente na regi\u00e3o lombar e superior. Manter a mesma posi\u00e7\u00e3o por horas a fio enfraquece os m\u00fasculos das costas [&hellip;]<\/p>\n","protected":false},"author":11,"featured_media":23885,"comment_status":"open","ping_status":"open","sticky":false,"template":"","format":"standard","meta":{"_yoast_wpseo_focuskw":"costas","_yoast_wpseo_title":"","_yoast_wpseo_metadesc":"Resultados surpreendentes podem vir de onde voc\u00ea menos espera. Esses movimentos est\u00e3o transformando a rotina de muita gente.","jnews-multi-image_gallery":[],"jnews_single_post":{"format":"standard"},"jnews_primary_category":[],"jnews_social_meta":[],"jnews_override_counter":[],"footnotes":""},"categories":[119],"post_tag":[120,565],"class_list":["post-35707","post","type-post","status-publish","format-standard","has-post-thumbnail","hentry","category-bem-estar","tag-bem-estar","tag-saude"],"yoast_head":"<!-- This site is optimized with the Yoast SEO plugin v24.6 - https:\/\/yoast.com\/wordpress\/plugins\/seo\/ -->\n<title>Suas costas mudar\u00e3o completamente ap\u00f3s voc\u00ea executar esses exerc\u00edcios - Correio Braziliense - Radar<\/title>\n<meta name=\"description\" content=\"Resultados surpreendentes podem vir de onde voc\u00ea menos espera. Esses movimentos est\u00e3o transformando a rotina de muita gente.\" \/>\n<meta name=\"robots\" content=\"index, follow, max-snippet:-1, max-image-preview:large, max-video-preview:-1\" \/>\n<link rel=\"canonical\" href=\"https:\/\/www.correiobraziliense.com.br\/cbradar\/suas-costas-mudarao-completamente-apos-voce-executar-esses-exercicios\/\" \/>\n<meta property=\"og:locale\" content=\"pt_BR\" \/>\n<meta property=\"og:type\" content=\"article\" \/>\n<meta property=\"og:title\" content=\"Suas costas mudar\u00e3o completamente ap\u00f3s voc\u00ea executar esses exerc\u00edcios - Correio Braziliense - Radar\" \/>\n<meta property=\"og:description\" content=\"Resultados surpreendentes podem vir de onde voc\u00ea menos espera. Esses movimentos est\u00e3o transformando a rotina de muita gente.\" \/>\n<meta property=\"og:url\" content=\"https:\/\/www.correiobraziliense.com.br\/cbradar\/suas-costas-mudarao-completamente-apos-voce-executar-esses-exercicios\/\" \/>\n<meta property=\"og:site_name\" content=\"Correio Braziliense - Radar\" \/>\n<meta property=\"article:published_time\" content=\"2025-05-13T15:23:00+00:00\" \/>\n<meta property=\"og:image\" content=\"https:\/\/www.correiobraziliense.com.br\/cbradar\/wp-content\/uploads\/2025\/04\/costas_1744723722379.jpg\" \/>\n\t<meta property=\"og:image:width\" content=\"1280\" \/>\n\t<meta property=\"og:image:height\" content=\"720\" \/>\n\t<meta property=\"og:image:type\" content=\"image\/jpeg\" \/>\n<meta name=\"author\" content=\"Paulo Custodio\" \/>\n<meta name=\"twitter:card\" content=\"summary_large_image\" \/>\n<meta name=\"twitter:label1\" content=\"Escrito por\" \/>\n\t<meta name=\"twitter:data1\" content=\"Paulo Custodio\" \/>\n\t<meta name=\"twitter:label2\" content=\"Est. tempo de leitura\" \/>\n\t<meta name=\"twitter:data2\" content=\"7 minutos\" \/>\n<!-- \/ Yoast SEO plugin. -->","yoast_head_json":{"title":"Suas costas mudar\u00e3o completamente ap\u00f3s voc\u00ea executar esses exerc\u00edcios - Correio Braziliense - Radar","description":"Resultados surpreendentes podem vir de onde voc\u00ea menos espera. Esses movimentos est\u00e3o transformando a rotina de muita gente.","robots":{"index":"index","follow":"follow","max-snippet":"max-snippet:-1","max-image-preview":"max-image-preview:large","max-video-preview":"max-video-preview:-1"},"canonical":"https:\/\/www.correiobraziliense.com.br\/cbradar\/suas-costas-mudarao-completamente-apos-voce-executar-esses-exercicios\/","og_locale":"pt_BR","og_type":"article","og_title":"Suas costas mudar\u00e3o completamente ap\u00f3s voc\u00ea executar esses exerc\u00edcios - Correio Braziliense - Radar","og_description":"Resultados surpreendentes podem vir de onde voc\u00ea menos espera. Esses movimentos est\u00e3o transformando a rotina de muita gente.","og_url":"https:\/\/www.correiobraziliense.com.br\/cbradar\/suas-costas-mudarao-completamente-apos-voce-executar-esses-exercicios\/","og_site_name":"Correio Braziliense - Radar","article_published_time":"2025-05-13T15:23:00+00:00","og_image":[{"width":1280,"height":720,"url":"https:\/\/www.correiobraziliense.com.br\/cbradar\/wp-content\/uploads\/2025\/04\/costas_1744723722379.jpg","type":"image\/jpeg"}],"author":"Paulo Custodio","twitter_card":"summary_large_image","twitter_misc":{"Escrito por":"Paulo Custodio","Est. tempo de leitura":"7 minutos"},"schema":{"@context":"https:\/\/schema.org","@graph":[{"@type":"WebPage","@id":"https:\/\/www.correiobraziliense.com.br\/cbradar\/suas-costas-mudarao-completamente-apos-voce-executar-esses-exercicios\/","url":"https:\/\/www.correiobraziliense.com.br\/cbradar\/suas-costas-mudarao-completamente-apos-voce-executar-esses-exercicios\/","name":"Suas costas mudar\u00e3o completamente ap\u00f3s voc\u00ea executar esses exerc\u00edcios - Correio Braziliense - Radar","isPartOf":{"@id":"https:\/\/www.correiobraziliense.com.br\/cbradar\/#website"},"primaryImageOfPage":{"@id":"https:\/\/www.correiobraziliense.com.br\/cbradar\/suas-costas-mudarao-completamente-apos-voce-executar-esses-exercicios\/#primaryimage"},"image":{"@id":"https:\/\/www.correiobraziliense.com.br\/cbradar\/suas-costas-mudarao-completamente-apos-voce-executar-esses-exercicios\/#primaryimage"},"thumbnailUrl":"https:\/\/www.correiobraziliense.com.br\/cbradar\/wp-content\/uploads\/2025\/04\/costas_1744723722379.jpg","datePublished":"2025-05-13T15:23:00+00:00","author":{"@id":"https:\/\/www.correiobraziliense.com.br\/cbradar\/#\/schema\/person\/4cec7857301a9a1a2ef249893cd908d3"},"description":"Resultados surpreendentes podem vir de onde voc\u00ea menos espera. Esses movimentos est\u00e3o transformando a rotina de muita gente.","breadcrumb":{"@id":"https:\/\/www.correiobraziliense.com.br\/cbradar\/suas-costas-mudarao-completamente-apos-voce-executar-esses-exercicios\/#breadcrumb"},"inLanguage":"pt-BR","potentialAction":[{"@type":"ReadAction","target":["https:\/\/www.correiobraziliense.com.br\/cbradar\/suas-costas-mudarao-completamente-apos-voce-executar-esses-exercicios\/"]}]},{"@type":"ImageObject","inLanguage":"pt-BR","@id":"https:\/\/www.correiobraziliense.com.br\/cbradar\/suas-costas-mudarao-completamente-apos-voce-executar-esses-exercicios\/#primaryimage","url":"https:\/\/www.correiobraziliense.com.br\/cbradar\/wp-content\/uploads\/2025\/04\/costas_1744723722379.jpg","contentUrl":"https:\/\/www.correiobraziliense.com.br\/cbradar\/wp-content\/uploads\/2025\/04\/costas_1744723722379.jpg","width":1280,"height":720,"caption":"Costas - Cr\u00e9ditos: depositphotos.com \/ AllaSerebrina"},{"@type":"BreadcrumbList","@id":"https:\/\/www.correiobraziliense.com.br\/cbradar\/suas-costas-mudarao-completamente-apos-voce-executar-esses-exercicios\/#breadcrumb","itemListElement":[{"@type":"ListItem","position":1,"name":"In\u00edcio","item":"https:\/\/www.correiobraziliense.com.br\/cbradar\/"},{"@type":"ListItem","position":2,"name":"Suas costas mudar\u00e3o completamente ap\u00f3s voc\u00ea executar esses exerc\u00edcios"}]},{"@type":"WebSite","@id":"https:\/\/www.correiobraziliense.com.br\/cbradar\/#website","url":"https:\/\/www.correiobraziliense.com.br\/cbradar\/","name":"Correio Braziliense - Radar","description":"Acompanhe as \u00faltimas not\u00edcias e fique bem informado sobre tudo o que acontece no Brasil e no mundo.","potentialAction":[{"@type":"SearchAction","target":{"@type":"EntryPoint","urlTemplate":"https:\/\/www.correiobraziliense.com.br\/cbradar\/?s={search_term_string}"},"query-input":{"@type":"PropertyValueSpecification","valueRequired":true,"valueName":"search_term_string"}}],"inLanguage":"pt-BR"},{"@type":"Person","@id":"https:\/\/www.correiobraziliense.com.br\/cbradar\/#\/schema\/person\/4cec7857301a9a1a2ef249893cd908d3","name":"Paulo Custodio","image":{"@type":"ImageObject","inLanguage":"pt-BR","@id":"https:\/\/www.correiobraziliense.com.br\/cbradar\/#\/schema\/person\/image\/","url":"https:\/\/secure.gravatar.com\/avatar\/bcd67168d1534e8fcf4f45c726a87cea?s=96&d=mm&r=g","contentUrl":"https:\/\/secure.gravatar.com\/avatar\/bcd67168d1534e8fcf4f45c726a87cea?s=96&d=mm&r=g","caption":"Paulo Custodio"},"sameAs":["https:\/\/www.correiobraziliense.com.br\/cbradar"],"url":"https:\/\/www.correiobraziliense.com.br\/cbradar\/author\/paulomyth\/"}]}},"_links":{"self":[{"href":"https:\/\/www.correiobraziliense.com.br\/cbradar\/wp-json\/wp\/v2\/posts\/35707","targetHints":{"allow":["GET"]}}],"collection":[{"href":"https:\/\/www.correiobraziliense.com.br\/cbradar\/wp-json\/wp\/v2\/posts"}],"about":[{"href":"https:\/\/www.correiobraziliense.com.br\/cbradar\/wp-json\/wp\/v2\/types\/post"}],"author":[{"embeddable":true,"href":"https:\/\/www.correiobraziliense.com.br\/cbradar\/wp-json\/wp\/v2\/users\/11"}],"replies":[{"embeddable":true,"href":"https:\/\/www.correiobraziliense.com.br\/cbradar\/wp-json\/wp\/v2\/comments?post=35707"}],"version-history":[{"count":2,"href":"https:\/\/www.correiobraziliense.com.br\/cbradar\/wp-json\/wp\/v2\/posts\/35707\/revisions"}],"predecessor-version":[{"id":35799,"href":"https:\/\/www.correiobraziliense.com.br\/cbradar\/wp-json\/wp\/v2\/posts\/35707\/revisions\/35799"}],"wp:featuredmedia":[{"embeddable":true,"href":"https:\/\/www.correiobraziliense.com.br\/cbradar\/wp-json\/wp\/v2\/media\/23885"}],"wp:attachment":[{"href":"https:\/\/www.correiobraziliense.com.br\/cbradar\/wp-json\/wp\/v2\/media?parent=35707"}],"wp:term":[{"taxonomy":"category","embeddable":true,"href":"https:\/\/www.correiobraziliense.com.br\/cbradar\/wp-json\/wp\/v2\/categories?post=35707"},{"taxonomy":"post_tag","embeddable":true,"href":"https:\/\/www.correiobraziliense.com.br\/cbradar\/wp-json\/wp\/v2\/post_tag?post=35707"}],"curies":[{"name":"wp","href":"https:\/\/api.w.org\/{rel}","templated":true}]}}