{"id":35712,"date":"2025-05-13T20:23:00","date_gmt":"2025-05-13T23:23:00","guid":{"rendered":"https:\/\/www.correiobraziliense.com.br\/cbradar\/?p=35712"},"modified":"2025-05-12T10:24:12","modified_gmt":"2025-05-12T13:24:12","slug":"tecnica-avancada-para-perder-a-gordurinha-na-barriga","status":"publish","type":"post","link":"https:\/\/www.correiobraziliense.com.br\/cbradar\/tecnica-avancada-para-perder-a-gordurinha-na-barriga\/","title":{"rendered":"T\u00e9cnica avan\u00e7ada para perder a gordurinha na barriga"},"content":{"rendered":"\n<p>A <strong>gordura abdominal<\/strong>, particularmente aquela que se acumula na regi\u00e3o da barriga, \u00e9 uma preocupa\u00e7\u00e3o comum para muitas pessoas, tanto por raz\u00f5es est\u00e9ticas quanto de <strong>sa\u00fade<\/strong>. A <strong><a href=\"https:\/\/pt.wikipedia.org\/wiki\/Gordura_visceral\" target=\"_blank\" rel=\"noreferrer noopener\">gordura visceral<\/a><\/strong>, que se localiza mais profundamente na cavidade abdominal e envolve \u00f3rg\u00e3os internos, \u00e9 metabolicamente ativa e est\u00e1 associada a um risco aumentado de doen\u00e7as <strong>cardiovasculares<\/strong>, diabetes tipo 2 e outras condi\u00e7\u00f5es cr\u00f4nicas. Diante do desejo de reduzir essa gordura localizada, o mercado est\u00e1 repleto de &#8220;solu\u00e7\u00f5es&#8221; r\u00e1pidas e dietas da moda que prometem resultados milagrosos para &#8220;secar a barriga&#8221;. No entanto, a grande maioria dessas promessas se baseia em <strong>mitos<\/strong> e n\u00e3o em evid\u00eancias cient\u00edficas s\u00f3lidas.<\/p>\n\n\n\n<p>A verdade sobre a perda de <strong>gordura abdominal<\/strong> atrav\u00e9s da <strong>alimenta\u00e7\u00e3o<\/strong> \u00e9 mais complexa do que simplesmente comer um &#8220;alimento m\u00e1gico&#8221; ou seguir uma dieta extremamente restritiva por um curto per\u00edodo. A perda de gordura, incluindo a abdominal, \u00e9 um processo sist\u00eamico que depende de um balan\u00e7o energ\u00e9tico geral e de um padr\u00e3o alimentar saud\u00e1vel e sustent\u00e1vel a longo prazo. Embora n\u00e3o seja poss\u00edvel direcionar a perda de gordura para uma \u00e1rea espec\u00edfica do corpo apenas com a dieta, certas estrat\u00e9gias alimentares podem ser mais eficazes na promo\u00e7\u00e3o da perda de gordura geral, o que naturalmente inclui a redu\u00e7\u00e3o da <strong>gordura abdominal<\/strong>. Separar o que funciona de verdade das promessas vazias \u00e9 crucial para abordar esse objetivo de forma eficaz e <strong><a href=\"https:\/\/www.correiobraziliense.com.br\/cbradar\/em-apenas-7-dias-suas-noites-de-sono-se-transformaram-e-voce-vai-adorar-os-resultados\/\" target=\"_blank\" rel=\"noreferrer noopener\">saud\u00e1vel<\/a><\/strong>.<\/p>\n\n\n\n<h2 class=\"wp-block-heading\">\u00c9 poss\u00edvel perder gordura apenas na regi\u00e3o abdominal com a alimenta\u00e7\u00e3o?<\/h2>\n\n\n<div class=\"wp-block-image\">\n<figure class=\"aligncenter size-large\"><img decoding=\"async\" width=\"1024\" height=\"576\" src=\"https:\/\/www.correiobraziliense.com.br\/cbradar\/wp-content\/uploads\/2025\/05\/gordura-barriga_1747054637874-1024x576.jpg\" alt=\"T\u00e9cnica avan\u00e7ada para perder a gordurinha na barriga\" class=\"wp-image-35807\" srcset=\"https:\/\/www.correiobraziliense.com.br\/cbradar\/wp-content\/uploads\/2025\/05\/gordura-barriga_1747054637874-1024x576.jpg 1024w, https:\/\/www.correiobraziliense.com.br\/cbradar\/wp-content\/uploads\/2025\/05\/gordura-barriga_1747054637874-300x169.jpg 300w, https:\/\/www.correiobraziliense.com.br\/cbradar\/wp-content\/uploads\/2025\/05\/gordura-barriga_1747054637874-768x432.jpg 768w, https:\/\/www.correiobraziliense.com.br\/cbradar\/wp-content\/uploads\/2025\/05\/gordura-barriga_1747054637874-750x422.jpg 750w, https:\/\/www.correiobraziliense.com.br\/cbradar\/wp-content\/uploads\/2025\/05\/gordura-barriga_1747054637874-1140x641.jpg 1140w, https:\/\/www.correiobraziliense.com.br\/cbradar\/wp-content\/uploads\/2025\/05\/gordura-barriga_1747054637874.jpg 1280w\" sizes=\"(max-width: 1024px) 100vw, 1024px\" \/><figcaption class=\"wp-element-caption\">Gordura &#8211; Cr\u00e9ditos: depositphotos.com \/ jamesfindlay<\/figcaption><\/figure><\/div>\n\n\n<p>Um dos maiores <strong>mitos<\/strong> sobre a perda de <strong>gordura abdominal<\/strong> \u00e9 a ideia da &#8220;redu\u00e7\u00e3o localizada&#8221; (spot reduction) apenas atrav\u00e9s da <strong>alimenta\u00e7\u00e3o<\/strong>. Infelizmente, o corpo decide onde vai armazenar ou retirar gordura com base em gen\u00e9tica, horm\u00f4nios e outros fatores, e n\u00e3o em qual alimento voc\u00ea consome. Quando voc\u00ea cria um <strong>d\u00e9ficit cal\u00f3rico<\/strong> (consome menos calorias do que gasta), o corpo mobiliza gordura de diversas partes do corpo para usar como <strong>energia<\/strong>, e n\u00e3o apenas da regi\u00e3o abdominal.<\/p>\n\n\n\n<p>No entanto, \u00e9 importante notar que a <strong>gordura visceral<\/strong> (a gordura mais perigosa da barriga) \u00e9 frequentemente mais metabolicamente ativa e pode ser uma das primeiras a ser mobilizada quando um <strong>d\u00e9ficit cal\u00f3rico<\/strong> \u00e9 estabelecido, especialmente em combina\u00e7\u00e3o com <strong>exerc\u00edcio f\u00edsico<\/strong>. Portanto, embora voc\u00ea n\u00e3o possa &#8220;escolher&#8221; perder gordura apenas na barriga, uma estrat\u00e9gia eficaz de perda de peso geral resultar\u00e1 na redu\u00e7\u00e3o da <strong>gordura abdominal<\/strong> como parte do processo. O foco deve ser na perda de gordura corporal total, e a <strong>gordura abdominal<\/strong> diminuir\u00e1 consequentemente.<\/p>\n\n\n\n<h2 class=\"wp-block-heading\">Quais padr\u00f5es alimentares s\u00e3o eficazes para a perda de gordura geral (incluindo a abdominal)?<\/h2>\n\n\n\n<p>A chave para a perda de gordura, incluindo a abdominal, reside em criar um <strong>d\u00e9ficit cal\u00f3rico<\/strong> sustent\u00e1vel e adotar um padr\u00e3o alimentar rico em nutrientes. Certos padr\u00f5es alimentares t\u00eam se mostrado particularmente eficazes:<\/p>\n\n\n\n<ul class=\"wp-block-list\">\n<li><strong>D\u00e9ficit cal\u00f3rico:<\/strong> Consumir consistentemente menos calorias do que o corpo gasta \u00e9 fundamental para for\u00e7ar o corpo a usar as reservas de gordura como <strong>energia<\/strong>. O tamanho do d\u00e9ficit deve ser moderado para ser sustent\u00e1vel.<\/li>\n\n\n\n<li><strong>Dietas ricas em fibra:<\/strong> A <strong>fibra<\/strong> ajuda a promover a saciedade, reduzindo a ingest\u00e3o cal\u00f3rica total. Tamb\u00e9m pode influenciar a <strong>microbiota intestinal<\/strong>, que tem sido ligada ao peso corporal. Fontes incluem frutas, vegetais, gr\u00e3os integrais e leguminosas.<\/li>\n\n\n\n<li><strong>Ingest\u00e3o proteica adequada:<\/strong> A <strong>prote\u00edna<\/strong> aumenta a saciedade, ajuda a preservar a massa muscular durante a perda de peso (o que mant\u00e9m o <strong>metabolismo<\/strong> ativo) e tem um efeito t\u00e9rmico maior (o corpo gasta mais <strong>energia<\/strong> para digeri-la) do que carboidratos e gorduras.<\/li>\n\n\n\n<li><strong>Limitar a\u00e7\u00facares adicionados e carboidratos refinados:<\/strong> Esses alimentos levam a picos de insulina que podem favorecer o ac\u00famulo de gordura e aumentar a fome.<\/li>\n\n\n\n<li><strong>Focar em gorduras saud\u00e1veis:<\/strong> Gorduras insaturadas encontradas em abacates, nozes, sementes e azeite de oliva s\u00e3o importantes para a <strong>sa\u00fade<\/strong> hormonal e a saciedade.<\/li>\n<\/ul>\n\n\n\n<p>Uma dieta balanceada que priorize alimentos integrais e nutritivos dentro de um <strong>d\u00e9ficit cal\u00f3rico<\/strong> \u00e9 a abordagem mais eficaz.<\/p>\n\n\n\n<h2 class=\"wp-block-heading\">Existem alimentos espec\u00edficos que &#8220;queimam&#8221; gordura abdominal?<\/h2>\n\n\n\n<p>Este \u00e9 outro <strong>mito<\/strong> popular. Nenhum alimento isolado tem o poder de &#8220;queimar&#8221; <strong>gordura abdominal<\/strong> magicamente. A ideia de que certos alimentos possuem propriedades termog\u00eanicas ou metab\u00f3licas que direcionam a perda de gordura para a barriga n\u00e3o \u00e9 suportada por evid\u00eancias s\u00f3lidas na pr\u00e1tica.<\/p>\n\n\n\n<p>Alimentos frequentemente associados a essa ideia (e seu papel real):<\/p>\n\n\n\n<ul class=\"wp-block-list\">\n<li><strong>Lim\u00e3o e \u00e1gua morna:<\/strong> A \u00e1gua com lim\u00e3o pela manh\u00e3 pode ajudar na hidrata\u00e7\u00e3o e ser uma alternativa a bebidas a\u00e7ucaradas, mas n\u00e3o &#8220;queima&#8221; gordura.<\/li>\n\n\n\n<li><strong>Ch\u00e1 verde:<\/strong> Cont\u00e9m <strong>catequinas<\/strong> e <strong>cafe\u00edna<\/strong> que podem ter um pequeno efeito termog\u00eanico no <strong>metabolismo<\/strong>, mas o efeito \u00e9 modesto e n\u00e3o direcionado \u00e0 gordura abdominal.<\/li>\n\n\n\n<li><strong>Gengibre:<\/strong> Possui propriedades anti-inflamat\u00f3rias e pode ajudar na digest\u00e3o, mas n\u00e3o \u00e9 um &#8220;queimador de gordura&#8221; abdominal.<\/li>\n\n\n\n<li><strong>Pimenta:<\/strong> A <strong>capsaicina<\/strong> pode aumentar ligeiramente o gasto cal\u00f3rico e a oxida\u00e7\u00e3o de gorduras, mas o efeito \u00e9 m\u00ednimo no contexto de uma dieta total.<\/li>\n<\/ul>\n\n\n\n<p>Esses alimentos podem fazer parte de uma dieta saud\u00e1vel e apoiar o <strong>metabolismo<\/strong> geral, mas n\u00e3o s\u00e3o a chave para eliminar a <strong>gordura abdominal<\/strong> por si s\u00f3.<\/p>\n\n\n\n<h2 class=\"wp-block-heading\">Quais os mitos mais comuns sobre a dieta para perder barriga?<\/h2>\n\n\n\n<p>Al\u00e9m dos j\u00e1 mencionados, outros <strong>mitos<\/strong> persistentes incluem:<\/p>\n\n\n\n<ul class=\"wp-block-list\">\n<li><strong>Mito:<\/strong> Precisa comer de 3 em 3 horas para acelerar o <strong>metabolismo<\/strong> e perder barriga. <strong>Verdade:<\/strong> A frequ\u00eancia das refei\u00e7\u00f5es tem menos impacto no <strong>metabolismo<\/strong> e na perda de gordura do que o balan\u00e7o cal\u00f3rico total di\u00e1rio e a qualidade dos alimentos. O importante \u00e9 distribuir sua ingest\u00e3o cal\u00f3rica de forma que funcione para sua fome e rotina.<\/li>\n\n\n\n<li><strong>Mito:<\/strong> Apenas exerc\u00edcios abdominais removem a <strong>gordura abdominal<\/strong>. <strong>Verdade:<\/strong> Exerc\u00edcios abdominais fortalecem os m\u00fasculos da regi\u00e3o, mas n\u00e3o eliminam a camada de gordura sobre eles. A perda de gordura \u00e9 sist\u00eamica, e o <strong>exerc\u00edcio f\u00edsico<\/strong> (especialmente o combinado, aer\u00f3bico e de for\u00e7a) contribui para o <strong>d\u00e9ficit cal\u00f3rico<\/strong> e a melhora da composi\u00e7\u00e3o corporal geral.<\/li>\n\n\n\n<li><strong>Mito:<\/strong> Cintas ou pl\u00e1sticos para envolver a barriga fazem perder gordura localmente. <strong>Verdade:<\/strong> Causam apenas perda tempor\u00e1ria de \u00e1gua por suor. N\u00e3o afetam as c\u00e9lulas de gordura.<\/li>\n<\/ul>\n\n\n\n<p>Focar nos fundamentos da nutri\u00e7\u00e3o e do <strong>exerc\u00edcio f\u00edsico<\/strong> \u00e9 a \u00fanica abordagem comprovada.<\/p>\n\n\n\n<h2 class=\"wp-block-heading\">Qual \u00e9 a abordagem mais realista e saud\u00e1vel para reduzir a gordura abdominal a longo prazo?<\/h2>\n\n\n\n<blockquote class=\"instagram-media\" data-instgrm-captioned data-instgrm-permalink=\"https:\/\/www.instagram.com\/reel\/DJU3KyhPs4N\/?utm_source=ig_embed&amp;utm_campaign=loading\" data-instgrm-version=\"14\" style=\" background:#FFF; border:0; border-radius:3px; box-shadow:0 0 1px 0 rgba(0,0,0,0.5),0 1px 10px 0 rgba(0,0,0,0.15); margin: 1px; max-width:540px; min-width:326px; padding:0; width:99.375%; width:-webkit-calc(100% - 2px); width:calc(100% - 2px);\"><div style=\"padding:16px;\"> <a href=\"https:\/\/www.instagram.com\/reel\/DJU3KyhPs4N\/?utm_source=ig_embed&amp;utm_campaign=loading\" style=\" background:#FFFFFF; line-height:0; padding:0 0; text-align:center; text-decoration:none; width:100%;\" target=\"_blank\"> <div style=\" display: flex; flex-direction: row; align-items: center;\"> <div style=\"background-color: #F4F4F4; border-radius: 50%; flex-grow: 0; height: 40px; margin-right: 14px; width: 40px;\"><\/div> <div style=\"display: flex; flex-direction: column; flex-grow: 1; justify-content: center;\"> <div style=\" background-color: #F4F4F4; border-radius: 4px; flex-grow: 0; height: 14px; margin-bottom: 6px; width: 100px;\"><\/div> <div style=\" background-color: #F4F4F4; border-radius: 4px; flex-grow: 0; height: 14px; width: 60px;\"><\/div><\/div><\/div><div style=\"padding: 19% 0;\"><\/div> <div style=\"display:block; height:50px; margin:0 auto 12px; width:50px;\"><svg width=\"50px\" height=\"50px\" viewBox=\"0 0 60 60\" version=\"1.1\" xmlns=\"https:\/\/www.w3.org\/2000\/svg\" xmlns:xlink=\"https:\/\/www.w3.org\/1999\/xlink\"><g stroke=\"none\" stroke-width=\"1\" fill=\"none\" fill-rule=\"evenodd\"><g transform=\"translate(-511.000000, -20.000000)\" fill=\"#000000\"><g><path d=\"M556.869,30.41 C554.814,30.41 553.148,32.076 553.148,34.131 C553.148,36.186 554.814,37.852 556.869,37.852 C558.924,37.852 560.59,36.186 560.59,34.131 C560.59,32.076 558.924,30.41 556.869,30.41 M541,60.657 C535.114,60.657 530.342,55.887 530.342,50 C530.342,44.114 535.114,39.342 541,39.342 C546.887,39.342 551.658,44.114 551.658,50 C551.658,55.887 546.887,60.657 541,60.657 M541,33.886 C532.1,33.886 524.886,41.1 524.886,50 C524.886,58.899 532.1,66.113 541,66.113 C549.9,66.113 557.115,58.899 557.115,50 C557.115,41.1 549.9,33.886 541,33.886 M565.378,62.101 C565.244,65.022 564.756,66.606 564.346,67.663 C563.803,69.06 563.154,70.057 562.106,71.106 C561.058,72.155 560.06,72.803 558.662,73.347 C557.607,73.757 556.021,74.244 553.102,74.378 C549.944,74.521 548.997,74.552 541,74.552 C533.003,74.552 532.056,74.521 528.898,74.378 C525.979,74.244 524.393,73.757 523.338,73.347 C521.94,72.803 520.942,72.155 519.894,71.106 C518.846,70.057 518.197,69.06 517.654,67.663 C517.244,66.606 516.755,65.022 516.623,62.101 C516.479,58.943 516.448,57.996 516.448,50 C516.448,42.003 516.479,41.056 516.623,37.899 C516.755,34.978 517.244,33.391 517.654,32.338 C518.197,30.938 518.846,29.942 519.894,28.894 C520.942,27.846 521.94,27.196 523.338,26.654 C524.393,26.244 525.979,25.756 528.898,25.623 C532.057,25.479 533.004,25.448 541,25.448 C548.997,25.448 549.943,25.479 553.102,25.623 C556.021,25.756 557.607,26.244 558.662,26.654 C560.06,27.196 561.058,27.846 562.106,28.894 C563.154,29.942 563.803,30.938 564.346,32.338 C564.756,33.391 565.244,34.978 565.378,37.899 C565.522,41.056 565.552,42.003 565.552,50 C565.552,57.996 565.522,58.943 565.378,62.101 M570.82,37.631 C570.674,34.438 570.167,32.258 569.425,30.349 C568.659,28.377 567.633,26.702 565.965,25.035 C564.297,23.368 562.623,22.342 560.652,21.575 C558.743,20.834 556.562,20.326 553.369,20.18 C550.169,20.033 549.148,20 541,20 C532.853,20 531.831,20.033 528.631,20.18 C525.438,20.326 523.257,20.834 521.349,21.575 C519.376,22.342 517.703,23.368 516.035,25.035 C514.368,26.702 513.342,28.377 512.574,30.349 C511.834,32.258 511.326,34.438 511.181,37.631 C511.035,40.831 511,41.851 511,50 C511,58.147 511.035,59.17 511.181,62.369 C511.326,65.562 511.834,67.743 512.574,69.651 C513.342,71.625 514.368,73.296 516.035,74.965 C517.703,76.634 519.376,77.658 521.349,78.425 C523.257,79.167 525.438,79.673 528.631,79.82 C531.831,79.965 532.853,80.001 541,80.001 C549.148,80.001 550.169,79.965 553.369,79.82 C556.562,79.673 558.743,79.167 560.652,78.425 C562.623,77.658 564.297,76.634 565.965,74.965 C567.633,73.296 568.659,71.625 569.425,69.651 C570.167,67.743 570.674,65.562 570.82,62.369 C570.966,59.17 571,58.147 571,50 C571,41.851 570.966,40.831 570.82,37.631\"><\/path><\/g><\/g><\/g><\/svg><\/div><div style=\"padding-top: 8px;\"> <div style=\" color:#3897f0; font-family:Arial,sans-serif; font-size:14px; font-style:normal; font-weight:550; line-height:18px;\">Ver essa foto no Instagram<\/div><\/div><div style=\"padding: 12.5% 0;\"><\/div> <div style=\"display: flex; flex-direction: row; margin-bottom: 14px; align-items: center;\"><div> <div style=\"background-color: #F4F4F4; border-radius: 50%; height: 12.5px; width: 12.5px; transform: translateX(0px) translateY(7px);\"><\/div> <div style=\"background-color: #F4F4F4; height: 12.5px; transform: rotate(-45deg) translateX(3px) translateY(1px); width: 12.5px; flex-grow: 0; margin-right: 14px; margin-left: 2px;\"><\/div> <div style=\"background-color: #F4F4F4; border-radius: 50%; height: 12.5px; width: 12.5px; transform: translateX(9px) translateY(-18px);\"><\/div><\/div><div style=\"margin-left: 8px;\"> <div style=\" background-color: #F4F4F4; border-radius: 50%; flex-grow: 0; height: 20px; width: 20px;\"><\/div> <div style=\" width: 0; height: 0; border-top: 2px solid transparent; border-left: 6px solid #f4f4f4; border-bottom: 2px solid transparent; transform: translateX(16px) translateY(-4px) rotate(30deg)\"><\/div><\/div><div style=\"margin-left: auto;\"> <div style=\" width: 0px; border-top: 8px solid #F4F4F4; border-right: 8px solid transparent; transform: translateY(16px);\"><\/div> <div style=\" background-color: #F4F4F4; flex-grow: 0; height: 12px; width: 16px; transform: translateY(-4px);\"><\/div> <div style=\" width: 0; height: 0; border-top: 8px solid #F4F4F4; border-left: 8px solid transparent; transform: translateY(-4px) translateX(8px);\"><\/div><\/div><\/div> <div style=\"display: flex; flex-direction: column; flex-grow: 1; justify-content: center; margin-bottom: 24px;\"> <div style=\" background-color: #F4F4F4; border-radius: 4px; flex-grow: 0; height: 14px; margin-bottom: 6px; width: 224px;\"><\/div> <div style=\" background-color: #F4F4F4; border-radius: 4px; flex-grow: 0; height: 14px; width: 144px;\"><\/div><\/div><\/a><p style=\" color:#c9c8cd; font-family:Arial,sans-serif; font-size:14px; line-height:17px; margin-bottom:0; margin-top:8px; overflow:hidden; padding:8px 0 7px; text-align:center; text-overflow:ellipsis; white-space:nowrap;\"><a href=\"https:\/\/www.instagram.com\/reel\/DJU3KyhPs4N\/?utm_source=ig_embed&amp;utm_campaign=loading\" style=\" color:#c9c8cd; font-family:Arial,sans-serif; font-size:14px; font-style:normal; font-weight:normal; line-height:17px; text-decoration:none;\" target=\"_blank\">Uma publica\u00e7\u00e3o compartilhada por PAULO GODOI | M\u00c9DICO (@drpaulogodoi)<\/a><\/p><\/div><\/blockquote>\n<script async src=\"\/\/www.instagram.com\/embed.js\"><\/script>\n\n\n\n<p>A abordagem mais eficaz e saud\u00e1vel para reduzir a <strong>gordura abdominal<\/strong> envolve a combina\u00e7\u00e3o de uma <strong>alimenta\u00e7\u00e3o<\/strong> equilibrada e sustent\u00e1vel com a pr\u00e1tica regular de <strong>exerc\u00edcio f\u00edsico<\/strong>.<\/p>\n\n\n\n<ul class=\"wp-block-list\">\n<li>Crie um <strong>d\u00e9ficit cal\u00f3rico<\/strong> moderado atrav\u00e9s da <strong>alimenta\u00e7\u00e3o<\/strong>, focando em alimentos integrais, ricos em <strong>fibra<\/strong> e <strong>prote\u00edna<\/strong>, e limitando a\u00e7\u00facares adicionados, gorduras n\u00e3o saud\u00e1veis e alimentos processados.<\/li>\n\n\n\n<li>Inclua <strong>exerc\u00edcio f\u00edsico<\/strong> regular, combinando atividades aer\u00f3bicas (que queimam calorias e melhoram a <strong>sa\u00fade cardiovascular<\/strong>) com treinamento de for\u00e7a (que aumenta a massa muscular e o <strong>metabolismo<\/strong>).<\/li>\n\n\n\n<li>Seja paciente e consistente. A perda de gordura leva tempo, e focar em resultados r\u00e1pidos pode levar a pr\u00e1ticas insustent\u00e1veis.<\/li>\n\n\n\n<li>Gerencie o estresse e garanta um <strong>sono<\/strong> de qualidade, pois ambos podem influenciar os horm\u00f4nios relacionados ao armazenamento de gordura (como o cortisol).<\/li>\n<\/ul>\n\n\n\n<p>Consultar um nutricionista e um profissional de educa\u00e7\u00e3o f\u00edsica pode fornecer um plano personalizado e otimizado para seus objetivos e necessidades. A redu\u00e7\u00e3o da <strong>gordura abdominal<\/strong> \u00e9 um subproduto de um estilo de vida <strong>saud\u00e1vel<\/strong> e equilibrado, e n\u00e3o de uma solu\u00e7\u00e3o r\u00e1pida ou m\u00e1gica.<\/p>\n","protected":false},"excerpt":{"rendered":"<p>A gordura abdominal, particularmente aquela que se acumula na regi\u00e3o da barriga, \u00e9 uma preocupa\u00e7\u00e3o comum para muitas pessoas, tanto por raz\u00f5es est\u00e9ticas quanto de sa\u00fade. A gordura visceral, que se localiza mais profundamente na cavidade abdominal e envolve \u00f3rg\u00e3os internos, \u00e9 metabolicamente ativa e est\u00e1 associada a um risco aumentado de doen\u00e7as cardiovasculares, diabetes [&hellip;]<\/p>\n","protected":false},"author":11,"featured_media":35806,"comment_status":"open","ping_status":"open","sticky":false,"template":"","format":"standard","meta":{"_yoast_wpseo_focuskw":"Gordura barriga","_yoast_wpseo_title":"","_yoast_wpseo_metadesc":"Pouco conhecida, essa t\u00e9cnica tem despertado aten\u00e7\u00e3o por resultados al\u00e9m do esperado. Veja o que est\u00e1 chamando tanto a aten\u00e7\u00e3o.","jnews-multi-image_gallery":[],"jnews_single_post":{"format":"standard"},"jnews_primary_category":[],"jnews_social_meta":[],"jnews_override_counter":[],"footnotes":""},"categories":[119],"post_tag":[120,1628,565],"class_list":["post-35712","post","type-post","status-publish","format-standard","has-post-thumbnail","hentry","category-bem-estar","tag-bem-estar","tag-gordura","tag-saude"],"yoast_head":"<!-- This site is optimized with the Yoast SEO plugin v24.6 - https:\/\/yoast.com\/wordpress\/plugins\/seo\/ -->\n<title>T\u00e9cnica avan\u00e7ada para perder a gordurinha na barriga - Correio Braziliense - Radar<\/title>\n<meta name=\"description\" content=\"Pouco conhecida, essa t\u00e9cnica tem despertado aten\u00e7\u00e3o por resultados al\u00e9m do esperado. Veja o que est\u00e1 chamando tanto a aten\u00e7\u00e3o.\" \/>\n<meta name=\"robots\" content=\"index, follow, max-snippet:-1, max-image-preview:large, max-video-preview:-1\" \/>\n<link rel=\"canonical\" href=\"https:\/\/www.correiobraziliense.com.br\/cbradar\/tecnica-avancada-para-perder-a-gordurinha-na-barriga\/\" \/>\n<meta property=\"og:locale\" content=\"pt_BR\" \/>\n<meta property=\"og:type\" content=\"article\" \/>\n<meta property=\"og:title\" content=\"T\u00e9cnica avan\u00e7ada para perder a gordurinha na barriga - Correio Braziliense - Radar\" \/>\n<meta property=\"og:description\" content=\"Pouco conhecida, essa t\u00e9cnica tem despertado aten\u00e7\u00e3o por resultados al\u00e9m do esperado. Veja o que est\u00e1 chamando tanto a aten\u00e7\u00e3o.\" \/>\n<meta property=\"og:url\" content=\"https:\/\/www.correiobraziliense.com.br\/cbradar\/tecnica-avancada-para-perder-a-gordurinha-na-barriga\/\" \/>\n<meta property=\"og:site_name\" content=\"Correio Braziliense - Radar\" \/>\n<meta property=\"article:published_time\" content=\"2025-05-13T23:23:00+00:00\" \/>\n<meta property=\"og:image\" content=\"https:\/\/www.correiobraziliense.com.br\/cbradar\/wp-content\/uploads\/2025\/05\/gordura-barriga_1747054584221.jpg\" \/>\n\t<meta property=\"og:image:width\" content=\"1280\" \/>\n\t<meta property=\"og:image:height\" content=\"720\" \/>\n\t<meta property=\"og:image:type\" content=\"image\/jpeg\" \/>\n<meta name=\"author\" content=\"Paulo Custodio\" \/>\n<meta name=\"twitter:card\" content=\"summary_large_image\" \/>\n<meta name=\"twitter:label1\" content=\"Escrito por\" \/>\n\t<meta name=\"twitter:data1\" content=\"Paulo Custodio\" \/>\n\t<meta name=\"twitter:label2\" content=\"Est. tempo de leitura\" \/>\n\t<meta name=\"twitter:data2\" content=\"7 minutos\" \/>\n<!-- \/ Yoast SEO plugin. -->","yoast_head_json":{"title":"T\u00e9cnica avan\u00e7ada para perder a gordurinha na barriga - Correio Braziliense - Radar","description":"Pouco conhecida, essa t\u00e9cnica tem despertado aten\u00e7\u00e3o por resultados al\u00e9m do esperado. Veja o que est\u00e1 chamando tanto a aten\u00e7\u00e3o.","robots":{"index":"index","follow":"follow","max-snippet":"max-snippet:-1","max-image-preview":"max-image-preview:large","max-video-preview":"max-video-preview:-1"},"canonical":"https:\/\/www.correiobraziliense.com.br\/cbradar\/tecnica-avancada-para-perder-a-gordurinha-na-barriga\/","og_locale":"pt_BR","og_type":"article","og_title":"T\u00e9cnica avan\u00e7ada para perder a gordurinha na barriga - Correio Braziliense - Radar","og_description":"Pouco conhecida, essa t\u00e9cnica tem despertado aten\u00e7\u00e3o por resultados al\u00e9m do esperado. Veja o que est\u00e1 chamando tanto a aten\u00e7\u00e3o.","og_url":"https:\/\/www.correiobraziliense.com.br\/cbradar\/tecnica-avancada-para-perder-a-gordurinha-na-barriga\/","og_site_name":"Correio Braziliense - Radar","article_published_time":"2025-05-13T23:23:00+00:00","og_image":[{"width":1280,"height":720,"url":"https:\/\/www.correiobraziliense.com.br\/cbradar\/wp-content\/uploads\/2025\/05\/gordura-barriga_1747054584221.jpg","type":"image\/jpeg"}],"author":"Paulo Custodio","twitter_card":"summary_large_image","twitter_misc":{"Escrito por":"Paulo Custodio","Est. tempo de leitura":"7 minutos"},"schema":{"@context":"https:\/\/schema.org","@graph":[{"@type":"WebPage","@id":"https:\/\/www.correiobraziliense.com.br\/cbradar\/tecnica-avancada-para-perder-a-gordurinha-na-barriga\/","url":"https:\/\/www.correiobraziliense.com.br\/cbradar\/tecnica-avancada-para-perder-a-gordurinha-na-barriga\/","name":"T\u00e9cnica avan\u00e7ada para perder a gordurinha na barriga - Correio Braziliense - Radar","isPartOf":{"@id":"https:\/\/www.correiobraziliense.com.br\/cbradar\/#website"},"primaryImageOfPage":{"@id":"https:\/\/www.correiobraziliense.com.br\/cbradar\/tecnica-avancada-para-perder-a-gordurinha-na-barriga\/#primaryimage"},"image":{"@id":"https:\/\/www.correiobraziliense.com.br\/cbradar\/tecnica-avancada-para-perder-a-gordurinha-na-barriga\/#primaryimage"},"thumbnailUrl":"https:\/\/www.correiobraziliense.com.br\/cbradar\/wp-content\/uploads\/2025\/05\/gordura-barriga_1747054584221.jpg","datePublished":"2025-05-13T23:23:00+00:00","author":{"@id":"https:\/\/www.correiobraziliense.com.br\/cbradar\/#\/schema\/person\/4cec7857301a9a1a2ef249893cd908d3"},"description":"Pouco conhecida, essa t\u00e9cnica tem despertado aten\u00e7\u00e3o por resultados al\u00e9m do esperado. Veja o que est\u00e1 chamando tanto a aten\u00e7\u00e3o.","breadcrumb":{"@id":"https:\/\/www.correiobraziliense.com.br\/cbradar\/tecnica-avancada-para-perder-a-gordurinha-na-barriga\/#breadcrumb"},"inLanguage":"pt-BR","potentialAction":[{"@type":"ReadAction","target":["https:\/\/www.correiobraziliense.com.br\/cbradar\/tecnica-avancada-para-perder-a-gordurinha-na-barriga\/"]}]},{"@type":"ImageObject","inLanguage":"pt-BR","@id":"https:\/\/www.correiobraziliense.com.br\/cbradar\/tecnica-avancada-para-perder-a-gordurinha-na-barriga\/#primaryimage","url":"https:\/\/www.correiobraziliense.com.br\/cbradar\/wp-content\/uploads\/2025\/05\/gordura-barriga_1747054584221.jpg","contentUrl":"https:\/\/www.correiobraziliense.com.br\/cbradar\/wp-content\/uploads\/2025\/05\/gordura-barriga_1747054584221.jpg","width":1280,"height":720,"caption":"Gordura barriga - Cr\u00e9ditos: depositphotos.com \/ stockasso"},{"@type":"BreadcrumbList","@id":"https:\/\/www.correiobraziliense.com.br\/cbradar\/tecnica-avancada-para-perder-a-gordurinha-na-barriga\/#breadcrumb","itemListElement":[{"@type":"ListItem","position":1,"name":"In\u00edcio","item":"https:\/\/www.correiobraziliense.com.br\/cbradar\/"},{"@type":"ListItem","position":2,"name":"T\u00e9cnica avan\u00e7ada para perder a gordurinha na barriga"}]},{"@type":"WebSite","@id":"https:\/\/www.correiobraziliense.com.br\/cbradar\/#website","url":"https:\/\/www.correiobraziliense.com.br\/cbradar\/","name":"Correio Braziliense - Radar","description":"Acompanhe as \u00faltimas not\u00edcias e fique bem informado sobre tudo o que acontece no Brasil e no mundo.","potentialAction":[{"@type":"SearchAction","target":{"@type":"EntryPoint","urlTemplate":"https:\/\/www.correiobraziliense.com.br\/cbradar\/?s={search_term_string}"},"query-input":{"@type":"PropertyValueSpecification","valueRequired":true,"valueName":"search_term_string"}}],"inLanguage":"pt-BR"},{"@type":"Person","@id":"https:\/\/www.correiobraziliense.com.br\/cbradar\/#\/schema\/person\/4cec7857301a9a1a2ef249893cd908d3","name":"Paulo Custodio","image":{"@type":"ImageObject","inLanguage":"pt-BR","@id":"https:\/\/www.correiobraziliense.com.br\/cbradar\/#\/schema\/person\/image\/","url":"https:\/\/secure.gravatar.com\/avatar\/bcd67168d1534e8fcf4f45c726a87cea?s=96&d=mm&r=g","contentUrl":"https:\/\/secure.gravatar.com\/avatar\/bcd67168d1534e8fcf4f45c726a87cea?s=96&d=mm&r=g","caption":"Paulo Custodio"},"sameAs":["https:\/\/www.correiobraziliense.com.br\/cbradar"],"url":"https:\/\/www.correiobraziliense.com.br\/cbradar\/author\/paulomyth\/"}]}},"_links":{"self":[{"href":"https:\/\/www.correiobraziliense.com.br\/cbradar\/wp-json\/wp\/v2\/posts\/35712","targetHints":{"allow":["GET"]}}],"collection":[{"href":"https:\/\/www.correiobraziliense.com.br\/cbradar\/wp-json\/wp\/v2\/posts"}],"about":[{"href":"https:\/\/www.correiobraziliense.com.br\/cbradar\/wp-json\/wp\/v2\/types\/post"}],"author":[{"embeddable":true,"href":"https:\/\/www.correiobraziliense.com.br\/cbradar\/wp-json\/wp\/v2\/users\/11"}],"replies":[{"embeddable":true,"href":"https:\/\/www.correiobraziliense.com.br\/cbradar\/wp-json\/wp\/v2\/comments?post=35712"}],"version-history":[{"count":3,"href":"https:\/\/www.correiobraziliense.com.br\/cbradar\/wp-json\/wp\/v2\/posts\/35712\/revisions"}],"predecessor-version":[{"id":35841,"href":"https:\/\/www.correiobraziliense.com.br\/cbradar\/wp-json\/wp\/v2\/posts\/35712\/revisions\/35841"}],"wp:featuredmedia":[{"embeddable":true,"href":"https:\/\/www.correiobraziliense.com.br\/cbradar\/wp-json\/wp\/v2\/media\/35806"}],"wp:attachment":[{"href":"https:\/\/www.correiobraziliense.com.br\/cbradar\/wp-json\/wp\/v2\/media?parent=35712"}],"wp:term":[{"taxonomy":"category","embeddable":true,"href":"https:\/\/www.correiobraziliense.com.br\/cbradar\/wp-json\/wp\/v2\/categories?post=35712"},{"taxonomy":"post_tag","embeddable":true,"href":"https:\/\/www.correiobraziliense.com.br\/cbradar\/wp-json\/wp\/v2\/post_tag?post=35712"}],"curies":[{"name":"wp","href":"https:\/\/api.w.org\/{rel}","templated":true}]}}