{"id":35761,"date":"2025-05-13T15:30:00","date_gmt":"2025-05-13T18:30:00","guid":{"rendered":"https:\/\/www.correiobraziliense.com.br\/cbradar\/?p=35761"},"modified":"2025-05-12T10:29:27","modified_gmt":"2025-05-12T13:29:27","slug":"esse-filme-vai-te-deixar-hipnotizado-do-inicio-ao-fim","status":"publish","type":"post","link":"https:\/\/www.correiobraziliense.com.br\/cbradar\/esse-filme-vai-te-deixar-hipnotizado-do-inicio-ao-fim\/","title":{"rendered":"Esse filme vai te deixar hipnotizado do in\u00edcio ao fim"},"content":{"rendered":"\n<p><strong>Homem-Aranha: Atrav\u00e9s do Aranhaverso<\/strong> (<em>Spider-Man: Across the Spider-Verse<\/em>) \u00e9 a sequ\u00eancia da aclamada anima\u00e7\u00e3o de 2018. Lan\u00e7ado em 2023, o filme acompanha novamente <strong>Miles Morales<\/strong>, agora mais experiente como o Homem-Aranha de seu universo.<\/p>\n\n\n\n<p>Miles reencontra <strong>Gwen Stacy<\/strong>, que o leva a uma jornada por diversos universos paralelos habitados por diferentes vers\u00f5es do Homem-Aranha. L\u00e1, ele conhece a Sociedade Aranha, um grupo que protege o multiverso, liderado por <strong>Miguel O\u2019Hara<\/strong>, o Homem-Aranha 2099.<\/p>\n\n\n\n<p>A aventura se intensifica quando Miles questiona as regras que todos devem seguir e precisa decidir que tipo de her\u00f3i deseja ser, enquanto enfrenta a amea\u00e7a crescente de um vil\u00e3o incomum, <strong>A Mancha<\/strong>, que se torna uma amea\u00e7a multiversal.<\/p>\n\n\n\n<h2 class=\"wp-block-heading\">Quem s\u00e3o os personagens principais?<\/h2>\n\n\n\n<ul class=\"wp-block-list\">\n<li><strong>Miles Morales<\/strong> (voz de Shameik Moore): jovem her\u00f3i carism\u00e1tico, lidando com escolhas dif\u00edceis e amadurecimento.<\/li>\n\n\n\n<li><strong>Gwen Stacy \/ Spider-Gwen<\/strong> (Hailee Steinfeld): forte, independente e com sua pr\u00f3pria carga emocional.<\/li>\n\n\n\n<li><strong>Miguel O\u2019Hara \/ Homem-Aranha 2099<\/strong> (Oscar Isaac): l\u00edder intenso da Sociedade Aranha.<\/li>\n\n\n\n<li><strong>A Mancha<\/strong> (Jason Schwartzman): vil\u00e3o inicialmente c\u00f4mico, mas que ganha contornos sombrios.<\/li>\n\n\n\n<li>Outros destaques incluem <strong>Peter B. Parker<\/strong>, <strong>Pavitr Prabhakar<\/strong> (Homem-Aranha indiano), <strong>Hobart \u201cHobie\u201d Brown<\/strong> (Homem-Aranha punk) e muito mais.<\/li>\n<\/ul>\n\n\n\n<figure class=\"wp-block-image size-large\"><img decoding=\"async\" width=\"1024\" height=\"576\" src=\"https:\/\/www.correiobraziliense.com.br\/cbradar\/wp-content\/uploads\/2025\/05\/Homem-Aranha-Atraves-do-Aranhaverso-1024x576.png\" alt=\"Esse filme vai te deixar hipnotizado do in\u00edcio ao fim\" class=\"wp-image-35764\" srcset=\"https:\/\/www.correiobraziliense.com.br\/cbradar\/wp-content\/uploads\/2025\/05\/Homem-Aranha-Atraves-do-Aranhaverso-1024x576.png 1024w, https:\/\/www.correiobraziliense.com.br\/cbradar\/wp-content\/uploads\/2025\/05\/Homem-Aranha-Atraves-do-Aranhaverso-300x169.png 300w, https:\/\/www.correiobraziliense.com.br\/cbradar\/wp-content\/uploads\/2025\/05\/Homem-Aranha-Atraves-do-Aranhaverso-768x432.png 768w, https:\/\/www.correiobraziliense.com.br\/cbradar\/wp-content\/uploads\/2025\/05\/Homem-Aranha-Atraves-do-Aranhaverso-750x422.png 750w, https:\/\/www.correiobraziliense.com.br\/cbradar\/wp-content\/uploads\/2025\/05\/Homem-Aranha-Atraves-do-Aranhaverso-1140x641.png 1140w, https:\/\/www.correiobraziliense.com.br\/cbradar\/wp-content\/uploads\/2025\/05\/Homem-Aranha-Atraves-do-Aranhaverso.png 1280w\" sizes=\"(max-width: 1024px) 100vw, 1024px\" \/><figcaption class=\"wp-element-caption\">Homem-Aranha Atrav\u00e9s do Aranhaverso. Fonte: divulga\u00e7\u00e3o \/ Marvel<\/figcaption><\/figure>\n\n\n\n<h2 class=\"wp-block-heading\">Como o filme se destaca visual e narrativamente?<\/h2>\n\n\n\n<p>A anima\u00e7\u00e3o \u00e9 um espet\u00e1culo \u00e0 parte. Cada universo tem seu pr\u00f3prio estilo art\u00edstico, com influ\u00eancias de quadrinhos, grafite, pintura e anima\u00e7\u00f5es experimentais. Essa diversidade visual n\u00e3o s\u00f3 impressiona, mas tamb\u00e9m aprofunda a identidade de cada personagem.<\/p>\n\n\n\n<p>Narrativamente, o filme \u00e9 ousado ao abordar temas como identidade, destino, pertencimento e responsabilidade. O ritmo \u00e9 \u00e1gil, com di\u00e1logos afiados, cenas de a\u00e7\u00e3o eletrizantes e momentos emocionais sinceros.<\/p>\n\n\n\n<h2 class=\"wp-block-heading\">Vale a pena assistir Homem-Aranha: Atrav\u00e9s do Aranhaverso?<\/h2>\n\n\n\n<p>Sem d\u00favidas. O filme \u00e9 mais do que uma anima\u00e7\u00e3o de super-her\u00f3i: \u00e9 uma obra de arte moderna, com roteiro envolvente e personagens cativantes. Ele respeita o p\u00fablico jovem, mas tamb\u00e9m emociona adultos com profundidade e sensibilidade.<\/p>\n\n\n\n<p>A sequ\u00eancia consegue superar as expectativas criadas pelo primeiro filme, expandindo o universo de forma criativa e impactante. \u00c9 uma experi\u00eancia cinematogr\u00e1fica \u00fanica, que merece ser assistida com aten\u00e7\u00e3o aos detalhes.<\/p>\n\n\n\n<iframe loading=\"lazy\" width=\"560\" height=\"315\" src=\"https:\/\/www.youtube.com\/embed\/_4is7I_ZxTg?si=K-jtxnSLAG5t66xS\" title=\"YouTube video player\" frameborder=\"0\" allow=\"accelerometer; autoplay; clipboard-write; encrypted-media; gyroscope; picture-in-picture; web-share\" referrerpolicy=\"strict-origin-when-cross-origin\" allowfullscreen><\/iframe>\n\n\n\n<h2 class=\"wp-block-heading\">Curiosidades sobre Atrav\u00e9s do Aranhaverso<\/h2>\n\n\n\n<ul class=\"wp-block-list\">\n<li>Foram usados diferentes estilos de anima\u00e7\u00e3o para representar cada universo.<\/li>\n\n\n\n<li>A produ\u00e7\u00e3o contou com mais de 1.000 animadores, um dos maiores times da hist\u00f3ria.<\/li>\n\n\n\n<li>O filme \u00e9 dividido em duas partes: esta \u00e9 a primeira, e a segunda se chamar\u00e1 <em>Beyond the Spider-Verse<\/em>.<\/li>\n\n\n\n<li>V\u00e1rias vers\u00f5es do Homem-Aranha dos quadrinhos, anima\u00e7\u00f5es e jogos fazem apari\u00e7\u00f5es especiais.<\/li>\n<\/ul>\n\n\n\n<h2 class=\"wp-block-heading\">FAQ &#8211; Perguntas frequentes<\/h2>\n\n\n\n<ul class=\"wp-block-list\">\n<li><strong>Onde assistir Homem-Aranha: Atrav\u00e9s do Aranhaverso?<\/strong>\n<ul class=\"wp-block-list\">\n<li>Dispon\u00edvel para compra e aluguel nas plataformas <strong>Prime Video<\/strong>, <strong>Apple TV<\/strong> e <strong>Claro tv+<\/strong>.<\/li>\n<\/ul>\n<\/li>\n\n\n\n<li><strong>Quem est\u00e1 no elenco principal?<\/strong>\n<ul class=\"wp-block-list\">\n<li>Vozes de <strong>Shameik Moore<\/strong>, <strong>Hailee Steinfeld<\/strong>, <strong>Oscar Isaac<\/strong>, <strong>Jake Johnson<\/strong>, <strong>Issa Rae<\/strong>, <strong>Daniel Kaluuya<\/strong>, <strong>Jason Schwartzman<\/strong>.<\/li>\n<\/ul>\n<\/li>\n\n\n\n<li><strong>Qual o ano de lan\u00e7amento do filme?<\/strong>\n<ul class=\"wp-block-list\">\n<li><em>Homem-Aranha: Atrav\u00e9s do Aranhaverso<\/em> foi lan\u00e7ado em 2023.<\/li>\n<\/ul>\n<\/li>\n\n\n\n<li><strong>Qual a produtora respons\u00e1vel pelo filme?<\/strong>\n<ul class=\"wp-block-list\">\n<li>Produzido pela <strong>Sony Pictures Animation<\/strong> em parceria com a <strong>Marvel Entertainment<\/strong>.<\/li>\n<\/ul>\n<\/li>\n<\/ul>\n","protected":false},"excerpt":{"rendered":"<p>Uma anima\u00e7\u00e3o visualmente deslumbrante que expande o multiverso do Homem-Aranha com emo\u00e7\u00e3o, a\u00e7\u00e3o e representatividade.<\/p>\n","protected":false},"author":3,"featured_media":35763,"comment_status":"open","ping_status":"open","sticky":false,"template":"","format":"standard","meta":{"_yoast_wpseo_focuskw":"Homem-Aranha: Atrav\u00e9s do Aranhaverso","_yoast_wpseo_title":"%%title%%","_yoast_wpseo_metadesc":"Uma anima\u00e7\u00e3o visualmente deslumbrante que expande o multiverso do Homem-Aranha com emo\u00e7\u00e3o, a\u00e7\u00e3o e representatividade.","jnews-multi-image_gallery":[],"jnews_single_post":{"format":"standard"},"jnews_primary_category":[],"jnews_social_meta":[],"jnews_override_counter":[],"footnotes":""},"categories":[140],"post_tag":[568],"class_list":["post-35761","post","type-post","status-publish","format-standard","has-post-thumbnail","hentry","category-entretenimento","tag-series-e-filmes"],"yoast_head":"<!-- This site is optimized with the Yoast SEO plugin v24.6 - https:\/\/yoast.com\/wordpress\/plugins\/seo\/ -->\n<title>Esse filme vai te deixar hipnotizado do in\u00edcio ao fim<\/title>\n<meta name=\"description\" content=\"Uma anima\u00e7\u00e3o visualmente deslumbrante que expande o multiverso do Homem-Aranha com emo\u00e7\u00e3o, a\u00e7\u00e3o e representatividade.\" \/>\n<meta name=\"robots\" content=\"index, follow, max-snippet:-1, max-image-preview:large, max-video-preview:-1\" \/>\n<link rel=\"canonical\" href=\"https:\/\/www.correiobraziliense.com.br\/cbradar\/esse-filme-vai-te-deixar-hipnotizado-do-inicio-ao-fim\/\" \/>\n<meta property=\"og:locale\" content=\"pt_BR\" \/>\n<meta property=\"og:type\" content=\"article\" \/>\n<meta property=\"og:title\" content=\"Esse filme vai te deixar hipnotizado do in\u00edcio ao fim\" \/>\n<meta property=\"og:description\" content=\"Uma anima\u00e7\u00e3o visualmente deslumbrante que expande o multiverso do Homem-Aranha com emo\u00e7\u00e3o, a\u00e7\u00e3o e representatividade.\" \/>\n<meta property=\"og:url\" content=\"https:\/\/www.correiobraziliense.com.br\/cbradar\/esse-filme-vai-te-deixar-hipnotizado-do-inicio-ao-fim\/\" \/>\n<meta property=\"og:site_name\" content=\"Correio Braziliense - Radar\" \/>\n<meta property=\"article:published_time\" content=\"2025-05-13T18:30:00+00:00\" \/>\n<meta property=\"og:image\" content=\"https:\/\/www.correiobraziliense.com.br\/cbradar\/wp-content\/uploads\/2025\/05\/Homem-Aranha-Atraves-do-Aranhaverso-2.png\" \/>\n\t<meta property=\"og:image:width\" content=\"1280\" \/>\n\t<meta property=\"og:image:height\" content=\"720\" \/>\n\t<meta property=\"og:image:type\" content=\"image\/png\" \/>\n<meta name=\"author\" content=\"Larissa Carvalho\" \/>\n<meta name=\"twitter:card\" content=\"summary_large_image\" \/>\n<meta name=\"twitter:label1\" content=\"Escrito por\" \/>\n\t<meta name=\"twitter:data1\" content=\"Larissa Carvalho\" \/>\n\t<meta name=\"twitter:label2\" content=\"Est. tempo de leitura\" \/>\n\t<meta name=\"twitter:data2\" content=\"4 minutos\" \/>\n<!-- \/ Yoast SEO plugin. -->","yoast_head_json":{"title":"Esse filme vai te deixar hipnotizado do in\u00edcio ao fim","description":"Uma anima\u00e7\u00e3o visualmente deslumbrante que expande o multiverso do Homem-Aranha com emo\u00e7\u00e3o, a\u00e7\u00e3o e representatividade.","robots":{"index":"index","follow":"follow","max-snippet":"max-snippet:-1","max-image-preview":"max-image-preview:large","max-video-preview":"max-video-preview:-1"},"canonical":"https:\/\/www.correiobraziliense.com.br\/cbradar\/esse-filme-vai-te-deixar-hipnotizado-do-inicio-ao-fim\/","og_locale":"pt_BR","og_type":"article","og_title":"Esse filme vai te deixar hipnotizado do in\u00edcio ao fim","og_description":"Uma anima\u00e7\u00e3o visualmente deslumbrante que expande o multiverso do Homem-Aranha com emo\u00e7\u00e3o, a\u00e7\u00e3o e representatividade.","og_url":"https:\/\/www.correiobraziliense.com.br\/cbradar\/esse-filme-vai-te-deixar-hipnotizado-do-inicio-ao-fim\/","og_site_name":"Correio Braziliense - Radar","article_published_time":"2025-05-13T18:30:00+00:00","og_image":[{"width":1280,"height":720,"url":"https:\/\/www.correiobraziliense.com.br\/cbradar\/wp-content\/uploads\/2025\/05\/Homem-Aranha-Atraves-do-Aranhaverso-2.png","type":"image\/png"}],"author":"Larissa Carvalho","twitter_card":"summary_large_image","twitter_misc":{"Escrito por":"Larissa Carvalho","Est. tempo de leitura":"4 minutos"},"schema":{"@context":"https:\/\/schema.org","@graph":[{"@type":"WebPage","@id":"https:\/\/www.correiobraziliense.com.br\/cbradar\/esse-filme-vai-te-deixar-hipnotizado-do-inicio-ao-fim\/","url":"https:\/\/www.correiobraziliense.com.br\/cbradar\/esse-filme-vai-te-deixar-hipnotizado-do-inicio-ao-fim\/","name":"Esse filme vai te deixar hipnotizado do in\u00edcio ao fim","isPartOf":{"@id":"https:\/\/www.correiobraziliense.com.br\/cbradar\/#website"},"primaryImageOfPage":{"@id":"https:\/\/www.correiobraziliense.com.br\/cbradar\/esse-filme-vai-te-deixar-hipnotizado-do-inicio-ao-fim\/#primaryimage"},"image":{"@id":"https:\/\/www.correiobraziliense.com.br\/cbradar\/esse-filme-vai-te-deixar-hipnotizado-do-inicio-ao-fim\/#primaryimage"},"thumbnailUrl":"https:\/\/www.correiobraziliense.com.br\/cbradar\/wp-content\/uploads\/2025\/05\/Homem-Aranha-Atraves-do-Aranhaverso-2.png","datePublished":"2025-05-13T18:30:00+00:00","author":{"@id":"https:\/\/www.correiobraziliense.com.br\/cbradar\/#\/schema\/person\/58422787644df994b53a19d3e56c1513"},"description":"Uma anima\u00e7\u00e3o visualmente deslumbrante que expande o multiverso do Homem-Aranha com emo\u00e7\u00e3o, a\u00e7\u00e3o e representatividade.","breadcrumb":{"@id":"https:\/\/www.correiobraziliense.com.br\/cbradar\/esse-filme-vai-te-deixar-hipnotizado-do-inicio-ao-fim\/#breadcrumb"},"inLanguage":"pt-BR","potentialAction":[{"@type":"ReadAction","target":["https:\/\/www.correiobraziliense.com.br\/cbradar\/esse-filme-vai-te-deixar-hipnotizado-do-inicio-ao-fim\/"]}]},{"@type":"ImageObject","inLanguage":"pt-BR","@id":"https:\/\/www.correiobraziliense.com.br\/cbradar\/esse-filme-vai-te-deixar-hipnotizado-do-inicio-ao-fim\/#primaryimage","url":"https:\/\/www.correiobraziliense.com.br\/cbradar\/wp-content\/uploads\/2025\/05\/Homem-Aranha-Atraves-do-Aranhaverso-2.png","contentUrl":"https:\/\/www.correiobraziliense.com.br\/cbradar\/wp-content\/uploads\/2025\/05\/Homem-Aranha-Atraves-do-Aranhaverso-2.png","width":1280,"height":720,"caption":"Homem-Aranha Atrav\u00e9s do Aranhaverso. Fonte: divulga\u00e7\u00e3o \/ Marvel"},{"@type":"BreadcrumbList","@id":"https:\/\/www.correiobraziliense.com.br\/cbradar\/esse-filme-vai-te-deixar-hipnotizado-do-inicio-ao-fim\/#breadcrumb","itemListElement":[{"@type":"ListItem","position":1,"name":"In\u00edcio","item":"https:\/\/www.correiobraziliense.com.br\/cbradar\/"},{"@type":"ListItem","position":2,"name":"Esse filme vai te deixar hipnotizado do in\u00edcio ao fim"}]},{"@type":"WebSite","@id":"https:\/\/www.correiobraziliense.com.br\/cbradar\/#website","url":"https:\/\/www.correiobraziliense.com.br\/cbradar\/","name":"Correio Braziliense - Radar","description":"Acompanhe as \u00faltimas not\u00edcias e fique bem informado sobre tudo o que acontece no Brasil e no mundo.","potentialAction":[{"@type":"SearchAction","target":{"@type":"EntryPoint","urlTemplate":"https:\/\/www.correiobraziliense.com.br\/cbradar\/?s={search_term_string}"},"query-input":{"@type":"PropertyValueSpecification","valueRequired":true,"valueName":"search_term_string"}}],"inLanguage":"pt-BR"},{"@type":"Person","@id":"https:\/\/www.correiobraziliense.com.br\/cbradar\/#\/schema\/person\/58422787644df994b53a19d3e56c1513","name":"Larissa Carvalho","image":{"@type":"ImageObject","inLanguage":"pt-BR","@id":"https:\/\/www.correiobraziliense.com.br\/cbradar\/#\/schema\/person\/image\/","url":"https:\/\/secure.gravatar.com\/avatar\/fe4f91a0de32b52a838d0d612abdc1aa?s=96&d=mm&r=g","contentUrl":"https:\/\/secure.gravatar.com\/avatar\/fe4f91a0de32b52a838d0d612abdc1aa?s=96&d=mm&r=g","caption":"Larissa Carvalho"},"url":"https:\/\/www.correiobraziliense.com.br\/cbradar\/author\/larissamyth\/"}]}},"_links":{"self":[{"href":"https:\/\/www.correiobraziliense.com.br\/cbradar\/wp-json\/wp\/v2\/posts\/35761","targetHints":{"allow":["GET"]}}],"collection":[{"href":"https:\/\/www.correiobraziliense.com.br\/cbradar\/wp-json\/wp\/v2\/posts"}],"about":[{"href":"https:\/\/www.correiobraziliense.com.br\/cbradar\/wp-json\/wp\/v2\/types\/post"}],"author":[{"embeddable":true,"href":"https:\/\/www.correiobraziliense.com.br\/cbradar\/wp-json\/wp\/v2\/users\/3"}],"replies":[{"embeddable":true,"href":"https:\/\/www.correiobraziliense.com.br\/cbradar\/wp-json\/wp\/v2\/comments?post=35761"}],"version-history":[{"count":1,"href":"https:\/\/www.correiobraziliense.com.br\/cbradar\/wp-json\/wp\/v2\/posts\/35761\/revisions"}],"predecessor-version":[{"id":35766,"href":"https:\/\/www.correiobraziliense.com.br\/cbradar\/wp-json\/wp\/v2\/posts\/35761\/revisions\/35766"}],"wp:featuredmedia":[{"embeddable":true,"href":"https:\/\/www.correiobraziliense.com.br\/cbradar\/wp-json\/wp\/v2\/media\/35763"}],"wp:attachment":[{"href":"https:\/\/www.correiobraziliense.com.br\/cbradar\/wp-json\/wp\/v2\/media?parent=35761"}],"wp:term":[{"taxonomy":"category","embeddable":true,"href":"https:\/\/www.correiobraziliense.com.br\/cbradar\/wp-json\/wp\/v2\/categories?post=35761"},{"taxonomy":"post_tag","embeddable":true,"href":"https:\/\/www.correiobraziliense.com.br\/cbradar\/wp-json\/wp\/v2\/post_tag?post=35761"}],"curies":[{"name":"wp","href":"https:\/\/api.w.org\/{rel}","templated":true}]}}