{"id":35794,"date":"2025-05-13T09:30:00","date_gmt":"2025-05-13T12:30:00","guid":{"rendered":"https:\/\/www.correiobraziliense.com.br\/cbradar\/?p=35794"},"modified":"2025-05-12T10:33:01","modified_gmt":"2025-05-12T13:33:01","slug":"essa-cidade-do-para-cresce-com-comercio-forte-e-infraestrutura-moderna","status":"publish","type":"post","link":"https:\/\/www.correiobraziliense.com.br\/cbradar\/essa-cidade-do-para-cresce-com-comercio-forte-e-infraestrutura-moderna\/","title":{"rendered":"Essa cidade do Par\u00e1 cresce com com\u00e9rcio forte e infraestrutura moderna"},"content":{"rendered":"\n<p><strong><a href=\"https:\/\/maraba.pa.gov.br\/\" target=\"_blank\" rel=\"noreferrer noopener\">Marab\u00e1<\/a><\/strong>, localizada no sudeste do <strong><a href=\"https:\/\/www.correiobraziliense.com.br\/cbradar\/a-cidade-perfeita-para-quem-busca-qualidade-de-vida-e-inovacao-no-brasil\/\" target=\"_blank\" rel=\"noreferrer noopener\">Par\u00e1<\/a><\/strong>, \u00e9 uma das cidades mais estrat\u00e9gicas da regi\u00e3o Norte. Com mais de 280 mil habitantes, ela se consolidou como um polo regional em log\u00edstica, com\u00e9rcio e servi\u00e7os, al\u00e9m de apresentar uma infraestrutura urbana em expans\u00e3o. A cidade cresce em ritmo acelerado, impulsionada por sua localiza\u00e7\u00e3o privilegiada entre importantes rodovias, ferrovias e o rio Tocantins.<\/p>\n\n\n\n<p>Marcada por diversidade cultural, desenvolvimento e oportunidades, <strong>Marab\u00e1<\/strong> se destaca como uma das cidades mais promissoras da regi\u00e3o, sendo uma excelente escolha tanto para morar quanto para investir.<\/p>\n\n\n\n<h2 class=\"wp-block-heading\">Qualidade de vida com servi\u00e7os em crescimento<\/h2>\n\n\n\n<p><strong>Marab\u00e1<\/strong> tem investido na amplia\u00e7\u00e3o de servi\u00e7os p\u00fablicos e melhorias em infraestrutura urbana. A cidade oferece boas op\u00e7\u00f5es de moradia, acesso a servi\u00e7os de sa\u00fade, escolas e uma malha vi\u00e1ria em constante moderniza\u00e7\u00e3o. Al\u00e9m disso, a presen\u00e7a de \u00e1reas verdes e espa\u00e7os de lazer favorece uma rotina mais saud\u00e1vel para seus moradores.<\/p>\n\n\n\n<p>O clima quente e \u00famido \u00e9 t\u00edpico da regi\u00e3o amaz\u00f4nica, mas os moradores aproveitam o contato com a natureza e os rios como parte da vida cotidiana. Com um custo de vida razo\u00e1vel e boas oportunidades locais, a cidade atrai quem busca mais qualidade no interior do Norte.<\/p>\n\n\n\n<h2 class=\"wp-block-heading\">Educa\u00e7\u00e3o com oferta crescente e ensino t\u00e9cnico<\/h2>\n\n\n\n<p>A cidade abriga institui\u00e7\u00f5es como o <strong>Instituto Federal do Par\u00e1 (IFPA)<\/strong> e campus da <strong>Universidade Federal do Sul e Sudeste do Par\u00e1 (Unifesspa)<\/strong>, que oferecem cursos superiores e t\u00e9cnicos em \u00e1reas como engenharia, ci\u00eancias agr\u00e1rias e tecnologia.<\/p>\n\n\n\n<p>O ensino b\u00e1sico tamb\u00e9m vem recebendo investimentos, com reformas e constru\u00e7\u00e3o de novas escolas p\u00fablicas. A oferta de cursos profissionalizantes e a forma\u00e7\u00e3o t\u00e9cnica t\u00eam contribu\u00eddo para o fortalecimento da economia e da empregabilidade local.<\/p>\n\n\n\n<figure class=\"wp-block-image size-large\"><img decoding=\"async\" width=\"1024\" height=\"576\" src=\"https:\/\/www.correiobraziliense.com.br\/cbradar\/wp-content\/uploads\/2025\/05\/Maraba-1024x576.png\" alt=\"Essa cidade do Par\u00e1 cresce com com\u00e9rcio forte e infraestrutura moderna\" class=\"wp-image-35803\" srcset=\"https:\/\/www.correiobraziliense.com.br\/cbradar\/wp-content\/uploads\/2025\/05\/Maraba-1024x576.png 1024w, https:\/\/www.correiobraziliense.com.br\/cbradar\/wp-content\/uploads\/2025\/05\/Maraba-300x169.png 300w, https:\/\/www.correiobraziliense.com.br\/cbradar\/wp-content\/uploads\/2025\/05\/Maraba-768x432.png 768w, https:\/\/www.correiobraziliense.com.br\/cbradar\/wp-content\/uploads\/2025\/05\/Maraba-750x422.png 750w, https:\/\/www.correiobraziliense.com.br\/cbradar\/wp-content\/uploads\/2025\/05\/Maraba-1140x641.png 1140w, https:\/\/www.correiobraziliense.com.br\/cbradar\/wp-content\/uploads\/2025\/05\/Maraba.png 1280w\" sizes=\"(max-width: 1024px) 100vw, 1024px\" \/><figcaption class=\"wp-element-caption\">Marab\u00e1. Fonte: T\u00fallio F, CC BY-SA 4.0, via Wikimedia Commons<\/figcaption><\/figure>\n\n\n\n<h2 class=\"wp-block-heading\">Estrutura urbana em expans\u00e3o e mobilidade regional<\/h2>\n\n\n\n<p><strong>Marab\u00e1<\/strong> tem sua malha urbana organizada em n\u00facleos urbanos, interligados por pontes, rodovias e transporte p\u00fablico. A cidade \u00e9 cortada por grandes vias como a <strong>Rodovia Transamaz\u00f4nica (BR-230)<\/strong> e a <strong>BR-155<\/strong>, o que a torna uma refer\u00eancia log\u00edstica no Par\u00e1.<\/p>\n\n\n\n<p>Al\u00e9m disso, o munic\u00edpio \u00e9 servido por um aeroporto regional e est\u00e1 conectado \u00e0 <strong>Ferrovia Norte-Sul<\/strong>, o que favorece o escoamento de produ\u00e7\u00e3o e o transporte de cargas em larga escala. Essas vantagens log\u00edsticas s\u00e3o fundamentais para o crescimento econ\u00f4mico local.<\/p>\n\n\n\n<h2 class=\"wp-block-heading\">Com\u00e9rcio ativo e papel estrat\u00e9gico na economia regional<\/h2>\n\n\n\n<p>O com\u00e9rcio de <strong>Marab\u00e1<\/strong> \u00e9 um dos mais fortes do estado, com centros comerciais modernos, atacadistas e feiras populares que movimentam a economia. A cidade tamb\u00e9m \u00e9 refer\u00eancia em servi\u00e7os banc\u00e1rios, de sa\u00fade e educa\u00e7\u00e3o para os munic\u00edpios vizinhos.<\/p>\n\n\n\n<p>O setor industrial, ligado \u00e0 minera\u00e7\u00e3o e \u00e0 siderurgia, tem participa\u00e7\u00e3o significativa no PIB local. Al\u00e9m disso, a agropecu\u00e1ria e o setor de constru\u00e7\u00e3o civil mant\u00eam a economia aquecida e geram empregos diretos e indiretos.<\/p>\n\n\n\n<h2 class=\"wp-block-heading\">Cultura local e identidade amaz\u00f4nica<\/h2>\n\n\n\n<p><strong>Marab\u00e1<\/strong> tem uma identidade cultural rica, marcada pela diversidade de origens de seus moradores. A cidade abriga festas tradicionais, festivais de m\u00fasica, encontros religiosos e manifesta\u00e7\u00f5es art\u00edsticas que refletem o esp\u00edrito do Norte brasileiro.<\/p>\n\n\n\n<p>A culin\u00e1ria local, baseada em peixes, frutas regionais e sabores t\u00edpicos da Amaz\u00f4nia, tamb\u00e9m \u00e9 um destaque, assim como o artesanato produzido por comunidades locais.<\/p>\n\n\n\n<figure class=\"wp-block-image size-large\"><img decoding=\"async\" width=\"1024\" height=\"576\" src=\"https:\/\/www.correiobraziliense.com.br\/cbradar\/wp-content\/uploads\/2025\/05\/Maraba-2-1024x576.png\" alt=\"Essa cidade do Par\u00e1 cresce com com\u00e9rcio forte e infraestrutura moderna\" class=\"wp-image-35805\" srcset=\"https:\/\/www.correiobraziliense.com.br\/cbradar\/wp-content\/uploads\/2025\/05\/Maraba-2-1024x576.png 1024w, https:\/\/www.correiobraziliense.com.br\/cbradar\/wp-content\/uploads\/2025\/05\/Maraba-2-300x169.png 300w, https:\/\/www.correiobraziliense.com.br\/cbradar\/wp-content\/uploads\/2025\/05\/Maraba-2-768x432.png 768w, https:\/\/www.correiobraziliense.com.br\/cbradar\/wp-content\/uploads\/2025\/05\/Maraba-2-750x422.png 750w, https:\/\/www.correiobraziliense.com.br\/cbradar\/wp-content\/uploads\/2025\/05\/Maraba-2-1140x641.png 1140w, https:\/\/www.correiobraziliense.com.br\/cbradar\/wp-content\/uploads\/2025\/05\/Maraba-2.png 1280w\" sizes=\"(max-width: 1024px) 100vw, 1024px\" \/><figcaption class=\"wp-element-caption\">Marab\u00e1. Fonte: FernandoSantos, CC BY-SA 3.0, via Wikimedia Commons<\/figcaption><\/figure>\n\n\n\n<h2 class=\"wp-block-heading\">Quais s\u00e3o os principais pontos tur\u00edsticos para visitar?<\/h2>\n\n\n\n<ul class=\"wp-block-list\">\n<li><strong>Orla do Rio Tocantins<\/strong>: ideal para passeios, eventos e lazer em fam\u00edlia.<\/li>\n\n\n\n<li><strong>Praia do Tucunar\u00e9<\/strong>: ponto tur\u00edstico sazonal, com barracas e banho de rio.<\/li>\n\n\n\n<li><strong>Museu Municipal de Marab\u00e1<\/strong>: preserva a hist\u00f3ria local e regional.<\/li>\n\n\n\n<li><strong>Pra\u00e7a S\u00e3o F\u00e9lix de Valois<\/strong>: refer\u00eancia hist\u00f3rica e cultural no n\u00facleo Velha Marab\u00e1.<\/li>\n\n\n\n<li><strong>Complexo esportivo e parque ambiental<\/strong>: op\u00e7\u00f5es de lazer e pr\u00e1tica esportiva.<\/li>\n<\/ul>\n\n\n\n<h2 class=\"wp-block-heading\">Vale a pena morar?<\/h2>\n\n\n\n<p>Sim! <strong>Marab\u00e1<\/strong> \u00e9 uma cidade em pleno desenvolvimento, com infraestrutura urbana em crescimento, boas oportunidades de trabalho e qualidade de vida em expans\u00e3o. \u00c9 ideal para fam\u00edlias, estudantes e profissionais que querem viver em uma cidade estrat\u00e9gica do Norte com bom potencial de crescimento.<\/p>\n\n\n\n<p>Al\u00e9m disso, a conex\u00e3o com o restante do pa\u00eds e o ambiente econ\u00f4mico din\u00e2mico s\u00e3o atrativos para quem busca novos desafios e estabilidade.<\/p>\n\n\n\n<h2 class=\"wp-block-heading\">Vale a pena visitar?<\/h2>\n\n\n\n<p>Com certeza! <strong>Marab\u00e1<\/strong> surpreende com seu cen\u00e1rio natural, suas praias de rio, sua cultura rica e sua gastronomia \u00fanica. \u00c9 um destino que une natureza e urbanismo, perfeito para quem quer explorar o Par\u00e1 por outros \u00e2ngulos.<\/p>\n","protected":false},"excerpt":{"rendered":"<p>Marab\u00e1, PA \u00e9 polo regional com forte com\u00e9rcio, log\u00edstica estrat\u00e9gica e infraestrutura em expans\u00e3o. Ideal para morar, investir ou visitar no Par\u00e1.<\/p>\n","protected":false},"author":3,"featured_media":35795,"comment_status":"open","ping_status":"open","sticky":false,"template":"","format":"standard","meta":{"_yoast_wpseo_focuskw":"Marab\u00e1","_yoast_wpseo_title":"%%title%%","_yoast_wpseo_metadesc":"Marab\u00e1, PA \u00e9 polo regional com forte com\u00e9rcio, log\u00edstica estrat\u00e9gica e infraestrutura em expans\u00e3o. Ideal para morar, investir ou visitar no Par\u00e1.","jnews-multi-image_gallery":[],"jnews_single_post":{"format":"standard"},"jnews_primary_category":[],"jnews_social_meta":[],"jnews_override_counter":[],"footnotes":""},"categories":[108],"tags":[109],"class_list":["post-35794","post","type-post","status-publish","format-standard","has-post-thumbnail","hentry","category-cidades","tag-cidades"],"yoast_head":"<!-- This site is optimized with the Yoast SEO plugin v24.6 - https:\/\/yoast.com\/wordpress\/plugins\/seo\/ -->\n<title>Essa cidade do Par\u00e1 cresce com com\u00e9rcio forte e infraestrutura moderna<\/title>\n<meta name=\"description\" content=\"Marab\u00e1, PA \u00e9 polo regional com forte com\u00e9rcio, log\u00edstica estrat\u00e9gica e infraestrutura em expans\u00e3o. Ideal para morar, investir ou visitar no Par\u00e1.\" \/>\n<meta name=\"robots\" content=\"index, follow, max-snippet:-1, max-image-preview:large, max-video-preview:-1\" \/>\n<link rel=\"canonical\" href=\"https:\/\/www.correiobraziliense.com.br\/cbradar\/essa-cidade-do-para-cresce-com-comercio-forte-e-infraestrutura-moderna\/\" \/>\n<meta property=\"og:locale\" content=\"pt_BR\" \/>\n<meta property=\"og:type\" content=\"article\" \/>\n<meta property=\"og:title\" content=\"Essa cidade do Par\u00e1 cresce com com\u00e9rcio forte e infraestrutura moderna\" \/>\n<meta property=\"og:description\" content=\"Marab\u00e1, PA \u00e9 polo regional com forte com\u00e9rcio, log\u00edstica estrat\u00e9gica e infraestrutura em expans\u00e3o. Ideal para morar, investir ou visitar no Par\u00e1.\" \/>\n<meta property=\"og:url\" content=\"https:\/\/www.correiobraziliense.com.br\/cbradar\/essa-cidade-do-para-cresce-com-comercio-forte-e-infraestrutura-moderna\/\" \/>\n<meta property=\"og:site_name\" content=\"Correio Braziliense - Radar\" \/>\n<meta property=\"article:published_time\" content=\"2025-05-13T12:30:00+00:00\" \/>\n<meta property=\"og:image\" content=\"https:\/\/www.correiobraziliense.com.br\/cbradar\/wp-content\/uploads\/2025\/05\/Maraba_1747054292869.jpg\" \/>\n\t<meta property=\"og:image:width\" content=\"1279\" \/>\n\t<meta property=\"og:image:height\" content=\"720\" \/>\n\t<meta property=\"og:image:type\" content=\"image\/jpeg\" \/>\n<meta name=\"author\" content=\"Larissa Carvalho\" \/>\n<meta name=\"twitter:card\" content=\"summary_large_image\" \/>\n<meta name=\"twitter:label1\" content=\"Escrito por\" \/>\n\t<meta name=\"twitter:data1\" content=\"Larissa Carvalho\" \/>\n\t<meta name=\"twitter:label2\" content=\"Est. tempo de leitura\" \/>\n\t<meta name=\"twitter:data2\" content=\"5 minutos\" \/>\n<!-- \/ Yoast SEO plugin. -->","yoast_head_json":{"title":"Essa cidade do Par\u00e1 cresce com com\u00e9rcio forte e infraestrutura moderna","description":"Marab\u00e1, PA \u00e9 polo regional com forte com\u00e9rcio, log\u00edstica estrat\u00e9gica e infraestrutura em expans\u00e3o. Ideal para morar, investir ou visitar no Par\u00e1.","robots":{"index":"index","follow":"follow","max-snippet":"max-snippet:-1","max-image-preview":"max-image-preview:large","max-video-preview":"max-video-preview:-1"},"canonical":"https:\/\/www.correiobraziliense.com.br\/cbradar\/essa-cidade-do-para-cresce-com-comercio-forte-e-infraestrutura-moderna\/","og_locale":"pt_BR","og_type":"article","og_title":"Essa cidade do Par\u00e1 cresce com com\u00e9rcio forte e infraestrutura moderna","og_description":"Marab\u00e1, PA \u00e9 polo regional com forte com\u00e9rcio, log\u00edstica estrat\u00e9gica e infraestrutura em expans\u00e3o. Ideal para morar, investir ou visitar no Par\u00e1.","og_url":"https:\/\/www.correiobraziliense.com.br\/cbradar\/essa-cidade-do-para-cresce-com-comercio-forte-e-infraestrutura-moderna\/","og_site_name":"Correio Braziliense - Radar","article_published_time":"2025-05-13T12:30:00+00:00","og_image":[{"width":1279,"height":720,"url":"https:\/\/www.correiobraziliense.com.br\/cbradar\/wp-content\/uploads\/2025\/05\/Maraba_1747054292869.jpg","type":"image\/jpeg"}],"author":"Larissa Carvalho","twitter_card":"summary_large_image","twitter_misc":{"Escrito por":"Larissa Carvalho","Est. tempo de leitura":"5 minutos"},"schema":{"@context":"https:\/\/schema.org","@graph":[{"@type":"WebPage","@id":"https:\/\/www.correiobraziliense.com.br\/cbradar\/essa-cidade-do-para-cresce-com-comercio-forte-e-infraestrutura-moderna\/","url":"https:\/\/www.correiobraziliense.com.br\/cbradar\/essa-cidade-do-para-cresce-com-comercio-forte-e-infraestrutura-moderna\/","name":"Essa cidade do Par\u00e1 cresce com com\u00e9rcio forte e infraestrutura moderna","isPartOf":{"@id":"https:\/\/www.correiobraziliense.com.br\/cbradar\/#website"},"primaryImageOfPage":{"@id":"https:\/\/www.correiobraziliense.com.br\/cbradar\/essa-cidade-do-para-cresce-com-comercio-forte-e-infraestrutura-moderna\/#primaryimage"},"image":{"@id":"https:\/\/www.correiobraziliense.com.br\/cbradar\/essa-cidade-do-para-cresce-com-comercio-forte-e-infraestrutura-moderna\/#primaryimage"},"thumbnailUrl":"https:\/\/www.correiobraziliense.com.br\/cbradar\/wp-content\/uploads\/2025\/05\/Maraba_1747054292869.jpg","datePublished":"2025-05-13T12:30:00+00:00","author":{"@id":"https:\/\/www.correiobraziliense.com.br\/cbradar\/#\/schema\/person\/58422787644df994b53a19d3e56c1513"},"description":"Marab\u00e1, PA \u00e9 polo regional com forte com\u00e9rcio, log\u00edstica estrat\u00e9gica e infraestrutura em expans\u00e3o. Ideal para morar, investir ou visitar no Par\u00e1.","breadcrumb":{"@id":"https:\/\/www.correiobraziliense.com.br\/cbradar\/essa-cidade-do-para-cresce-com-comercio-forte-e-infraestrutura-moderna\/#breadcrumb"},"inLanguage":"pt-BR","potentialAction":[{"@type":"ReadAction","target":["https:\/\/www.correiobraziliense.com.br\/cbradar\/essa-cidade-do-para-cresce-com-comercio-forte-e-infraestrutura-moderna\/"]}]},{"@type":"ImageObject","inLanguage":"pt-BR","@id":"https:\/\/www.correiobraziliense.com.br\/cbradar\/essa-cidade-do-para-cresce-com-comercio-forte-e-infraestrutura-moderna\/#primaryimage","url":"https:\/\/www.correiobraziliense.com.br\/cbradar\/wp-content\/uploads\/2025\/05\/Maraba_1747054292869.jpg","contentUrl":"https:\/\/www.correiobraziliense.com.br\/cbradar\/wp-content\/uploads\/2025\/05\/Maraba_1747054292869.jpg","width":1279,"height":720,"caption":"Par\u00e1. Cr\u00e9ditos: depositphotos.com \/ Furian"},{"@type":"BreadcrumbList","@id":"https:\/\/www.correiobraziliense.com.br\/cbradar\/essa-cidade-do-para-cresce-com-comercio-forte-e-infraestrutura-moderna\/#breadcrumb","itemListElement":[{"@type":"ListItem","position":1,"name":"In\u00edcio","item":"https:\/\/www.correiobraziliense.com.br\/cbradar\/"},{"@type":"ListItem","position":2,"name":"Essa cidade do Par\u00e1 cresce com com\u00e9rcio forte e infraestrutura moderna"}]},{"@type":"WebSite","@id":"https:\/\/www.correiobraziliense.com.br\/cbradar\/#website","url":"https:\/\/www.correiobraziliense.com.br\/cbradar\/","name":"Correio Braziliense - Radar","description":"Acompanhe as \u00faltimas not\u00edcias e fique bem informado sobre tudo o que acontece no Brasil e no mundo.","potentialAction":[{"@type":"SearchAction","target":{"@type":"EntryPoint","urlTemplate":"https:\/\/www.correiobraziliense.com.br\/cbradar\/?s={search_term_string}"},"query-input":{"@type":"PropertyValueSpecification","valueRequired":true,"valueName":"search_term_string"}}],"inLanguage":"pt-BR"},{"@type":"Person","@id":"https:\/\/www.correiobraziliense.com.br\/cbradar\/#\/schema\/person\/58422787644df994b53a19d3e56c1513","name":"Larissa Carvalho","image":{"@type":"ImageObject","inLanguage":"pt-BR","@id":"https:\/\/www.correiobraziliense.com.br\/cbradar\/#\/schema\/person\/image\/","url":"https:\/\/secure.gravatar.com\/avatar\/fe4f91a0de32b52a838d0d612abdc1aa?s=96&d=mm&r=g","contentUrl":"https:\/\/secure.gravatar.com\/avatar\/fe4f91a0de32b52a838d0d612abdc1aa?s=96&d=mm&r=g","caption":"Larissa Carvalho"},"url":"https:\/\/www.correiobraziliense.com.br\/cbradar\/author\/larissamyth\/"}]}},"_links":{"self":[{"href":"https:\/\/www.correiobraziliense.com.br\/cbradar\/wp-json\/wp\/v2\/posts\/35794","targetHints":{"allow":["GET"]}}],"collection":[{"href":"https:\/\/www.correiobraziliense.com.br\/cbradar\/wp-json\/wp\/v2\/posts"}],"about":[{"href":"https:\/\/www.correiobraziliense.com.br\/cbradar\/wp-json\/wp\/v2\/types\/post"}],"author":[{"embeddable":true,"href":"https:\/\/www.correiobraziliense.com.br\/cbradar\/wp-json\/wp\/v2\/users\/3"}],"replies":[{"embeddable":true,"href":"https:\/\/www.correiobraziliense.com.br\/cbradar\/wp-json\/wp\/v2\/comments?post=35794"}],"version-history":[{"count":1,"href":"https:\/\/www.correiobraziliense.com.br\/cbradar\/wp-json\/wp\/v2\/posts\/35794\/revisions"}],"predecessor-version":[{"id":35808,"href":"https:\/\/www.correiobraziliense.com.br\/cbradar\/wp-json\/wp\/v2\/posts\/35794\/revisions\/35808"}],"wp:featuredmedia":[{"embeddable":true,"href":"https:\/\/www.correiobraziliense.com.br\/cbradar\/wp-json\/wp\/v2\/media\/35795"}],"wp:attachment":[{"href":"https:\/\/www.correiobraziliense.com.br\/cbradar\/wp-json\/wp\/v2\/media?parent=35794"}],"wp:term":[{"taxonomy":"category","embeddable":true,"href":"https:\/\/www.correiobraziliense.com.br\/cbradar\/wp-json\/wp\/v2\/categories?post=35794"},{"taxonomy":"post_tag","embeddable":true,"href":"https:\/\/www.correiobraziliense.com.br\/cbradar\/wp-json\/wp\/v2\/tags?post=35794"}],"curies":[{"name":"wp","href":"https:\/\/api.w.org\/{rel}","templated":true}]}}