{"id":36092,"date":"2025-05-13T21:50:00","date_gmt":"2025-05-14T00:50:00","guid":{"rendered":"https:\/\/www.correiobraziliense.com.br\/cbradar\/?p=36092"},"modified":"2025-05-13T01:20:05","modified_gmt":"2025-05-13T04:20:05","slug":"esta-arquipelago-e-um-dos-destinos-mais-desejados-por-brasileiros-hoje","status":"publish","type":"post","link":"https:\/\/www.correiobraziliense.com.br\/cbradar\/esta-arquipelago-e-um-dos-destinos-mais-desejados-por-brasileiros-hoje\/","title":{"rendered":"Este arquip\u00e9lago \u00e9 um dos destinos mais desejados por brasileiros hoje"},"content":{"rendered":"\n<p>Imagine um lugar onde o tempo parece desacelerar, o mar brilha em tons turquesa e a conex\u00e3o com a natureza \u00e9 quase espiritual. Assim \u00e9 <strong><a href=\"https:\/\/www.noronha.pe.gov.br\/\" target=\"_blank\" rel=\"noreferrer noopener\">Fernando de Noronha<\/a><\/strong>, arquip\u00e9lago pernambucano que se tornou um dos destinos mais desejados do <strong><a href=\"https:\/\/www.correiobraziliense.com.br\/cbradar\/a-6a-melhor-cidade-do-brasil-em-qualidade-de-vida-vai-te-surpreender\/\" target=\"_blank\" rel=\"noreferrer noopener\">Brasil <\/a><\/strong>\u2014 e n\u00e3o apenas pelas praias cinematogr\u00e1ficas.<\/p>\n\n\n\n<p>Apesar da fama internacional como destino tur\u00edstico, Noronha guarda peculiaridades que a tornam um ponto de interesse tamb\u00e9m para quem busca qualidade de vida, preserva\u00e7\u00e3o ambiental e um estilo de vida mais simples e sustent\u00e1vel. Mas ser\u00e1 que \u00e9 vi\u00e1vel morar por l\u00e1? E o que faz esse peda\u00e7o do Brasil ser t\u00e3o especial?<\/p>\n\n\n\n<p>Vamos explorar o que <strong>Fernando de Noronha<\/strong> tem a oferecer em termos de qualidade de vida, educa\u00e7\u00e3o, turismo e experi\u00eancias \u00fanicas.<\/p>\n\n\n\n<h2 class=\"wp-block-heading\">Qualidade de vida em Fernando de Noronha<\/h2>\n\n\n\n<p>Viver em <strong>Fernando de Noronha<\/strong> \u00e9 como abra\u00e7ar um cotidiano em sintonia com o meio ambiente. Com cerca de <strong>3 mil habitantes<\/strong>, o arquip\u00e9lago valoriza a sustentabilidade como nenhum outro lugar do pa\u00eds. A preserva\u00e7\u00e3o ambiental \u00e9 levada a s\u00e9rio \u2014 tanto que o n\u00famero de visitantes \u00e9 controlado e os moradores convivem com regras r\u00edgidas que limitam constru\u00e7\u00f5es, uso de ve\u00edculos e descarte de res\u00edduos.<\/p>\n\n\n\n<p>Apesar da infraestrutura simples, a qualidade de vida \u00e9 elevada para quem valoriza o contato com a natureza, seguran\u00e7a, alimenta\u00e7\u00e3o saud\u00e1vel e uma comunidade unida. A aus\u00eancia de viol\u00eancia urbana \u00e9 um dos pontos altos. J\u00e1 os desafios incluem o alto custo de vida e o acesso limitado a certos servi\u00e7os e produtos, devido \u00e0 dist\u00e2ncia do continente.<\/p>\n\n\n<div class=\"wp-block-image\">\n<figure class=\"aligncenter size-large\"><img decoding=\"async\" width=\"1024\" height=\"576\" src=\"https:\/\/www.correiobraziliense.com.br\/cbradar\/wp-content\/uploads\/2025\/02\/Fernando-de-Noronha_1739517635155-1024x576.jpg\" alt=\"Esta cidade \u00e9 um dos destinos mais desejados por brasileiros hoje\" class=\"wp-image-2707\" srcset=\"https:\/\/www.correiobraziliense.com.br\/cbradar\/wp-content\/uploads\/2025\/02\/Fernando-de-Noronha_1739517635155-1024x576.jpg 1024w, https:\/\/www.correiobraziliense.com.br\/cbradar\/wp-content\/uploads\/2025\/02\/Fernando-de-Noronha_1739517635155-300x169.jpg 300w, https:\/\/www.correiobraziliense.com.br\/cbradar\/wp-content\/uploads\/2025\/02\/Fernando-de-Noronha_1739517635155-768x432.jpg 768w, https:\/\/www.correiobraziliense.com.br\/cbradar\/wp-content\/uploads\/2025\/02\/Fernando-de-Noronha_1739517635155-750x422.jpg 750w, https:\/\/www.correiobraziliense.com.br\/cbradar\/wp-content\/uploads\/2025\/02\/Fernando-de-Noronha_1739517635155-1140x641.jpg 1140w, https:\/\/www.correiobraziliense.com.br\/cbradar\/wp-content\/uploads\/2025\/02\/Fernando-de-Noronha_1739517635155.jpg 1280w\" sizes=\"(max-width: 1024px) 100vw, 1024px\" \/><figcaption class=\"wp-element-caption\">Fernando de Noronha \/\/ Cr\u00e9ditos: depositphotos.com \/ nachosuch<\/figcaption><\/figure><\/div>\n\n\n<h2 class=\"wp-block-heading\">Educa\u00e7\u00e3o em Fernando de Noronha<\/h2>\n\n\n\n<p><strong>Fernando de Noronha<\/strong> possui escolas p\u00fablicas que atendem desde a educa\u00e7\u00e3o infantil at\u00e9 o ensino m\u00e9dio. O destaque vai para a <strong>Escola Arquip\u00e9lago<\/strong>, que tem uma proposta pedag\u00f3gica alinhada \u00e0 realidade local, com forte enfoque em educa\u00e7\u00e3o ambiental, cidadania e cultura noronhense.<\/p>\n\n\n\n<p>Embora as op\u00e7\u00f5es de ensino superior e t\u00e9cnico sejam inexistentes no arquip\u00e9lago, programas de extens\u00e3o e cursos livres s\u00e3o realizados esporadicamente por institui\u00e7\u00f5es como o <strong>IFPE<\/strong> (<strong>Instituto Federal de Pernambuco<\/strong>) em parcerias pontuais.<\/p>\n\n\n\n<p>Para fam\u00edlias que valorizam um ambiente escolar acolhedor, com turmas pequenas e envolvimento comunit\u00e1rio, Noronha pode ser uma op\u00e7\u00e3o interessante \u2014 desde que estejam dispostas a lidar com limita\u00e7\u00f5es de recursos e infraestrutura.<\/p>\n\n\n\n<h2 class=\"wp-block-heading\">Turismo em Fernando de Noronha: muito al\u00e9m das praias paradis\u00edacas<\/h2>\n\n\n\n<p>Turismo em <strong>Fernando de Noronha<\/strong> \u00e9 sin\u00f4nimo de experi\u00eancias inesquec\u00edveis. As paisagens s\u00e3o de tirar o f\u00f4lego: a <strong>Ba\u00eda do Sancho<\/strong> (eleita diversas vezes como a mais bonita do mundo), o <strong>Morro Dois Irm\u00e3os<\/strong>, a <strong>Ba\u00eda dos Porcos<\/strong> e o famoso <strong>Forte dos Rem\u00e9dios<\/strong> s\u00e3o apenas algumas das atra\u00e7\u00f5es.<\/p>\n\n\n\n<p>Mas o turismo vai al\u00e9m do visual: Noronha \u00e9 refer\u00eancia em ecoturismo, mergulho com cilindro e snorkel, trilhas ecol\u00f3gicas, passeios de barco para avistar golfinhos, e atividades que promovem o contato direto com a fauna e flora marinha, incluindo as tartarugas protegidas pelo <strong>Projeto Tamar<\/strong>.<\/p>\n\n\n\n<p>A taxa de preserva\u00e7\u00e3o ambiental, paga pelos visitantes, ajuda a manter esse equil\u00edbrio entre turismo e sustentabilidade.<\/p>\n\n\n\n<h2 class=\"wp-block-heading\">Comunidade local e sustentabilidade<\/h2>\n\n\n\n<p>O que torna <strong>Fernando de Noronha<\/strong> \u00fanico n\u00e3o s\u00e3o apenas suas paisagens, mas tamb\u00e9m sua gente. A comunidade local \u00e9 formada por moradores antigos, pescadores, comerciantes e profissionais ligados ao turismo, que vivem em uma conviv\u00eancia harmoniosa com o ambiente.<\/p>\n\n\n\n<p>H\u00e1 um forte senso de pertencimento e responsabilidade ambiental. Projetos sociais e ecol\u00f3gicos como o <strong>Projeto Golfinho Rotador<\/strong>, o <strong>Projeto Tamar<\/strong> e diversas iniciativas locais garantem que o turismo n\u00e3o ultrapasse os limites do ecossistema.<\/p>\n\n\n\n<h2 class=\"wp-block-heading\">Vale a pena morar em Fernando de Noronha?<\/h2>\n\n\n\n<p>Morar em <strong>Fernando de Noronha<\/strong> \u00e9 uma escolha que exige adapta\u00e7\u00e3o e desapego de certos confortos urbanos. O custo de vida \u00e9 elevado \u2014 praticamente tudo precisa ser importado do continente \u2014 e o acesso \u00e0 sa\u00fade, educa\u00e7\u00e3o superior e servi\u00e7os especializados \u00e9 limitado.<\/p>\n\n\n\n<p>Por outro lado, quem busca uma vida mais tranquila, cercada pela natureza e com uma comunidade engajada em valores sustent\u00e1veis, pode encontrar em Noronha um lar raro e inspirador. A seguran\u00e7a, o ar puro, a aus\u00eancia de tr\u00e2nsito e a beleza natural constante fazem da vida no arquip\u00e9lago uma experi\u00eancia profundamente transformadora.<\/p>\n\n\n\n<h2 class=\"wp-block-heading\">Vale a pena visitar Fernando de Noronha?<\/h2>\n\n\n\n<p>Sem d\u00favida, visitar <strong>Fernando de Noronha<\/strong> \u00e9 uma daquelas experi\u00eancias que ficam marcadas para sempre na mem\u00f3ria. Ideal para quem ama natureza, praia, trilhas, mergulho e viagens com significado, o arquip\u00e9lago combina beleza, consci\u00eancia ambiental e tranquilidade.<\/p>\n\n\n\n<p>Embora os custos sejam altos e a visita exija planejamento, o retorno \u00e9 imensur\u00e1vel. Cada p\u00f4r do sol, cada banho de mar, cada caminhada pelas trilhas naturais recompensa qualquer esfor\u00e7o.<\/p>\n\n\n\n<p>Se voc\u00ea procura um destino onde o luxo \u00e9 a pr\u00f3pria natureza, <strong>Fernando de Noronha<\/strong> \u00e9 a resposta.<\/p>\n","protected":false},"excerpt":{"rendered":"<p>Imagine um lugar onde o tempo parece desacelerar, o mar brilha em tons turquesa e a conex\u00e3o com a natureza \u00e9 quase espiritual. Assim \u00e9 Fernando de Noronha, arquip\u00e9lago pernambucano que se tornou um dos destinos mais desejados do Brasil \u2014 e n\u00e3o apenas pelas praias cinematogr\u00e1ficas. Apesar da fama internacional como destino tur\u00edstico, Noronha [&hellip;]<\/p>\n","protected":false},"author":8,"featured_media":2706,"comment_status":"open","ping_status":"open","sticky":false,"template":"","format":"standard","meta":{"_yoast_wpseo_focuskw":"arquip\u00e9lago","_yoast_wpseo_title":"","_yoast_wpseo_metadesc":"Este arquip\u00e9lago \u00e9 um sonho e tamb\u00e9m um dos destinos mais desejados por brasileiros hoje. Descubra este para\u00edso escondido.","jnews-multi-image_gallery":[],"jnews_single_post":{"format":"standard"},"jnews_primary_category":[],"jnews_social_meta":[],"jnews_override_counter":[],"footnotes":""},"categories":[108,111],"tags":[4567,667,699],"class_list":["post-36092","post","type-post","status-publish","format-standard","has-post-thumbnail","hentry","category-cidades","category-turismo","tag-arquipelago","tag-destinos","tag-fernando-de-noronha"],"yoast_head":"<!-- This site is optimized with the Yoast SEO plugin v24.6 - https:\/\/yoast.com\/wordpress\/plugins\/seo\/ -->\n<title>Este arquip\u00e9lago \u00e9 um dos destinos mais desejados por brasileiros hoje - Correio Braziliense - Radar<\/title>\n<meta name=\"description\" content=\"Este arquip\u00e9lago \u00e9 um sonho e tamb\u00e9m um dos destinos mais desejados por brasileiros hoje. Descubra este para\u00edso escondido.\" \/>\n<meta name=\"robots\" content=\"index, follow, max-snippet:-1, max-image-preview:large, max-video-preview:-1\" \/>\n<link rel=\"canonical\" href=\"https:\/\/www.correiobraziliense.com.br\/cbradar\/esta-arquipelago-e-um-dos-destinos-mais-desejados-por-brasileiros-hoje\/\" \/>\n<meta property=\"og:locale\" content=\"pt_BR\" \/>\n<meta property=\"og:type\" content=\"article\" \/>\n<meta property=\"og:title\" content=\"Este arquip\u00e9lago \u00e9 um dos destinos mais desejados por brasileiros hoje - Correio Braziliense - Radar\" \/>\n<meta property=\"og:description\" content=\"Este arquip\u00e9lago \u00e9 um sonho e tamb\u00e9m um dos destinos mais desejados por brasileiros hoje. Descubra este para\u00edso escondido.\" \/>\n<meta property=\"og:url\" content=\"https:\/\/www.correiobraziliense.com.br\/cbradar\/esta-arquipelago-e-um-dos-destinos-mais-desejados-por-brasileiros-hoje\/\" \/>\n<meta property=\"og:site_name\" content=\"Correio Braziliense - Radar\" \/>\n<meta property=\"article:published_time\" content=\"2025-05-14T00:50:00+00:00\" \/>\n<meta property=\"og:image\" content=\"https:\/\/www.correiobraziliense.com.br\/cbradar\/wp-content\/uploads\/2025\/02\/Fernando-de-Noronha_1739517599057.jpg\" \/>\n\t<meta property=\"og:image:width\" content=\"1280\" \/>\n\t<meta property=\"og:image:height\" content=\"720\" \/>\n\t<meta property=\"og:image:type\" content=\"image\/jpeg\" \/>\n<meta name=\"author\" content=\"Maura Pereira\" \/>\n<meta name=\"twitter:card\" content=\"summary_large_image\" \/>\n<meta name=\"twitter:label1\" content=\"Escrito por\" \/>\n\t<meta name=\"twitter:data1\" content=\"Maura Pereira\" \/>\n\t<meta name=\"twitter:label2\" content=\"Est. tempo de leitura\" \/>\n\t<meta name=\"twitter:data2\" content=\"5 minutos\" \/>\n<!-- \/ Yoast SEO plugin. -->","yoast_head_json":{"title":"Este arquip\u00e9lago \u00e9 um dos destinos mais desejados por brasileiros hoje - Correio Braziliense - Radar","description":"Este arquip\u00e9lago \u00e9 um sonho e tamb\u00e9m um dos destinos mais desejados por brasileiros hoje. Descubra este para\u00edso escondido.","robots":{"index":"index","follow":"follow","max-snippet":"max-snippet:-1","max-image-preview":"max-image-preview:large","max-video-preview":"max-video-preview:-1"},"canonical":"https:\/\/www.correiobraziliense.com.br\/cbradar\/esta-arquipelago-e-um-dos-destinos-mais-desejados-por-brasileiros-hoje\/","og_locale":"pt_BR","og_type":"article","og_title":"Este arquip\u00e9lago \u00e9 um dos destinos mais desejados por brasileiros hoje - Correio Braziliense - Radar","og_description":"Este arquip\u00e9lago \u00e9 um sonho e tamb\u00e9m um dos destinos mais desejados por brasileiros hoje. Descubra este para\u00edso escondido.","og_url":"https:\/\/www.correiobraziliense.com.br\/cbradar\/esta-arquipelago-e-um-dos-destinos-mais-desejados-por-brasileiros-hoje\/","og_site_name":"Correio Braziliense - Radar","article_published_time":"2025-05-14T00:50:00+00:00","og_image":[{"width":1280,"height":720,"url":"https:\/\/www.correiobraziliense.com.br\/cbradar\/wp-content\/uploads\/2025\/02\/Fernando-de-Noronha_1739517599057.jpg","type":"image\/jpeg"}],"author":"Maura Pereira","twitter_card":"summary_large_image","twitter_misc":{"Escrito por":"Maura Pereira","Est. tempo de leitura":"5 minutos"},"schema":{"@context":"https:\/\/schema.org","@graph":[{"@type":"WebPage","@id":"https:\/\/www.correiobraziliense.com.br\/cbradar\/esta-arquipelago-e-um-dos-destinos-mais-desejados-por-brasileiros-hoje\/","url":"https:\/\/www.correiobraziliense.com.br\/cbradar\/esta-arquipelago-e-um-dos-destinos-mais-desejados-por-brasileiros-hoje\/","name":"Este arquip\u00e9lago \u00e9 um dos destinos mais desejados por brasileiros hoje - Correio Braziliense - Radar","isPartOf":{"@id":"https:\/\/www.correiobraziliense.com.br\/cbradar\/#website"},"primaryImageOfPage":{"@id":"https:\/\/www.correiobraziliense.com.br\/cbradar\/esta-arquipelago-e-um-dos-destinos-mais-desejados-por-brasileiros-hoje\/#primaryimage"},"image":{"@id":"https:\/\/www.correiobraziliense.com.br\/cbradar\/esta-arquipelago-e-um-dos-destinos-mais-desejados-por-brasileiros-hoje\/#primaryimage"},"thumbnailUrl":"https:\/\/www.correiobraziliense.com.br\/cbradar\/wp-content\/uploads\/2025\/02\/Fernando-de-Noronha_1739517599057.jpg","datePublished":"2025-05-14T00:50:00+00:00","author":{"@id":"https:\/\/www.correiobraziliense.com.br\/cbradar\/#\/schema\/person\/4053c651a9bfc785afc6f4cbc9032fd3"},"description":"Este arquip\u00e9lago \u00e9 um sonho e tamb\u00e9m um dos destinos mais desejados por brasileiros hoje. Descubra este para\u00edso escondido.","breadcrumb":{"@id":"https:\/\/www.correiobraziliense.com.br\/cbradar\/esta-arquipelago-e-um-dos-destinos-mais-desejados-por-brasileiros-hoje\/#breadcrumb"},"inLanguage":"pt-BR","potentialAction":[{"@type":"ReadAction","target":["https:\/\/www.correiobraziliense.com.br\/cbradar\/esta-arquipelago-e-um-dos-destinos-mais-desejados-por-brasileiros-hoje\/"]}]},{"@type":"ImageObject","inLanguage":"pt-BR","@id":"https:\/\/www.correiobraziliense.com.br\/cbradar\/esta-arquipelago-e-um-dos-destinos-mais-desejados-por-brasileiros-hoje\/#primaryimage","url":"https:\/\/www.correiobraziliense.com.br\/cbradar\/wp-content\/uploads\/2025\/02\/Fernando-de-Noronha_1739517599057.jpg","contentUrl":"https:\/\/www.correiobraziliense.com.br\/cbradar\/wp-content\/uploads\/2025\/02\/Fernando-de-Noronha_1739517599057.jpg","width":1280,"height":720,"caption":"Conhe\u00e7a Fernando de Noronha, para\u00edso brasileiro com praias exuberantes e natureza preservada. \/\/ Cr\u00e9ditos: depositphotos.com \/ KcrisRamos"},{"@type":"BreadcrumbList","@id":"https:\/\/www.correiobraziliense.com.br\/cbradar\/esta-arquipelago-e-um-dos-destinos-mais-desejados-por-brasileiros-hoje\/#breadcrumb","itemListElement":[{"@type":"ListItem","position":1,"name":"In\u00edcio","item":"https:\/\/www.correiobraziliense.com.br\/cbradar\/"},{"@type":"ListItem","position":2,"name":"Este arquip\u00e9lago \u00e9 um dos destinos mais desejados por brasileiros hoje"}]},{"@type":"WebSite","@id":"https:\/\/www.correiobraziliense.com.br\/cbradar\/#website","url":"https:\/\/www.correiobraziliense.com.br\/cbradar\/","name":"Correio Braziliense - Radar","description":"Acompanhe as \u00faltimas not\u00edcias e fique bem informado sobre tudo o que acontece no Brasil e no mundo.","potentialAction":[{"@type":"SearchAction","target":{"@type":"EntryPoint","urlTemplate":"https:\/\/www.correiobraziliense.com.br\/cbradar\/?s={search_term_string}"},"query-input":{"@type":"PropertyValueSpecification","valueRequired":true,"valueName":"search_term_string"}}],"inLanguage":"pt-BR"},{"@type":"Person","@id":"https:\/\/www.correiobraziliense.com.br\/cbradar\/#\/schema\/person\/4053c651a9bfc785afc6f4cbc9032fd3","name":"Maura Pereira","image":{"@type":"ImageObject","inLanguage":"pt-BR","@id":"https:\/\/www.correiobraziliense.com.br\/cbradar\/#\/schema\/person\/image\/","url":"https:\/\/secure.gravatar.com\/avatar\/3effd6bdadfa447f15089c7f7144eaa6?s=96&d=mm&r=g","contentUrl":"https:\/\/secure.gravatar.com\/avatar\/3effd6bdadfa447f15089c7f7144eaa6?s=96&d=mm&r=g","caption":"Maura Pereira"},"sameAs":["https:\/\/www.correiobraziliense.com.br\/"],"url":"https:\/\/www.correiobraziliense.com.br\/cbradar\/author\/mauramyth\/"}]}},"_links":{"self":[{"href":"https:\/\/www.correiobraziliense.com.br\/cbradar\/wp-json\/wp\/v2\/posts\/36092","targetHints":{"allow":["GET"]}}],"collection":[{"href":"https:\/\/www.correiobraziliense.com.br\/cbradar\/wp-json\/wp\/v2\/posts"}],"about":[{"href":"https:\/\/www.correiobraziliense.com.br\/cbradar\/wp-json\/wp\/v2\/types\/post"}],"author":[{"embeddable":true,"href":"https:\/\/www.correiobraziliense.com.br\/cbradar\/wp-json\/wp\/v2\/users\/8"}],"replies":[{"embeddable":true,"href":"https:\/\/www.correiobraziliense.com.br\/cbradar\/wp-json\/wp\/v2\/comments?post=36092"}],"version-history":[{"count":11,"href":"https:\/\/www.correiobraziliense.com.br\/cbradar\/wp-json\/wp\/v2\/posts\/36092\/revisions"}],"predecessor-version":[{"id":36112,"href":"https:\/\/www.correiobraziliense.com.br\/cbradar\/wp-json\/wp\/v2\/posts\/36092\/revisions\/36112"}],"wp:featuredmedia":[{"embeddable":true,"href":"https:\/\/www.correiobraziliense.com.br\/cbradar\/wp-json\/wp\/v2\/media\/2706"}],"wp:attachment":[{"href":"https:\/\/www.correiobraziliense.com.br\/cbradar\/wp-json\/wp\/v2\/media?parent=36092"}],"wp:term":[{"taxonomy":"category","embeddable":true,"href":"https:\/\/www.correiobraziliense.com.br\/cbradar\/wp-json\/wp\/v2\/categories?post=36092"},{"taxonomy":"post_tag","embeddable":true,"href":"https:\/\/www.correiobraziliense.com.br\/cbradar\/wp-json\/wp\/v2\/tags?post=36092"}],"curies":[{"name":"wp","href":"https:\/\/api.w.org\/{rel}","templated":true}]}}