{"id":3628,"date":"2025-02-18T22:30:00","date_gmt":"2025-02-19T01:30:00","guid":{"rendered":"https:\/\/www.correiobraziliense.com.br\/cbradar\/?p=3628"},"modified":"2025-02-17T16:30:13","modified_gmt":"2025-02-17T19:30:13","slug":"se-voce-quer-uma-alexa-essas-sao-as-melhores-opcoes","status":"publish","type":"post","link":"https:\/\/www.correiobraziliense.com.br\/cbradar\/se-voce-quer-uma-alexa-essas-sao-as-melhores-opcoes\/","title":{"rendered":"Se voc\u00ea quer uma Alexa, essas s\u00e3o as melhores op\u00e7\u00f5es"},"content":{"rendered":"\n<p>A linha Echo da Amazon, conhecida por integrar a assistente virtual Alexa, oferece uma variedade de dispositivos que prometem facilitar o dia a dia dos usu\u00e1rios. Desde ouvir m\u00fasica at\u00e9 controlar dispositivos inteligentes, os aparelhos Echo s\u00e3o projetados para tornar a vida mais pr\u00e1tica e conectada. Este artigo explora os diferentes modelos dispon\u00edveis, suas caracter\u00edsticas e como podem ser utilizados para otimizar tarefas cotidianas.<\/p>\n\n\n\n<p>Os dispositivos Echo s\u00e3o amplamente reconhecidos por sua capacidade de executar comandos de voz, permitindo que os usu\u00e1rios realizem a\u00e7\u00f5es como programar alarmes, controlar luzes e at\u00e9 mesmo criar rotinas personalizadas. Com uma variedade de modelos dispon\u00edveis, cada um com suas especificidades, \u00e9 importante entender qual deles atende melhor \u00e0s necessidades individuais.<\/p>\n\n\n\n<h2 class=\"wp-block-heading\"><strong>Quais s\u00e3o os modelos dispon\u00edveis na linha Echo?<\/strong><\/h2>\n\n\n\n<p>A linha Echo inclui uma variedade de modelos, cada um projetado para atender a diferentes necessidades e prefer\u00eancias. Entre os modelos mais populares est\u00e3o o&nbsp;<strong>Echo Pop<\/strong>, o&nbsp;<strong>Echo Dot<\/strong>&nbsp;(5\u00aa gera\u00e7\u00e3o), o&nbsp;<strong>Echo Spot<\/strong>, o&nbsp;<strong>Echo Show 5<\/strong>&nbsp;(3\u00aa gera\u00e7\u00e3o), o&nbsp;<strong>Echo<\/strong>&nbsp;(4\u00aa gera\u00e7\u00e3o) e o&nbsp;<strong>Echo Studio<\/strong>. Cada um desses dispositivos oferece funcionalidades \u00fanicas, desde a qualidade do som at\u00e9 a capacidade de integra\u00e7\u00e3o com outros dispositivos inteligentes.<\/p>\n\n\n\n<figure class=\"wp-block-image size-large\"><img decoding=\"async\" width=\"1024\" height=\"576\" src=\"https:\/\/www.correiobraziliense.com.br\/cbradar\/wp-content\/uploads\/2025\/02\/echo-dot_1739820068208-1024x576.jpg\" alt=\"Se voc\u00ea quer uma Alexa, essas s\u00e3o as melhores op\u00e7\u00f5es\" class=\"wp-image-3630\" srcset=\"https:\/\/www.correiobraziliense.com.br\/cbradar\/wp-content\/uploads\/2025\/02\/echo-dot_1739820068208-1024x576.jpg 1024w, https:\/\/www.correiobraziliense.com.br\/cbradar\/wp-content\/uploads\/2025\/02\/echo-dot_1739820068208-300x169.jpg 300w, https:\/\/www.correiobraziliense.com.br\/cbradar\/wp-content\/uploads\/2025\/02\/echo-dot_1739820068208-768x432.jpg 768w, https:\/\/www.correiobraziliense.com.br\/cbradar\/wp-content\/uploads\/2025\/02\/echo-dot_1739820068208-750x422.jpg 750w, https:\/\/www.correiobraziliense.com.br\/cbradar\/wp-content\/uploads\/2025\/02\/echo-dot_1739820068208-1140x641.jpg 1140w, https:\/\/www.correiobraziliense.com.br\/cbradar\/wp-content\/uploads\/2025\/02\/echo-dot_1739820068208.jpg 1280w\" sizes=\"(max-width: 1024px) 100vw, 1024px\" \/><figcaption class=\"wp-element-caption\">Echo Dot. Cr\u00e9ditos: depositphotos.com \/ claudiocaridi.libero.it2<\/figcaption><\/figure>\n\n\n\n<h2 class=\"wp-block-heading\"><strong>Echo Pop: ideal para espa\u00e7os pequenos<\/strong><\/h2>\n\n\n\n<p>O Echo Pop \u00e9 um dos modelos mais acess\u00edveis da linha, indicado para ambientes compactos. Ele se conecta a plataformas de m\u00fasica como Amazon Music e Spotify, al\u00e9m de permitir o pareamento com celulares via Bluetooth. Com o Echo Pop, \u00e9 poss\u00edvel controlar dispositivos inteligentes da casa, como l\u00e2mpadas e plugues, usando comandos de voz ou aplicativos. Este modelo tamb\u00e9m oferece funcionalidades como responder perguntas, fazer chamadas e criar alertas.<\/p>\n\n\n\n<h2 class=\"wp-block-heading\"><strong>Echo Dot (5\u00aa Gera\u00e7\u00e3o): som de qualidade e facilidade de uso<\/strong><\/h2>\n\n\n\n<p>O Echo Dot de quinta gera\u00e7\u00e3o \u00e9 conhecido por oferecer o melhor som entre os Echo Dots j\u00e1 lan\u00e7ados. Ele \u00e9 ideal para quem gosta de ouvir m\u00fasica, seja diretamente no dispositivo ou via Bluetooth. Al\u00e9m disso, o Echo Dot permite a intera\u00e7\u00e3o com Alexa para responder perguntas, contar piadas e controlar dispositivos inteligentes, como ar-condicionado e ventiladores, de acordo com a temperatura ambiente.<\/p>\n\n\n\n<h2 class=\"wp-block-heading\"><strong>Como escolher o melhor dispositivo Echo para suas necessidades?<\/strong><\/h2>\n\n\n\n<p>Escolher o dispositivo Echo ideal depende das necessidades e prefer\u00eancias individuais. Para quem busca um aparelho compacto e acess\u00edvel, o Echo Pop pode ser a melhor op\u00e7\u00e3o. J\u00e1 para aqueles que valorizam a qualidade do som, o Echo Studio \u00e9 altamente recomendado. O Echo Show 5, com sua tela de 5,5 polegadas, \u00e9 ideal para quem deseja realizar chamadas de v\u00eddeo e monitorar ambientes remotamente.<\/p>\n\n\n\n<p>Al\u00e9m disso, \u00e9 importante considerar a integra\u00e7\u00e3o com outros dispositivos inteligentes e a facilidade de configura\u00e7\u00e3o. Modelos como o Echo (4\u00aa gera\u00e7\u00e3o) e o Echo Studio oferecem hubs integrados que facilitam a conex\u00e3o com outros aparelhos compat\u00edveis, tornando a automa\u00e7\u00e3o residencial ainda mais eficiente.<\/p>\n\n\n\n<h2 class=\"wp-block-heading\"><strong>Escolha o melhor modelo Echo<\/strong><\/h2>\n\n\n\n<p>A linha Echo com Alexa oferece uma variedade de dispositivos que podem transformar a maneira como as pessoas interagem com suas casas. Desde o controle de dispositivos inteligentes at\u00e9 a reprodu\u00e7\u00e3o de m\u00fasica e realiza\u00e7\u00e3o de chamadas, os aparelhos Echo s\u00e3o projetados para oferecer praticidade e conveni\u00eancia. Ao escolher o modelo mais adequado, \u00e9 poss\u00edvel otimizar o uso da tecnologia no dia a dia, tornando as tarefas cotidianas mais simples e eficientes.<\/p>\n","protected":false},"excerpt":{"rendered":"<p>Conhe\u00e7a os dispositivos da linha Echo compat\u00edveis com a assistente virtual Alexa, da Amazon. Modelos variados, pre\u00e7os acess\u00edveis e recursos exclusivos.<\/p>\n","protected":false},"author":3,"featured_media":3629,"comment_status":"open","ping_status":"open","sticky":false,"template":"","format":"standard","meta":{"_yoast_wpseo_focuskw":"Amazon Alexa","_yoast_wpseo_title":"%%title%%","_yoast_wpseo_metadesc":"Conhe\u00e7a os dispositivos da linha Echo compat\u00edveis com a assistente virtual Alexa, da Amazon. Modelos variados, pre\u00e7os acess\u00edveis e recursos exclusivos.","jnews-multi-image_gallery":[],"jnews_single_post":{"format":"standard"},"jnews_primary_category":[],"jnews_social_meta":[],"jnews_override_counter":[],"footnotes":""},"categories":[115],"post_tag":[489],"class_list":["post-3628","post","type-post","status-publish","format-standard","has-post-thumbnail","hentry","category-tecnologia","tag-alexa"],"yoast_head":"<!-- This site is optimized with the Yoast SEO plugin v24.6 - https:\/\/yoast.com\/wordpress\/plugins\/seo\/ -->\n<title>Se voc\u00ea quer uma Alexa, essas s\u00e3o as melhores op\u00e7\u00f5es<\/title>\n<meta name=\"description\" content=\"Conhe\u00e7a os dispositivos da linha Echo compat\u00edveis com a assistente virtual Alexa, da Amazon. Modelos variados, pre\u00e7os acess\u00edveis e recursos exclusivos.\" \/>\n<meta name=\"robots\" content=\"index, follow, max-snippet:-1, max-image-preview:large, max-video-preview:-1\" \/>\n<link rel=\"canonical\" href=\"https:\/\/www.correiobraziliense.com.br\/cbradar\/se-voce-quer-uma-alexa-essas-sao-as-melhores-opcoes\/\" \/>\n<meta property=\"og:locale\" content=\"pt_BR\" \/>\n<meta property=\"og:type\" content=\"article\" \/>\n<meta property=\"og:title\" content=\"Se voc\u00ea quer uma Alexa, essas s\u00e3o as melhores op\u00e7\u00f5es\" \/>\n<meta property=\"og:description\" content=\"Conhe\u00e7a os dispositivos da linha Echo compat\u00edveis com a assistente virtual Alexa, da Amazon. Modelos variados, pre\u00e7os acess\u00edveis e recursos exclusivos.\" \/>\n<meta property=\"og:url\" content=\"https:\/\/www.correiobraziliense.com.br\/cbradar\/se-voce-quer-uma-alexa-essas-sao-as-melhores-opcoes\/\" \/>\n<meta property=\"og:site_name\" content=\"Correio Braziliense - Radar\" \/>\n<meta property=\"article:published_time\" content=\"2025-02-19T01:30:00+00:00\" \/>\n<meta property=\"og:image\" content=\"https:\/\/www.correiobraziliense.com.br\/cbradar\/wp-content\/uploads\/2025\/02\/Alexa_1739820028772.jpg\" \/>\n\t<meta property=\"og:image:width\" content=\"1280\" \/>\n\t<meta property=\"og:image:height\" content=\"720\" \/>\n\t<meta property=\"og:image:type\" content=\"image\/jpeg\" \/>\n<meta name=\"author\" content=\"Larissa Carvalho\" \/>\n<meta name=\"twitter:card\" content=\"summary_large_image\" \/>\n<meta name=\"twitter:label1\" content=\"Escrito por\" \/>\n\t<meta name=\"twitter:data1\" content=\"Larissa Carvalho\" \/>\n\t<meta name=\"twitter:label2\" content=\"Est. tempo de leitura\" \/>\n\t<meta name=\"twitter:data2\" content=\"4 minutos\" \/>\n<!-- \/ Yoast SEO plugin. -->","yoast_head_json":{"title":"Se voc\u00ea quer uma Alexa, essas s\u00e3o as melhores op\u00e7\u00f5es","description":"Conhe\u00e7a os dispositivos da linha Echo compat\u00edveis com a assistente virtual Alexa, da Amazon. Modelos variados, pre\u00e7os acess\u00edveis e recursos exclusivos.","robots":{"index":"index","follow":"follow","max-snippet":"max-snippet:-1","max-image-preview":"max-image-preview:large","max-video-preview":"max-video-preview:-1"},"canonical":"https:\/\/www.correiobraziliense.com.br\/cbradar\/se-voce-quer-uma-alexa-essas-sao-as-melhores-opcoes\/","og_locale":"pt_BR","og_type":"article","og_title":"Se voc\u00ea quer uma Alexa, essas s\u00e3o as melhores op\u00e7\u00f5es","og_description":"Conhe\u00e7a os dispositivos da linha Echo compat\u00edveis com a assistente virtual Alexa, da Amazon. Modelos variados, pre\u00e7os acess\u00edveis e recursos exclusivos.","og_url":"https:\/\/www.correiobraziliense.com.br\/cbradar\/se-voce-quer-uma-alexa-essas-sao-as-melhores-opcoes\/","og_site_name":"Correio Braziliense - Radar","article_published_time":"2025-02-19T01:30:00+00:00","og_image":[{"width":1280,"height":720,"url":"https:\/\/www.correiobraziliense.com.br\/cbradar\/wp-content\/uploads\/2025\/02\/Alexa_1739820028772.jpg","type":"image\/jpeg"}],"author":"Larissa Carvalho","twitter_card":"summary_large_image","twitter_misc":{"Escrito por":"Larissa Carvalho","Est. tempo de leitura":"4 minutos"},"schema":{"@context":"https:\/\/schema.org","@graph":[{"@type":"WebPage","@id":"https:\/\/www.correiobraziliense.com.br\/cbradar\/se-voce-quer-uma-alexa-essas-sao-as-melhores-opcoes\/","url":"https:\/\/www.correiobraziliense.com.br\/cbradar\/se-voce-quer-uma-alexa-essas-sao-as-melhores-opcoes\/","name":"Se voc\u00ea quer uma Alexa, essas s\u00e3o as melhores op\u00e7\u00f5es","isPartOf":{"@id":"https:\/\/www.correiobraziliense.com.br\/cbradar\/#website"},"primaryImageOfPage":{"@id":"https:\/\/www.correiobraziliense.com.br\/cbradar\/se-voce-quer-uma-alexa-essas-sao-as-melhores-opcoes\/#primaryimage"},"image":{"@id":"https:\/\/www.correiobraziliense.com.br\/cbradar\/se-voce-quer-uma-alexa-essas-sao-as-melhores-opcoes\/#primaryimage"},"thumbnailUrl":"https:\/\/www.correiobraziliense.com.br\/cbradar\/wp-content\/uploads\/2025\/02\/Alexa_1739820028772.jpg","datePublished":"2025-02-19T01:30:00+00:00","author":{"@id":"https:\/\/www.correiobraziliense.com.br\/cbradar\/#\/schema\/person\/58422787644df994b53a19d3e56c1513"},"description":"Conhe\u00e7a os dispositivos da linha Echo compat\u00edveis com a assistente virtual Alexa, da Amazon. Modelos variados, pre\u00e7os acess\u00edveis e recursos exclusivos.","breadcrumb":{"@id":"https:\/\/www.correiobraziliense.com.br\/cbradar\/se-voce-quer-uma-alexa-essas-sao-as-melhores-opcoes\/#breadcrumb"},"inLanguage":"pt-BR","potentialAction":[{"@type":"ReadAction","target":["https:\/\/www.correiobraziliense.com.br\/cbradar\/se-voce-quer-uma-alexa-essas-sao-as-melhores-opcoes\/"]}]},{"@type":"ImageObject","inLanguage":"pt-BR","@id":"https:\/\/www.correiobraziliense.com.br\/cbradar\/se-voce-quer-uma-alexa-essas-sao-as-melhores-opcoes\/#primaryimage","url":"https:\/\/www.correiobraziliense.com.br\/cbradar\/wp-content\/uploads\/2025\/02\/Alexa_1739820028772.jpg","contentUrl":"https:\/\/www.correiobraziliense.com.br\/cbradar\/wp-content\/uploads\/2025\/02\/Alexa_1739820028772.jpg","width":1280,"height":720,"caption":"Alexa, dispositivo amazon. Cr\u00e9ditos: depositphotos.com \/ fabiomax"},{"@type":"BreadcrumbList","@id":"https:\/\/www.correiobraziliense.com.br\/cbradar\/se-voce-quer-uma-alexa-essas-sao-as-melhores-opcoes\/#breadcrumb","itemListElement":[{"@type":"ListItem","position":1,"name":"In\u00edcio","item":"https:\/\/www.correiobraziliense.com.br\/cbradar\/"},{"@type":"ListItem","position":2,"name":"Se voc\u00ea quer uma Alexa, essas s\u00e3o as melhores op\u00e7\u00f5es"}]},{"@type":"WebSite","@id":"https:\/\/www.correiobraziliense.com.br\/cbradar\/#website","url":"https:\/\/www.correiobraziliense.com.br\/cbradar\/","name":"Correio Braziliense - Radar","description":"Acompanhe as \u00faltimas not\u00edcias e fique bem informado sobre tudo o que acontece no Brasil e no mundo.","potentialAction":[{"@type":"SearchAction","target":{"@type":"EntryPoint","urlTemplate":"https:\/\/www.correiobraziliense.com.br\/cbradar\/?s={search_term_string}"},"query-input":{"@type":"PropertyValueSpecification","valueRequired":true,"valueName":"search_term_string"}}],"inLanguage":"pt-BR"},{"@type":"Person","@id":"https:\/\/www.correiobraziliense.com.br\/cbradar\/#\/schema\/person\/58422787644df994b53a19d3e56c1513","name":"Larissa Carvalho","image":{"@type":"ImageObject","inLanguage":"pt-BR","@id":"https:\/\/www.correiobraziliense.com.br\/cbradar\/#\/schema\/person\/image\/","url":"https:\/\/secure.gravatar.com\/avatar\/fe4f91a0de32b52a838d0d612abdc1aa?s=96&d=mm&r=g","contentUrl":"https:\/\/secure.gravatar.com\/avatar\/fe4f91a0de32b52a838d0d612abdc1aa?s=96&d=mm&r=g","caption":"Larissa Carvalho"},"url":"https:\/\/www.correiobraziliense.com.br\/cbradar\/author\/larissamyth\/"}]}},"_links":{"self":[{"href":"https:\/\/www.correiobraziliense.com.br\/cbradar\/wp-json\/wp\/v2\/posts\/3628","targetHints":{"allow":["GET"]}}],"collection":[{"href":"https:\/\/www.correiobraziliense.com.br\/cbradar\/wp-json\/wp\/v2\/posts"}],"about":[{"href":"https:\/\/www.correiobraziliense.com.br\/cbradar\/wp-json\/wp\/v2\/types\/post"}],"author":[{"embeddable":true,"href":"https:\/\/www.correiobraziliense.com.br\/cbradar\/wp-json\/wp\/v2\/users\/3"}],"replies":[{"embeddable":true,"href":"https:\/\/www.correiobraziliense.com.br\/cbradar\/wp-json\/wp\/v2\/comments?post=3628"}],"version-history":[{"count":1,"href":"https:\/\/www.correiobraziliense.com.br\/cbradar\/wp-json\/wp\/v2\/posts\/3628\/revisions"}],"predecessor-version":[{"id":3631,"href":"https:\/\/www.correiobraziliense.com.br\/cbradar\/wp-json\/wp\/v2\/posts\/3628\/revisions\/3631"}],"wp:featuredmedia":[{"embeddable":true,"href":"https:\/\/www.correiobraziliense.com.br\/cbradar\/wp-json\/wp\/v2\/media\/3629"}],"wp:attachment":[{"href":"https:\/\/www.correiobraziliense.com.br\/cbradar\/wp-json\/wp\/v2\/media?parent=3628"}],"wp:term":[{"taxonomy":"category","embeddable":true,"href":"https:\/\/www.correiobraziliense.com.br\/cbradar\/wp-json\/wp\/v2\/categories?post=3628"},{"taxonomy":"post_tag","embeddable":true,"href":"https:\/\/www.correiobraziliense.com.br\/cbradar\/wp-json\/wp\/v2\/post_tag?post=3628"}],"curies":[{"name":"wp","href":"https:\/\/api.w.org\/{rel}","templated":true}]}}