{"id":36292,"date":"2025-05-14T09:00:44","date_gmt":"2025-05-14T12:00:44","guid":{"rendered":"https:\/\/www.correiobraziliense.com.br\/cbradar\/?p=36292"},"modified":"2025-05-13T17:34:42","modified_gmt":"2025-05-13T20:34:42","slug":"a-verdade-por-tras-do-furinho-no-cadeado-que-poucos-conhecem","status":"publish","type":"post","link":"https:\/\/www.correiobraziliense.com.br\/cbradar\/a-verdade-por-tras-do-furinho-no-cadeado-que-poucos-conhecem\/","title":{"rendered":"A verdade por tr\u00e1s do furinho no cadeado que poucos conhecem"},"content":{"rendered":"\n<p>No dia a dia, os <strong>cadeados s\u00e3o objetos<\/strong> comuns que utilizamos para proteger desde portas at\u00e9 <strong>bicicletas<\/strong>. No entanto, poucos se atentam a um pequeno detalhe em seu design: o furinho na parte inferior. \u00c0 primeira vista, pode parecer apenas um elemento decorativo, mas, na verdade, ele tem fun\u00e7\u00f5es cruciais para o funcionamento e a manuten\u00e7\u00e3o do cadeado.<\/p>\n\n\n\n<p>Esse pequeno orif\u00edcio \u00e9 fundamental para o escoamento da <a href=\"https:\/\/www.correiobraziliense.com.br\/cbradar\/beber-agua-nesse-horario-vai-melhorar-muito-a-sua-saude\/\" target=\"_blank\" rel=\"noopener\">\u00e1gua.<\/a> Quando um cadeado est\u00e1 exposto ao tempo, a chuva e a umidade podem infiltrar-se em seu mecanismo. O furinho permite que a \u00e1gua escape, evitando a oxida\u00e7\u00e3o interna que poderia comprometer a seguran\u00e7a do dispositivo. Al\u00e9m disso, facilita a aplica\u00e7\u00e3o de lubrificantes, essenciais para manter o mecanismo em boas condi\u00e7\u00f5es.<\/p>\n\n\n\n<h2 class=\"wp-block-heading\">Como o furinho contribui para a manuten\u00e7\u00e3o do cadeado?<\/h2>\n\n\n\n<p>A manuten\u00e7\u00e3o de um cadeado \u00e9 essencial para<strong> prolongar sua vida \u00fatil<\/strong>. O furinho na base permite aplicar lubrificantes diretamente no mecanismo interno. Isso \u00e9 especialmente \u00fatil em ambientes empoeirados ou com temperaturas extremas, onde o mecanismo pode endurecer. Aplicar lubrificante regularmente ajuda a manter as pe\u00e7as m\u00f3veis e operando corretamente.<\/p>\n\n\n\n<p>Al\u00e9m disso, em alguns <strong>modelos<\/strong> <strong>espec\u00edficos<\/strong>, esse orif\u00edcio permite o uso de uma chave especial para desbloqueios de emerg\u00eancia. Isso adiciona uma camada extra de funcionalidade e seguran\u00e7a, especialmente em situa\u00e7\u00f5es em que o cadeado possa travar.<\/p>\n\n\n\n<h2 class=\"wp-block-heading\">Dicas pr\u00e1ticas para o cuidado com cadeados<\/h2>\n\n\n\n<p>Para garantir o bom funcionamento de um cadeado, \u00e9 importante seguir algumas pr\u00e1ticas de manuten\u00e7\u00e3o. Aqui est\u00e3o algumas dicas \u00fateis:<\/p>\n\n\n\n<ul class=\"wp-block-list\">\n<li><p>Lubrifique o cadeado a cada 3 a 6 meses com produtos espec\u00edficos para fechaduras.<\/p><\/li>\n\n\n\n<li><p>Evite o uso de \u00f3leos dom\u00e9sticos, como o WD-40, que podem n\u00e3o ser adequados.<\/p><\/li>\n\n\n\n<li><p>Limpe o exterior do cadeado com uma escova de cerdas macias para evitar o ac\u00famulo de poeira.<\/p><\/li>\n\n\n\n<li><p>Proteja o cadeado da exposi\u00e7\u00e3o constante ao tempo, especialmente em ambientes salinos.<\/p><\/li>\n\n\n\n<li><p>Enx\u00e1gue com \u00e1gua doce e seque bem caso o cadeado se molhe.<\/p><\/li>\n<\/ul>\n\n\n<div class=\"wp-block-image\">\n<figure class=\"aligncenter size-large\"><img decoding=\"async\" width=\"1024\" height=\"576\" src=\"https:\/\/www.correiobraziliense.com.br\/cbradar\/wp-content\/uploads\/2025\/05\/cadeado-amor_1747157891156-1024x576.jpg\" alt=\"\" class=\"wp-image-36312\" srcset=\"https:\/\/www.correiobraziliense.com.br\/cbradar\/wp-content\/uploads\/2025\/05\/cadeado-amor_1747157891156-1024x576.jpg 1024w, https:\/\/www.correiobraziliense.com.br\/cbradar\/wp-content\/uploads\/2025\/05\/cadeado-amor_1747157891156-300x169.jpg 300w, https:\/\/www.correiobraziliense.com.br\/cbradar\/wp-content\/uploads\/2025\/05\/cadeado-amor_1747157891156-768x432.jpg 768w, https:\/\/www.correiobraziliense.com.br\/cbradar\/wp-content\/uploads\/2025\/05\/cadeado-amor_1747157891156-750x422.jpg 750w, https:\/\/www.correiobraziliense.com.br\/cbradar\/wp-content\/uploads\/2025\/05\/cadeado-amor_1747157891156-1140x641.jpg 1140w, https:\/\/www.correiobraziliense.com.br\/cbradar\/wp-content\/uploads\/2025\/05\/cadeado-amor_1747157891156.jpg 1280w\" sizes=\"(max-width: 1024px) 100vw, 1024px\" \/><figcaption class=\"wp-element-caption\">Cadeado &#8211; Cr\u00e9ditos: depositphotos.com \/ onlyfabrizio<\/figcaption><\/figure><\/div>\n\n\n<h2 class=\"wp-block-heading\">Qual \u00e9 a hist\u00f3ria por tr\u00e1s dos cadeados?<\/h2>\n\n\n\n<p>Os <strong>cadeados t\u00eam uma hist\u00f3ria que remonta a mais de 4.000 anos<\/strong>, com origens no<strong> Antigo Egito<\/strong> e na <a href=\"https:\/\/www.historiadomundo.com.br\/babilonia\" target=\"_blank\" rel=\"noopener\">Babil\u00f4nia<\/a>. Embora os primeiros modelos fossem rudimentares, os romanos aprimoraram seu design utilizando metais e sistemas de fechadura mais sofisticados. O cadeado moderno, tal como o conhecemos hoje, foi patenteado em <strong>1857<\/strong> por <strong>Theodor Yale<\/strong>, um inventor <strong>norte-americano.<\/strong><\/p>\n\n\n\n<p>Hoje em dia, os cadeados s\u00e3o usados em uma variedade de contextos, desde a seguran\u00e7a de portas e entradas at\u00e9 o fechamento de bicicletas e malas. Sua versatilidade e acessibilidade os tornam uma ferramenta essencial para a prote\u00e7\u00e3o de bens pessoais.<\/p>\n\n\n\n<h2 class=\"wp-block-heading\">O fen\u00f4meno dos &#8220;Cadeados do Amor&#8221; em pontes<\/h2>\n\n\n\n<p>Uma tradi\u00e7\u00e3o curiosa que ganhou popularidade \u00e9 a dos \u201ccadeados do amor\u201d. Essa pr\u00e1tica, que consiste em pendurar cadeados em pontes como s\u00edmbolo de amor eterno, tem suas ra\u00edzes em um romance s\u00e9rvio de <strong>1914<\/strong> chamado \u201cPonte do Amor\u201d. Embora muitos acreditem que seja uma tradi\u00e7\u00e3o antiga, ela se popularizou principalmente em cidades europeias como <strong>Paris<\/strong> e <strong>Roma,<\/strong> tornando-se um fen\u00f4meno mundial.<\/p>\n\n\n\n<p>Esses cadeados, al\u00e9m de sua fun\u00e7\u00e3o pr\u00e1tica, se transformaram em testemunhas silenciosas de milhares de hist\u00f3rias de amor, desafiando o passar do tempo e o desgaste, assim como os relacionamentos que simbolizam.<\/p>\n","protected":false},"excerpt":{"rendered":"<p>No dia a dia, os cadeados s\u00e3o objetos comuns que utilizamos para proteger desde portas at\u00e9 bicicletas. No entanto, poucos se atentam a um pequeno detalhe em seu design: o furinho na parte inferior. \u00c0 primeira vista, pode parecer apenas um elemento decorativo, mas, na verdade, ele tem fun\u00e7\u00f5es cruciais para o funcionamento e a [&hellip;]<\/p>\n","protected":false},"author":9,"featured_media":36317,"comment_status":"open","ping_status":"open","sticky":false,"template":"","format":"standard","meta":{"_yoast_wpseo_focuskw":"cadeado","_yoast_wpseo_title":"%%title%% %%page%%","_yoast_wpseo_metadesc":"Saiba a fun\u00e7\u00e3o crucial do furinho no cadeado que ajuda a proteger e manter seu mecanismo em perfeitas condi\u00e7\u00f5es.","jnews-multi-image_gallery":[],"jnews_single_post":{"format":"standard"},"jnews_primary_category":[],"jnews_social_meta":[],"jnews_override_counter":[],"footnotes":""},"categories":[112],"tags":[4407,320,4623],"class_list":["post-36292","post","type-post","status-publish","format-standard","has-post-thumbnail","hentry","category-curiosidades","tag-cadeado","tag-historia","tag-misterio"],"yoast_head":"<!-- This site is optimized with the Yoast SEO plugin v24.6 - https:\/\/yoast.com\/wordpress\/plugins\/seo\/ -->\n<title>A verdade por tr\u00e1s do furinho no cadeado que poucos conhecem<\/title>\n<meta name=\"description\" content=\"Saiba a fun\u00e7\u00e3o crucial do furinho no cadeado que ajuda a proteger e manter seu mecanismo em perfeitas condi\u00e7\u00f5es.\" \/>\n<meta name=\"robots\" content=\"index, follow, max-snippet:-1, max-image-preview:large, max-video-preview:-1\" \/>\n<link rel=\"canonical\" href=\"https:\/\/www.correiobraziliense.com.br\/cbradar\/a-verdade-por-tras-do-furinho-no-cadeado-que-poucos-conhecem\/\" \/>\n<meta property=\"og:locale\" content=\"pt_BR\" \/>\n<meta property=\"og:type\" content=\"article\" \/>\n<meta property=\"og:title\" content=\"A verdade por tr\u00e1s do furinho no cadeado que poucos conhecem\" \/>\n<meta property=\"og:description\" content=\"Saiba a fun\u00e7\u00e3o crucial do furinho no cadeado que ajuda a proteger e manter seu mecanismo em perfeitas condi\u00e7\u00f5es.\" \/>\n<meta property=\"og:url\" content=\"https:\/\/www.correiobraziliense.com.br\/cbradar\/a-verdade-por-tras-do-furinho-no-cadeado-que-poucos-conhecem\/\" \/>\n<meta property=\"og:site_name\" content=\"Correio Braziliense - Radar\" \/>\n<meta property=\"article:published_time\" content=\"2025-05-14T12:00:44+00:00\" \/>\n<meta property=\"og:image\" content=\"https:\/\/www.correiobraziliense.com.br\/cbradar\/wp-content\/uploads\/2025\/05\/cadeado-_1747157974781.jpg\" \/>\n\t<meta property=\"og:image:width\" content=\"1280\" \/>\n\t<meta property=\"og:image:height\" content=\"720\" \/>\n\t<meta property=\"og:image:type\" content=\"image\/jpeg\" \/>\n<meta name=\"author\" content=\"Daniely Cardoso\" \/>\n<meta name=\"twitter:card\" content=\"summary_large_image\" \/>\n<meta name=\"twitter:label1\" content=\"Escrito por\" \/>\n\t<meta name=\"twitter:data1\" content=\"Daniely Cardoso\" \/>\n\t<meta name=\"twitter:label2\" content=\"Est. tempo de leitura\" \/>\n\t<meta name=\"twitter:data2\" content=\"4 minutos\" \/>\n<!-- \/ Yoast SEO plugin. -->","yoast_head_json":{"title":"A verdade por tr\u00e1s do furinho no cadeado que poucos conhecem","description":"Saiba a fun\u00e7\u00e3o crucial do furinho no cadeado que ajuda a proteger e manter seu mecanismo em perfeitas condi\u00e7\u00f5es.","robots":{"index":"index","follow":"follow","max-snippet":"max-snippet:-1","max-image-preview":"max-image-preview:large","max-video-preview":"max-video-preview:-1"},"canonical":"https:\/\/www.correiobraziliense.com.br\/cbradar\/a-verdade-por-tras-do-furinho-no-cadeado-que-poucos-conhecem\/","og_locale":"pt_BR","og_type":"article","og_title":"A verdade por tr\u00e1s do furinho no cadeado que poucos conhecem","og_description":"Saiba a fun\u00e7\u00e3o crucial do furinho no cadeado que ajuda a proteger e manter seu mecanismo em perfeitas condi\u00e7\u00f5es.","og_url":"https:\/\/www.correiobraziliense.com.br\/cbradar\/a-verdade-por-tras-do-furinho-no-cadeado-que-poucos-conhecem\/","og_site_name":"Correio Braziliense - Radar","article_published_time":"2025-05-14T12:00:44+00:00","og_image":[{"width":1280,"height":720,"url":"https:\/\/www.correiobraziliense.com.br\/cbradar\/wp-content\/uploads\/2025\/05\/cadeado-_1747157974781.jpg","type":"image\/jpeg"}],"author":"Daniely Cardoso","twitter_card":"summary_large_image","twitter_misc":{"Escrito por":"Daniely Cardoso","Est. tempo de leitura":"4 minutos"},"schema":{"@context":"https:\/\/schema.org","@graph":[{"@type":"WebPage","@id":"https:\/\/www.correiobraziliense.com.br\/cbradar\/a-verdade-por-tras-do-furinho-no-cadeado-que-poucos-conhecem\/","url":"https:\/\/www.correiobraziliense.com.br\/cbradar\/a-verdade-por-tras-do-furinho-no-cadeado-que-poucos-conhecem\/","name":"A verdade por tr\u00e1s do furinho no cadeado que poucos conhecem","isPartOf":{"@id":"https:\/\/www.correiobraziliense.com.br\/cbradar\/#website"},"primaryImageOfPage":{"@id":"https:\/\/www.correiobraziliense.com.br\/cbradar\/a-verdade-por-tras-do-furinho-no-cadeado-que-poucos-conhecem\/#primaryimage"},"image":{"@id":"https:\/\/www.correiobraziliense.com.br\/cbradar\/a-verdade-por-tras-do-furinho-no-cadeado-que-poucos-conhecem\/#primaryimage"},"thumbnailUrl":"https:\/\/www.correiobraziliense.com.br\/cbradar\/wp-content\/uploads\/2025\/05\/cadeado-_1747157974781.jpg","datePublished":"2025-05-14T12:00:44+00:00","author":{"@id":"https:\/\/www.correiobraziliense.com.br\/cbradar\/#\/schema\/person\/7356666e12ec0ee53f348ee5db227032"},"description":"Saiba a fun\u00e7\u00e3o crucial do furinho no cadeado que ajuda a proteger e manter seu mecanismo em perfeitas condi\u00e7\u00f5es.","breadcrumb":{"@id":"https:\/\/www.correiobraziliense.com.br\/cbradar\/a-verdade-por-tras-do-furinho-no-cadeado-que-poucos-conhecem\/#breadcrumb"},"inLanguage":"pt-BR","potentialAction":[{"@type":"ReadAction","target":["https:\/\/www.correiobraziliense.com.br\/cbradar\/a-verdade-por-tras-do-furinho-no-cadeado-que-poucos-conhecem\/"]}]},{"@type":"ImageObject","inLanguage":"pt-BR","@id":"https:\/\/www.correiobraziliense.com.br\/cbradar\/a-verdade-por-tras-do-furinho-no-cadeado-que-poucos-conhecem\/#primaryimage","url":"https:\/\/www.correiobraziliense.com.br\/cbradar\/wp-content\/uploads\/2025\/05\/cadeado-_1747157974781.jpg","contentUrl":"https:\/\/www.correiobraziliense.com.br\/cbradar\/wp-content\/uploads\/2025\/05\/cadeado-_1747157974781.jpg","width":1280,"height":720,"caption":"Furinho do cadeado - Cr\u00e9ditos: depositphotos.com \/ IgorVetushko"},{"@type":"BreadcrumbList","@id":"https:\/\/www.correiobraziliense.com.br\/cbradar\/a-verdade-por-tras-do-furinho-no-cadeado-que-poucos-conhecem\/#breadcrumb","itemListElement":[{"@type":"ListItem","position":1,"name":"In\u00edcio","item":"https:\/\/www.correiobraziliense.com.br\/cbradar\/"},{"@type":"ListItem","position":2,"name":"A verdade por tr\u00e1s do furinho no cadeado que poucos conhecem"}]},{"@type":"WebSite","@id":"https:\/\/www.correiobraziliense.com.br\/cbradar\/#website","url":"https:\/\/www.correiobraziliense.com.br\/cbradar\/","name":"Correio Braziliense - Radar","description":"Acompanhe as \u00faltimas not\u00edcias e fique bem informado sobre tudo o que acontece no Brasil e no mundo.","potentialAction":[{"@type":"SearchAction","target":{"@type":"EntryPoint","urlTemplate":"https:\/\/www.correiobraziliense.com.br\/cbradar\/?s={search_term_string}"},"query-input":{"@type":"PropertyValueSpecification","valueRequired":true,"valueName":"search_term_string"}}],"inLanguage":"pt-BR"},{"@type":"Person","@id":"https:\/\/www.correiobraziliense.com.br\/cbradar\/#\/schema\/person\/7356666e12ec0ee53f348ee5db227032","name":"Daniely Cardoso","image":{"@type":"ImageObject","inLanguage":"pt-BR","@id":"https:\/\/www.correiobraziliense.com.br\/cbradar\/#\/schema\/person\/image\/","url":"https:\/\/secure.gravatar.com\/avatar\/4b80ddbd124d1f071b626d52d62e5dff?s=96&d=mm&r=g","contentUrl":"https:\/\/secure.gravatar.com\/avatar\/4b80ddbd124d1f071b626d52d62e5dff?s=96&d=mm&r=g","caption":"Daniely Cardoso"},"description":"Redatora nos portais CB Radar e EM Foco, formada pela Universidade Federal de Goi\u00e1s, em Goi\u00e2nia. Apaixonada por comunica\u00e7\u00e3o, arte, decora\u00e7\u00e3o e tend\u00eancias, atuo na produ\u00e7\u00e3o de conte\u00fados envolventes sobre curiosidades, moda, beleza e paisagismo, sempre com um olhar atento \u00e0s novidades do momento.","sameAs":["https:\/\/www.correiobraziliense.com.br\/cbradar"],"url":"https:\/\/www.correiobraziliense.com.br\/cbradar\/author\/danielymyth\/"}]}},"_links":{"self":[{"href":"https:\/\/www.correiobraziliense.com.br\/cbradar\/wp-json\/wp\/v2\/posts\/36292","targetHints":{"allow":["GET"]}}],"collection":[{"href":"https:\/\/www.correiobraziliense.com.br\/cbradar\/wp-json\/wp\/v2\/posts"}],"about":[{"href":"https:\/\/www.correiobraziliense.com.br\/cbradar\/wp-json\/wp\/v2\/types\/post"}],"author":[{"embeddable":true,"href":"https:\/\/www.correiobraziliense.com.br\/cbradar\/wp-json\/wp\/v2\/users\/9"}],"replies":[{"embeddable":true,"href":"https:\/\/www.correiobraziliense.com.br\/cbradar\/wp-json\/wp\/v2\/comments?post=36292"}],"version-history":[{"count":2,"href":"https:\/\/www.correiobraziliense.com.br\/cbradar\/wp-json\/wp\/v2\/posts\/36292\/revisions"}],"predecessor-version":[{"id":36340,"href":"https:\/\/www.correiobraziliense.com.br\/cbradar\/wp-json\/wp\/v2\/posts\/36292\/revisions\/36340"}],"wp:featuredmedia":[{"embeddable":true,"href":"https:\/\/www.correiobraziliense.com.br\/cbradar\/wp-json\/wp\/v2\/media\/36317"}],"wp:attachment":[{"href":"https:\/\/www.correiobraziliense.com.br\/cbradar\/wp-json\/wp\/v2\/media?parent=36292"}],"wp:term":[{"taxonomy":"category","embeddable":true,"href":"https:\/\/www.correiobraziliense.com.br\/cbradar\/wp-json\/wp\/v2\/categories?post=36292"},{"taxonomy":"post_tag","embeddable":true,"href":"https:\/\/www.correiobraziliense.com.br\/cbradar\/wp-json\/wp\/v2\/tags?post=36292"}],"curies":[{"name":"wp","href":"https:\/\/api.w.org\/{rel}","templated":true}]}}