{"id":36323,"date":"2025-05-14T21:03:00","date_gmt":"2025-05-15T00:03:00","guid":{"rendered":"https:\/\/www.correiobraziliense.com.br\/cbradar\/?p=36323"},"modified":"2025-05-13T14:50:29","modified_gmt":"2025-05-13T17:50:29","slug":"voce-nunca-mais-vai-jogar-fora-a-casca-do-abacate-depois-de-saber-disso","status":"publish","type":"post","link":"https:\/\/www.correiobraziliense.com.br\/cbradar\/voce-nunca-mais-vai-jogar-fora-a-casca-do-abacate-depois-de-saber-disso\/","title":{"rendered":"Voc\u00ea nunca mais vai jogar fora a Casca do Abacate depois de saber disso!"},"content":{"rendered":"\n<p>Quando se pensa em abacate, a maioria das pessoas imagina uma deliciosa guacamole ou uma salada saud\u00e1vel. No entanto, o que muitos n\u00e3o sabem \u00e9 que a casca do abacate, frequentemente descartada, possui uma variedade de usos surpreendentes que v\u00e3o al\u00e9m da culin\u00e1ria. Este artigo explora as diversas aplica\u00e7\u00f5es da <strong>Casca de Abacate<\/strong>, revelando como ela pode ser um aliado tanto na jardinagem quanto nos cuidados pessoais.<\/p>\n\n\n\n<p>A casca do abacate, com sua textura rugosa e apar\u00eancia discreta, \u00e9 um recurso valioso que pode ser aproveitado de v\u00e1rias maneiras. De fato, suas propriedades nutricionais e sua versatilidade fazem dela um componente \u00fatil em v\u00e1rias pr\u00e1ticas sustent\u00e1veis e de autocuidado.<\/p>\n\n\n\n<h2 class=\"wp-block-heading\">Quais s\u00e3o os benef\u00edcios da Casca de Abacate na jardinagem?<\/h2>\n\n\n\n<figure class=\"wp-block-image aligncenter size-large\"><img decoding=\"async\" width=\"1024\" height=\"576\" src=\"https:\/\/www.correiobraziliense.com.br\/cbradar\/wp-content\/uploads\/2025\/05\/abacate_1747158606514-1024x576.jpg\" alt=\"\" class=\"wp-image-36330\" srcset=\"https:\/\/www.correiobraziliense.com.br\/cbradar\/wp-content\/uploads\/2025\/05\/abacate_1747158606514-1024x576.jpg 1024w, https:\/\/www.correiobraziliense.com.br\/cbradar\/wp-content\/uploads\/2025\/05\/abacate_1747158606514-300x169.jpg 300w, https:\/\/www.correiobraziliense.com.br\/cbradar\/wp-content\/uploads\/2025\/05\/abacate_1747158606514-768x432.jpg 768w, https:\/\/www.correiobraziliense.com.br\/cbradar\/wp-content\/uploads\/2025\/05\/abacate_1747158606514-750x422.jpg 750w, https:\/\/www.correiobraziliense.com.br\/cbradar\/wp-content\/uploads\/2025\/05\/abacate_1747158606514-1140x641.jpg 1140w, https:\/\/www.correiobraziliense.com.br\/cbradar\/wp-content\/uploads\/2025\/05\/abacate_1747158606514.jpg 1280w\" sizes=\"(max-width: 1024px) 100vw, 1024px\" \/><figcaption class=\"wp-element-caption\">Descubra os benef\u00edcios da casca de abacate no dia a dia &#8211; Cr\u00e9ditos: depositphotos.com \/ serezniy\n<\/figcaption><\/figure>\n\n\n\n<p>Na jardinagem, a Casca de Abacate pode ser uma excelente aliada. Rica em pot\u00e1ssio e outros nutrientes essenciais, ela pode ser utilizada como um fertilizante natural. No entanto, \u00e9 importante lembrar que as cascas n\u00e3o devem ser colocadas diretamente no solo, pois isso pode dificultar sua decomposi\u00e7\u00e3o.<\/p>\n\n\n\n<ul class=\"wp-block-list\">\n<li><strong>Compostagem:<\/strong>\u00a0A Casca de Abacate \u00e9 ideal para compostagem. Ao ser cortada em pequenos peda\u00e7os, ela se decomp\u00f5e mais rapidamente, enriquecendo o composto com nutrientes valiosos.<\/li>\n\n\n\n<li><strong>Sementeiras Naturais:<\/strong>\u00a0As metades das cascas podem ser usadas como pequenos vasos para germinar sementes. Basta ench\u00ea-las com terra e plantar as sementes, criando um ambiente rico em nutrientes para o crescimento inicial das plantas.<\/li>\n<\/ul>\n\n\n\n<h2 class=\"wp-block-heading\">Como a Casca de Abacate pode ser usada em rotinas de beleza?<\/h2>\n\n\n\n<p>Al\u00e9m de seus benef\u00edcios para o jardim, a Casca de Abacate tamb\u00e9m pode ser incorporada em rotinas de beleza e autocuidado. Suas propriedades esfoliantes e nutritivas a tornam uma op\u00e7\u00e3o natural e eficaz para cuidados com a pele.<\/p>\n\n\n\n<ul class=\"wp-block-list\">\n<li><strong>Esfoliante Natural:<\/strong>\u00a0A textura da casca pode ser utilizada para esfoliar a pele, removendo c\u00e9lulas mortas e promovendo uma pele mais suave e renovada.<\/li>\n\n\n\n<li><strong>M\u00e1scara Facial:<\/strong>\u00a0Ao triturar a casca e mistur\u00e1-la com outros ingredientes naturais, como mel ou iogurte, \u00e9 poss\u00edvel criar uma m\u00e1scara facial nutritiva que ajuda a hidratar e revitalizar a pele.<\/li>\n<\/ul>\n\n\n\n<h2 class=\"wp-block-heading\">\u00c9 seguro usar a Casca de Abacate?<\/h2>\n\n\n\n<p>Embora a Casca de Abacate ofere\u00e7a muitos benef\u00edcios, \u00e9 importante us\u00e1-la com cautela. Antes de aplicar qualquer produto caseiro na pele, recomenda-se realizar um teste de alergia em uma pequena \u00e1rea para evitar rea\u00e7\u00f5es indesejadas. Al\u00e9m disso, para uso em jardinagem, \u00e9 fundamental garantir que as cascas estejam livres de pesticidas ou produtos qu\u00edmicos.<\/p>\n\n\n\n<h2 class=\"wp-block-heading\">Por que considerar a Casca de Abacate em pr\u00e1ticas sustent\u00e1veis?<\/h2>\n\n\n\n<p>Incorporar a Casca de Abacate em pr\u00e1ticas di\u00e1rias n\u00e3o apenas reduz o desperd\u00edcio, mas tamb\u00e9m promove um estilo de vida mais sustent\u00e1vel. Ao reutilizar partes do abacate que normalmente seriam descartadas, contribui-se para a redu\u00e7\u00e3o de res\u00edduos e para a valoriza\u00e7\u00e3o de recursos naturais.<\/p>\n\n\n\n<ol class=\"wp-block-list\">\n<li><strong>Redu\u00e7\u00e3o de Res\u00edduos:<\/strong>\u00a0Aproveitar a casca do abacate diminui a quantidade de lixo org\u00e2nico gerado em casa.<\/li>\n\n\n\n<li><strong>Valoriza\u00e7\u00e3o de Recursos:<\/strong>\u00a0Ao explorar todas as partes do abacate, maximiza-se o uso dos nutrientes que ele oferece.<\/li>\n<\/ol>\n\n\n\n<p>Em resumo, a Casca de Abacate \u00e9 um recurso valioso que pode ser facilmente incorporado em pr\u00e1ticas de jardinagem e autocuidado. Ao explorar suas diversas aplica\u00e7\u00f5es, \u00e9 poss\u00edvel adotar um estilo de vida mais sustent\u00e1vel e consciente, aproveitando ao m\u00e1ximo os benef\u00edcios que a natureza oferece.<\/p>\n\n\n\n<p>Para mais informa\u00e7\u00f5es sobre pr\u00e1ticas sustent\u00e1veis e dicas de autocuidado, visite\u00a0<a href=\"https:\/\/www.gov.br\/saude\/pt-br\" target=\"_blank\" rel=\"noreferrer noopener\">Minist\u00e9rio da Sa\u00fade<\/a>.<\/p>\n","protected":false},"excerpt":{"rendered":"<p>Quando se pensa em abacate, a maioria das pessoas imagina uma deliciosa guacamole ou uma salada saud\u00e1vel. No entanto, o que muitos n\u00e3o sabem \u00e9 que a casca do abacate, frequentemente descartada, possui uma variedade de usos surpreendentes que v\u00e3o al\u00e9m da culin\u00e1ria. Este artigo explora as diversas aplica\u00e7\u00f5es da Casca de Abacate, revelando como [&hellip;]<\/p>\n","protected":false},"author":14,"featured_media":36329,"comment_status":"open","ping_status":"open","sticky":false,"template":"","format":"standard","meta":{"_yoast_wpseo_focuskw":"Casca de Abacate","_yoast_wpseo_title":"","_yoast_wpseo_metadesc":"Aproveite a casca de abacate em receitas de beleza e no seu jardim. Reduza o desperd\u00edcio e descubra usos surpreendentes e ecol\u00f3gicos.","jnews-multi-image_gallery":[],"jnews_single_post":{"format":"standard"},"jnews_primary_category":[],"jnews_social_meta":[],"jnews_override_counter":[],"footnotes":""},"categories":[4404],"post_tag":[3848,4599,1172],"class_list":["post-36323","post","type-post","status-publish","format-standard","has-post-thumbnail","hentry","category-saude","tag-autocuidado-natural","tag-casca-de-abacate","tag-jardinagem-sustentavel"],"yoast_head":"<!-- This site is optimized with the Yoast SEO plugin v24.6 - https:\/\/yoast.com\/wordpress\/plugins\/seo\/ -->\n<title>Voc\u00ea nunca mais vai jogar fora a Casca do Abacate depois de saber disso! - Correio Braziliense - Radar<\/title>\n<meta name=\"description\" content=\"Aproveite a casca de abacate em receitas de beleza e no seu jardim. Reduza o desperd\u00edcio e descubra usos surpreendentes e ecol\u00f3gicos.\" \/>\n<meta name=\"robots\" content=\"index, follow, max-snippet:-1, max-image-preview:large, max-video-preview:-1\" \/>\n<link rel=\"canonical\" href=\"https:\/\/www.correiobraziliense.com.br\/cbradar\/voce-nunca-mais-vai-jogar-fora-a-casca-do-abacate-depois-de-saber-disso\/\" \/>\n<meta property=\"og:locale\" content=\"pt_BR\" \/>\n<meta property=\"og:type\" content=\"article\" \/>\n<meta property=\"og:title\" content=\"Voc\u00ea nunca mais vai jogar fora a Casca do Abacate depois de saber disso! - Correio Braziliense - Radar\" \/>\n<meta property=\"og:description\" content=\"Aproveite a casca de abacate em receitas de beleza e no seu jardim. Reduza o desperd\u00edcio e descubra usos surpreendentes e ecol\u00f3gicos.\" \/>\n<meta property=\"og:url\" content=\"https:\/\/www.correiobraziliense.com.br\/cbradar\/voce-nunca-mais-vai-jogar-fora-a-casca-do-abacate-depois-de-saber-disso\/\" \/>\n<meta property=\"og:site_name\" content=\"Correio Braziliense - Radar\" \/>\n<meta property=\"article:published_time\" content=\"2025-05-15T00:03:00+00:00\" \/>\n<meta property=\"og:image\" content=\"https:\/\/www.correiobraziliense.com.br\/cbradar\/wp-content\/uploads\/2025\/05\/abacate_1747158574154.jpg\" \/>\n\t<meta property=\"og:image:width\" content=\"1280\" \/>\n\t<meta property=\"og:image:height\" content=\"720\" \/>\n\t<meta property=\"og:image:type\" content=\"image\/jpeg\" \/>\n<meta name=\"author\" content=\"guilherme_saude\" \/>\n<meta name=\"twitter:card\" content=\"summary_large_image\" \/>\n<meta name=\"twitter:label1\" content=\"Escrito por\" \/>\n\t<meta name=\"twitter:data1\" content=\"guilherme_saude\" \/>\n\t<meta name=\"twitter:label2\" content=\"Est. tempo de leitura\" \/>\n\t<meta name=\"twitter:data2\" content=\"4 minutos\" \/>\n<!-- \/ Yoast SEO plugin. -->","yoast_head_json":{"title":"Voc\u00ea nunca mais vai jogar fora a Casca do Abacate depois de saber disso! - Correio Braziliense - Radar","description":"Aproveite a casca de abacate em receitas de beleza e no seu jardim. Reduza o desperd\u00edcio e descubra usos surpreendentes e ecol\u00f3gicos.","robots":{"index":"index","follow":"follow","max-snippet":"max-snippet:-1","max-image-preview":"max-image-preview:large","max-video-preview":"max-video-preview:-1"},"canonical":"https:\/\/www.correiobraziliense.com.br\/cbradar\/voce-nunca-mais-vai-jogar-fora-a-casca-do-abacate-depois-de-saber-disso\/","og_locale":"pt_BR","og_type":"article","og_title":"Voc\u00ea nunca mais vai jogar fora a Casca do Abacate depois de saber disso! - Correio Braziliense - Radar","og_description":"Aproveite a casca de abacate em receitas de beleza e no seu jardim. Reduza o desperd\u00edcio e descubra usos surpreendentes e ecol\u00f3gicos.","og_url":"https:\/\/www.correiobraziliense.com.br\/cbradar\/voce-nunca-mais-vai-jogar-fora-a-casca-do-abacate-depois-de-saber-disso\/","og_site_name":"Correio Braziliense - Radar","article_published_time":"2025-05-15T00:03:00+00:00","og_image":[{"width":1280,"height":720,"url":"https:\/\/www.correiobraziliense.com.br\/cbradar\/wp-content\/uploads\/2025\/05\/abacate_1747158574154.jpg","type":"image\/jpeg"}],"author":"guilherme_saude","twitter_card":"summary_large_image","twitter_misc":{"Escrito por":"guilherme_saude","Est. tempo de leitura":"4 minutos"},"schema":{"@context":"https:\/\/schema.org","@graph":[{"@type":"WebPage","@id":"https:\/\/www.correiobraziliense.com.br\/cbradar\/voce-nunca-mais-vai-jogar-fora-a-casca-do-abacate-depois-de-saber-disso\/","url":"https:\/\/www.correiobraziliense.com.br\/cbradar\/voce-nunca-mais-vai-jogar-fora-a-casca-do-abacate-depois-de-saber-disso\/","name":"Voc\u00ea nunca mais vai jogar fora a Casca do Abacate depois de saber disso! - Correio Braziliense - Radar","isPartOf":{"@id":"https:\/\/www.correiobraziliense.com.br\/cbradar\/#website"},"primaryImageOfPage":{"@id":"https:\/\/www.correiobraziliense.com.br\/cbradar\/voce-nunca-mais-vai-jogar-fora-a-casca-do-abacate-depois-de-saber-disso\/#primaryimage"},"image":{"@id":"https:\/\/www.correiobraziliense.com.br\/cbradar\/voce-nunca-mais-vai-jogar-fora-a-casca-do-abacate-depois-de-saber-disso\/#primaryimage"},"thumbnailUrl":"https:\/\/www.correiobraziliense.com.br\/cbradar\/wp-content\/uploads\/2025\/05\/abacate_1747158574154.jpg","datePublished":"2025-05-15T00:03:00+00:00","author":{"@id":"https:\/\/www.correiobraziliense.com.br\/cbradar\/#\/schema\/person\/5aa4bf3c8fa699c267933611de12978b"},"description":"Aproveite a casca de abacate em receitas de beleza e no seu jardim. Reduza o desperd\u00edcio e descubra usos surpreendentes e ecol\u00f3gicos.","breadcrumb":{"@id":"https:\/\/www.correiobraziliense.com.br\/cbradar\/voce-nunca-mais-vai-jogar-fora-a-casca-do-abacate-depois-de-saber-disso\/#breadcrumb"},"inLanguage":"pt-BR","potentialAction":[{"@type":"ReadAction","target":["https:\/\/www.correiobraziliense.com.br\/cbradar\/voce-nunca-mais-vai-jogar-fora-a-casca-do-abacate-depois-de-saber-disso\/"]}]},{"@type":"ImageObject","inLanguage":"pt-BR","@id":"https:\/\/www.correiobraziliense.com.br\/cbradar\/voce-nunca-mais-vai-jogar-fora-a-casca-do-abacate-depois-de-saber-disso\/#primaryimage","url":"https:\/\/www.correiobraziliense.com.br\/cbradar\/wp-content\/uploads\/2025\/05\/abacate_1747158574154.jpg","contentUrl":"https:\/\/www.correiobraziliense.com.br\/cbradar\/wp-content\/uploads\/2025\/05\/abacate_1747158574154.jpg","width":1280,"height":720,"caption":"Abacate - Cr\u00e9ditos: depositphotos.com \/ VadimVasenin"},{"@type":"BreadcrumbList","@id":"https:\/\/www.correiobraziliense.com.br\/cbradar\/voce-nunca-mais-vai-jogar-fora-a-casca-do-abacate-depois-de-saber-disso\/#breadcrumb","itemListElement":[{"@type":"ListItem","position":1,"name":"In\u00edcio","item":"https:\/\/www.correiobraziliense.com.br\/cbradar\/"},{"@type":"ListItem","position":2,"name":"Voc\u00ea nunca mais vai jogar fora a Casca do Abacate depois de saber disso!"}]},{"@type":"WebSite","@id":"https:\/\/www.correiobraziliense.com.br\/cbradar\/#website","url":"https:\/\/www.correiobraziliense.com.br\/cbradar\/","name":"Correio Braziliense - Radar","description":"Acompanhe as \u00faltimas not\u00edcias e fique bem informado sobre tudo o que acontece no Brasil e no mundo.","potentialAction":[{"@type":"SearchAction","target":{"@type":"EntryPoint","urlTemplate":"https:\/\/www.correiobraziliense.com.br\/cbradar\/?s={search_term_string}"},"query-input":{"@type":"PropertyValueSpecification","valueRequired":true,"valueName":"search_term_string"}}],"inLanguage":"pt-BR"},{"@type":"Person","@id":"https:\/\/www.correiobraziliense.com.br\/cbradar\/#\/schema\/person\/5aa4bf3c8fa699c267933611de12978b","name":"guilherme_saude","image":{"@type":"ImageObject","inLanguage":"pt-BR","@id":"https:\/\/www.correiobraziliense.com.br\/cbradar\/#\/schema\/person\/image\/","url":"https:\/\/secure.gravatar.com\/avatar\/df9adfb835d344bc0af109d41756253f?s=96&d=mm&r=g","contentUrl":"https:\/\/secure.gravatar.com\/avatar\/df9adfb835d344bc0af109d41756253f?s=96&d=mm&r=g","caption":"guilherme_saude"},"url":"https:\/\/www.correiobraziliense.com.br\/cbradar\/author\/guilherme_saude\/"}]}},"_links":{"self":[{"href":"https:\/\/www.correiobraziliense.com.br\/cbradar\/wp-json\/wp\/v2\/posts\/36323","targetHints":{"allow":["GET"]}}],"collection":[{"href":"https:\/\/www.correiobraziliense.com.br\/cbradar\/wp-json\/wp\/v2\/posts"}],"about":[{"href":"https:\/\/www.correiobraziliense.com.br\/cbradar\/wp-json\/wp\/v2\/types\/post"}],"author":[{"embeddable":true,"href":"https:\/\/www.correiobraziliense.com.br\/cbradar\/wp-json\/wp\/v2\/users\/14"}],"replies":[{"embeddable":true,"href":"https:\/\/www.correiobraziliense.com.br\/cbradar\/wp-json\/wp\/v2\/comments?post=36323"}],"version-history":[{"count":1,"href":"https:\/\/www.correiobraziliense.com.br\/cbradar\/wp-json\/wp\/v2\/posts\/36323\/revisions"}],"predecessor-version":[{"id":36331,"href":"https:\/\/www.correiobraziliense.com.br\/cbradar\/wp-json\/wp\/v2\/posts\/36323\/revisions\/36331"}],"wp:featuredmedia":[{"embeddable":true,"href":"https:\/\/www.correiobraziliense.com.br\/cbradar\/wp-json\/wp\/v2\/media\/36329"}],"wp:attachment":[{"href":"https:\/\/www.correiobraziliense.com.br\/cbradar\/wp-json\/wp\/v2\/media?parent=36323"}],"wp:term":[{"taxonomy":"category","embeddable":true,"href":"https:\/\/www.correiobraziliense.com.br\/cbradar\/wp-json\/wp\/v2\/categories?post=36323"},{"taxonomy":"post_tag","embeddable":true,"href":"https:\/\/www.correiobraziliense.com.br\/cbradar\/wp-json\/wp\/v2\/post_tag?post=36323"}],"curies":[{"name":"wp","href":"https:\/\/api.w.org\/{rel}","templated":true}]}}