{"id":36326,"date":"2025-05-14T07:23:00","date_gmt":"2025-05-14T10:23:00","guid":{"rendered":"https:\/\/www.correiobraziliense.com.br\/cbradar\/?p=36326"},"modified":"2025-05-13T18:48:31","modified_gmt":"2025-05-13T21:48:31","slug":"melhor-filme-para-quem-ama-ficcao-cientifica-com-profundidade","status":"publish","type":"post","link":"https:\/\/www.correiobraziliense.com.br\/cbradar\/melhor-filme-para-quem-ama-ficcao-cientifica-com-profundidade\/","title":{"rendered":"Melhor filme para quem ama fic\u00e7\u00e3o cient\u00edfica com profundidade"},"content":{"rendered":"\n<p><strong>Duna<\/strong> (<em>Dune<\/em>) \u00e9 um filme de fic\u00e7\u00e3o cient\u00edfica dirigido por <strong>Denis Villeneuve<\/strong>, lan\u00e7ado em 2021, baseado no cl\u00e1ssico liter\u00e1rio de <strong>Frank Herbert<\/strong>. A hist\u00f3ria se passa em um futuro distante, onde feudos interplanet\u00e1rios disputam poder, recursos e influ\u00eancia sobre planetas.<\/p>\n\n\n\n<p>O jovem <strong>Paul Atreides<\/strong> (Timoth\u00e9e Chalamet) \u00e9 o herdeiro da Casa Atreides, que recebe do imperador a miss\u00e3o de governar o planeta <strong>Arrakis<\/strong> \u2014 tamb\u00e9m conhecido como Duna. Arrakis \u00e9 a \u00fanica fonte da \u201cmelange\u201d, uma subst\u00e2ncia rara e poderosa que permite viagens espaciais e prolonga a vida.<\/p>\n\n\n\n<p>A trama envolve trai\u00e7\u00f5es, profecias, revoltas e o despertar espiritual e pol\u00edtico de Paul, enquanto ele tenta sobreviver ao ataque de rivais e descobrir seu verdadeiro destino.<\/p>\n\n\n\n<h2 class=\"wp-block-heading\">Quem s\u00e3o os personagens principais?<\/h2>\n\n\n\n<ul class=\"wp-block-list\">\n<li><strong>Paul Atreides<\/strong> (Timoth\u00e9e Chalamet): protagonista, um jovem com dons misteriosos e heran\u00e7a nobre.<\/li>\n\n\n\n<li><strong>Lady Jessica<\/strong> (Rebecca Ferguson): m\u00e3e de Paul, membro da ordem Bene Gesserit.<\/li>\n\n\n\n<li><strong>Duke Leto Atreides<\/strong> (Oscar Isaac): pai de Paul e governante leal.<\/li>\n\n\n\n<li><strong>Chani<\/strong> (Zendaya): habitante do deserto e figura central nas vis\u00f5es de Paul.<\/li>\n\n\n\n<li><strong>Bar\u00e3o Harkonnen<\/strong> (Stellan Skarsg\u00e5rd): vil\u00e3o implac\u00e1vel, inimigo dos Atreides.<\/li>\n\n\n\n<li>Outros nomes como <strong>Jason Momoa<\/strong> (Duncan Idaho), <strong>Josh Brolin<\/strong> (Gurney Halleck) e <strong>Javier Bardem<\/strong> (Stilgar) enriquecem o elenco.<\/li>\n<\/ul>\n\n\n\n<figure class=\"wp-block-image size-large\"><img decoding=\"async\" width=\"1024\" height=\"576\" src=\"https:\/\/www.correiobraziliense.com.br\/cbradar\/wp-content\/uploads\/2025\/05\/Duna-1024x576.png\" alt=\"Melhor filme para quem ama fic\u00e7\u00e3o cient\u00edfica com profundidade\" class=\"wp-image-36328\" srcset=\"https:\/\/www.correiobraziliense.com.br\/cbradar\/wp-content\/uploads\/2025\/05\/Duna-1024x576.png 1024w, https:\/\/www.correiobraziliense.com.br\/cbradar\/wp-content\/uploads\/2025\/05\/Duna-300x169.png 300w, https:\/\/www.correiobraziliense.com.br\/cbradar\/wp-content\/uploads\/2025\/05\/Duna-768x432.png 768w, https:\/\/www.correiobraziliense.com.br\/cbradar\/wp-content\/uploads\/2025\/05\/Duna-750x422.png 750w, https:\/\/www.correiobraziliense.com.br\/cbradar\/wp-content\/uploads\/2025\/05\/Duna-1140x641.png 1140w, https:\/\/www.correiobraziliense.com.br\/cbradar\/wp-content\/uploads\/2025\/05\/Duna.png 1280w\" sizes=\"(max-width: 1024px) 100vw, 1024px\" \/><figcaption class=\"wp-element-caption\">Duna. Fonte: divulga\u00e7\u00e3o \/ Warner Bros<\/figcaption><\/figure>\n\n\n\n<h2 class=\"wp-block-heading\">Como o filme se destaca visual e tematicamente?<\/h2>\n\n\n\n<p><em>Duna<\/em> impressiona por sua escala grandiosa, fotografia deslumbrante e trilha sonora imersiva composta por <strong>Hans Zimmer<\/strong>. A est\u00e9tica \u00e9 marcada por paisagens \u00e1ridas, figurinos ic\u00f4nicos e tecnologia futurista, mas com forte influ\u00eancia cultural e espiritual.<\/p>\n\n\n\n<p>Tematicamente, o filme aborda:<\/p>\n\n\n\n<ul class=\"wp-block-list\">\n<li><strong>Ecologia e preserva\u00e7\u00e3o<\/strong>.<\/li>\n\n\n\n<li><strong>Colonialismo e explora\u00e7\u00e3o<\/strong>.<\/li>\n\n\n\n<li><strong>Religi\u00e3o e manipula\u00e7\u00e3o prof\u00e9tica<\/strong>.<\/li>\n\n\n\n<li><strong>Identidade e destino pessoal<\/strong>.<\/li>\n<\/ul>\n\n\n\n<p>A narrativa \u00e9 densa, filos\u00f3fica e pol\u00edtica, oferecendo muito mais do que a\u00e7\u00e3o e efeitos visuais.<\/p>\n\n\n\n<h2 class=\"wp-block-heading\">Vale a pena assistir Duna?<\/h2>\n\n\n\n<p>Sim. <em>Duna<\/em> \u00e9 um dos filmes mais ambiciosos da fic\u00e7\u00e3o cient\u00edfica moderna. Ele respeita a obra original e traz uma adapta\u00e7\u00e3o cinematogr\u00e1fica fiel, imersiva e impactante.<\/p>\n\n\n\n<p>Ideal para quem busca uma experi\u00eancia profunda, com reflex\u00f5es existenciais, jogos de poder e uma constru\u00e7\u00e3o de mundo minuciosa. Com atua\u00e7\u00f5es s\u00f3lidas e dire\u00e7\u00e3o magistral, \u00e9 um marco do g\u00eanero.<\/p>\n\n\n\n<h2 class=\"wp-block-heading\">Curiosidades sobre Duna<\/h2>\n\n\n\n<ul class=\"wp-block-list\">\n<li>O livro de <strong>Frank Herbert<\/strong> j\u00e1 foi considerado \u201cinfilm\u00e1vel\u201d por sua complexidade.<\/li>\n\n\n\n<li>A vers\u00e3o de 2021 cobre apenas a primeira metade do livro original.<\/li>\n\n\n\n<li>O filme venceu 6 pr\u00eamios no <strong>Oscar 2022<\/strong>, incluindo Melhor Trilha Sonora, Som e Efeitos Visuais.<\/li>\n\n\n\n<li>Uma continua\u00e7\u00e3o, <em>Duna: Parte Dois<\/em>, foi lan\u00e7ada em 2024, encerrando a adapta\u00e7\u00e3o do primeiro livro.<\/li>\n<\/ul>\n\n\n\n<iframe loading=\"lazy\" width=\"560\" height=\"315\" src=\"https:\/\/www.youtube.com\/embed\/hfLkFZWFmLM?si=Km1PjKtpt3VQzAfj\" title=\"YouTube video player\" frameborder=\"0\" allow=\"accelerometer; autoplay; clipboard-write; encrypted-media; gyroscope; picture-in-picture; web-share\" referrerpolicy=\"strict-origin-when-cross-origin\" allowfullscreen><\/iframe>\n\n\n\n<h2 class=\"wp-block-heading\">FAQ &#8211; Perguntas frequentes<\/h2>\n\n\n\n<ul class=\"wp-block-list\">\n<li><strong>Onde assistir Duna?<\/strong>\n<ul class=\"wp-block-list\">\n<li>Dispon\u00edvel na <strong>HBO Max<\/strong> e para aluguel nas plataformas <strong>Prime Video<\/strong>, <strong>Apple TV<\/strong> e <strong>Claro tv+<\/strong>.<\/li>\n<\/ul>\n<\/li>\n\n\n\n<li><strong>Quem est\u00e1 no elenco principal?<\/strong>\n<ul class=\"wp-block-list\">\n<li><strong>Timoth\u00e9e Chalamet<\/strong>, <strong>Rebecca Ferguson<\/strong>, <strong>Oscar Isaac<\/strong>, <strong>Zendaya<\/strong>, <strong>Stellan Skarsg\u00e5rd<\/strong>, <strong>Jason Momoa<\/strong>, <strong>Josh Brolin<\/strong>, <strong>Javier Bardem<\/strong>.<\/li>\n<\/ul>\n<\/li>\n\n\n\n<li><strong>Qual o ano de lan\u00e7amento do filme?<\/strong>\n<ul class=\"wp-block-list\">\n<li><em>Duna<\/em> foi lan\u00e7ado em 2021. A sequ\u00eancia chegou aos cinemas em 2024.<\/li>\n<\/ul>\n<\/li>\n\n\n\n<li><strong>Qual a produtora respons\u00e1vel pelo filme?<\/strong>\n<ul class=\"wp-block-list\">\n<li>Produzido pela <strong>Legendary Pictures<\/strong> em parceria com a <strong>Warner Bros. Pictures<\/strong>.<\/li>\n<\/ul>\n<\/li>\n<\/ul>\n","protected":false},"excerpt":{"rendered":"<p>Uma \u00f3pera espacial grandiosa que mistura pol\u00edtica, espiritualidade e destino em um dos maiores \u00e9picos da fic\u00e7\u00e3o cient\u00edfica.<\/p>\n","protected":false},"author":3,"featured_media":36327,"comment_status":"open","ping_status":"open","sticky":false,"template":"","format":"standard","meta":{"_yoast_wpseo_focuskw":"Duna","_yoast_wpseo_title":"%%title%%","_yoast_wpseo_metadesc":"Uma \u00f3pera espacial grandiosa que mistura pol\u00edtica, espiritualidade e destino em um dos maiores \u00e9picos da fic\u00e7\u00e3o cient\u00edfica.","jnews-multi-image_gallery":[],"jnews_single_post":{"format":"standard"},"jnews_primary_category":[],"jnews_social_meta":[],"jnews_override_counter":[],"footnotes":""},"categories":[140],"post_tag":[568],"class_list":["post-36326","post","type-post","status-publish","format-standard","has-post-thumbnail","hentry","category-entretenimento","tag-series-e-filmes"],"yoast_head":"<!-- This site is optimized with the Yoast SEO plugin v24.6 - https:\/\/yoast.com\/wordpress\/plugins\/seo\/ -->\n<title>Melhor filme para quem ama fic\u00e7\u00e3o cient\u00edfica com profundidade<\/title>\n<meta name=\"description\" content=\"Uma \u00f3pera espacial grandiosa que mistura pol\u00edtica, espiritualidade e destino em um dos maiores \u00e9picos da fic\u00e7\u00e3o cient\u00edfica.\" \/>\n<meta name=\"robots\" content=\"index, follow, max-snippet:-1, max-image-preview:large, max-video-preview:-1\" \/>\n<link rel=\"canonical\" href=\"https:\/\/www.correiobraziliense.com.br\/cbradar\/melhor-filme-para-quem-ama-ficcao-cientifica-com-profundidade\/\" \/>\n<meta property=\"og:locale\" content=\"pt_BR\" \/>\n<meta property=\"og:type\" content=\"article\" \/>\n<meta property=\"og:title\" content=\"Melhor filme para quem ama fic\u00e7\u00e3o cient\u00edfica com profundidade\" \/>\n<meta property=\"og:description\" content=\"Uma \u00f3pera espacial grandiosa que mistura pol\u00edtica, espiritualidade e destino em um dos maiores \u00e9picos da fic\u00e7\u00e3o cient\u00edfica.\" \/>\n<meta property=\"og:url\" content=\"https:\/\/www.correiobraziliense.com.br\/cbradar\/melhor-filme-para-quem-ama-ficcao-cientifica-com-profundidade\/\" \/>\n<meta property=\"og:site_name\" content=\"Correio Braziliense - Radar\" \/>\n<meta property=\"article:published_time\" content=\"2025-05-14T10:23:00+00:00\" \/>\n<meta property=\"og:image\" content=\"https:\/\/www.correiobraziliense.com.br\/cbradar\/wp-content\/uploads\/2025\/05\/Duna-2.png\" \/>\n\t<meta property=\"og:image:width\" content=\"1280\" \/>\n\t<meta property=\"og:image:height\" content=\"720\" \/>\n\t<meta property=\"og:image:type\" content=\"image\/png\" \/>\n<meta name=\"author\" content=\"Larissa Carvalho\" \/>\n<meta name=\"twitter:card\" content=\"summary_large_image\" \/>\n<meta name=\"twitter:label1\" content=\"Escrito por\" \/>\n\t<meta name=\"twitter:data1\" content=\"Larissa Carvalho\" \/>\n\t<meta name=\"twitter:label2\" content=\"Est. tempo de leitura\" \/>\n\t<meta name=\"twitter:data2\" content=\"4 minutos\" \/>\n<!-- \/ Yoast SEO plugin. -->","yoast_head_json":{"title":"Melhor filme para quem ama fic\u00e7\u00e3o cient\u00edfica com profundidade","description":"Uma \u00f3pera espacial grandiosa que mistura pol\u00edtica, espiritualidade e destino em um dos maiores \u00e9picos da fic\u00e7\u00e3o cient\u00edfica.","robots":{"index":"index","follow":"follow","max-snippet":"max-snippet:-1","max-image-preview":"max-image-preview:large","max-video-preview":"max-video-preview:-1"},"canonical":"https:\/\/www.correiobraziliense.com.br\/cbradar\/melhor-filme-para-quem-ama-ficcao-cientifica-com-profundidade\/","og_locale":"pt_BR","og_type":"article","og_title":"Melhor filme para quem ama fic\u00e7\u00e3o cient\u00edfica com profundidade","og_description":"Uma \u00f3pera espacial grandiosa que mistura pol\u00edtica, espiritualidade e destino em um dos maiores \u00e9picos da fic\u00e7\u00e3o cient\u00edfica.","og_url":"https:\/\/www.correiobraziliense.com.br\/cbradar\/melhor-filme-para-quem-ama-ficcao-cientifica-com-profundidade\/","og_site_name":"Correio Braziliense - Radar","article_published_time":"2025-05-14T10:23:00+00:00","og_image":[{"width":1280,"height":720,"url":"https:\/\/www.correiobraziliense.com.br\/cbradar\/wp-content\/uploads\/2025\/05\/Duna-2.png","type":"image\/png"}],"author":"Larissa Carvalho","twitter_card":"summary_large_image","twitter_misc":{"Escrito por":"Larissa Carvalho","Est. tempo de leitura":"4 minutos"},"schema":{"@context":"https:\/\/schema.org","@graph":[{"@type":"WebPage","@id":"https:\/\/www.correiobraziliense.com.br\/cbradar\/melhor-filme-para-quem-ama-ficcao-cientifica-com-profundidade\/","url":"https:\/\/www.correiobraziliense.com.br\/cbradar\/melhor-filme-para-quem-ama-ficcao-cientifica-com-profundidade\/","name":"Melhor filme para quem ama fic\u00e7\u00e3o cient\u00edfica com profundidade","isPartOf":{"@id":"https:\/\/www.correiobraziliense.com.br\/cbradar\/#website"},"primaryImageOfPage":{"@id":"https:\/\/www.correiobraziliense.com.br\/cbradar\/melhor-filme-para-quem-ama-ficcao-cientifica-com-profundidade\/#primaryimage"},"image":{"@id":"https:\/\/www.correiobraziliense.com.br\/cbradar\/melhor-filme-para-quem-ama-ficcao-cientifica-com-profundidade\/#primaryimage"},"thumbnailUrl":"https:\/\/www.correiobraziliense.com.br\/cbradar\/wp-content\/uploads\/2025\/05\/Duna-2.png","datePublished":"2025-05-14T10:23:00+00:00","author":{"@id":"https:\/\/www.correiobraziliense.com.br\/cbradar\/#\/schema\/person\/58422787644df994b53a19d3e56c1513"},"description":"Uma \u00f3pera espacial grandiosa que mistura pol\u00edtica, espiritualidade e destino em um dos maiores \u00e9picos da fic\u00e7\u00e3o cient\u00edfica.","breadcrumb":{"@id":"https:\/\/www.correiobraziliense.com.br\/cbradar\/melhor-filme-para-quem-ama-ficcao-cientifica-com-profundidade\/#breadcrumb"},"inLanguage":"pt-BR","potentialAction":[{"@type":"ReadAction","target":["https:\/\/www.correiobraziliense.com.br\/cbradar\/melhor-filme-para-quem-ama-ficcao-cientifica-com-profundidade\/"]}]},{"@type":"ImageObject","inLanguage":"pt-BR","@id":"https:\/\/www.correiobraziliense.com.br\/cbradar\/melhor-filme-para-quem-ama-ficcao-cientifica-com-profundidade\/#primaryimage","url":"https:\/\/www.correiobraziliense.com.br\/cbradar\/wp-content\/uploads\/2025\/05\/Duna-2.png","contentUrl":"https:\/\/www.correiobraziliense.com.br\/cbradar\/wp-content\/uploads\/2025\/05\/Duna-2.png","width":1280,"height":720,"caption":"Duna. Fonte: divulga\u00e7\u00e3o \/ Warner Bros"},{"@type":"BreadcrumbList","@id":"https:\/\/www.correiobraziliense.com.br\/cbradar\/melhor-filme-para-quem-ama-ficcao-cientifica-com-profundidade\/#breadcrumb","itemListElement":[{"@type":"ListItem","position":1,"name":"In\u00edcio","item":"https:\/\/www.correiobraziliense.com.br\/cbradar\/"},{"@type":"ListItem","position":2,"name":"Melhor filme para quem ama fic\u00e7\u00e3o cient\u00edfica com profundidade"}]},{"@type":"WebSite","@id":"https:\/\/www.correiobraziliense.com.br\/cbradar\/#website","url":"https:\/\/www.correiobraziliense.com.br\/cbradar\/","name":"Correio Braziliense - Radar","description":"Acompanhe as \u00faltimas not\u00edcias e fique bem informado sobre tudo o que acontece no Brasil e no mundo.","potentialAction":[{"@type":"SearchAction","target":{"@type":"EntryPoint","urlTemplate":"https:\/\/www.correiobraziliense.com.br\/cbradar\/?s={search_term_string}"},"query-input":{"@type":"PropertyValueSpecification","valueRequired":true,"valueName":"search_term_string"}}],"inLanguage":"pt-BR"},{"@type":"Person","@id":"https:\/\/www.correiobraziliense.com.br\/cbradar\/#\/schema\/person\/58422787644df994b53a19d3e56c1513","name":"Larissa Carvalho","image":{"@type":"ImageObject","inLanguage":"pt-BR","@id":"https:\/\/www.correiobraziliense.com.br\/cbradar\/#\/schema\/person\/image\/","url":"https:\/\/secure.gravatar.com\/avatar\/fe4f91a0de32b52a838d0d612abdc1aa?s=96&d=mm&r=g","contentUrl":"https:\/\/secure.gravatar.com\/avatar\/fe4f91a0de32b52a838d0d612abdc1aa?s=96&d=mm&r=g","caption":"Larissa Carvalho"},"url":"https:\/\/www.correiobraziliense.com.br\/cbradar\/author\/larissamyth\/"}]}},"_links":{"self":[{"href":"https:\/\/www.correiobraziliense.com.br\/cbradar\/wp-json\/wp\/v2\/posts\/36326","targetHints":{"allow":["GET"]}}],"collection":[{"href":"https:\/\/www.correiobraziliense.com.br\/cbradar\/wp-json\/wp\/v2\/posts"}],"about":[{"href":"https:\/\/www.correiobraziliense.com.br\/cbradar\/wp-json\/wp\/v2\/types\/post"}],"author":[{"embeddable":true,"href":"https:\/\/www.correiobraziliense.com.br\/cbradar\/wp-json\/wp\/v2\/users\/3"}],"replies":[{"embeddable":true,"href":"https:\/\/www.correiobraziliense.com.br\/cbradar\/wp-json\/wp\/v2\/comments?post=36326"}],"version-history":[{"count":1,"href":"https:\/\/www.correiobraziliense.com.br\/cbradar\/wp-json\/wp\/v2\/posts\/36326\/revisions"}],"predecessor-version":[{"id":36332,"href":"https:\/\/www.correiobraziliense.com.br\/cbradar\/wp-json\/wp\/v2\/posts\/36326\/revisions\/36332"}],"wp:featuredmedia":[{"embeddable":true,"href":"https:\/\/www.correiobraziliense.com.br\/cbradar\/wp-json\/wp\/v2\/media\/36327"}],"wp:attachment":[{"href":"https:\/\/www.correiobraziliense.com.br\/cbradar\/wp-json\/wp\/v2\/media?parent=36326"}],"wp:term":[{"taxonomy":"category","embeddable":true,"href":"https:\/\/www.correiobraziliense.com.br\/cbradar\/wp-json\/wp\/v2\/categories?post=36326"},{"taxonomy":"post_tag","embeddable":true,"href":"https:\/\/www.correiobraziliense.com.br\/cbradar\/wp-json\/wp\/v2\/post_tag?post=36326"}],"curies":[{"name":"wp","href":"https:\/\/api.w.org\/{rel}","templated":true}]}}