{"id":36333,"date":"2025-05-14T13:30:00","date_gmt":"2025-05-14T16:30:00","guid":{"rendered":"https:\/\/www.correiobraziliense.com.br\/cbradar\/?p=36333"},"modified":"2025-05-13T18:48:06","modified_gmt":"2025-05-13T21:48:06","slug":"esse-final-de-saga-vai-mexer-com-todas-as-suas-emocoes","status":"publish","type":"post","link":"https:\/\/www.correiobraziliense.com.br\/cbradar\/esse-final-de-saga-vai-mexer-com-todas-as-suas-emocoes\/","title":{"rendered":"Esse final de saga vai mexer com todas as suas emo\u00e7\u00f5es"},"content":{"rendered":"\n<p><strong>Vingadores: Ultimato<\/strong> <strong>(<em>Avengers: Endgame<\/em>)<\/strong> \u00e9 o quarto filme da franquia dos Vingadores e o ponto culminante do <strong>Universo Cinematogr\u00e1fico da Marvel (MCU)<\/strong> iniciado em 2008 com <em>Homem de Ferro<\/em>. Lan\u00e7ado em 2019 e dirigido por <strong>Anthony e Joe Russo<\/strong>, o filme come\u00e7a ap\u00f3s os eventos devastadores de <em><strong>Vingadores: Guerra Infinita<\/strong><\/em>, quando <strong>Thanos<\/strong> elimina metade da vida no universo.<\/p>\n\n\n\n<p>Com os her\u00f3is desolados e o mundo em ru\u00ednas, os Vingadores remanescentes \u2014 liderados por <strong>Homem de Ferro<\/strong>, <strong>Capit\u00e3o Am\u00e9rica<\/strong>, <strong>Vi\u00fava Negra<\/strong>, <strong>Thor<\/strong>, <strong>Hulk<\/strong> e <strong>Gavi\u00e3o Arqueiro<\/strong> \u2014 unem for\u00e7as em uma miss\u00e3o arriscada: viajar no tempo para recuperar as Joias do Infinito e desfazer o estalo de Thanos. A jornada exige sacrif\u00edcios profundos, revela\u00e7\u00f5es emocionantes e batalhas de tirar o f\u00f4lego.<\/p>\n\n\n\n<h2 class=\"wp-block-heading\">Quem s\u00e3o os personagens principais?<\/h2>\n\n\n\n<ul class=\"wp-block-list\">\n<li><strong>Tony Stark \/ Homem de Ferro<\/strong> (Robert Downey Jr.): g\u00eanio, bilion\u00e1rio e her\u00f3i que fecha seu arco com coragem e emo\u00e7\u00e3o.<\/li>\n\n\n\n<li><strong>Steve Rogers \/ Capit\u00e3o Am\u00e9rica<\/strong> (Chris Evans): s\u00edmbolo de honra e lideran\u00e7a, com um desfecho digno e emocionante.<\/li>\n\n\n\n<li><strong>Natasha Romanoff \/ Vi\u00fava Negra<\/strong> (Scarlett Johansson): espi\u00e3 letal que prova seu valor com um ato heroico.<\/li>\n\n\n\n<li><strong>Bruce Banner \/ Hulk<\/strong> (Mark Ruffalo): agora em paz com sua dualidade, assume nova forma como o \u201cProfessor Hulk\u201d.<\/li>\n\n\n\n<li><strong>Thor<\/strong> (Chris Hemsworth): em crise emocional, encontra reden\u00e7\u00e3o e humor.<\/li>\n\n\n\n<li><strong>Clint Barton \/ Gavi\u00e3o Arqueiro<\/strong> (Jeremy Renner): transformado por perdas pessoais, busca reden\u00e7\u00e3o.<\/li>\n\n\n\n<li>Al\u00e9m de diversos her\u00f3is como <strong>Homem-Formiga<\/strong>, <strong>Capit\u00e3 Marvel<\/strong>, <strong>Homem-Aranha<\/strong>, <strong>Pantera Negra<\/strong>, <strong>Doutor Estranho<\/strong> e os <strong>Guardi\u00f5es da Gal\u00e1xia<\/strong>.<\/li>\n<\/ul>\n\n\n\n<figure class=\"wp-block-image size-large\"><img decoding=\"async\" width=\"1024\" height=\"576\" src=\"https:\/\/www.correiobraziliense.com.br\/cbradar\/wp-content\/uploads\/2025\/05\/Vingadores-Ultimato-2-1024x576.png\" alt=\"Esse final de saga vai mexer com todas as suas emo\u00e7\u00f5es\" class=\"wp-image-36336\" srcset=\"https:\/\/www.correiobraziliense.com.br\/cbradar\/wp-content\/uploads\/2025\/05\/Vingadores-Ultimato-2-1024x576.png 1024w, https:\/\/www.correiobraziliense.com.br\/cbradar\/wp-content\/uploads\/2025\/05\/Vingadores-Ultimato-2-300x169.png 300w, https:\/\/www.correiobraziliense.com.br\/cbradar\/wp-content\/uploads\/2025\/05\/Vingadores-Ultimato-2-768x432.png 768w, https:\/\/www.correiobraziliense.com.br\/cbradar\/wp-content\/uploads\/2025\/05\/Vingadores-Ultimato-2-750x422.png 750w, https:\/\/www.correiobraziliense.com.br\/cbradar\/wp-content\/uploads\/2025\/05\/Vingadores-Ultimato-2-1140x641.png 1140w, https:\/\/www.correiobraziliense.com.br\/cbradar\/wp-content\/uploads\/2025\/05\/Vingadores-Ultimato-2.png 1280w\" sizes=\"(max-width: 1024px) 100vw, 1024px\" \/><figcaption class=\"wp-element-caption\">Vingadores: Ultimato. Fonte: divulga\u00e7\u00e3o \/ Marvel<\/figcaption><\/figure>\n\n\n\n<h2 class=\"wp-block-heading\">Como o filme conclui a saga dos Vingadores?<\/h2>\n\n\n\n<p><em>Ultimato<\/em> \u00e9 o desfecho de mais de 20 filmes interligados. Ele fecha arcos narrativos com respeito, emo\u00e7\u00e3o e grandeza. A viagem no tempo permite revisitar momentos marcantes do MCU, unindo nostalgia e inova\u00e7\u00e3o.<\/p>\n\n\n\n<p>A batalha final contra Thanos \u00e9 um espet\u00e1culo visual e emocional, reunindo praticamente todos os her\u00f3is do universo Marvel em um confronto \u00e9pico. O filme celebra a uni\u00e3o, a coragem e o legado constru\u00eddo ao longo de uma d\u00e9cada.<\/p>\n\n\n\n<h2 class=\"wp-block-heading\">Vale a pena assistir Vingadores: Ultimato?<\/h2>\n\n\n\n<p>Com certeza. <em>Vingadores: Ultimato<\/em> \u00e9 mais do que um blockbuster: \u00e9 um evento cinematogr\u00e1fico. \u00c9 especialmente significativo para quem acompanhou a trajet\u00f3ria dos personagens desde o in\u00edcio.<\/p>\n\n\n\n<p>O equil\u00edbrio entre a\u00e7\u00e3o, humor e emo\u00e7\u00e3o torna a experi\u00eancia inesquec\u00edvel. \u00c9 um tributo aos f\u00e3s, aos her\u00f3is e ao poder das hist\u00f3rias bem contadas.<\/p>\n\n\n\n<h2 class=\"wp-block-heading\">Curiosidades sobre Vingadores: Ultimato<\/h2>\n\n\n\n<ul class=\"wp-block-list\">\n<li>Foi o filme de maior bilheteria da hist\u00f3ria at\u00e9 ser superado por <em>Avatar<\/em> em relan\u00e7amentos.<\/li>\n\n\n\n<li>\u201cEu sou o Homem de Ferro\u201d foi a \u00faltima frase improvisada por Robert Downey Jr. no set.<\/li>\n\n\n\n<li>O filme tem 3 horas de dura\u00e7\u00e3o, a mais longa do MCU.<\/li>\n\n\n\n<li>Contou com uma cena p\u00f3s-cr\u00e9ditos \u201csilenciosa\u201d, encerrando simbolicamente a Saga do Infinito.<\/li>\n<\/ul>\n\n\n\n<iframe loading=\"lazy\" width=\"560\" height=\"315\" src=\"https:\/\/www.youtube.com\/embed\/PgrmbRID0eY?si=Ci9WICa08ZFS3tXV\" title=\"YouTube video player\" frameborder=\"0\" allow=\"accelerometer; autoplay; clipboard-write; encrypted-media; gyroscope; picture-in-picture; web-share\" referrerpolicy=\"strict-origin-when-cross-origin\" allowfullscreen><\/iframe>\n\n\n\n<h2 class=\"wp-block-heading\">FAQ &#8211; Perguntas frequentes<\/h2>\n\n\n\n<ul class=\"wp-block-list\">\n<li><strong>Onde assistir Vingadores: Ultimato?<\/strong>\n<ul class=\"wp-block-list\">\n<li>Dispon\u00edvel no <strong>Disney+<\/strong>.<\/li>\n<\/ul>\n<\/li>\n\n\n\n<li><strong>Quem est\u00e1 no elenco principal?<\/strong>\n<ul class=\"wp-block-list\">\n<li><strong>Robert Downey Jr.<\/strong>, <strong>Chris Evans<\/strong>, <strong>Scarlett Johansson<\/strong>, <strong>Mark Ruffalo<\/strong>, <strong>Chris Hemsworth<\/strong>, <strong>Jeremy Renner<\/strong>, <strong>Brie Larson<\/strong>, <strong>Paul Rudd<\/strong>, entre muitos outros.<\/li>\n<\/ul>\n<\/li>\n\n\n\n<li><strong>Qual o ano de lan\u00e7amento do filme?<\/strong>\n<ul class=\"wp-block-list\">\n<li><em>Vingadores: Ultimato<\/em> foi lan\u00e7ado em 2019.<\/li>\n<\/ul>\n<\/li>\n\n\n\n<li><strong>Qual a produtora respons\u00e1vel pelo filme?<\/strong>\n<ul class=\"wp-block-list\">\n<li>Produzido pela <strong>Marvel Studios<\/strong> e distribu\u00eddo pela <strong>Walt Disney Studios Motion Pictures<\/strong>.<\/li>\n<\/ul>\n<\/li>\n<\/ul>\n","protected":false},"excerpt":{"rendered":"<p>Emo\u00e7\u00e3o, sacrif\u00edcio e \u00e9picos confrontos marcam o grandioso encerramento da saga dos Vingadores no Universo Marvel.<\/p>\n","protected":false},"author":3,"featured_media":36337,"comment_status":"open","ping_status":"open","sticky":false,"template":"","format":"standard","meta":{"_yoast_wpseo_focuskw":"Vingadores: Ultimato","_yoast_wpseo_title":"%%title%%","_yoast_wpseo_metadesc":"Emo\u00e7\u00e3o, sacrif\u00edcio e \u00e9picos confrontos marcam o grandioso encerramento da saga dos Vingadores no Universo Marvel.","jnews-multi-image_gallery":[],"jnews_single_post":{"format":"standard"},"jnews_primary_category":[],"jnews_social_meta":[],"jnews_override_counter":[],"footnotes":""},"categories":[140],"post_tag":[568],"class_list":["post-36333","post","type-post","status-publish","format-standard","has-post-thumbnail","hentry","category-entretenimento","tag-series-e-filmes"],"yoast_head":"<!-- This site is optimized with the Yoast SEO plugin v24.6 - https:\/\/yoast.com\/wordpress\/plugins\/seo\/ -->\n<title>Esse final de saga vai mexer com todas as suas emo\u00e7\u00f5es<\/title>\n<meta name=\"description\" content=\"Emo\u00e7\u00e3o, sacrif\u00edcio e \u00e9picos confrontos marcam o grandioso encerramento da saga dos Vingadores no Universo Marvel.\" \/>\n<meta name=\"robots\" content=\"index, follow, max-snippet:-1, max-image-preview:large, max-video-preview:-1\" \/>\n<link rel=\"canonical\" href=\"https:\/\/www.correiobraziliense.com.br\/cbradar\/esse-final-de-saga-vai-mexer-com-todas-as-suas-emocoes\/\" \/>\n<meta property=\"og:locale\" content=\"pt_BR\" \/>\n<meta property=\"og:type\" content=\"article\" \/>\n<meta property=\"og:title\" content=\"Esse final de saga vai mexer com todas as suas emo\u00e7\u00f5es\" \/>\n<meta property=\"og:description\" content=\"Emo\u00e7\u00e3o, sacrif\u00edcio e \u00e9picos confrontos marcam o grandioso encerramento da saga dos Vingadores no Universo Marvel.\" \/>\n<meta property=\"og:url\" content=\"https:\/\/www.correiobraziliense.com.br\/cbradar\/esse-final-de-saga-vai-mexer-com-todas-as-suas-emocoes\/\" \/>\n<meta property=\"og:site_name\" content=\"Correio Braziliense - Radar\" \/>\n<meta property=\"article:published_time\" content=\"2025-05-14T16:30:00+00:00\" \/>\n<meta property=\"og:image\" content=\"https:\/\/www.correiobraziliense.com.br\/cbradar\/wp-content\/uploads\/2025\/05\/Vingadores-Ultimato.png\" \/>\n\t<meta property=\"og:image:width\" content=\"1280\" \/>\n\t<meta property=\"og:image:height\" content=\"720\" \/>\n\t<meta property=\"og:image:type\" content=\"image\/png\" \/>\n<meta name=\"author\" content=\"Larissa Carvalho\" \/>\n<meta name=\"twitter:card\" content=\"summary_large_image\" \/>\n<meta name=\"twitter:label1\" content=\"Escrito por\" \/>\n\t<meta name=\"twitter:data1\" content=\"Larissa Carvalho\" \/>\n\t<meta name=\"twitter:label2\" content=\"Est. tempo de leitura\" \/>\n\t<meta name=\"twitter:data2\" content=\"4 minutos\" \/>\n<!-- \/ Yoast SEO plugin. -->","yoast_head_json":{"title":"Esse final de saga vai mexer com todas as suas emo\u00e7\u00f5es","description":"Emo\u00e7\u00e3o, sacrif\u00edcio e \u00e9picos confrontos marcam o grandioso encerramento da saga dos Vingadores no Universo Marvel.","robots":{"index":"index","follow":"follow","max-snippet":"max-snippet:-1","max-image-preview":"max-image-preview:large","max-video-preview":"max-video-preview:-1"},"canonical":"https:\/\/www.correiobraziliense.com.br\/cbradar\/esse-final-de-saga-vai-mexer-com-todas-as-suas-emocoes\/","og_locale":"pt_BR","og_type":"article","og_title":"Esse final de saga vai mexer com todas as suas emo\u00e7\u00f5es","og_description":"Emo\u00e7\u00e3o, sacrif\u00edcio e \u00e9picos confrontos marcam o grandioso encerramento da saga dos Vingadores no Universo Marvel.","og_url":"https:\/\/www.correiobraziliense.com.br\/cbradar\/esse-final-de-saga-vai-mexer-com-todas-as-suas-emocoes\/","og_site_name":"Correio Braziliense - Radar","article_published_time":"2025-05-14T16:30:00+00:00","og_image":[{"width":1280,"height":720,"url":"https:\/\/www.correiobraziliense.com.br\/cbradar\/wp-content\/uploads\/2025\/05\/Vingadores-Ultimato.png","type":"image\/png"}],"author":"Larissa Carvalho","twitter_card":"summary_large_image","twitter_misc":{"Escrito por":"Larissa Carvalho","Est. tempo de leitura":"4 minutos"},"schema":{"@context":"https:\/\/schema.org","@graph":[{"@type":"WebPage","@id":"https:\/\/www.correiobraziliense.com.br\/cbradar\/esse-final-de-saga-vai-mexer-com-todas-as-suas-emocoes\/","url":"https:\/\/www.correiobraziliense.com.br\/cbradar\/esse-final-de-saga-vai-mexer-com-todas-as-suas-emocoes\/","name":"Esse final de saga vai mexer com todas as suas emo\u00e7\u00f5es","isPartOf":{"@id":"https:\/\/www.correiobraziliense.com.br\/cbradar\/#website"},"primaryImageOfPage":{"@id":"https:\/\/www.correiobraziliense.com.br\/cbradar\/esse-final-de-saga-vai-mexer-com-todas-as-suas-emocoes\/#primaryimage"},"image":{"@id":"https:\/\/www.correiobraziliense.com.br\/cbradar\/esse-final-de-saga-vai-mexer-com-todas-as-suas-emocoes\/#primaryimage"},"thumbnailUrl":"https:\/\/www.correiobraziliense.com.br\/cbradar\/wp-content\/uploads\/2025\/05\/Vingadores-Ultimato.png","datePublished":"2025-05-14T16:30:00+00:00","author":{"@id":"https:\/\/www.correiobraziliense.com.br\/cbradar\/#\/schema\/person\/58422787644df994b53a19d3e56c1513"},"description":"Emo\u00e7\u00e3o, sacrif\u00edcio e \u00e9picos confrontos marcam o grandioso encerramento da saga dos Vingadores no Universo Marvel.","breadcrumb":{"@id":"https:\/\/www.correiobraziliense.com.br\/cbradar\/esse-final-de-saga-vai-mexer-com-todas-as-suas-emocoes\/#breadcrumb"},"inLanguage":"pt-BR","potentialAction":[{"@type":"ReadAction","target":["https:\/\/www.correiobraziliense.com.br\/cbradar\/esse-final-de-saga-vai-mexer-com-todas-as-suas-emocoes\/"]}]},{"@type":"ImageObject","inLanguage":"pt-BR","@id":"https:\/\/www.correiobraziliense.com.br\/cbradar\/esse-final-de-saga-vai-mexer-com-todas-as-suas-emocoes\/#primaryimage","url":"https:\/\/www.correiobraziliense.com.br\/cbradar\/wp-content\/uploads\/2025\/05\/Vingadores-Ultimato.png","contentUrl":"https:\/\/www.correiobraziliense.com.br\/cbradar\/wp-content\/uploads\/2025\/05\/Vingadores-Ultimato.png","width":1280,"height":720,"caption":"Vingadores: Ultimato. Fonte: divulga\u00e7\u00e3o \/ Marvel"},{"@type":"BreadcrumbList","@id":"https:\/\/www.correiobraziliense.com.br\/cbradar\/esse-final-de-saga-vai-mexer-com-todas-as-suas-emocoes\/#breadcrumb","itemListElement":[{"@type":"ListItem","position":1,"name":"In\u00edcio","item":"https:\/\/www.correiobraziliense.com.br\/cbradar\/"},{"@type":"ListItem","position":2,"name":"Esse final de saga vai mexer com todas as suas emo\u00e7\u00f5es"}]},{"@type":"WebSite","@id":"https:\/\/www.correiobraziliense.com.br\/cbradar\/#website","url":"https:\/\/www.correiobraziliense.com.br\/cbradar\/","name":"Correio Braziliense - Radar","description":"Acompanhe as \u00faltimas not\u00edcias e fique bem informado sobre tudo o que acontece no Brasil e no mundo.","potentialAction":[{"@type":"SearchAction","target":{"@type":"EntryPoint","urlTemplate":"https:\/\/www.correiobraziliense.com.br\/cbradar\/?s={search_term_string}"},"query-input":{"@type":"PropertyValueSpecification","valueRequired":true,"valueName":"search_term_string"}}],"inLanguage":"pt-BR"},{"@type":"Person","@id":"https:\/\/www.correiobraziliense.com.br\/cbradar\/#\/schema\/person\/58422787644df994b53a19d3e56c1513","name":"Larissa Carvalho","image":{"@type":"ImageObject","inLanguage":"pt-BR","@id":"https:\/\/www.correiobraziliense.com.br\/cbradar\/#\/schema\/person\/image\/","url":"https:\/\/secure.gravatar.com\/avatar\/fe4f91a0de32b52a838d0d612abdc1aa?s=96&d=mm&r=g","contentUrl":"https:\/\/secure.gravatar.com\/avatar\/fe4f91a0de32b52a838d0d612abdc1aa?s=96&d=mm&r=g","caption":"Larissa Carvalho"},"url":"https:\/\/www.correiobraziliense.com.br\/cbradar\/author\/larissamyth\/"}]}},"_links":{"self":[{"href":"https:\/\/www.correiobraziliense.com.br\/cbradar\/wp-json\/wp\/v2\/posts\/36333","targetHints":{"allow":["GET"]}}],"collection":[{"href":"https:\/\/www.correiobraziliense.com.br\/cbradar\/wp-json\/wp\/v2\/posts"}],"about":[{"href":"https:\/\/www.correiobraziliense.com.br\/cbradar\/wp-json\/wp\/v2\/types\/post"}],"author":[{"embeddable":true,"href":"https:\/\/www.correiobraziliense.com.br\/cbradar\/wp-json\/wp\/v2\/users\/3"}],"replies":[{"embeddable":true,"href":"https:\/\/www.correiobraziliense.com.br\/cbradar\/wp-json\/wp\/v2\/comments?post=36333"}],"version-history":[{"count":1,"href":"https:\/\/www.correiobraziliense.com.br\/cbradar\/wp-json\/wp\/v2\/posts\/36333\/revisions"}],"predecessor-version":[{"id":36338,"href":"https:\/\/www.correiobraziliense.com.br\/cbradar\/wp-json\/wp\/v2\/posts\/36333\/revisions\/36338"}],"wp:featuredmedia":[{"embeddable":true,"href":"https:\/\/www.correiobraziliense.com.br\/cbradar\/wp-json\/wp\/v2\/media\/36337"}],"wp:attachment":[{"href":"https:\/\/www.correiobraziliense.com.br\/cbradar\/wp-json\/wp\/v2\/media?parent=36333"}],"wp:term":[{"taxonomy":"category","embeddable":true,"href":"https:\/\/www.correiobraziliense.com.br\/cbradar\/wp-json\/wp\/v2\/categories?post=36333"},{"taxonomy":"post_tag","embeddable":true,"href":"https:\/\/www.correiobraziliense.com.br\/cbradar\/wp-json\/wp\/v2\/post_tag?post=36333"}],"curies":[{"name":"wp","href":"https:\/\/api.w.org\/{rel}","templated":true}]}}