{"id":36339,"date":"2025-05-14T15:30:00","date_gmt":"2025-05-14T18:30:00","guid":{"rendered":"https:\/\/www.correiobraziliense.com.br\/cbradar\/?p=36339"},"modified":"2025-05-13T18:47:58","modified_gmt":"2025-05-13T21:47:58","slug":"melhor-escolha-para-quem-ama-ficcao-pos-apocaliptica","status":"publish","type":"post","link":"https:\/\/www.correiobraziliense.com.br\/cbradar\/melhor-escolha-para-quem-ama-ficcao-pos-apocaliptica\/","title":{"rendered":"Melhor escolha para quem ama fic\u00e7\u00e3o p\u00f3s-apocal\u00edptica"},"content":{"rendered":"\n<p><strong>The 100<\/strong> \u00e9 uma s\u00e9rie de fic\u00e7\u00e3o cient\u00edfica e drama criada por <strong>Jason Rothenberg<\/strong>, baseada nos livros de <strong>Kass Morgan<\/strong>. Lan\u00e7ada em 2014, a hist\u00f3ria come\u00e7a 97 anos ap\u00f3s uma guerra nuclear devastar a Terra. Os sobreviventes vivem em uma esta\u00e7\u00e3o espacial chamada <strong>Arca<\/strong>, onde os recursos s\u00e3o escassos e a lei \u00e9 implac\u00e1vel.<\/p>\n\n\n\n<p>Para testar se a Terra voltou a ser habit\u00e1vel, cem jovens prisioneiros s\u00e3o enviados ao planeta. L\u00e1, eles descobrem que n\u00e3o est\u00e3o sozinhos e que o mundo agora \u00e9 hostil e imprevis\u00edvel. Ao longo das temporadas, a s\u00e9rie evolui de uma hist\u00f3ria de sobreviv\u00eancia juvenil para um \u00e9pico moral e pol\u00edtico sobre o futuro da humanidade.<\/p>\n\n\n\n<h2 class=\"wp-block-heading\">Quem s\u00e3o os personagens principais?<\/h2>\n\n\n\n<ul class=\"wp-block-list\">\n<li><strong>Clarke Griffin<\/strong> (Eliza Taylor): l\u00edder inteligente e emocionalmente complexa.<\/li>\n\n\n\n<li><strong>Bellamy Blake<\/strong> (Bob Morley): inicialmente impulsivo, se torna um estrategista e guerreiro.<\/li>\n\n\n\n<li><strong>Octavia Blake<\/strong> (Marie Avgeropoulos): irm\u00e3 de Bellamy, marcada por sua transforma\u00e7\u00e3o brutal.<\/li>\n\n\n\n<li><strong>Raven Reyes<\/strong>, <strong>John Murphy<\/strong>, <strong>Marcus Kane<\/strong>, <strong>Abby Griffin<\/strong>, <strong>Lexa<\/strong> e outros personagens completam um elenco diverso e com arcos profundos.<\/li>\n<\/ul>\n\n\n\n<p>As rela\u00e7\u00f5es entre eles s\u00e3o repletas de lealdade, conflito, amor e trai\u00e7\u00e3o, refletindo as complexidades do mundo em que vivem.<\/p>\n\n\n\n<h2 class=\"wp-block-heading\">Como a s\u00e9rie evolui ao longo das temporadas?<\/h2>\n\n\n\n<p>O que come\u00e7a como um drama de sobreviv\u00eancia se transforma em uma s\u00e9rie sobre sociedade, moralidade e sacrif\u00edcio. Cada temporada introduz novas amea\u00e7as e dilemas \u00e9ticos: guerra entre tribos, intelig\u00eancia artificial, viagens espaciais e at\u00e9 saltos no tempo.<\/p>\n\n\n\n<p>A constante \u00e9 a luta entre o que \u00e9 certo e o que \u00e9 necess\u00e1rio. <em>The 100<\/em> n\u00e3o tem medo de matar personagens importantes ou colocar seus protagonistas em decis\u00f5es quase imposs\u00edveis. Isso mant\u00e9m a tens\u00e3o alta e o envolvimento emocional constante.<\/p>\n\n\n\n<figure class=\"wp-block-image size-large\"><img decoding=\"async\" width=\"1024\" height=\"576\" src=\"https:\/\/www.correiobraziliense.com.br\/cbradar\/wp-content\/uploads\/2025\/05\/The-100-1024x576.png\" alt=\"Melhor escolha para quem ama fic\u00e7\u00e3o p\u00f3s-apocal\u00edptica\" class=\"wp-image-36342\" srcset=\"https:\/\/www.correiobraziliense.com.br\/cbradar\/wp-content\/uploads\/2025\/05\/The-100-1024x576.png 1024w, https:\/\/www.correiobraziliense.com.br\/cbradar\/wp-content\/uploads\/2025\/05\/The-100-300x169.png 300w, https:\/\/www.correiobraziliense.com.br\/cbradar\/wp-content\/uploads\/2025\/05\/The-100-768x432.png 768w, https:\/\/www.correiobraziliense.com.br\/cbradar\/wp-content\/uploads\/2025\/05\/The-100-750x422.png 750w, https:\/\/www.correiobraziliense.com.br\/cbradar\/wp-content\/uploads\/2025\/05\/The-100-1140x641.png 1140w, https:\/\/www.correiobraziliense.com.br\/cbradar\/wp-content\/uploads\/2025\/05\/The-100.png 1280w\" sizes=\"(max-width: 1024px) 100vw, 1024px\" \/><figcaption class=\"wp-element-caption\">The 100. Fonte: divulga\u00e7\u00e3o \/ CW<\/figcaption><\/figure>\n\n\n\n<h2 class=\"wp-block-heading\">Vale a pena assistir The 100?<\/h2>\n\n\n\n<p>Sim, especialmente para quem gosta de fic\u00e7\u00e3o com conte\u00fado filos\u00f3fico e emocional. A s\u00e9rie desafia o espectador a refletir sobre lideran\u00e7a, sobreviv\u00eancia e a natureza humana em condi\u00e7\u00f5es extremas.<\/p>\n\n\n\n<p>Embora tenha altos e baixos narrativos, a ousadia de suas reviravoltas e a intensidade dos arcos emocionais fazem valer a pena. \u00c9 uma hist\u00f3ria que cresce com seus personagens e questiona o que \u00e9 preciso para reconstruir um mundo.<\/p>\n\n\n\n<h2 class=\"wp-block-heading\">Curiosidades sobre The 100<\/h2>\n\n\n\n<ul class=\"wp-block-list\">\n<li>Originalmente planejada como uma s\u00e9rie teen, rapidamente ganhou tons mais sombrios e adultos.<\/li>\n\n\n\n<li>A s\u00e9rie foi filmada quase inteiramente no Canad\u00e1, com cen\u00e1rios naturais marcantes.<\/li>\n\n\n\n<li><strong>Eliza Taylor<\/strong> e <strong>Bob Morley<\/strong> se casaram na vida real durante a produ\u00e7\u00e3o.<\/li>\n\n\n\n<li>Ao longo das 7 temporadas, o t\u00edtulo \u201cThe 100\u201d se torna mais simb\u00f3lico do que literal.<\/li>\n<\/ul>\n\n\n\n<iframe loading=\"lazy\" width=\"560\" height=\"315\" src=\"https:\/\/www.youtube.com\/embed\/aDrsItJ_HU4?si=OfqjrZncUxDz3xBU\" title=\"YouTube video player\" frameborder=\"0\" allow=\"accelerometer; autoplay; clipboard-write; encrypted-media; gyroscope; picture-in-picture; web-share\" referrerpolicy=\"strict-origin-when-cross-origin\" allowfullscreen><\/iframe>\n\n\n\n<h2 class=\"wp-block-heading\">FAQ &#8211; Perguntas frequentes<\/h2>\n\n\n\n<ul class=\"wp-block-list\">\n<li><strong>Onde assistir The 100?<\/strong>\n<ul class=\"wp-block-list\">\n<li>Dispon\u00edvel na <strong>Netflix<\/strong> e na <strong>HBO Max<\/strong> no Brasil.<\/li>\n<\/ul>\n<\/li>\n\n\n\n<li><strong>Quem est\u00e1 no elenco principal?<\/strong>\n<ul class=\"wp-block-list\">\n<li><strong>Eliza Taylor<\/strong>, <strong>Bob Morley<\/strong>, <strong>Marie Avgeropoulos<\/strong>, <strong>Lindsey Morgan<\/strong>, <strong>Richard Harmon<\/strong>, <strong>Paige Turco<\/strong>, <strong>Henry Ian Cusick<\/strong>.<\/li>\n<\/ul>\n<\/li>\n\n\n\n<li><strong>Qual o ano de lan\u00e7amento da s\u00e9rie?<\/strong>\n<ul class=\"wp-block-list\">\n<li><em>The 100<\/em> estreou em 2014 e foi finalizada em 2020, com 7 temporadas.<\/li>\n<\/ul>\n<\/li>\n\n\n\n<li><strong>Qual a produtora respons\u00e1vel pela s\u00e9rie?<\/strong>\n<ul class=\"wp-block-list\">\n<li>Produzida pela <strong>Alloy Entertainment<\/strong> e <strong>Warner Bros. Television<\/strong>, exibida originalmente pela <strong>The CW<\/strong>.<\/li>\n<\/ul>\n<\/li>\n<\/ul>\n","protected":false},"excerpt":{"rendered":"<p>Cem jovens s\u00e3o enviados de volta \u00e0 Terra p\u00f3s-apocal\u00edptica em uma s\u00e9rie repleta de dilemas morais, a\u00e7\u00e3o e sobreviv\u00eancia.<\/p>\n","protected":false},"author":3,"featured_media":36341,"comment_status":"open","ping_status":"open","sticky":false,"template":"","format":"standard","meta":{"_yoast_wpseo_focuskw":"The 100","_yoast_wpseo_title":"%%title%%","_yoast_wpseo_metadesc":"Cem jovens s\u00e3o enviados de volta \u00e0 Terra p\u00f3s-apocal\u00edptica em uma s\u00e9rie repleta de dilemas morais, a\u00e7\u00e3o e sobreviv\u00eancia.","jnews-multi-image_gallery":[],"jnews_single_post":{"format":"standard"},"jnews_primary_category":[],"jnews_social_meta":[],"jnews_override_counter":[],"footnotes":""},"categories":[140],"post_tag":[568],"class_list":["post-36339","post","type-post","status-publish","format-standard","has-post-thumbnail","hentry","category-entretenimento","tag-series-e-filmes"],"yoast_head":"<!-- This site is optimized with the Yoast SEO plugin v24.6 - https:\/\/yoast.com\/wordpress\/plugins\/seo\/ -->\n<title>Melhor escolha para quem ama fic\u00e7\u00e3o p\u00f3s-apocal\u00edptica<\/title>\n<meta name=\"description\" content=\"Cem jovens s\u00e3o enviados de volta \u00e0 Terra p\u00f3s-apocal\u00edptica em uma s\u00e9rie repleta de dilemas morais, a\u00e7\u00e3o e sobreviv\u00eancia.\" \/>\n<meta name=\"robots\" content=\"index, follow, max-snippet:-1, max-image-preview:large, max-video-preview:-1\" \/>\n<link rel=\"canonical\" href=\"https:\/\/www.correiobraziliense.com.br\/cbradar\/melhor-escolha-para-quem-ama-ficcao-pos-apocaliptica\/\" \/>\n<meta property=\"og:locale\" content=\"pt_BR\" \/>\n<meta property=\"og:type\" content=\"article\" \/>\n<meta property=\"og:title\" content=\"Melhor escolha para quem ama fic\u00e7\u00e3o p\u00f3s-apocal\u00edptica\" \/>\n<meta property=\"og:description\" content=\"Cem jovens s\u00e3o enviados de volta \u00e0 Terra p\u00f3s-apocal\u00edptica em uma s\u00e9rie repleta de dilemas morais, a\u00e7\u00e3o e sobreviv\u00eancia.\" \/>\n<meta property=\"og:url\" content=\"https:\/\/www.correiobraziliense.com.br\/cbradar\/melhor-escolha-para-quem-ama-ficcao-pos-apocaliptica\/\" \/>\n<meta property=\"og:site_name\" content=\"Correio Braziliense - Radar\" \/>\n<meta property=\"article:published_time\" content=\"2025-05-14T18:30:00+00:00\" \/>\n<meta property=\"og:image\" content=\"https:\/\/www.correiobraziliense.com.br\/cbradar\/wp-content\/uploads\/2025\/05\/The-100-2.png\" \/>\n\t<meta property=\"og:image:width\" content=\"1280\" \/>\n\t<meta property=\"og:image:height\" content=\"720\" \/>\n\t<meta property=\"og:image:type\" content=\"image\/png\" \/>\n<meta name=\"author\" content=\"Larissa Carvalho\" \/>\n<meta name=\"twitter:card\" content=\"summary_large_image\" \/>\n<meta name=\"twitter:label1\" content=\"Escrito por\" \/>\n\t<meta name=\"twitter:data1\" content=\"Larissa Carvalho\" \/>\n\t<meta name=\"twitter:label2\" content=\"Est. tempo de leitura\" \/>\n\t<meta name=\"twitter:data2\" content=\"4 minutos\" \/>\n<!-- \/ Yoast SEO plugin. -->","yoast_head_json":{"title":"Melhor escolha para quem ama fic\u00e7\u00e3o p\u00f3s-apocal\u00edptica","description":"Cem jovens s\u00e3o enviados de volta \u00e0 Terra p\u00f3s-apocal\u00edptica em uma s\u00e9rie repleta de dilemas morais, a\u00e7\u00e3o e sobreviv\u00eancia.","robots":{"index":"index","follow":"follow","max-snippet":"max-snippet:-1","max-image-preview":"max-image-preview:large","max-video-preview":"max-video-preview:-1"},"canonical":"https:\/\/www.correiobraziliense.com.br\/cbradar\/melhor-escolha-para-quem-ama-ficcao-pos-apocaliptica\/","og_locale":"pt_BR","og_type":"article","og_title":"Melhor escolha para quem ama fic\u00e7\u00e3o p\u00f3s-apocal\u00edptica","og_description":"Cem jovens s\u00e3o enviados de volta \u00e0 Terra p\u00f3s-apocal\u00edptica em uma s\u00e9rie repleta de dilemas morais, a\u00e7\u00e3o e sobreviv\u00eancia.","og_url":"https:\/\/www.correiobraziliense.com.br\/cbradar\/melhor-escolha-para-quem-ama-ficcao-pos-apocaliptica\/","og_site_name":"Correio Braziliense - Radar","article_published_time":"2025-05-14T18:30:00+00:00","og_image":[{"width":1280,"height":720,"url":"https:\/\/www.correiobraziliense.com.br\/cbradar\/wp-content\/uploads\/2025\/05\/The-100-2.png","type":"image\/png"}],"author":"Larissa Carvalho","twitter_card":"summary_large_image","twitter_misc":{"Escrito por":"Larissa Carvalho","Est. tempo de leitura":"4 minutos"},"schema":{"@context":"https:\/\/schema.org","@graph":[{"@type":"WebPage","@id":"https:\/\/www.correiobraziliense.com.br\/cbradar\/melhor-escolha-para-quem-ama-ficcao-pos-apocaliptica\/","url":"https:\/\/www.correiobraziliense.com.br\/cbradar\/melhor-escolha-para-quem-ama-ficcao-pos-apocaliptica\/","name":"Melhor escolha para quem ama fic\u00e7\u00e3o p\u00f3s-apocal\u00edptica","isPartOf":{"@id":"https:\/\/www.correiobraziliense.com.br\/cbradar\/#website"},"primaryImageOfPage":{"@id":"https:\/\/www.correiobraziliense.com.br\/cbradar\/melhor-escolha-para-quem-ama-ficcao-pos-apocaliptica\/#primaryimage"},"image":{"@id":"https:\/\/www.correiobraziliense.com.br\/cbradar\/melhor-escolha-para-quem-ama-ficcao-pos-apocaliptica\/#primaryimage"},"thumbnailUrl":"https:\/\/www.correiobraziliense.com.br\/cbradar\/wp-content\/uploads\/2025\/05\/The-100-2.png","datePublished":"2025-05-14T18:30:00+00:00","author":{"@id":"https:\/\/www.correiobraziliense.com.br\/cbradar\/#\/schema\/person\/58422787644df994b53a19d3e56c1513"},"description":"Cem jovens s\u00e3o enviados de volta \u00e0 Terra p\u00f3s-apocal\u00edptica em uma s\u00e9rie repleta de dilemas morais, a\u00e7\u00e3o e sobreviv\u00eancia.","breadcrumb":{"@id":"https:\/\/www.correiobraziliense.com.br\/cbradar\/melhor-escolha-para-quem-ama-ficcao-pos-apocaliptica\/#breadcrumb"},"inLanguage":"pt-BR","potentialAction":[{"@type":"ReadAction","target":["https:\/\/www.correiobraziliense.com.br\/cbradar\/melhor-escolha-para-quem-ama-ficcao-pos-apocaliptica\/"]}]},{"@type":"ImageObject","inLanguage":"pt-BR","@id":"https:\/\/www.correiobraziliense.com.br\/cbradar\/melhor-escolha-para-quem-ama-ficcao-pos-apocaliptica\/#primaryimage","url":"https:\/\/www.correiobraziliense.com.br\/cbradar\/wp-content\/uploads\/2025\/05\/The-100-2.png","contentUrl":"https:\/\/www.correiobraziliense.com.br\/cbradar\/wp-content\/uploads\/2025\/05\/The-100-2.png","width":1280,"height":720,"caption":"The 100. Fonte: divulga\u00e7\u00e3o \/ CW"},{"@type":"BreadcrumbList","@id":"https:\/\/www.correiobraziliense.com.br\/cbradar\/melhor-escolha-para-quem-ama-ficcao-pos-apocaliptica\/#breadcrumb","itemListElement":[{"@type":"ListItem","position":1,"name":"In\u00edcio","item":"https:\/\/www.correiobraziliense.com.br\/cbradar\/"},{"@type":"ListItem","position":2,"name":"Melhor escolha para quem ama fic\u00e7\u00e3o p\u00f3s-apocal\u00edptica"}]},{"@type":"WebSite","@id":"https:\/\/www.correiobraziliense.com.br\/cbradar\/#website","url":"https:\/\/www.correiobraziliense.com.br\/cbradar\/","name":"Correio Braziliense - Radar","description":"Acompanhe as \u00faltimas not\u00edcias e fique bem informado sobre tudo o que acontece no Brasil e no mundo.","potentialAction":[{"@type":"SearchAction","target":{"@type":"EntryPoint","urlTemplate":"https:\/\/www.correiobraziliense.com.br\/cbradar\/?s={search_term_string}"},"query-input":{"@type":"PropertyValueSpecification","valueRequired":true,"valueName":"search_term_string"}}],"inLanguage":"pt-BR"},{"@type":"Person","@id":"https:\/\/www.correiobraziliense.com.br\/cbradar\/#\/schema\/person\/58422787644df994b53a19d3e56c1513","name":"Larissa Carvalho","image":{"@type":"ImageObject","inLanguage":"pt-BR","@id":"https:\/\/www.correiobraziliense.com.br\/cbradar\/#\/schema\/person\/image\/","url":"https:\/\/secure.gravatar.com\/avatar\/fe4f91a0de32b52a838d0d612abdc1aa?s=96&d=mm&r=g","contentUrl":"https:\/\/secure.gravatar.com\/avatar\/fe4f91a0de32b52a838d0d612abdc1aa?s=96&d=mm&r=g","caption":"Larissa Carvalho"},"url":"https:\/\/www.correiobraziliense.com.br\/cbradar\/author\/larissamyth\/"}]}},"_links":{"self":[{"href":"https:\/\/www.correiobraziliense.com.br\/cbradar\/wp-json\/wp\/v2\/posts\/36339","targetHints":{"allow":["GET"]}}],"collection":[{"href":"https:\/\/www.correiobraziliense.com.br\/cbradar\/wp-json\/wp\/v2\/posts"}],"about":[{"href":"https:\/\/www.correiobraziliense.com.br\/cbradar\/wp-json\/wp\/v2\/types\/post"}],"author":[{"embeddable":true,"href":"https:\/\/www.correiobraziliense.com.br\/cbradar\/wp-json\/wp\/v2\/users\/3"}],"replies":[{"embeddable":true,"href":"https:\/\/www.correiobraziliense.com.br\/cbradar\/wp-json\/wp\/v2\/comments?post=36339"}],"version-history":[{"count":1,"href":"https:\/\/www.correiobraziliense.com.br\/cbradar\/wp-json\/wp\/v2\/posts\/36339\/revisions"}],"predecessor-version":[{"id":36343,"href":"https:\/\/www.correiobraziliense.com.br\/cbradar\/wp-json\/wp\/v2\/posts\/36339\/revisions\/36343"}],"wp:featuredmedia":[{"embeddable":true,"href":"https:\/\/www.correiobraziliense.com.br\/cbradar\/wp-json\/wp\/v2\/media\/36341"}],"wp:attachment":[{"href":"https:\/\/www.correiobraziliense.com.br\/cbradar\/wp-json\/wp\/v2\/media?parent=36339"}],"wp:term":[{"taxonomy":"category","embeddable":true,"href":"https:\/\/www.correiobraziliense.com.br\/cbradar\/wp-json\/wp\/v2\/categories?post=36339"},{"taxonomy":"post_tag","embeddable":true,"href":"https:\/\/www.correiobraziliense.com.br\/cbradar\/wp-json\/wp\/v2\/post_tag?post=36339"}],"curies":[{"name":"wp","href":"https:\/\/api.w.org\/{rel}","templated":true}]}}