{"id":36569,"date":"2025-05-14T17:50:00","date_gmt":"2025-05-14T20:50:00","guid":{"rendered":"https:\/\/www.correiobraziliense.com.br\/cbradar\/?p=36569"},"modified":"2025-05-13T23:53:25","modified_gmt":"2025-05-14T02:53:25","slug":"cidade-rica-em-cultura-alema-e-qualidade-de-vida-no-coracao-de-santa-catarina","status":"publish","type":"post","link":"https:\/\/www.correiobraziliense.com.br\/cbradar\/cidade-rica-em-cultura-alema-e-qualidade-de-vida-no-coracao-de-santa-catarina\/","title":{"rendered":"Cidade rica em cultura alem\u00e3 e qualidade de vida no cora\u00e7\u00e3o de Santa Catarina"},"content":{"rendered":"\n<p><strong><a href=\"https:\/\/www.blumenau.sc.gov.br\/\" target=\"_blank\" rel=\"noreferrer noopener\">Blumenau<\/a><\/strong>, localizada no estado de <strong><a href=\"https:\/\/www.correiobraziliense.com.br\/cbradar\/esse-vilarejo-em-santa-catarina-e-conhecido-pelo-silencio-absoluto-e-ar-puro\/\" target=\"_blank\" rel=\"noreferrer noopener\">Santa Catarina<\/a><\/strong>, \u00e9 uma cidade que une a tradi\u00e7\u00e3o da cultura alem\u00e3 com a modernidade de um polo econ\u00f4mico e tur\u00edstico. Conhecida por sua arquitetura encantadora, festas tradicionais como a <strong>Oktoberfest<\/strong> e pela forte heran\u00e7a germ\u00e2nica, <strong>Blumenau<\/strong> se destaca como um dos destinos mais interessantes do sul do Brasil. Al\u00e9m de ser um importante centro industrial e comercial, a cidade oferece uma qualidade de vida que atrai tanto turistas quanto novos moradores em busca de um lugar tranquilo e acolhedor para viver.<\/p>\n\n\n\n<h2 class=\"wp-block-heading\">O que esperar da qualidade de vida de Blumenau?<\/h2>\n\n\n\n<p>A qualidade de vida em <strong>Blumenau<\/strong> \u00e9 um dos principais atrativos para quem escolhe morar na cidade. Com uma infraestrutura bem desenvolvida, <strong>Blumenau<\/strong> oferece servi\u00e7os de sa\u00fade, educa\u00e7\u00e3o e transporte com um padr\u00e3o elevado. As ruas arborizadas e bem cuidadas, juntamente com a tranquilidade do ambiente, tornam a cidade ideal para fam\u00edlias e profissionais em busca de qualidade de vida.<\/p>\n\n\n\n<p>A seguran\u00e7a \u00e9 outro ponto forte, com investimentos cont\u00ednuos para garantir um ambiente mais seguro e agrad\u00e1vel para todos. O transporte p\u00fablico \u00e9 eficiente e a cidade conta com diversas op\u00e7\u00f5es de lazer e cultura, sendo um destino ideal para quem deseja viver com qualidade, sem abrir m\u00e3o das facilidades de uma cidade maior.<\/p>\n\n\n<div class=\"wp-block-image\">\n<figure class=\"aligncenter size-large\"><img decoding=\"async\" width=\"1024\" height=\"576\" src=\"https:\/\/www.correiobraziliense.com.br\/cbradar\/wp-content\/uploads\/2025\/04\/Blumenau_1744267836791-1024x576.jpg\" alt=\"Voc\u00ea conhece a capital brasileira da cerveja? Veja a cidade!\" class=\"wp-image-21667\" srcset=\"https:\/\/www.correiobraziliense.com.br\/cbradar\/wp-content\/uploads\/2025\/04\/Blumenau_1744267836791-1024x576.jpg 1024w, https:\/\/www.correiobraziliense.com.br\/cbradar\/wp-content\/uploads\/2025\/04\/Blumenau_1744267836791-300x169.jpg 300w, https:\/\/www.correiobraziliense.com.br\/cbradar\/wp-content\/uploads\/2025\/04\/Blumenau_1744267836791-768x432.jpg 768w, https:\/\/www.correiobraziliense.com.br\/cbradar\/wp-content\/uploads\/2025\/04\/Blumenau_1744267836791-750x422.jpg 750w, https:\/\/www.correiobraziliense.com.br\/cbradar\/wp-content\/uploads\/2025\/04\/Blumenau_1744267836791-1140x641.jpg 1140w, https:\/\/www.correiobraziliense.com.br\/cbradar\/wp-content\/uploads\/2025\/04\/Blumenau_1744267836791.jpg 1280w\" sizes=\"(max-width: 1024px) 100vw, 1024px\" \/><figcaption class=\"wp-element-caption\">Blumenau, SC \/\/ Cr\u00e9ditos: depositphotos.com \/ diegograndi<\/figcaption><\/figure><\/div>\n\n\n<h2 class=\"wp-block-heading\">Como Blumenau cuida do meio ambiente?<\/h2>\n\n\n\n<p><strong>Blumenau<\/strong> tem investido constantemente em pr\u00e1ticas de sustentabilidade, tanto no planejamento urbano quanto nas a\u00e7\u00f5es ambientais. A cidade conta com diversas \u00e1reas de preserva\u00e7\u00e3o, como o <strong>Parque Natural Municipal de Pedra Branca<\/strong>, onde os moradores e turistas podem desfrutar da natureza local. Al\u00e9m disso, <strong>Blumenau<\/strong> tem se empenhado na gest\u00e3o de res\u00edduos e na promo\u00e7\u00e3o de campanhas de conscientiza\u00e7\u00e3o ambiental.<\/p>\n\n\n\n<p>A mobilidade urbana tamb\u00e9m \u00e9 uma prioridade, com iniciativas para estimular o uso de bicicletas e o transporte coletivo, reduzindo a emiss\u00e3o de poluentes. A preserva\u00e7\u00e3o das \u00e1guas e a prote\u00e7\u00e3o das \u00e1reas verdes s\u00e3o parte importante das pol\u00edticas p\u00fablicas, visando garantir um futuro mais sustent\u00e1vel para a cidade.<\/p>\n\n\n\n<h2 class=\"wp-block-heading\">O sistema educacional de Blumenau<\/h2>\n\n\n\n<p>O sistema educacional de <strong>Blumenau<\/strong> \u00e9 um dos mais completos do estado de <strong>Santa Catarina<\/strong>. A cidade conta com diversas escolas p\u00fablicas e privadas de alta qualidade, que oferecem desde a educa\u00e7\u00e3o infantil at\u00e9 o ensino m\u00e9dio. Al\u00e9m disso, a cidade \u00e9 sede de importantes institui\u00e7\u00f5es de ensino superior, como a <strong>Universidade Regional de Blumenau (FURB)<\/strong>, que oferece uma vasta gama de cursos de gradua\u00e7\u00e3o e p\u00f3s-gradua\u00e7\u00e3o.<\/p>\n\n\n\n<p>A cidade tamb\u00e9m investe na forma\u00e7\u00e3o profissional, com cursos t\u00e9cnicos e de qualifica\u00e7\u00e3o que atendem \u00e0s necessidades do mercado local. Com uma s\u00f3lida base educacional, <strong>Blumenau<\/strong> garante que seus cidad\u00e3os tenham acesso a uma educa\u00e7\u00e3o de qualidade, desde os primeiros anos at\u00e9 a forma\u00e7\u00e3o superior.<\/p>\n\n\n\n<h2 class=\"wp-block-heading\">Economia local e oportunidades de trabalho<\/h2>\n\n\n\n<p>A economia de <strong>Blumenau<\/strong> \u00e9 um dos pilares que sustentam a cidade, sendo conhecida por sua forte ind\u00fastria t\u00eaxtil e o desenvolvimento de empresas nos setores de tecnologia, com\u00e9rcio e servi\u00e7os. A cidade tem se consolidado como um polo de inova\u00e7\u00e3o, com v\u00e1rias empresas de tecnologia e startups surgindo nos \u00faltimos anos.<\/p>\n\n\n\n<p>Al\u00e9m disso, o turismo \u00e9 um setor em constante crescimento, especialmente devido ao grande n\u00famero de visitantes que a cidade recebe durante a <strong>Oktoberfest<\/strong> e outros eventos culturais. Para quem busca trabalho, <strong>Blumenau<\/strong> oferece oportunidades nas \u00e1reas de ind\u00fastria, com\u00e9rcio, tecnologia e turismo, sendo um excelente destino para profissionais qualificados.<\/p>\n\n\n\n<h2 class=\"wp-block-heading\">Principais pontos tur\u00edsticos de Blumenau?<\/h2>\n\n\n\n<p><strong>Blumenau<\/strong> \u00e9 uma cidade rica em cultura e hist\u00f3ria, e seus pontos tur\u00edsticos refletem essa diversidade. O principal destaque \u00e9 a <strong>Oktoberfest<\/strong>, a maior festa alem\u00e3 do Brasil, que atrai milhares de visitantes todos os anos. Al\u00e9m disso, a cidade \u00e9 repleta de constru\u00e7\u00f5es com influ\u00eancia germ\u00e2nica, como a <strong>Vila Germ\u00e2nica<\/strong>, onde s\u00e3o realizados eventos culturais e festivais.<\/p>\n\n\n\n<p>Outros pontos tur\u00edsticos importantes incluem o <strong>Museu da Cerveja<\/strong>, que resgata a tradi\u00e7\u00e3o cervejeira da regi\u00e3o, e o <strong>Parque Ramiro Ruediger<\/strong>, um lugar perfeito para atividades ao ar livre e caminhadas. A <strong>Catedral de S\u00e3o Paulo Ap\u00f3stolo<\/strong> e o <strong>Mercado P\u00fablico de Blumenau<\/strong> tamb\u00e9m s\u00e3o \u00f3timos para quem deseja conhecer um pouco mais sobre a hist\u00f3ria e a arquitetura local.<\/p>\n\n\n\n<h2 class=\"wp-block-heading\">Vale a pena morar em Blumenau?<\/h2>\n\n\n\n<p>Morar em <strong>Blumenau<\/strong> \u00e9 uma excelente op\u00e7\u00e3o para quem busca um estilo de vida mais tranquilo, com excelente qualidade de vida e acesso a diversas comodidades. A cidade oferece um bom equil\u00edbrio entre o urbano e o natural, com bairros bem estruturados, op\u00e7\u00f5es de lazer e uma forte identidade cultural. Al\u00e9m disso, <strong>Blumenau<\/strong> tem uma seguran\u00e7a relativa e um custo de vida mais acess\u00edvel quando comparado a outras grandes cidades brasileiras.<\/p>\n\n\n\n<p>A cidade tamb\u00e9m se destaca pela educa\u00e7\u00e3o e sa\u00fade de qualidade, o que faz dela uma escolha atrativa para fam\u00edlias. Quem opta por viver em <strong>Blumenau<\/strong> pode desfrutar de um ambiente acolhedor e tranquilo, com infraestrutura moderna e diversas op\u00e7\u00f5es de lazer e cultura.<\/p>\n\n\n\n<h2 class=\"wp-block-heading\">Vale a pena visitar Blumenau?<\/h2>\n\n\n\n<p>Visitar <strong>Blumenau<\/strong> \u00e9 uma experi\u00eancia \u00fanica para quem deseja conhecer a cultura alem\u00e3 no Brasil e desfrutar de belas paisagens e uma gastronomia rica. Al\u00e9m da famosa <strong>Oktoberfest<\/strong>, a cidade oferece uma s\u00e9rie de atra\u00e7\u00f5es tur\u00edsticas, como os museus, a arquitetura germ\u00e2nica e os parques. Para quem aprecia uma cidade bem estruturada, com muitas op\u00e7\u00f5es de lazer e eventos culturais, <strong>Blumenau<\/strong> \u00e9 definitivamente um destino que vale a pena explorar.<\/p>\n\n\n\n<p>Al\u00e9m disso, os turistas podem aproveitar o ambiente acolhedor da cidade e a culin\u00e1ria t\u00edpica alem\u00e3, que inclui pratos como o <strong>chucrute<\/strong> e o <strong>joelho de porco<\/strong>, em restaurantes tradicionais. <strong>Blumenau<\/strong> \u00e9 um excelente destino para quem deseja conhecer mais sobre a hist\u00f3ria e as tradi\u00e7\u00f5es germ\u00e2nicas, al\u00e9m de aproveitar a beleza natural e a hospitalidade dos seus habitantes.<\/p>\n","protected":false},"excerpt":{"rendered":"<p>Blumenau, localizada no estado de Santa Catarina, \u00e9 uma cidade que une a tradi\u00e7\u00e3o da cultura alem\u00e3 com a modernidade de um polo econ\u00f4mico e tur\u00edstico. Conhecida por sua arquitetura encantadora, festas tradicionais como a Oktoberfest e pela forte heran\u00e7a germ\u00e2nica, Blumenau se destaca como um dos destinos mais interessantes do sul do Brasil. Al\u00e9m [&hellip;]<\/p>\n","protected":false},"author":8,"featured_media":21666,"comment_status":"open","ping_status":"open","sticky":false,"template":"","format":"standard","meta":{"_yoast_wpseo_focuskw":"Cidade","_yoast_wpseo_title":"","_yoast_wpseo_metadesc":"Explore a cidade catarinense que combina tradi\u00e7\u00e3o alem\u00e3 com qualidade de vida excepcional. Venha saber por que ela \u00e9 t\u00e3o especial.","jnews-multi-image_gallery":[],"jnews_single_post":{"format":"standard"},"jnews_primary_category":[],"jnews_social_meta":[],"jnews_override_counter":[],"footnotes":""},"categories":[108,111],"tags":[3103,851],"class_list":["post-36569","post","type-post","status-publish","format-standard","has-post-thumbnail","hentry","category-cidades","category-turismo","tag-blumenau","tag-santa-catarina"],"yoast_head":"<!-- This site is optimized with the Yoast SEO plugin v24.6 - https:\/\/yoast.com\/wordpress\/plugins\/seo\/ -->\n<title>Cidade rica em cultura alem\u00e3 e qualidade de vida no cora\u00e7\u00e3o de Santa Catarina - Correio Braziliense - Radar<\/title>\n<meta name=\"description\" content=\"Explore a cidade catarinense que combina tradi\u00e7\u00e3o alem\u00e3 com qualidade de vida excepcional. Venha saber por que ela \u00e9 t\u00e3o especial.\" \/>\n<meta name=\"robots\" content=\"index, follow, max-snippet:-1, max-image-preview:large, max-video-preview:-1\" \/>\n<link rel=\"canonical\" href=\"https:\/\/www.correiobraziliense.com.br\/cbradar\/cidade-rica-em-cultura-alema-e-qualidade-de-vida-no-coracao-de-santa-catarina\/\" \/>\n<meta property=\"og:locale\" content=\"pt_BR\" \/>\n<meta property=\"og:type\" content=\"article\" \/>\n<meta property=\"og:title\" content=\"Cidade rica em cultura alem\u00e3 e qualidade de vida no cora\u00e7\u00e3o de Santa Catarina - Correio Braziliense - Radar\" \/>\n<meta property=\"og:description\" content=\"Explore a cidade catarinense que combina tradi\u00e7\u00e3o alem\u00e3 com qualidade de vida excepcional. Venha saber por que ela \u00e9 t\u00e3o especial.\" \/>\n<meta property=\"og:url\" content=\"https:\/\/www.correiobraziliense.com.br\/cbradar\/cidade-rica-em-cultura-alema-e-qualidade-de-vida-no-coracao-de-santa-catarina\/\" \/>\n<meta property=\"og:site_name\" content=\"Correio Braziliense - Radar\" \/>\n<meta property=\"article:published_time\" content=\"2025-05-14T20:50:00+00:00\" \/>\n<meta property=\"og:image\" content=\"https:\/\/www.correiobraziliense.com.br\/cbradar\/wp-content\/uploads\/2025\/04\/Blumenau_1744267818549.jpg\" \/>\n\t<meta property=\"og:image:width\" content=\"1280\" \/>\n\t<meta property=\"og:image:height\" content=\"720\" \/>\n\t<meta property=\"og:image:type\" content=\"image\/jpeg\" \/>\n<meta name=\"author\" content=\"Maura Pereira\" \/>\n<meta name=\"twitter:card\" content=\"summary_large_image\" \/>\n<meta name=\"twitter:label1\" content=\"Escrito por\" \/>\n\t<meta name=\"twitter:data1\" content=\"Maura Pereira\" \/>\n\t<meta name=\"twitter:label2\" content=\"Est. tempo de leitura\" \/>\n\t<meta name=\"twitter:data2\" content=\"6 minutos\" \/>\n<!-- \/ Yoast SEO plugin. -->","yoast_head_json":{"title":"Cidade rica em cultura alem\u00e3 e qualidade de vida no cora\u00e7\u00e3o de Santa Catarina - Correio Braziliense - Radar","description":"Explore a cidade catarinense que combina tradi\u00e7\u00e3o alem\u00e3 com qualidade de vida excepcional. Venha saber por que ela \u00e9 t\u00e3o especial.","robots":{"index":"index","follow":"follow","max-snippet":"max-snippet:-1","max-image-preview":"max-image-preview:large","max-video-preview":"max-video-preview:-1"},"canonical":"https:\/\/www.correiobraziliense.com.br\/cbradar\/cidade-rica-em-cultura-alema-e-qualidade-de-vida-no-coracao-de-santa-catarina\/","og_locale":"pt_BR","og_type":"article","og_title":"Cidade rica em cultura alem\u00e3 e qualidade de vida no cora\u00e7\u00e3o de Santa Catarina - Correio Braziliense - Radar","og_description":"Explore a cidade catarinense que combina tradi\u00e7\u00e3o alem\u00e3 com qualidade de vida excepcional. Venha saber por que ela \u00e9 t\u00e3o especial.","og_url":"https:\/\/www.correiobraziliense.com.br\/cbradar\/cidade-rica-em-cultura-alema-e-qualidade-de-vida-no-coracao-de-santa-catarina\/","og_site_name":"Correio Braziliense - Radar","article_published_time":"2025-05-14T20:50:00+00:00","og_image":[{"width":1280,"height":720,"url":"https:\/\/www.correiobraziliense.com.br\/cbradar\/wp-content\/uploads\/2025\/04\/Blumenau_1744267818549.jpg","type":"image\/jpeg"}],"author":"Maura Pereira","twitter_card":"summary_large_image","twitter_misc":{"Escrito por":"Maura Pereira","Est. tempo de leitura":"6 minutos"},"schema":{"@context":"https:\/\/schema.org","@graph":[{"@type":"WebPage","@id":"https:\/\/www.correiobraziliense.com.br\/cbradar\/cidade-rica-em-cultura-alema-e-qualidade-de-vida-no-coracao-de-santa-catarina\/","url":"https:\/\/www.correiobraziliense.com.br\/cbradar\/cidade-rica-em-cultura-alema-e-qualidade-de-vida-no-coracao-de-santa-catarina\/","name":"Cidade rica em cultura alem\u00e3 e qualidade de vida no cora\u00e7\u00e3o de Santa Catarina - Correio Braziliense - Radar","isPartOf":{"@id":"https:\/\/www.correiobraziliense.com.br\/cbradar\/#website"},"primaryImageOfPage":{"@id":"https:\/\/www.correiobraziliense.com.br\/cbradar\/cidade-rica-em-cultura-alema-e-qualidade-de-vida-no-coracao-de-santa-catarina\/#primaryimage"},"image":{"@id":"https:\/\/www.correiobraziliense.com.br\/cbradar\/cidade-rica-em-cultura-alema-e-qualidade-de-vida-no-coracao-de-santa-catarina\/#primaryimage"},"thumbnailUrl":"https:\/\/www.correiobraziliense.com.br\/cbradar\/wp-content\/uploads\/2025\/04\/Blumenau_1744267818549.jpg","datePublished":"2025-05-14T20:50:00+00:00","author":{"@id":"https:\/\/www.correiobraziliense.com.br\/cbradar\/#\/schema\/person\/4053c651a9bfc785afc6f4cbc9032fd3"},"description":"Explore a cidade catarinense que combina tradi\u00e7\u00e3o alem\u00e3 com qualidade de vida excepcional. Venha saber por que ela \u00e9 t\u00e3o especial.","breadcrumb":{"@id":"https:\/\/www.correiobraziliense.com.br\/cbradar\/cidade-rica-em-cultura-alema-e-qualidade-de-vida-no-coracao-de-santa-catarina\/#breadcrumb"},"inLanguage":"pt-BR","potentialAction":[{"@type":"ReadAction","target":["https:\/\/www.correiobraziliense.com.br\/cbradar\/cidade-rica-em-cultura-alema-e-qualidade-de-vida-no-coracao-de-santa-catarina\/"]}]},{"@type":"ImageObject","inLanguage":"pt-BR","@id":"https:\/\/www.correiobraziliense.com.br\/cbradar\/cidade-rica-em-cultura-alema-e-qualidade-de-vida-no-coracao-de-santa-catarina\/#primaryimage","url":"https:\/\/www.correiobraziliense.com.br\/cbradar\/wp-content\/uploads\/2025\/04\/Blumenau_1744267818549.jpg","contentUrl":"https:\/\/www.correiobraziliense.com.br\/cbradar\/wp-content\/uploads\/2025\/04\/Blumenau_1744267818549.jpg","width":1280,"height":720,"caption":"Aproveite os sabores, festivais e a acolhida especial que s\u00f3 Blumenau oferece. \/\/ Cr\u00e9ditos: depositphotos.com \/ paulobaqueta"},{"@type":"BreadcrumbList","@id":"https:\/\/www.correiobraziliense.com.br\/cbradar\/cidade-rica-em-cultura-alema-e-qualidade-de-vida-no-coracao-de-santa-catarina\/#breadcrumb","itemListElement":[{"@type":"ListItem","position":1,"name":"In\u00edcio","item":"https:\/\/www.correiobraziliense.com.br\/cbradar\/"},{"@type":"ListItem","position":2,"name":"Cidade rica em cultura alem\u00e3 e qualidade de vida no cora\u00e7\u00e3o de Santa Catarina"}]},{"@type":"WebSite","@id":"https:\/\/www.correiobraziliense.com.br\/cbradar\/#website","url":"https:\/\/www.correiobraziliense.com.br\/cbradar\/","name":"Correio Braziliense - Radar","description":"Acompanhe as \u00faltimas not\u00edcias e fique bem informado sobre tudo o que acontece no Brasil e no mundo.","potentialAction":[{"@type":"SearchAction","target":{"@type":"EntryPoint","urlTemplate":"https:\/\/www.correiobraziliense.com.br\/cbradar\/?s={search_term_string}"},"query-input":{"@type":"PropertyValueSpecification","valueRequired":true,"valueName":"search_term_string"}}],"inLanguage":"pt-BR"},{"@type":"Person","@id":"https:\/\/www.correiobraziliense.com.br\/cbradar\/#\/schema\/person\/4053c651a9bfc785afc6f4cbc9032fd3","name":"Maura Pereira","image":{"@type":"ImageObject","inLanguage":"pt-BR","@id":"https:\/\/www.correiobraziliense.com.br\/cbradar\/#\/schema\/person\/image\/","url":"https:\/\/secure.gravatar.com\/avatar\/3effd6bdadfa447f15089c7f7144eaa6?s=96&d=mm&r=g","contentUrl":"https:\/\/secure.gravatar.com\/avatar\/3effd6bdadfa447f15089c7f7144eaa6?s=96&d=mm&r=g","caption":"Maura Pereira"},"sameAs":["https:\/\/www.correiobraziliense.com.br\/"],"url":"https:\/\/www.correiobraziliense.com.br\/cbradar\/author\/mauramyth\/"}]}},"_links":{"self":[{"href":"https:\/\/www.correiobraziliense.com.br\/cbradar\/wp-json\/wp\/v2\/posts\/36569","targetHints":{"allow":["GET"]}}],"collection":[{"href":"https:\/\/www.correiobraziliense.com.br\/cbradar\/wp-json\/wp\/v2\/posts"}],"about":[{"href":"https:\/\/www.correiobraziliense.com.br\/cbradar\/wp-json\/wp\/v2\/types\/post"}],"author":[{"embeddable":true,"href":"https:\/\/www.correiobraziliense.com.br\/cbradar\/wp-json\/wp\/v2\/users\/8"}],"replies":[{"embeddable":true,"href":"https:\/\/www.correiobraziliense.com.br\/cbradar\/wp-json\/wp\/v2\/comments?post=36569"}],"version-history":[{"count":4,"href":"https:\/\/www.correiobraziliense.com.br\/cbradar\/wp-json\/wp\/v2\/posts\/36569\/revisions"}],"predecessor-version":[{"id":36580,"href":"https:\/\/www.correiobraziliense.com.br\/cbradar\/wp-json\/wp\/v2\/posts\/36569\/revisions\/36580"}],"wp:featuredmedia":[{"embeddable":true,"href":"https:\/\/www.correiobraziliense.com.br\/cbradar\/wp-json\/wp\/v2\/media\/21666"}],"wp:attachment":[{"href":"https:\/\/www.correiobraziliense.com.br\/cbradar\/wp-json\/wp\/v2\/media?parent=36569"}],"wp:term":[{"taxonomy":"category","embeddable":true,"href":"https:\/\/www.correiobraziliense.com.br\/cbradar\/wp-json\/wp\/v2\/categories?post=36569"},{"taxonomy":"post_tag","embeddable":true,"href":"https:\/\/www.correiobraziliense.com.br\/cbradar\/wp-json\/wp\/v2\/tags?post=36569"}],"curies":[{"name":"wp","href":"https:\/\/api.w.org\/{rel}","templated":true}]}}