{"id":36728,"date":"2025-05-17T13:23:00","date_gmt":"2025-05-17T16:23:00","guid":{"rendered":"https:\/\/www.correiobraziliense.com.br\/cbradar\/?p=36728"},"modified":"2025-05-15T11:30:24","modified_gmt":"2025-05-15T14:30:24","slug":"entenda-por-que-os-probioticos-sao-tao-importantes-para-o-seu-intestino","status":"publish","type":"post","link":"https:\/\/www.correiobraziliense.com.br\/cbradar\/entenda-por-que-os-probioticos-sao-tao-importantes-para-o-seu-intestino\/","title":{"rendered":"Entenda por que os probi\u00f3ticos s\u00e3o t\u00e3o importantes para o seu intestino!"},"content":{"rendered":"\n<p>A <strong><a href=\"https:\/\/www.correiobraziliense.com.br\/cbradar\/quem-trabalha-a-noite-pode-maximizar-a-sua-energia-seguindo-esses-passos\/\" target=\"_blank\" rel=\"noreferrer noopener\">sa\u00fade <\/a>intestinal<\/strong> tem ganhado destaque nos \u00faltimos anos, com a ci\u00eancia revelando a complexidade e a import\u00e2ncia da <strong>microbiota intestinal<\/strong> \u2013 a vasta comunidade de bact\u00e9rias, v\u00edrus e fungos que habitam nosso trato digestivo. Essa <strong>microbiota<\/strong> influencia desde a <strong>digest\u00e3o<\/strong> e a absor\u00e7\u00e3o de nutrientes at\u00e9 o <strong>sistema imunol\u00f3gico<\/strong>, o humor e at\u00e9 mesmo o risco de desenvolver <strong>doen\u00e7as cr\u00f4nicas<\/strong>. Nesse contexto, os <strong><a href=\"https:\/\/pt.wikipedia.org\/wiki\/Probi\u00f3tico\" target=\"_blank\" rel=\"noreferrer noopener\">probi\u00f3ticos<\/a><\/strong>, definidos como microrganismos vivos que, quando administrados em quantidades adequadas, conferem um benef\u00edcio \u00e0 <strong>sa\u00fade<\/strong> do hospedeiro, tornaram-se extremamente populares na forma de suplementos e alimentos fortificados. As promessas sobre seus poderes para &#8220;curar&#8221; problemas intestinais e melhorar a <strong>sa\u00fade<\/strong> geral s\u00e3o amplas, mas \u00e9 crucial separar o que \u00e9 apoiado por evid\u00eancias cient\u00edficas do que s\u00e3o apenas <strong>mitos<\/strong> e marketing. &nbsp;<\/p>\n\n\n\n<p>Entender o que os <strong>probi\u00f3ticos<\/strong> realmente fazem, para quais condi\u00e7\u00f5es eles podem ser ben\u00e9ficos e qual a melhor forma de utiliz\u00e1-los \u00e9 fundamental para navegar no mercado de suplementos e tomar decis\u00f5es informadas sobre sua <strong>sa\u00fade intestinal<\/strong>. Embora n\u00e3o sejam uma &#8220;bala m\u00e1gica&#8221; que resolve todos os problemas digestivos, os <strong>probi\u00f3ticos<\/strong> podem ser uma ferramenta \u00fatil para certas situa\u00e7\u00f5es, sempre como parte de um estilo de vida <strong>saud\u00e1vel<\/strong> que inclua uma dieta equilibrada e rica em <strong>fibras<\/strong> (que atuam como <strong>prebi\u00f3ticos<\/strong>, alimentando as bact\u00e9rias ben\u00e9ficas). <strong>Sempre consulte um m\u00e9dico<\/strong> ou nutricionista se voc\u00ea tiver problemas digestivos persistentes ou antes de iniciar a suplementa\u00e7\u00e3o de <strong>probi\u00f3ticos<\/strong>, especialmente em popula\u00e7\u00f5es vulner\u00e1veis.<\/p>\n\n\n\n<h2 class=\"wp-block-heading\">O que s\u00e3o probi\u00f3ticos e como eles interagem com a nossa microbiota intestinal?<\/h2>\n\n\n<div class=\"wp-block-image\">\n<figure class=\"aligncenter size-large\"><img decoding=\"async\" width=\"1024\" height=\"576\" src=\"https:\/\/www.correiobraziliense.com.br\/cbradar\/wp-content\/uploads\/2025\/03\/Probioticos_1741781009238-1024x576.jpg\" alt=\"Entenda por que os probi\u00f3ticos s\u00e3o t\u00e3o importantes para o seu intestino!\" class=\"wp-image-11684\" srcset=\"https:\/\/www.correiobraziliense.com.br\/cbradar\/wp-content\/uploads\/2025\/03\/Probioticos_1741781009238-1024x576.jpg 1024w, https:\/\/www.correiobraziliense.com.br\/cbradar\/wp-content\/uploads\/2025\/03\/Probioticos_1741781009238-300x169.jpg 300w, https:\/\/www.correiobraziliense.com.br\/cbradar\/wp-content\/uploads\/2025\/03\/Probioticos_1741781009238-768x432.jpg 768w, https:\/\/www.correiobraziliense.com.br\/cbradar\/wp-content\/uploads\/2025\/03\/Probioticos_1741781009238-750x422.jpg 750w, https:\/\/www.correiobraziliense.com.br\/cbradar\/wp-content\/uploads\/2025\/03\/Probioticos_1741781009238-1140x641.jpg 1140w, https:\/\/www.correiobraziliense.com.br\/cbradar\/wp-content\/uploads\/2025\/03\/Probioticos_1741781009238.jpg 1280w\" sizes=\"(max-width: 1024px) 100vw, 1024px\" \/><figcaption class=\"wp-element-caption\">Probioticos &#8211; Cr\u00e9ditos: depositphotos.com \/ VadimVasenin<\/figcaption><\/figure><\/div>\n\n\n<p><strong>Probi\u00f3ticos<\/strong> s\u00e3o, essencialmente, bact\u00e9rias &#8220;boas&#8221; ou <strong>ben\u00e9ficas<\/strong> (ou leveduras, em alguns casos) que, ao serem ingeridas vivas em quantidade suficiente, podem temporariamente se juntar \u00e0 nossa <strong>microbiota intestinal<\/strong>. Eles interagem com a <strong>microbiota<\/strong> e com o revestimento do intestino de diversas formas:<\/p>\n\n\n\n<ul class=\"wp-block-list\">\n<li><strong>Competi\u00e7\u00e3o:<\/strong> Competem com bact\u00e9rias &#8220;ruins&#8221; por espa\u00e7o e nutrientes no intestino.<\/li>\n\n\n\n<li><strong>Produ\u00e7\u00e3o de subst\u00e2ncias ben\u00e9ficas:<\/strong> Algumas cepas produzem <strong>\u00e1cidos graxos de cadeia curta<\/strong> (como butirato), que nutrem as c\u00e9lulas do intestino e t\u00eam efeitos anti-inflamat\u00f3rios.<\/li>\n\n\n\n<li><strong>Modula\u00e7\u00e3o do sistema imunol\u00f3gico:<\/strong> Interagem com c\u00e9lulas <strong>imunol\u00f3gicas<\/strong> no intestino, ajudando a &#8220;treinar&#8221; e equilibrar a resposta imune.<\/li>\n\n\n\n<li><strong>Melhora da barreira intestinal:<\/strong> Podem ajudar a fortalecer a barreira que reveste o intestino, impedindo que subst\u00e2ncias nocivas entrem na corrente sangu\u00ednea.<\/li>\n<\/ul>\n\n\n\n<p>As principais categorias de <strong>probi\u00f3ticos<\/strong> encontradas em suplementos incluem esp\u00e9cies de <em>Lactobacillus<\/em> e <em>Bifidobacterium<\/em>, e a levedura <em>Saccharomyces boulardii<\/em>. \u00c9 importante notar que os efeitos dos <strong>probi\u00f3ticos<\/strong> s\u00e3o <strong>cepa-espec\u00edficos<\/strong>, ou seja, os benef\u00edcios de uma <strong>cepa<\/strong> de <em>Lactobacillus acidophilus<\/em> podem ser diferentes dos de outra <strong>cepa<\/strong> da mesma esp\u00e9cie ou de uma <strong>cepa<\/strong> de <em>Bifidobacterium lactis<\/em>.<\/p>\n\n\n\n<h2 class=\"wp-block-heading\">Para quais condi\u00e7\u00f5es de sa\u00fade intestinal os probi\u00f3ticos t\u00eam evid\u00eancias de benef\u00edcio<\/h2>\n\n\n\n<p>A pesquisa sobre <strong>probi\u00f3ticos<\/strong> \u00e9 vasta, mas a evid\u00eancia de benef\u00edcio \u00e9 mais forte para certas condi\u00e7\u00f5es <strong>intestinais<\/strong>:<\/p>\n\n\n\n<ul class=\"wp-block-list\">\n<li><strong>Diarreia associada ao uso de antibi\u00f3ticos:<\/strong> A suplementa\u00e7\u00e3o durante e ap\u00f3s um tratamento com antibi\u00f3ticos pode ajudar a restaurar a <strong>microbiota<\/strong> e reduzir o risco de <strong>diarreia<\/strong>. Algumas <strong>cepas<\/strong>, como <em>Lactobacillus rhamnosus gg<\/em> e <em>Saccharomyces boulardii<\/em>, t\u00eam boas evid\u00eancias para essa aplica\u00e7\u00e3o.<\/li>\n\n\n\n<li><strong>S\u00edndrome do Intestino Irrit\u00e1vel (SII):<\/strong> Certas <strong>cepas<\/strong> de <strong>probi\u00f3ticos<\/strong>, ou misturas de <strong>cepas<\/strong>, podem ajudar a aliviar sintomas da <strong>sii<\/strong> como dor abdominal, incha\u00e7o e altera\u00e7\u00f5es no h\u00e1bito intestinal para algumas pessoas. A resposta varia individualmente.<\/li>\n\n\n\n<li><strong>Diarreia do viajante:<\/strong> Algumas <strong>cepas<\/strong> podem ajudar a prevenir ou reduzir a gravidade da <strong>diarreia<\/strong> adquirida durante viagens.<\/li>\n\n\n\n<li><strong>Doen\u00e7as Inflamat\u00f3rias Intestinais (DII &#8211; Doen\u00e7a de Crohn e Retocolite Ulcerativa):<\/strong> <strong>Probi\u00f3ticos<\/strong> podem ter um papel coadjuvante no manejo da DII, especialmente na manuten\u00e7\u00e3o da remiss\u00e3o em alguns casos de retocolite ulcerativa, mas a evid\u00eancia \u00e9 mista e depende da <strong>cepa<\/strong> e da fase da doen\u00e7a.<\/li>\n<\/ul>\n\n\n\n<p>Para outras condi\u00e7\u00f5es <strong>intestinais<\/strong>, a evid\u00eancia \u00e9 menos robusta ou ainda preliminar.<\/p>\n\n\n\n<h2 class=\"wp-block-heading\">Existem outros benef\u00edcios potenciais dos probi\u00f3ticos al\u00e9m do intestino<\/h2>\n\n\n\n<p>Al\u00e9m da <strong>sa\u00fade intestinal<\/strong> direta, os <strong>probi\u00f3ticos<\/strong> est\u00e3o sendo investigados por potenciais benef\u00edcios em outras \u00e1reas do corpo:<\/p>\n\n\n\n<ul class=\"wp-block-list\">\n<li><strong>Sistema Imunol\u00f3gico:<\/strong> Como grande parte do <strong>sistema imunol\u00f3gico<\/strong> est\u00e1 no intestino, modular a <strong>microbiota<\/strong> com <strong>probi\u00f3ticos<\/strong> pode influenciar a resposta imune geral.<\/li>\n\n\n\n<li><strong>Sa\u00fade Vaginal:<\/strong> Certas esp\u00e9cies de <em>Lactobacillus<\/em> s\u00e3o importantes para a <strong>sa\u00fade<\/strong> da <strong>microbiota<\/strong> vaginal e podem ajudar a prevenir infec\u00e7\u00f5es.<\/li>\n\n\n\n<li><strong>Sa\u00fade Mental (Eixo Intestino-C\u00e9rebro):<\/strong> H\u00e1 um interesse crescente na conex\u00e3o entre a <strong>microbiota intestinal<\/strong> e a <strong>sa\u00fade mental<\/strong>. Alguns estudos preliminares sugerem que certas <strong>cepas<\/strong> de <strong>probi\u00f3ticos<\/strong> podem ter um impacto positivo no <strong>humor<\/strong> e na <strong>ansiedade<\/strong>, mas esta \u00e9 uma \u00e1rea de pesquisa ativa e complexa.<\/li>\n\n\n\n<li><strong>Sa\u00fade da Pele:<\/strong> A conex\u00e3o entre o intestino e a pele sugere que <strong>probi\u00f3ticos<\/strong> podem ter um papel no manejo de condi\u00e7\u00f5es de <strong>pele<\/strong> como acne e eczema, embora a evid\u00eancia ainda seja limitada.<\/li>\n<\/ul>\n\n\n\n<p>\u00c9 importante notar que, para muitos desses benef\u00edcios fora do intestino, a pesquisa ainda est\u00e1 em fases iniciais e a evid\u00eancia para <strong>cepas<\/strong> espec\u00edficas e <strong>dosagens<\/strong> ainda n\u00e3o \u00e9 conclusiva para recomenda\u00e7\u00f5es generalizadas.<\/p>\n\n\n\n<h2 class=\"wp-block-heading\">Quais os mitos comuns sobre o uso de suplementos de probi\u00f3ticos<\/h2>\n\n\n\n<p>V\u00e1rios <strong>mitos<\/strong> cercam o uso de <strong>probi\u00f3ticos<\/strong>:<\/p>\n\n\n\n<ul class=\"wp-block-list\">\n<li><strong>Mito:<\/strong> Todos os probi\u00f3ticos s\u00e3o iguais e t\u00eam os mesmos benef\u00edcios. <strong>Verdade:<\/strong> Os benef\u00edcios dos <strong>probi\u00f3ticos<\/strong> s\u00e3o <strong>cepa-espec\u00edficos<\/strong> e <strong>dosagem-dependentes<\/strong>. O que funciona para uma condi\u00e7\u00e3o ou pessoa pode n\u00e3o funcionar para outra.<\/li>\n\n\n\n<li><strong>Mito:<\/strong> Quanto mais bilh\u00f5es de ufc (unidades formadoras de col\u00f4nias), melhor. <strong>Verdade:<\/strong> A quantidade de <strong>ufc<\/strong> \u00e9 importante, mas a <strong>cepa<\/strong> e a viabilidade das bact\u00e9rias s\u00e3o mais cruciais. Nem sempre uma contagem alt\u00edssima garante maior benef\u00edcio.<\/li>\n\n\n\n<li><strong>Mito:<\/strong> Probi\u00f3ticos curam todos os problemas digestivos. <strong>Verdade:<\/strong> Eles podem ajudar em certas condi\u00e7\u00f5es, mas n\u00e3o s\u00e3o uma cura para todos os males digestivos. A causa subjacente precisa ser tratada.<\/li>\n\n\n\n<li><strong>Mito:<\/strong> Suplementos de probi\u00f3ticos substituem uma dieta saud\u00e1vel. <strong>Verdade:<\/strong> Uma dieta rica em <strong>fibras<\/strong> (<strong>prebi\u00f3ticos<\/strong>) e alimentos integrais \u00e9 fundamental para nutrir a <strong>microbiota<\/strong> residente. <strong>Probi\u00f3ticos<\/strong> complementam, n\u00e3o substituem.<\/li>\n\n\n\n<li><strong>Mito:<\/strong> Probi\u00f3ticos s\u00e3o sempre necess\u00e1rios para todos. <strong>Verdade:<\/strong> Muitas pessoas saud\u00e1veis com uma dieta equilibrada podem ter uma <strong>microbiota<\/strong> saud\u00e1vel sem suplementa\u00e7\u00e3o. O uso pode ser mais ben\u00e9fico em certas situa\u00e7\u00f5es ou popula\u00e7\u00f5es.<\/li>\n<\/ul>\n\n\n\n<p>Basear o uso de <strong>probi\u00f3ticos<\/strong> em evid\u00eancias e <strong>orienta\u00e7\u00e3o profissional<\/strong> \u00e9 crucial.<\/p>\n\n\n\n<h2 class=\"wp-block-heading\">Quais os tipos de probi\u00f3ticos, qual a dosagem adequada e como obt\u00ea-los (suplementos vs. alimentos)<\/h2>\n\n\n\n<p>As principais esp\u00e9cies de <strong>probi\u00f3ticos<\/strong> usadas em suplementos s\u00e3o <em>Lactobacillus<\/em> e <em>Bifidobacterium<\/em>. Dentro dessas esp\u00e9cies, existem in\u00fameras <strong>cepas<\/strong>. Os suplementos variam em <strong>cepas<\/strong> e contagem de <strong>ufc<\/strong> (geralmente de milh\u00f5es a trilh\u00f5es). Podem ser encontrados em c\u00e1psulas, sach\u00eas, l\u00edquidos ou em alimentos.<\/p>\n\n\n\n<p>N\u00e3o h\u00e1 uma <strong>dosagem adequada<\/strong> universal; depende da <strong>cepa<\/strong> e da condi\u00e7\u00e3o a ser tratada. As <strong>dosagens<\/strong> em estudos variam, mas geralmente est\u00e3o na faixa de bilh\u00f5es a dezenas de bilh\u00f5es de <strong>ufc<\/strong> por dia para <strong>cepas<\/strong> espec\u00edficas com evid\u00eancia.<\/p>\n\n\n\n<p><strong>Fontes alimentares:<\/strong><\/p>\n\n\n\n<ul class=\"wp-block-list\">\n<li><strong>Alimentos fermentados:<\/strong> Iogurte natural com culturas vivas e ativas, kefir, chucrute (n\u00e3o pasteurizado), kimchi, kombucha, miss\u00f4. O teor e a variedade de <strong>probi\u00f3ticos<\/strong> podem variar nesses alimentos.<\/li>\n<\/ul>\n\n\n\n<p><strong>Suplementos vs. Alimentos:<\/strong> Alimentos fermentados fornecem <strong>probi\u00f3ticos<\/strong> em uma matriz alimentar complexa, juntamente com <strong>nutrientes<\/strong> e <strong>prebi\u00f3ticos<\/strong>. <strong>Suplementos<\/strong> geralmente fornecem <strong>cepas<\/strong> espec\u00edficas em <strong>dosagens<\/strong> concentradas, o que pode ser necess\u00e1rio para obter um efeito terap\u00eautico para certas condi\u00e7\u00f5es.<\/p>\n\n\n\n<p>A <strong>seguran\u00e7a<\/strong> dos <strong>probi\u00f3ticos<\/strong> \u00e9 geralmente boa para a maioria das pessoas saud\u00e1veis, mas pode haver <strong>efeitos colaterais<\/strong> leves (gases, incha\u00e7o) no in\u00edcio. Pessoas com sistemas imunol\u00f3gicos comprometidos, doen\u00e7as graves ou que est\u00e3o em uso de certos medicamentos devem ter <strong>cautela<\/strong> e <strong>sempre consultar um profissional de sa\u00fade<\/strong> antes de usar <strong>probi\u00f3ticos<\/strong>. A escolha do suplemento e a <strong>dosagem<\/strong> devem ser baseadas em <strong>orienta\u00e7\u00e3o profissional<\/strong> e na evid\u00eancia para <strong>cepas<\/strong> espec\u00edficas para a condi\u00e7\u00e3o desejada.<\/p>\n","protected":false},"excerpt":{"rendered":"<p>A sa\u00fade intestinal tem ganhado destaque nos \u00faltimos anos, com a ci\u00eancia revelando a complexidade e a import\u00e2ncia da microbiota intestinal \u2013 a vasta comunidade de bact\u00e9rias, v\u00edrus e fungos que habitam nosso trato digestivo. Essa microbiota influencia desde a digest\u00e3o e a absor\u00e7\u00e3o de nutrientes at\u00e9 o sistema imunol\u00f3gico, o humor e at\u00e9 mesmo [&hellip;]<\/p>\n","protected":false},"author":11,"featured_media":36732,"comment_status":"open","ping_status":"open","sticky":false,"template":"","format":"standard","meta":{"_yoast_wpseo_focuskw":"probi\u00f3ticos","_yoast_wpseo_title":"","_yoast_wpseo_metadesc":"Os probi\u00f3ticos t\u00eam papel essencial no equil\u00edbrio do intestino e bem-estar geral. Veja por que eles s\u00e3o t\u00e3o valorizados na sa\u00fade di\u00e1ria.","jnews-multi-image_gallery":[],"jnews_single_post":{"format":"standard"},"jnews_primary_category":[],"jnews_social_meta":[],"jnews_override_counter":[],"footnotes":""},"categories":[119],"tags":[120,4635,565],"class_list":["post-36728","post","type-post","status-publish","format-standard","has-post-thumbnail","hentry","category-bem-estar","tag-bem-estar","tag-probioticos","tag-saude"],"yoast_head":"<!-- This site is optimized with the Yoast SEO plugin v24.6 - https:\/\/yoast.com\/wordpress\/plugins\/seo\/ -->\n<title>Entenda por que os probi\u00f3ticos s\u00e3o t\u00e3o importantes para o seu intestino! - Correio Braziliense - Radar<\/title>\n<meta name=\"description\" content=\"Os probi\u00f3ticos t\u00eam papel essencial no equil\u00edbrio do intestino e bem-estar geral. Veja por que eles s\u00e3o t\u00e3o valorizados na sa\u00fade di\u00e1ria.\" \/>\n<meta name=\"robots\" content=\"index, follow, max-snippet:-1, max-image-preview:large, max-video-preview:-1\" \/>\n<link rel=\"canonical\" href=\"https:\/\/www.correiobraziliense.com.br\/cbradar\/entenda-por-que-os-probioticos-sao-tao-importantes-para-o-seu-intestino\/\" \/>\n<meta property=\"og:locale\" content=\"pt_BR\" \/>\n<meta property=\"og:type\" content=\"article\" \/>\n<meta property=\"og:title\" content=\"Entenda por que os probi\u00f3ticos s\u00e3o t\u00e3o importantes para o seu intestino! - Correio Braziliense - Radar\" \/>\n<meta property=\"og:description\" content=\"Os probi\u00f3ticos t\u00eam papel essencial no equil\u00edbrio do intestino e bem-estar geral. Veja por que eles s\u00e3o t\u00e3o valorizados na sa\u00fade di\u00e1ria.\" \/>\n<meta property=\"og:url\" content=\"https:\/\/www.correiobraziliense.com.br\/cbradar\/entenda-por-que-os-probioticos-sao-tao-importantes-para-o-seu-intestino\/\" \/>\n<meta property=\"og:site_name\" content=\"Correio Braziliense - Radar\" \/>\n<meta property=\"article:published_time\" content=\"2025-05-17T16:23:00+00:00\" \/>\n<meta property=\"og:image\" content=\"https:\/\/www.correiobraziliense.com.br\/cbradar\/wp-content\/uploads\/2025\/05\/probioticos_1747229418820.jpg\" \/>\n\t<meta property=\"og:image:width\" content=\"1280\" \/>\n\t<meta property=\"og:image:height\" content=\"720\" \/>\n\t<meta property=\"og:image:type\" content=\"image\/jpeg\" \/>\n<meta name=\"author\" content=\"Paulo Custodio\" \/>\n<meta name=\"twitter:card\" content=\"summary_large_image\" \/>\n<meta name=\"twitter:label1\" content=\"Escrito por\" \/>\n\t<meta name=\"twitter:data1\" content=\"Paulo Custodio\" \/>\n\t<meta name=\"twitter:label2\" content=\"Est. tempo de leitura\" \/>\n\t<meta name=\"twitter:data2\" content=\"8 minutos\" \/>\n<!-- \/ Yoast SEO plugin. -->","yoast_head_json":{"title":"Entenda por que os probi\u00f3ticos s\u00e3o t\u00e3o importantes para o seu intestino! - Correio Braziliense - Radar","description":"Os probi\u00f3ticos t\u00eam papel essencial no equil\u00edbrio do intestino e bem-estar geral. Veja por que eles s\u00e3o t\u00e3o valorizados na sa\u00fade di\u00e1ria.","robots":{"index":"index","follow":"follow","max-snippet":"max-snippet:-1","max-image-preview":"max-image-preview:large","max-video-preview":"max-video-preview:-1"},"canonical":"https:\/\/www.correiobraziliense.com.br\/cbradar\/entenda-por-que-os-probioticos-sao-tao-importantes-para-o-seu-intestino\/","og_locale":"pt_BR","og_type":"article","og_title":"Entenda por que os probi\u00f3ticos s\u00e3o t\u00e3o importantes para o seu intestino! - Correio Braziliense - Radar","og_description":"Os probi\u00f3ticos t\u00eam papel essencial no equil\u00edbrio do intestino e bem-estar geral. Veja por que eles s\u00e3o t\u00e3o valorizados na sa\u00fade di\u00e1ria.","og_url":"https:\/\/www.correiobraziliense.com.br\/cbradar\/entenda-por-que-os-probioticos-sao-tao-importantes-para-o-seu-intestino\/","og_site_name":"Correio Braziliense - Radar","article_published_time":"2025-05-17T16:23:00+00:00","og_image":[{"width":1280,"height":720,"url":"https:\/\/www.correiobraziliense.com.br\/cbradar\/wp-content\/uploads\/2025\/05\/probioticos_1747229418820.jpg","type":"image\/jpeg"}],"author":"Paulo Custodio","twitter_card":"summary_large_image","twitter_misc":{"Escrito por":"Paulo Custodio","Est. tempo de leitura":"8 minutos"},"schema":{"@context":"https:\/\/schema.org","@graph":[{"@type":"WebPage","@id":"https:\/\/www.correiobraziliense.com.br\/cbradar\/entenda-por-que-os-probioticos-sao-tao-importantes-para-o-seu-intestino\/","url":"https:\/\/www.correiobraziliense.com.br\/cbradar\/entenda-por-que-os-probioticos-sao-tao-importantes-para-o-seu-intestino\/","name":"Entenda por que os probi\u00f3ticos s\u00e3o t\u00e3o importantes para o seu intestino! - Correio Braziliense - Radar","isPartOf":{"@id":"https:\/\/www.correiobraziliense.com.br\/cbradar\/#website"},"primaryImageOfPage":{"@id":"https:\/\/www.correiobraziliense.com.br\/cbradar\/entenda-por-que-os-probioticos-sao-tao-importantes-para-o-seu-intestino\/#primaryimage"},"image":{"@id":"https:\/\/www.correiobraziliense.com.br\/cbradar\/entenda-por-que-os-probioticos-sao-tao-importantes-para-o-seu-intestino\/#primaryimage"},"thumbnailUrl":"https:\/\/www.correiobraziliense.com.br\/cbradar\/wp-content\/uploads\/2025\/05\/probioticos_1747229418820.jpg","datePublished":"2025-05-17T16:23:00+00:00","author":{"@id":"https:\/\/www.correiobraziliense.com.br\/cbradar\/#\/schema\/person\/4cec7857301a9a1a2ef249893cd908d3"},"description":"Os probi\u00f3ticos t\u00eam papel essencial no equil\u00edbrio do intestino e bem-estar geral. Veja por que eles s\u00e3o t\u00e3o valorizados na sa\u00fade di\u00e1ria.","breadcrumb":{"@id":"https:\/\/www.correiobraziliense.com.br\/cbradar\/entenda-por-que-os-probioticos-sao-tao-importantes-para-o-seu-intestino\/#breadcrumb"},"inLanguage":"pt-BR","potentialAction":[{"@type":"ReadAction","target":["https:\/\/www.correiobraziliense.com.br\/cbradar\/entenda-por-que-os-probioticos-sao-tao-importantes-para-o-seu-intestino\/"]}]},{"@type":"ImageObject","inLanguage":"pt-BR","@id":"https:\/\/www.correiobraziliense.com.br\/cbradar\/entenda-por-que-os-probioticos-sao-tao-importantes-para-o-seu-intestino\/#primaryimage","url":"https:\/\/www.correiobraziliense.com.br\/cbradar\/wp-content\/uploads\/2025\/05\/probioticos_1747229418820.jpg","contentUrl":"https:\/\/www.correiobraziliense.com.br\/cbradar\/wp-content\/uploads\/2025\/05\/probioticos_1747229418820.jpg","width":1280,"height":720,"caption":"Probi\u00f3tico - Cr\u00e9ditos: depositphotos.com \/ KingVector"},{"@type":"BreadcrumbList","@id":"https:\/\/www.correiobraziliense.com.br\/cbradar\/entenda-por-que-os-probioticos-sao-tao-importantes-para-o-seu-intestino\/#breadcrumb","itemListElement":[{"@type":"ListItem","position":1,"name":"In\u00edcio","item":"https:\/\/www.correiobraziliense.com.br\/cbradar\/"},{"@type":"ListItem","position":2,"name":"Entenda por que os probi\u00f3ticos s\u00e3o t\u00e3o importantes para o seu intestino!"}]},{"@type":"WebSite","@id":"https:\/\/www.correiobraziliense.com.br\/cbradar\/#website","url":"https:\/\/www.correiobraziliense.com.br\/cbradar\/","name":"Correio Braziliense - Radar","description":"Acompanhe as \u00faltimas not\u00edcias e fique bem informado sobre tudo o que acontece no Brasil e no mundo.","potentialAction":[{"@type":"SearchAction","target":{"@type":"EntryPoint","urlTemplate":"https:\/\/www.correiobraziliense.com.br\/cbradar\/?s={search_term_string}"},"query-input":{"@type":"PropertyValueSpecification","valueRequired":true,"valueName":"search_term_string"}}],"inLanguage":"pt-BR"},{"@type":"Person","@id":"https:\/\/www.correiobraziliense.com.br\/cbradar\/#\/schema\/person\/4cec7857301a9a1a2ef249893cd908d3","name":"Paulo Custodio","image":{"@type":"ImageObject","inLanguage":"pt-BR","@id":"https:\/\/www.correiobraziliense.com.br\/cbradar\/#\/schema\/person\/image\/","url":"https:\/\/secure.gravatar.com\/avatar\/bcd67168d1534e8fcf4f45c726a87cea?s=96&d=mm&r=g","contentUrl":"https:\/\/secure.gravatar.com\/avatar\/bcd67168d1534e8fcf4f45c726a87cea?s=96&d=mm&r=g","caption":"Paulo Custodio"},"sameAs":["https:\/\/www.correiobraziliense.com.br\/cbradar"],"url":"https:\/\/www.correiobraziliense.com.br\/cbradar\/author\/paulomyth\/"}]}},"_links":{"self":[{"href":"https:\/\/www.correiobraziliense.com.br\/cbradar\/wp-json\/wp\/v2\/posts\/36728","targetHints":{"allow":["GET"]}}],"collection":[{"href":"https:\/\/www.correiobraziliense.com.br\/cbradar\/wp-json\/wp\/v2\/posts"}],"about":[{"href":"https:\/\/www.correiobraziliense.com.br\/cbradar\/wp-json\/wp\/v2\/types\/post"}],"author":[{"embeddable":true,"href":"https:\/\/www.correiobraziliense.com.br\/cbradar\/wp-json\/wp\/v2\/users\/11"}],"replies":[{"embeddable":true,"href":"https:\/\/www.correiobraziliense.com.br\/cbradar\/wp-json\/wp\/v2\/comments?post=36728"}],"version-history":[{"count":2,"href":"https:\/\/www.correiobraziliense.com.br\/cbradar\/wp-json\/wp\/v2\/posts\/36728\/revisions"}],"predecessor-version":[{"id":37362,"href":"https:\/\/www.correiobraziliense.com.br\/cbradar\/wp-json\/wp\/v2\/posts\/36728\/revisions\/37362"}],"wp:featuredmedia":[{"embeddable":true,"href":"https:\/\/www.correiobraziliense.com.br\/cbradar\/wp-json\/wp\/v2\/media\/36732"}],"wp:attachment":[{"href":"https:\/\/www.correiobraziliense.com.br\/cbradar\/wp-json\/wp\/v2\/media?parent=36728"}],"wp:term":[{"taxonomy":"category","embeddable":true,"href":"https:\/\/www.correiobraziliense.com.br\/cbradar\/wp-json\/wp\/v2\/categories?post=36728"},{"taxonomy":"post_tag","embeddable":true,"href":"https:\/\/www.correiobraziliense.com.br\/cbradar\/wp-json\/wp\/v2\/tags?post=36728"}],"curies":[{"name":"wp","href":"https:\/\/api.w.org\/{rel}","templated":true}]}}