{"id":36761,"date":"2025-05-15T21:30:00","date_gmt":"2025-05-16T00:30:00","guid":{"rendered":"https:\/\/www.correiobraziliense.com.br\/cbradar\/?p=36761"},"modified":"2025-05-14T16:36:34","modified_gmt":"2025-05-14T19:36:34","slug":"essa-capital-brasileira-une-seguranca-modernidade-e-natureza","status":"publish","type":"post","link":"https:\/\/www.correiobraziliense.com.br\/cbradar\/essa-capital-brasileira-une-seguranca-modernidade-e-natureza\/","title":{"rendered":"Essa capital brasileira une seguran\u00e7a, modernidade e natureza"},"content":{"rendered":"\n<p><strong><a href=\"https:\/\/www.palmas.to.gov.br\/\" target=\"_blank\" rel=\"noreferrer noopener\">Palmas<\/a><\/strong>, a capital do <strong><a href=\"https:\/\/www.correiobraziliense.com.br\/cbradar\/essa-cidade-do-para-cresce-com-comercio-forte-e-infraestrutura-moderna\/\" target=\"_blank\" rel=\"noreferrer noopener\">Tocantins<\/a><\/strong>, \u00e9 a mais jovem entre as capitais brasileiras. Fundada em 1989, foi totalmente planejada e se destaca por sua organiza\u00e7\u00e3o urbana, seguran\u00e7a, qualidade de vida e abund\u00e2ncia de \u00e1reas verdes. Com cerca de 320 mil habitantes, a cidade combina modernidade com natureza preservada, sendo ideal para quem busca tranquilidade e boas oportunidades em uma capital acess\u00edvel.<\/p>\n\n\n\n<p>Sua localiza\u00e7\u00e3o central no territ\u00f3rio brasileiro e o clima quente t\u00edpico do cerrado completam o cen\u00e1rio de uma cidade acolhedora, pr\u00e1tica e cheia de potencial.<\/p>\n\n\n\n<h2 class=\"wp-block-heading\">Qualidade de vida com clima de cidade tranquila<\/h2>\n\n\n\n<p><strong>Palmas<\/strong> oferece um ambiente urbano agrad\u00e1vel, com ruas largas, bairros bem distribu\u00eddos e servi\u00e7os p\u00fablicos funcionando com efici\u00eancia. \u00c9 uma capital com ritmo de cidade interiorana, o que garante tranquilidade e mais bem-estar no dia a dia.<\/p>\n\n\n\n<p>A cidade tamb\u00e9m possui um dos melhores \u00edndices de seguran\u00e7a entre as capitais brasileiras, o que contribui para a sensa\u00e7\u00e3o de conforto de quem vive ou visita o munic\u00edpio.<\/p>\n\n\n\n<h2 class=\"wp-block-heading\">Urbanismo moderno e \u00e1reas verdes por toda parte<\/h2>\n\n\n\n<p>Por ter sido planejada desde sua funda\u00e7\u00e3o, <strong>Palmas<\/strong> tem um modelo urbano funcional. As avenidas s\u00e3o largas e bem sinalizadas, os bairros s\u00e3o interligados, e a cidade conta com amplas \u00e1reas de preserva\u00e7\u00e3o ambiental. Parques urbanos, pra\u00e7as arborizadas e espa\u00e7os de lazer refor\u00e7am o compromisso com a qualidade ambiental.<\/p>\n\n\n\n<p>O <strong>Parque Cesamar<\/strong> \u00e9 um dos exemplos mais conhecidos de \u00e1rea verde integrada \u00e0 cidade, sendo um ponto de encontro para atividades f\u00edsicas, lazer e contato com a natureza.<\/p>\n\n\n\n<h2 class=\"wp-block-heading\">Educa\u00e7\u00e3o e servi\u00e7os em expans\u00e3o<\/h2>\n\n\n\n<p><strong>Palmas<\/strong> tem investido constantemente em educa\u00e7\u00e3o b\u00e1sica e ensino superior. A cidade abriga institui\u00e7\u00f5es como a <strong>Universidade Federal do Tocantins (UFT)<\/strong>, o <strong>IFTO (Instituto Federal do Tocantins)<\/strong> e universidades particulares que formam profissionais em diversas \u00e1reas.<\/p>\n\n\n\n<p>O setor educacional cresce junto com a cidade, e a rede p\u00fablica tem se modernizado com projetos pedag\u00f3gicos voltados para inclus\u00e3o e inova\u00e7\u00e3o.<\/p>\n\n\n\n<figure class=\"wp-block-image size-large\"><img decoding=\"async\" width=\"1024\" height=\"576\" src=\"https:\/\/www.correiobraziliense.com.br\/cbradar\/wp-content\/uploads\/2025\/05\/Palmas-1024x576.png\" alt=\"Essa capital brasileira une seguran\u00e7a, modernidade e natureza\" class=\"wp-image-36763\" srcset=\"https:\/\/www.correiobraziliense.com.br\/cbradar\/wp-content\/uploads\/2025\/05\/Palmas-1024x576.png 1024w, https:\/\/www.correiobraziliense.com.br\/cbradar\/wp-content\/uploads\/2025\/05\/Palmas-300x169.png 300w, https:\/\/www.correiobraziliense.com.br\/cbradar\/wp-content\/uploads\/2025\/05\/Palmas-768x432.png 768w, https:\/\/www.correiobraziliense.com.br\/cbradar\/wp-content\/uploads\/2025\/05\/Palmas-750x422.png 750w, https:\/\/www.correiobraziliense.com.br\/cbradar\/wp-content\/uploads\/2025\/05\/Palmas-1140x641.png 1140w, https:\/\/www.correiobraziliense.com.br\/cbradar\/wp-content\/uploads\/2025\/05\/Palmas.png 1280w\" sizes=\"(max-width: 1024px) 100vw, 1024px\" \/><figcaption class=\"wp-element-caption\">Palmas. Fonte: MTur Destinos, Public domain, via Wikimedia Commons<\/figcaption><\/figure>\n\n\n\n<h2 class=\"wp-block-heading\">Economia em crescimento e foco em sustentabilidade<\/h2>\n\n\n\n<p>A economia da capital \u00e9 diversificada, com destaque para o setor p\u00fablico, com\u00e9rcio, servi\u00e7os e constru\u00e7\u00e3o civil. A cidade tamb\u00e9m tem se posicionado como um polo em sustentabilidade, com incentivo a energias renov\u00e1veis, mobilidade urbana e planejamento inteligente do espa\u00e7o urbano.<\/p>\n\n\n\n<p>Al\u00e9m disso, <strong>Palmas<\/strong> tem atra\u00eddo novos empreendimentos e startups, oferecendo um ambiente prop\u00edcio ao empreendedorismo e \u00e0 inova\u00e7\u00e3o.<\/p>\n\n\n\n<h2 class=\"wp-block-heading\">Turismo, cultura e vida ao ar livre<\/h2>\n\n\n\n<p><strong>Palmas<\/strong> \u00e9 um \u00f3timo destino para turismo ecol\u00f3gico e cultural. A cidade oferece acesso f\u00e1cil ao <strong>Jalap\u00e3o<\/strong>, um dos destinos de natureza mais buscados do pa\u00eds, al\u00e9m de atra\u00e7\u00f5es locais como praias de rio, trilhas, mirantes e festas tradicionais.<\/p>\n\n\n\n<p>A vida cultural \u00e9 movimentada por eventos, shows e atividades promovidas em espa\u00e7os como o <strong>Espa\u00e7o Cultural Jos\u00e9 Gomes Sobrinho<\/strong>. A culin\u00e1ria local, baseada em peixes de \u00e1gua doce e sabores regionais, completa a experi\u00eancia de quem vive ou visita a cidade.<\/p>\n\n\n\n<h2 class=\"wp-block-heading\">Quais s\u00e3o os principais pontos tur\u00edsticos para visitar?<\/h2>\n\n\n\n<ul class=\"wp-block-list\">\n<li><strong>Parque Cesamar<\/strong>: trilhas, lago, academia ao ar livre e lazer em meio \u00e0 natureza.<\/li>\n\n\n\n<li><strong>Praia da Graciosa<\/strong>: orla com restaurantes, esportes n\u00e1uticos e banhos no rio.<\/li>\n\n\n\n<li><strong>Feira do Bosque<\/strong>: artesanato, gastronomia e cultura local.<\/li>\n\n\n\n<li><strong>Espa\u00e7o Cultural de Palmas<\/strong>: teatro, exposi\u00e7\u00f5es e eventos p\u00fablicos.<\/li>\n\n\n\n<li><strong>Mirante do Limp\u00e3o<\/strong>: vista panor\u00e2mica da cidade e do lago.<\/li>\n<\/ul>\n\n\n\n<figure class=\"wp-block-image size-large\"><img decoding=\"async\" width=\"1024\" height=\"576\" src=\"https:\/\/www.correiobraziliense.com.br\/cbradar\/wp-content\/uploads\/2025\/05\/Palmas-2-1024x576.png\" alt=\"Essa capital brasileira une seguran\u00e7a, modernidade e natureza\" class=\"wp-image-36764\" srcset=\"https:\/\/www.correiobraziliense.com.br\/cbradar\/wp-content\/uploads\/2025\/05\/Palmas-2-1024x576.png 1024w, https:\/\/www.correiobraziliense.com.br\/cbradar\/wp-content\/uploads\/2025\/05\/Palmas-2-300x169.png 300w, https:\/\/www.correiobraziliense.com.br\/cbradar\/wp-content\/uploads\/2025\/05\/Palmas-2-768x432.png 768w, https:\/\/www.correiobraziliense.com.br\/cbradar\/wp-content\/uploads\/2025\/05\/Palmas-2-750x422.png 750w, https:\/\/www.correiobraziliense.com.br\/cbradar\/wp-content\/uploads\/2025\/05\/Palmas-2-1140x641.png 1140w, https:\/\/www.correiobraziliense.com.br\/cbradar\/wp-content\/uploads\/2025\/05\/Palmas-2.png 1280w\" sizes=\"(max-width: 1024px) 100vw, 1024px\" \/><figcaption class=\"wp-element-caption\">Palmas. Fonte: MTur Destinos, Attribution, via Wikimedia Commons<\/figcaption><\/figure>\n\n\n\n<h2 class=\"wp-block-heading\">Vale a pena morar?<\/h2>\n\n\n\n<p>Sim! <strong>Palmas<\/strong> \u00e9 uma capital segura, bem planejada, com custo de vida acess\u00edvel e qualidade de vida elevada. A cidade \u00e9 ideal para quem deseja viver com tranquilidade, mobilidade urbana eficiente e contato direto com a natureza.<\/p>\n\n\n\n<p>A combina\u00e7\u00e3o entre estrutura moderna e clima interiorano torna a capital uma das mais acolhedoras do pa\u00eds.<\/p>\n\n\n\n<h2 class=\"wp-block-heading\">Vale a pena visitar?<\/h2>\n\n\n\n<p>Com certeza! Para quem gosta de ecoturismo, cultura regional e destinos ainda pouco explorados, <strong>Palmas<\/strong> \u00e9 um convite \u00e0 descoberta. Seja como base para explorar o <strong>Jalap\u00e3o<\/strong> ou como destino para relaxar, a cidade surpreende pela beleza natural e organiza\u00e7\u00e3o urbana.<\/p>\n\n\n\n<p><\/p>\n","protected":false},"excerpt":{"rendered":"<p>Seguran\u00e7a, beleza natural e planejamento urbano fazem dessa capital uma das mais desejadas para morar no Brasil. Conhe\u00e7a mais!<\/p>\n","protected":false},"author":3,"featured_media":36762,"comment_status":"open","ping_status":"open","sticky":false,"template":"","format":"standard","meta":{"_yoast_wpseo_focuskw":"Palmas","_yoast_wpseo_title":"%%title%%","_yoast_wpseo_metadesc":"Seguran\u00e7a, beleza natural e planejamento urbano fazem dessa capital uma das mais desejadas para morar no Brasil. Conhe\u00e7a mais!","jnews-multi-image_gallery":[],"jnews_single_post":{"format":"standard"},"jnews_primary_category":[],"jnews_social_meta":[],"jnews_override_counter":[],"footnotes":""},"categories":[108],"tags":[109],"class_list":["post-36761","post","type-post","status-publish","format-standard","has-post-thumbnail","hentry","category-cidades","tag-cidades"],"yoast_head":"<!-- This site is optimized with the Yoast SEO plugin v24.6 - https:\/\/yoast.com\/wordpress\/plugins\/seo\/ -->\n<title>Essa capital brasileira une seguran\u00e7a, modernidade e natureza<\/title>\n<meta name=\"description\" content=\"Seguran\u00e7a, beleza natural e planejamento urbano fazem dessa capital uma das mais desejadas para morar no Brasil. Conhe\u00e7a mais!\" \/>\n<meta name=\"robots\" content=\"index, follow, max-snippet:-1, max-image-preview:large, max-video-preview:-1\" \/>\n<link rel=\"canonical\" href=\"https:\/\/www.correiobraziliense.com.br\/cbradar\/essa-capital-brasileira-une-seguranca-modernidade-e-natureza\/\" \/>\n<meta property=\"og:locale\" content=\"pt_BR\" \/>\n<meta property=\"og:type\" content=\"article\" \/>\n<meta property=\"og:title\" content=\"Essa capital brasileira une seguran\u00e7a, modernidade e natureza\" \/>\n<meta property=\"og:description\" content=\"Seguran\u00e7a, beleza natural e planejamento urbano fazem dessa capital uma das mais desejadas para morar no Brasil. Conhe\u00e7a mais!\" \/>\n<meta property=\"og:url\" content=\"https:\/\/www.correiobraziliense.com.br\/cbradar\/essa-capital-brasileira-une-seguranca-modernidade-e-natureza\/\" \/>\n<meta property=\"og:site_name\" content=\"Correio Braziliense - Radar\" \/>\n<meta property=\"article:published_time\" content=\"2025-05-16T00:30:00+00:00\" \/>\n<meta property=\"og:image\" content=\"https:\/\/www.correiobraziliense.com.br\/cbradar\/wp-content\/uploads\/2025\/05\/Palmas-Tocantins_1747231410838.jpg\" \/>\n\t<meta property=\"og:image:width\" content=\"1280\" \/>\n\t<meta property=\"og:image:height\" content=\"720\" \/>\n\t<meta property=\"og:image:type\" content=\"image\/jpeg\" \/>\n<meta name=\"author\" content=\"Larissa Carvalho\" \/>\n<meta name=\"twitter:card\" content=\"summary_large_image\" \/>\n<meta name=\"twitter:label1\" content=\"Escrito por\" \/>\n\t<meta name=\"twitter:data1\" content=\"Larissa Carvalho\" \/>\n\t<meta name=\"twitter:label2\" content=\"Est. tempo de leitura\" \/>\n\t<meta name=\"twitter:data2\" content=\"5 minutos\" \/>\n<!-- \/ Yoast SEO plugin. -->","yoast_head_json":{"title":"Essa capital brasileira une seguran\u00e7a, modernidade e natureza","description":"Seguran\u00e7a, beleza natural e planejamento urbano fazem dessa capital uma das mais desejadas para morar no Brasil. Conhe\u00e7a mais!","robots":{"index":"index","follow":"follow","max-snippet":"max-snippet:-1","max-image-preview":"max-image-preview:large","max-video-preview":"max-video-preview:-1"},"canonical":"https:\/\/www.correiobraziliense.com.br\/cbradar\/essa-capital-brasileira-une-seguranca-modernidade-e-natureza\/","og_locale":"pt_BR","og_type":"article","og_title":"Essa capital brasileira une seguran\u00e7a, modernidade e natureza","og_description":"Seguran\u00e7a, beleza natural e planejamento urbano fazem dessa capital uma das mais desejadas para morar no Brasil. Conhe\u00e7a mais!","og_url":"https:\/\/www.correiobraziliense.com.br\/cbradar\/essa-capital-brasileira-une-seguranca-modernidade-e-natureza\/","og_site_name":"Correio Braziliense - Radar","article_published_time":"2025-05-16T00:30:00+00:00","og_image":[{"width":1280,"height":720,"url":"https:\/\/www.correiobraziliense.com.br\/cbradar\/wp-content\/uploads\/2025\/05\/Palmas-Tocantins_1747231410838.jpg","type":"image\/jpeg"}],"author":"Larissa Carvalho","twitter_card":"summary_large_image","twitter_misc":{"Escrito por":"Larissa Carvalho","Est. tempo de leitura":"5 minutos"},"schema":{"@context":"https:\/\/schema.org","@graph":[{"@type":"WebPage","@id":"https:\/\/www.correiobraziliense.com.br\/cbradar\/essa-capital-brasileira-une-seguranca-modernidade-e-natureza\/","url":"https:\/\/www.correiobraziliense.com.br\/cbradar\/essa-capital-brasileira-une-seguranca-modernidade-e-natureza\/","name":"Essa capital brasileira une seguran\u00e7a, modernidade e natureza","isPartOf":{"@id":"https:\/\/www.correiobraziliense.com.br\/cbradar\/#website"},"primaryImageOfPage":{"@id":"https:\/\/www.correiobraziliense.com.br\/cbradar\/essa-capital-brasileira-une-seguranca-modernidade-e-natureza\/#primaryimage"},"image":{"@id":"https:\/\/www.correiobraziliense.com.br\/cbradar\/essa-capital-brasileira-une-seguranca-modernidade-e-natureza\/#primaryimage"},"thumbnailUrl":"https:\/\/www.correiobraziliense.com.br\/cbradar\/wp-content\/uploads\/2025\/05\/Palmas-Tocantins_1747231410838.jpg","datePublished":"2025-05-16T00:30:00+00:00","author":{"@id":"https:\/\/www.correiobraziliense.com.br\/cbradar\/#\/schema\/person\/58422787644df994b53a19d3e56c1513"},"description":"Seguran\u00e7a, beleza natural e planejamento urbano fazem dessa capital uma das mais desejadas para morar no Brasil. Conhe\u00e7a mais!","breadcrumb":{"@id":"https:\/\/www.correiobraziliense.com.br\/cbradar\/essa-capital-brasileira-une-seguranca-modernidade-e-natureza\/#breadcrumb"},"inLanguage":"pt-BR","potentialAction":[{"@type":"ReadAction","target":["https:\/\/www.correiobraziliense.com.br\/cbradar\/essa-capital-brasileira-une-seguranca-modernidade-e-natureza\/"]}]},{"@type":"ImageObject","inLanguage":"pt-BR","@id":"https:\/\/www.correiobraziliense.com.br\/cbradar\/essa-capital-brasileira-une-seguranca-modernidade-e-natureza\/#primaryimage","url":"https:\/\/www.correiobraziliense.com.br\/cbradar\/wp-content\/uploads\/2025\/05\/Palmas-Tocantins_1747231410838.jpg","contentUrl":"https:\/\/www.correiobraziliense.com.br\/cbradar\/wp-content\/uploads\/2025\/05\/Palmas-Tocantins_1747231410838.jpg","width":1280,"height":720,"caption":"Bandeira Tocantins. Cr\u00e9ditos: depositphotos.com \/ ruskpp"},{"@type":"BreadcrumbList","@id":"https:\/\/www.correiobraziliense.com.br\/cbradar\/essa-capital-brasileira-une-seguranca-modernidade-e-natureza\/#breadcrumb","itemListElement":[{"@type":"ListItem","position":1,"name":"In\u00edcio","item":"https:\/\/www.correiobraziliense.com.br\/cbradar\/"},{"@type":"ListItem","position":2,"name":"Essa capital brasileira une seguran\u00e7a, modernidade e natureza"}]},{"@type":"WebSite","@id":"https:\/\/www.correiobraziliense.com.br\/cbradar\/#website","url":"https:\/\/www.correiobraziliense.com.br\/cbradar\/","name":"Correio Braziliense - Radar","description":"Acompanhe as \u00faltimas not\u00edcias e fique bem informado sobre tudo o que acontece no Brasil e no mundo.","potentialAction":[{"@type":"SearchAction","target":{"@type":"EntryPoint","urlTemplate":"https:\/\/www.correiobraziliense.com.br\/cbradar\/?s={search_term_string}"},"query-input":{"@type":"PropertyValueSpecification","valueRequired":true,"valueName":"search_term_string"}}],"inLanguage":"pt-BR"},{"@type":"Person","@id":"https:\/\/www.correiobraziliense.com.br\/cbradar\/#\/schema\/person\/58422787644df994b53a19d3e56c1513","name":"Larissa Carvalho","image":{"@type":"ImageObject","inLanguage":"pt-BR","@id":"https:\/\/www.correiobraziliense.com.br\/cbradar\/#\/schema\/person\/image\/","url":"https:\/\/secure.gravatar.com\/avatar\/fe4f91a0de32b52a838d0d612abdc1aa?s=96&d=mm&r=g","contentUrl":"https:\/\/secure.gravatar.com\/avatar\/fe4f91a0de32b52a838d0d612abdc1aa?s=96&d=mm&r=g","caption":"Larissa Carvalho"},"url":"https:\/\/www.correiobraziliense.com.br\/cbradar\/author\/larissamyth\/"}]}},"_links":{"self":[{"href":"https:\/\/www.correiobraziliense.com.br\/cbradar\/wp-json\/wp\/v2\/posts\/36761","targetHints":{"allow":["GET"]}}],"collection":[{"href":"https:\/\/www.correiobraziliense.com.br\/cbradar\/wp-json\/wp\/v2\/posts"}],"about":[{"href":"https:\/\/www.correiobraziliense.com.br\/cbradar\/wp-json\/wp\/v2\/types\/post"}],"author":[{"embeddable":true,"href":"https:\/\/www.correiobraziliense.com.br\/cbradar\/wp-json\/wp\/v2\/users\/3"}],"replies":[{"embeddable":true,"href":"https:\/\/www.correiobraziliense.com.br\/cbradar\/wp-json\/wp\/v2\/comments?post=36761"}],"version-history":[{"count":1,"href":"https:\/\/www.correiobraziliense.com.br\/cbradar\/wp-json\/wp\/v2\/posts\/36761\/revisions"}],"predecessor-version":[{"id":36765,"href":"https:\/\/www.correiobraziliense.com.br\/cbradar\/wp-json\/wp\/v2\/posts\/36761\/revisions\/36765"}],"wp:featuredmedia":[{"embeddable":true,"href":"https:\/\/www.correiobraziliense.com.br\/cbradar\/wp-json\/wp\/v2\/media\/36762"}],"wp:attachment":[{"href":"https:\/\/www.correiobraziliense.com.br\/cbradar\/wp-json\/wp\/v2\/media?parent=36761"}],"wp:term":[{"taxonomy":"category","embeddable":true,"href":"https:\/\/www.correiobraziliense.com.br\/cbradar\/wp-json\/wp\/v2\/categories?post=36761"},{"taxonomy":"post_tag","embeddable":true,"href":"https:\/\/www.correiobraziliense.com.br\/cbradar\/wp-json\/wp\/v2\/tags?post=36761"}],"curies":[{"name":"wp","href":"https:\/\/api.w.org\/{rel}","templated":true}]}}