{"id":36794,"date":"2025-05-15T13:30:00","date_gmt":"2025-05-15T16:30:00","guid":{"rendered":"https:\/\/www.correiobraziliense.com.br\/cbradar\/?p=36794"},"modified":"2025-05-14T16:37:04","modified_gmt":"2025-05-14T19:37:04","slug":"melhor-conclusao-para-uma-das-maiores-sagas-do-cinema","status":"publish","type":"post","link":"https:\/\/www.correiobraziliense.com.br\/cbradar\/melhor-conclusao-para-uma-das-maiores-sagas-do-cinema\/","title":{"rendered":"Melhor conclus\u00e3o para uma das maiores sagas do cinema"},"content":{"rendered":"\n<p><strong>O Senhor dos An\u00e9is: O Retorno do Rei<\/strong> \u00e9 o terceiro filme da trilogia baseada na obra de <strong>J.R.R. Tolkien<\/strong>, dirigido por <strong>Peter Jackson<\/strong> e lan\u00e7ado em 2003. A hist\u00f3ria continua a saga de <strong>Frodo<\/strong> e <strong>Sam<\/strong>, que seguem rumo ao Monte da Perdi\u00e7\u00e3o para destruir o Um Anel, enfrentando perigos cada vez maiores sob o peso da corrup\u00e7\u00e3o e da presen\u00e7a constante de <strong>Gollum<\/strong>.<\/p>\n\n\n\n<p>Enquanto isso, <strong>Aragorn<\/strong>, <strong>Legolas<\/strong>, <strong>Gimli<\/strong>, <strong>Gandalf<\/strong> e os ex\u00e9rcitos dos homens se preparam para a batalha final contra <strong>Sauron<\/strong>. A luta pelo destino da Terra-m\u00e9dia atinge seu cl\u00edmax em confrontos \u00e9picos e momentos de profunda emo\u00e7\u00e3o e sacrif\u00edcio.<\/p>\n\n\n\n<h2 class=\"wp-block-heading\">Quem s\u00e3o os personagens principais?<\/h2>\n\n\n\n<ul class=\"wp-block-list\">\n<li><strong>Frodo Bolseiro<\/strong> (Elijah Wood): portador do anel, cada vez mais consumido pela miss\u00e3o.<\/li>\n\n\n\n<li><strong>Samwise Gamgee<\/strong> (Sean Astin): leal e corajoso, o verdadeiro her\u00f3i da jornada.<\/li>\n\n\n\n<li><strong>Aragorn<\/strong> (Viggo Mortensen): herdeiro dos reis, assume seu papel de l\u00edder e guerreiro.<\/li>\n\n\n\n<li><strong>Gandalf<\/strong> (Ian McKellen): o mago s\u00e1bio que guia a resist\u00eancia contra o mal.<\/li>\n\n\n\n<li><strong>Legolas<\/strong>, <strong>Gimli<\/strong>, <strong>Merry<\/strong>, <strong>Pippin<\/strong>, <strong>\u00c9owyn<\/strong>, <strong>Faramir<\/strong> e <strong>Gollum<\/strong> tamb\u00e9m t\u00eam pap\u00e9is marcantes e decisivos.<\/li>\n<\/ul>\n\n\n\n<figure class=\"wp-block-image size-large\"><img decoding=\"async\" width=\"1024\" height=\"576\" src=\"https:\/\/www.correiobraziliense.com.br\/cbradar\/wp-content\/uploads\/2025\/05\/Senhor-dos-Aneis-1024x576.png\" alt=\"Melhor conclus\u00e3o para uma das maiores sagas do cinema\" class=\"wp-image-36822\" srcset=\"https:\/\/www.correiobraziliense.com.br\/cbradar\/wp-content\/uploads\/2025\/05\/Senhor-dos-Aneis-1024x576.png 1024w, https:\/\/www.correiobraziliense.com.br\/cbradar\/wp-content\/uploads\/2025\/05\/Senhor-dos-Aneis-300x169.png 300w, https:\/\/www.correiobraziliense.com.br\/cbradar\/wp-content\/uploads\/2025\/05\/Senhor-dos-Aneis-768x432.png 768w, https:\/\/www.correiobraziliense.com.br\/cbradar\/wp-content\/uploads\/2025\/05\/Senhor-dos-Aneis-750x422.png 750w, https:\/\/www.correiobraziliense.com.br\/cbradar\/wp-content\/uploads\/2025\/05\/Senhor-dos-Aneis-1140x641.png 1140w, https:\/\/www.correiobraziliense.com.br\/cbradar\/wp-content\/uploads\/2025\/05\/Senhor-dos-Aneis.png 1280w\" sizes=\"(max-width: 1024px) 100vw, 1024px\" \/><figcaption class=\"wp-element-caption\">Senhor dos An\u00e9is. Fonte: divulga\u00e7\u00e3o \/ WingNut Films<\/figcaption><\/figure>\n\n\n\n<h2 class=\"wp-block-heading\">Como o filme encerra a trilogia?<\/h2>\n\n\n\n<p><em>O Retorno do Rei<\/em> entrega um desfecho grandioso, emocional e visualmente arrebatador. A batalha pelos port\u00f5es de Mordor, a coroa\u00e7\u00e3o de Aragorn, a despedida dos hobbits e o embarque final para as Terras Imortais fecham os arcos com maestria.<\/p>\n\n\n\n<p>\u00c9 um filme sobre esperan\u00e7a, amizade e supera\u00e7\u00e3o do medo. Mostra que mesmo os menores podem mudar o curso do mundo \u2014 e que h\u00e1 poder na bondade e no sacrif\u00edcio.<\/p>\n\n\n\n<h2 class=\"wp-block-heading\">Vale a pena assistir O Senhor dos An\u00e9is: O Retorno do Rei?<\/h2>\n\n\n\n<p>Com toda certeza. <em>O Retorno do Rei<\/em> \u00e9 um dos filmes mais premiados da hist\u00f3ria do cinema, vencedor de <strong>11 Oscars<\/strong>, incluindo Melhor Filme e Melhor Diretor. \u00c9 uma obra-prima que combina narrativa poderosa, atua\u00e7\u00f5es memor\u00e1veis, trilha sonora \u00e9pica e efeitos visuais revolucion\u00e1rios.<\/p>\n\n\n\n<p>\u00c9 o encerramento perfeito para uma das trilogias mais queridas e influentes do cinema moderno. Um filme para ser visto, revisto e sentido.<\/p>\n\n\n\n<iframe loading=\"lazy\" width=\"560\" height=\"315\" src=\"https:\/\/www.youtube.com\/embed\/LiKeQrChkTY?si=Kz_pJ_b3jYjCGHqz\" title=\"YouTube video player\" frameborder=\"0\" allow=\"accelerometer; autoplay; clipboard-write; encrypted-media; gyroscope; picture-in-picture; web-share\" referrerpolicy=\"strict-origin-when-cross-origin\" allowfullscreen><\/iframe>\n\n\n\n<h2 class=\"wp-block-heading\">Curiosidades sobre O Retorno do Rei<\/h2>\n\n\n\n<ul class=\"wp-block-list\">\n<li>Ganhou todos os Oscars a que foi indicado, empatando com <em>Ben-Hur<\/em> e <em>Titanic<\/em> em n\u00famero de estatuetas.<\/li>\n\n\n\n<li>A cena final dos hobbits se despedindo foi gravada por \u00faltimo e emocionou todo o elenco.<\/li>\n\n\n\n<li>As filmagens duraram mais de um ano, com cenas dos tr\u00eas filmes sendo feitas simultaneamente.<\/li>\n\n\n\n<li>A trilha sonora de <strong>Howard Shore<\/strong> \u00e9 considerada uma das melhores da hist\u00f3ria do cinema.<\/li>\n<\/ul>\n\n\n\n<h2 class=\"wp-block-heading\">FAQ &#8211; Perguntas frequentes<\/h2>\n\n\n\n<ul class=\"wp-block-list\">\n<li><strong>Onde assistir O Senhor dos An\u00e9is: O Retorno do Rei?<\/strong>\n<ul class=\"wp-block-list\">\n<li>Dispon\u00edvel na <strong>HBO Max<\/strong>, <strong>Prime Video<\/strong> e para aluguel em plataformas digitais como <strong>Apple TV<\/strong>.<\/li>\n<\/ul>\n<\/li>\n\n\n\n<li><strong>Quem est\u00e1 no elenco principal?<\/strong>\n<ul class=\"wp-block-list\">\n<li><strong>Elijah Wood<\/strong>, <strong>Sean Astin<\/strong>, <strong>Viggo Mortensen<\/strong>, <strong>Ian McKellen<\/strong>, <strong>Orlando Bloom<\/strong>, <strong>John Rhys-Davies<\/strong>, <strong>Andy Serkis<\/strong>, <strong>Liv Tyler<\/strong>, <strong>Miranda Otto<\/strong>, <strong>Billy Boyd<\/strong>, <strong>Dominic Monaghan<\/strong>.<\/li>\n<\/ul>\n<\/li>\n\n\n\n<li><strong>Qual o ano de lan\u00e7amento do filme?<\/strong>\n<ul class=\"wp-block-list\">\n<li><em>O Retorno do Rei<\/em> foi lan\u00e7ado em 2003.<\/li>\n<\/ul>\n<\/li>\n\n\n\n<li><strong>Qual a produtora respons\u00e1vel pelo filme?<\/strong>\n<ul class=\"wp-block-list\">\n<li>Produzido pela <strong>New Line Cinema<\/strong>, em parceria com a <strong>WingNut Films<\/strong> e dire\u00e7\u00e3o de <strong>Peter Jackson<\/strong>.<\/li>\n<\/ul>\n<\/li>\n<\/ul>\n","protected":false},"excerpt":{"rendered":"<p>O cap\u00edtulo final da trilogia \u00e9pica de Tolkien encerra a jornada da Terra-m\u00e9dia com emo\u00e7\u00e3o, hero\u00edsmo e esperan\u00e7a.<\/p>\n","protected":false},"author":3,"featured_media":36821,"comment_status":"open","ping_status":"open","sticky":false,"template":"","format":"standard","meta":{"_yoast_wpseo_focuskw":"Senhor dos An\u00e9is: O Retorno do Rei","_yoast_wpseo_title":"%%title%%","_yoast_wpseo_metadesc":"O cap\u00edtulo final da trilogia \u00e9pica de Tolkien encerra a jornada da Terra-m\u00e9dia com emo\u00e7\u00e3o, hero\u00edsmo e esperan\u00e7a.","jnews-multi-image_gallery":[],"jnews_single_post":{"format":"standard"},"jnews_primary_category":[],"jnews_social_meta":[],"jnews_override_counter":[],"footnotes":""},"categories":[140],"post_tag":[568],"class_list":["post-36794","post","type-post","status-publish","format-standard","has-post-thumbnail","hentry","category-entretenimento","tag-series-e-filmes"],"yoast_head":"<!-- This site is optimized with the Yoast SEO plugin v24.6 - https:\/\/yoast.com\/wordpress\/plugins\/seo\/ -->\n<title>Melhor conclus\u00e3o para uma das maiores sagas do cinema<\/title>\n<meta name=\"description\" content=\"O cap\u00edtulo final da trilogia \u00e9pica de Tolkien encerra a jornada da Terra-m\u00e9dia com emo\u00e7\u00e3o, hero\u00edsmo e esperan\u00e7a.\" \/>\n<meta name=\"robots\" content=\"index, follow, max-snippet:-1, max-image-preview:large, max-video-preview:-1\" \/>\n<link rel=\"canonical\" href=\"https:\/\/www.correiobraziliense.com.br\/cbradar\/melhor-conclusao-para-uma-das-maiores-sagas-do-cinema\/\" \/>\n<meta property=\"og:locale\" content=\"pt_BR\" \/>\n<meta property=\"og:type\" content=\"article\" \/>\n<meta property=\"og:title\" content=\"Melhor conclus\u00e3o para uma das maiores sagas do cinema\" \/>\n<meta property=\"og:description\" content=\"O cap\u00edtulo final da trilogia \u00e9pica de Tolkien encerra a jornada da Terra-m\u00e9dia com emo\u00e7\u00e3o, hero\u00edsmo e esperan\u00e7a.\" \/>\n<meta property=\"og:url\" content=\"https:\/\/www.correiobraziliense.com.br\/cbradar\/melhor-conclusao-para-uma-das-maiores-sagas-do-cinema\/\" \/>\n<meta property=\"og:site_name\" content=\"Correio Braziliense - Radar\" \/>\n<meta property=\"article:published_time\" content=\"2025-05-15T16:30:00+00:00\" \/>\n<meta property=\"og:image\" content=\"https:\/\/www.correiobraziliense.com.br\/cbradar\/wp-content\/uploads\/2025\/05\/Senhor-dos-Aneis-2.png\" \/>\n\t<meta property=\"og:image:width\" content=\"1280\" \/>\n\t<meta property=\"og:image:height\" content=\"720\" \/>\n\t<meta property=\"og:image:type\" content=\"image\/png\" \/>\n<meta name=\"author\" content=\"Larissa Carvalho\" \/>\n<meta name=\"twitter:card\" content=\"summary_large_image\" \/>\n<meta name=\"twitter:label1\" content=\"Escrito por\" \/>\n\t<meta name=\"twitter:data1\" content=\"Larissa Carvalho\" \/>\n\t<meta name=\"twitter:label2\" content=\"Est. tempo de leitura\" \/>\n\t<meta name=\"twitter:data2\" content=\"4 minutos\" \/>\n<!-- \/ Yoast SEO plugin. -->","yoast_head_json":{"title":"Melhor conclus\u00e3o para uma das maiores sagas do cinema","description":"O cap\u00edtulo final da trilogia \u00e9pica de Tolkien encerra a jornada da Terra-m\u00e9dia com emo\u00e7\u00e3o, hero\u00edsmo e esperan\u00e7a.","robots":{"index":"index","follow":"follow","max-snippet":"max-snippet:-1","max-image-preview":"max-image-preview:large","max-video-preview":"max-video-preview:-1"},"canonical":"https:\/\/www.correiobraziliense.com.br\/cbradar\/melhor-conclusao-para-uma-das-maiores-sagas-do-cinema\/","og_locale":"pt_BR","og_type":"article","og_title":"Melhor conclus\u00e3o para uma das maiores sagas do cinema","og_description":"O cap\u00edtulo final da trilogia \u00e9pica de Tolkien encerra a jornada da Terra-m\u00e9dia com emo\u00e7\u00e3o, hero\u00edsmo e esperan\u00e7a.","og_url":"https:\/\/www.correiobraziliense.com.br\/cbradar\/melhor-conclusao-para-uma-das-maiores-sagas-do-cinema\/","og_site_name":"Correio Braziliense - Radar","article_published_time":"2025-05-15T16:30:00+00:00","og_image":[{"width":1280,"height":720,"url":"https:\/\/www.correiobraziliense.com.br\/cbradar\/wp-content\/uploads\/2025\/05\/Senhor-dos-Aneis-2.png","type":"image\/png"}],"author":"Larissa Carvalho","twitter_card":"summary_large_image","twitter_misc":{"Escrito por":"Larissa Carvalho","Est. tempo de leitura":"4 minutos"},"schema":{"@context":"https:\/\/schema.org","@graph":[{"@type":"WebPage","@id":"https:\/\/www.correiobraziliense.com.br\/cbradar\/melhor-conclusao-para-uma-das-maiores-sagas-do-cinema\/","url":"https:\/\/www.correiobraziliense.com.br\/cbradar\/melhor-conclusao-para-uma-das-maiores-sagas-do-cinema\/","name":"Melhor conclus\u00e3o para uma das maiores sagas do cinema","isPartOf":{"@id":"https:\/\/www.correiobraziliense.com.br\/cbradar\/#website"},"primaryImageOfPage":{"@id":"https:\/\/www.correiobraziliense.com.br\/cbradar\/melhor-conclusao-para-uma-das-maiores-sagas-do-cinema\/#primaryimage"},"image":{"@id":"https:\/\/www.correiobraziliense.com.br\/cbradar\/melhor-conclusao-para-uma-das-maiores-sagas-do-cinema\/#primaryimage"},"thumbnailUrl":"https:\/\/www.correiobraziliense.com.br\/cbradar\/wp-content\/uploads\/2025\/05\/Senhor-dos-Aneis-2.png","datePublished":"2025-05-15T16:30:00+00:00","author":{"@id":"https:\/\/www.correiobraziliense.com.br\/cbradar\/#\/schema\/person\/58422787644df994b53a19d3e56c1513"},"description":"O cap\u00edtulo final da trilogia \u00e9pica de Tolkien encerra a jornada da Terra-m\u00e9dia com emo\u00e7\u00e3o, hero\u00edsmo e esperan\u00e7a.","breadcrumb":{"@id":"https:\/\/www.correiobraziliense.com.br\/cbradar\/melhor-conclusao-para-uma-das-maiores-sagas-do-cinema\/#breadcrumb"},"inLanguage":"pt-BR","potentialAction":[{"@type":"ReadAction","target":["https:\/\/www.correiobraziliense.com.br\/cbradar\/melhor-conclusao-para-uma-das-maiores-sagas-do-cinema\/"]}]},{"@type":"ImageObject","inLanguage":"pt-BR","@id":"https:\/\/www.correiobraziliense.com.br\/cbradar\/melhor-conclusao-para-uma-das-maiores-sagas-do-cinema\/#primaryimage","url":"https:\/\/www.correiobraziliense.com.br\/cbradar\/wp-content\/uploads\/2025\/05\/Senhor-dos-Aneis-2.png","contentUrl":"https:\/\/www.correiobraziliense.com.br\/cbradar\/wp-content\/uploads\/2025\/05\/Senhor-dos-Aneis-2.png","width":1280,"height":720,"caption":"Senhor dos An\u00e9is. Fonte: divulga\u00e7\u00e3o \/ WingNut Films"},{"@type":"BreadcrumbList","@id":"https:\/\/www.correiobraziliense.com.br\/cbradar\/melhor-conclusao-para-uma-das-maiores-sagas-do-cinema\/#breadcrumb","itemListElement":[{"@type":"ListItem","position":1,"name":"In\u00edcio","item":"https:\/\/www.correiobraziliense.com.br\/cbradar\/"},{"@type":"ListItem","position":2,"name":"Melhor conclus\u00e3o para uma das maiores sagas do cinema"}]},{"@type":"WebSite","@id":"https:\/\/www.correiobraziliense.com.br\/cbradar\/#website","url":"https:\/\/www.correiobraziliense.com.br\/cbradar\/","name":"Correio Braziliense - Radar","description":"Acompanhe as \u00faltimas not\u00edcias e fique bem informado sobre tudo o que acontece no Brasil e no mundo.","potentialAction":[{"@type":"SearchAction","target":{"@type":"EntryPoint","urlTemplate":"https:\/\/www.correiobraziliense.com.br\/cbradar\/?s={search_term_string}"},"query-input":{"@type":"PropertyValueSpecification","valueRequired":true,"valueName":"search_term_string"}}],"inLanguage":"pt-BR"},{"@type":"Person","@id":"https:\/\/www.correiobraziliense.com.br\/cbradar\/#\/schema\/person\/58422787644df994b53a19d3e56c1513","name":"Larissa Carvalho","image":{"@type":"ImageObject","inLanguage":"pt-BR","@id":"https:\/\/www.correiobraziliense.com.br\/cbradar\/#\/schema\/person\/image\/","url":"https:\/\/secure.gravatar.com\/avatar\/fe4f91a0de32b52a838d0d612abdc1aa?s=96&d=mm&r=g","contentUrl":"https:\/\/secure.gravatar.com\/avatar\/fe4f91a0de32b52a838d0d612abdc1aa?s=96&d=mm&r=g","caption":"Larissa Carvalho"},"url":"https:\/\/www.correiobraziliense.com.br\/cbradar\/author\/larissamyth\/"}]}},"_links":{"self":[{"href":"https:\/\/www.correiobraziliense.com.br\/cbradar\/wp-json\/wp\/v2\/posts\/36794","targetHints":{"allow":["GET"]}}],"collection":[{"href":"https:\/\/www.correiobraziliense.com.br\/cbradar\/wp-json\/wp\/v2\/posts"}],"about":[{"href":"https:\/\/www.correiobraziliense.com.br\/cbradar\/wp-json\/wp\/v2\/types\/post"}],"author":[{"embeddable":true,"href":"https:\/\/www.correiobraziliense.com.br\/cbradar\/wp-json\/wp\/v2\/users\/3"}],"replies":[{"embeddable":true,"href":"https:\/\/www.correiobraziliense.com.br\/cbradar\/wp-json\/wp\/v2\/comments?post=36794"}],"version-history":[{"count":1,"href":"https:\/\/www.correiobraziliense.com.br\/cbradar\/wp-json\/wp\/v2\/posts\/36794\/revisions"}],"predecessor-version":[{"id":36823,"href":"https:\/\/www.correiobraziliense.com.br\/cbradar\/wp-json\/wp\/v2\/posts\/36794\/revisions\/36823"}],"wp:featuredmedia":[{"embeddable":true,"href":"https:\/\/www.correiobraziliense.com.br\/cbradar\/wp-json\/wp\/v2\/media\/36821"}],"wp:attachment":[{"href":"https:\/\/www.correiobraziliense.com.br\/cbradar\/wp-json\/wp\/v2\/media?parent=36794"}],"wp:term":[{"taxonomy":"category","embeddable":true,"href":"https:\/\/www.correiobraziliense.com.br\/cbradar\/wp-json\/wp\/v2\/categories?post=36794"},{"taxonomy":"post_tag","embeddable":true,"href":"https:\/\/www.correiobraziliense.com.br\/cbradar\/wp-json\/wp\/v2\/post_tag?post=36794"}],"curies":[{"name":"wp","href":"https:\/\/api.w.org\/{rel}","templated":true}]}}