{"id":36824,"date":"2025-05-15T15:30:00","date_gmt":"2025-05-15T18:30:00","guid":{"rendered":"https:\/\/www.correiobraziliense.com.br\/cbradar\/?p=36824"},"modified":"2025-05-15T09:10:55","modified_gmt":"2025-05-15T12:10:55","slug":"esse-filme-vai-virar-sua-mente-de-cabeca-para-baixo","status":"publish","type":"post","link":"https:\/\/www.correiobraziliense.com.br\/cbradar\/esse-filme-vai-virar-sua-mente-de-cabeca-para-baixo\/","title":{"rendered":"Esse filme vai virar sua mente de cabe\u00e7a para baixo"},"content":{"rendered":"\n<p><strong>Matrix<\/strong> \u00e9 um filme de fic\u00e7\u00e3o cient\u00edfica escrito e dirigido por <strong>Lana e Lilly Wachowski<\/strong>, lan\u00e7ado em 1999. A trama acompanha <strong>Thomas Anderson<\/strong>, um programador de computadores que leva uma vida dupla como o hacker <strong>Neo<\/strong>. Ele descobre que a realidade em que vive \u00e9, na verdade, uma simula\u00e7\u00e3o criada por m\u00e1quinas que dominaram o mundo.<\/p>\n\n\n\n<p>Convidado por <strong>Morpheus<\/strong> a conhecer a verdade, Neo escolhe \u201ctomar a p\u00edlula vermelha\u201d e acorda no mundo real: um futuro dist\u00f3pico onde os humanos s\u00e3o mantidos inconscientes e usados como fonte de energia. Com a ajuda de <strong>Trinity<\/strong>, <strong>Morpheus<\/strong> e outros rebeldes, Neo precisa entender seu papel na resist\u00eancia e seu poss\u00edvel destino como \u201cO Escolhido\u201d.<\/p>\n\n\n\n<h2 class=\"wp-block-heading\">Quem s\u00e3o os personagens principais?<\/h2>\n\n\n\n<ul class=\"wp-block-list\">\n<li><strong>Neo \/ Thomas Anderson<\/strong> (Keanu Reeves): protagonista que busca a verdade sobre a realidade.<\/li>\n\n\n\n<li><strong>Morpheus<\/strong> (Laurence Fishburne): l\u00edder da resist\u00eancia e mentor de Neo.<\/li>\n\n\n\n<li><strong>Trinity<\/strong> (Carrie-Anne Moss): guerreira habilidosa e interesse amoroso de Neo.<\/li>\n\n\n\n<li><strong>Agente Smith<\/strong> (Hugo Weaving): intelig\u00eancia artificial implac\u00e1vel e principal antagonista.<\/li>\n<\/ul>\n\n\n\n<p>Esses personagens se tornaram \u00edcones da cultura pop, com figurinos, falas e visuais memor\u00e1veis.<\/p>\n\n\n\n<figure class=\"wp-block-image size-large\"><img decoding=\"async\" width=\"1024\" height=\"576\" src=\"https:\/\/www.correiobraziliense.com.br\/cbradar\/wp-content\/uploads\/2025\/05\/Matrix-2-1-1024x576.png\" alt=\"Esse filme vai virar sua mente de cabe\u00e7a para baixo\" class=\"wp-image-36830\" srcset=\"https:\/\/www.correiobraziliense.com.br\/cbradar\/wp-content\/uploads\/2025\/05\/Matrix-2-1-1024x576.png 1024w, https:\/\/www.correiobraziliense.com.br\/cbradar\/wp-content\/uploads\/2025\/05\/Matrix-2-1-300x169.png 300w, https:\/\/www.correiobraziliense.com.br\/cbradar\/wp-content\/uploads\/2025\/05\/Matrix-2-1-768x432.png 768w, https:\/\/www.correiobraziliense.com.br\/cbradar\/wp-content\/uploads\/2025\/05\/Matrix-2-1-750x422.png 750w, https:\/\/www.correiobraziliense.com.br\/cbradar\/wp-content\/uploads\/2025\/05\/Matrix-2-1-1140x641.png 1140w, https:\/\/www.correiobraziliense.com.br\/cbradar\/wp-content\/uploads\/2025\/05\/Matrix-2-1.png 1280w\" sizes=\"(max-width: 1024px) 100vw, 1024px\" \/><figcaption class=\"wp-element-caption\">Matrix. Fonte: divulga\u00e7\u00e3o \/ Warner Bros<\/figcaption><\/figure>\n\n\n\n<h2 class=\"wp-block-heading\">Como Matrix mudou o cinema?<\/h2>\n\n\n\n<p><em>Matrix<\/em> \u00e9 considerado revolucion\u00e1rio por diversos aspectos:<\/p>\n\n\n\n<ul class=\"wp-block-list\">\n<li><strong>Efeitos visuais<\/strong> inovadores, como o uso do \u201cbullet time\u201d.<\/li>\n\n\n\n<li><strong>Coreografias de luta<\/strong> inspiradas em artes marciais e animes.<\/li>\n\n\n\n<li><strong>Filosofia<\/strong> sobre livre-arb\u00edtrio, realidade, controle e identidade.<\/li>\n<\/ul>\n\n\n\n<p>O filme misturou a\u00e7\u00e3o estilizada com questionamentos existenciais, abrindo caminho para outras produ\u00e7\u00f5es mais reflexivas dentro do g\u00eanero.<\/p>\n\n\n\n<h2 class=\"wp-block-heading\">Vale a pena assistir Matrix?<\/h2>\n\n\n\n<p>Sim, <em>Matrix<\/em> \u00e9 um cl\u00e1ssico atemporal. Mesmo mais de 20 anos ap\u00f3s seu lan\u00e7amento, continua relevante e impactante. Seu roteiro inteligente, est\u00e9tica marcante e cenas de a\u00e7\u00e3o ic\u00f4nicas conquistaram f\u00e3s ao redor do mundo.<\/p>\n\n\n\n<p>\u00c9 essencial para quem ama fic\u00e7\u00e3o cient\u00edfica, filosofia ou apenas um bom filme de a\u00e7\u00e3o com conte\u00fado. Al\u00e9m disso, seus temas s\u00e3o ainda mais pertinentes na era digital atual.<\/p>\n\n\n\n<iframe loading=\"lazy\" width=\"560\" height=\"315\" src=\"https:\/\/www.youtube.com\/embed\/2KnZac176Hs?si=mBZLdQVgPDYW6fyV\" title=\"YouTube video player\" frameborder=\"0\" allow=\"accelerometer; autoplay; clipboard-write; encrypted-media; gyroscope; picture-in-picture; web-share\" referrerpolicy=\"strict-origin-when-cross-origin\" allowfullscreen><\/iframe>\n\n\n\n<h2 class=\"wp-block-heading\">Curiosidades sobre Matrix<\/h2>\n\n\n\n<ul class=\"wp-block-list\">\n<li>O filme foi inspirado por obras como <em>Ghost in the Shell<\/em>, <em>Neuromancer<\/em> e os textos de Baudrillard.<\/li>\n\n\n\n<li>Ganhou 4 Oscars, incluindo Efeitos Visuais e Edi\u00e7\u00e3o.<\/li>\n\n\n\n<li>A coreografia das lutas foi coordenada por mestres de kung fu de Hong Kong.<\/li>\n\n\n\n<li>Gerou tr\u00eas continua\u00e7\u00f5es: <em>Reloaded<\/em>, <em>Revolutions<\/em> e <em>Resurrections<\/em>.<\/li>\n<\/ul>\n\n\n\n<h2 class=\"wp-block-heading\">FAQ &#8211; Perguntas frequentes<\/h2>\n\n\n\n<ul class=\"wp-block-list\">\n<li><strong>Onde assistir Matrix?<\/strong>\n<ul class=\"wp-block-list\">\n<li>Dispon\u00edvel na <strong>HBO Max<\/strong> e para aluguel nas plataformas <strong>Prime Video<\/strong>, <strong>Apple TV<\/strong> e <strong>Claro tv+<\/strong>.<\/li>\n<\/ul>\n<\/li>\n\n\n\n<li><strong>Quem est\u00e1 no elenco principal?<\/strong>\n<ul class=\"wp-block-list\">\n<li><strong>Keanu Reeves<\/strong>, <strong>Laurence Fishburne<\/strong>, <strong>Carrie-Anne Moss<\/strong>, <strong>Hugo Weaving<\/strong>, <strong>Gloria Foster<\/strong>.<\/li>\n<\/ul>\n<\/li>\n\n\n\n<li><strong>Qual o ano de lan\u00e7amento do filme?<\/strong>\n<ul class=\"wp-block-list\">\n<li><em>Matrix<\/em> foi lan\u00e7ado em 1999.<\/li>\n<\/ul>\n<\/li>\n\n\n\n<li><strong>Qual a produtora respons\u00e1vel pelo filme?<\/strong>\n<ul class=\"wp-block-list\">\n<li>Produzido pela <strong>Warner Bros. Pictures<\/strong>, em parceria com a <strong>Village Roadshow Pictures<\/strong> e a <strong>Silver Pictures<\/strong>.<\/li>\n<\/ul>\n<\/li>\n<\/ul>\n","protected":false},"excerpt":{"rendered":"<p>Um cl\u00e1ssico da fic\u00e7\u00e3o cient\u00edfica que revolucionou o cinema com filosofia, a\u00e7\u00e3o estilizada e questionamentos sobre a realidade.<\/p>\n","protected":false},"author":3,"featured_media":36831,"comment_status":"open","ping_status":"open","sticky":false,"template":"","format":"standard","meta":{"_yoast_wpseo_focuskw":"filme","_yoast_wpseo_title":"%%title%%","_yoast_wpseo_metadesc":"Um cl\u00e1ssico da fic\u00e7\u00e3o cient\u00edfica que revolucionou o cinema com filosofia, a\u00e7\u00e3o estilizada e questionamentos sobre a realidade.","jnews-multi-image_gallery":[],"jnews_single_post":{"format":"standard"},"jnews_primary_category":[],"jnews_social_meta":[],"jnews_override_counter":[],"footnotes":""},"categories":[140],"post_tag":[568],"class_list":["post-36824","post","type-post","status-publish","format-standard","has-post-thumbnail","hentry","category-entretenimento","tag-series-e-filmes"],"yoast_head":"<!-- This site is optimized with the Yoast SEO plugin v24.6 - https:\/\/yoast.com\/wordpress\/plugins\/seo\/ -->\n<title>Esse filme vai virar sua mente de cabe\u00e7a para baixo<\/title>\n<meta name=\"description\" content=\"Um cl\u00e1ssico da fic\u00e7\u00e3o cient\u00edfica que revolucionou o cinema com filosofia, a\u00e7\u00e3o estilizada e questionamentos sobre a realidade.\" \/>\n<meta name=\"robots\" content=\"index, follow, max-snippet:-1, max-image-preview:large, max-video-preview:-1\" \/>\n<link rel=\"canonical\" href=\"https:\/\/www.correiobraziliense.com.br\/cbradar\/esse-filme-vai-virar-sua-mente-de-cabeca-para-baixo\/\" \/>\n<meta property=\"og:locale\" content=\"pt_BR\" \/>\n<meta property=\"og:type\" content=\"article\" \/>\n<meta property=\"og:title\" content=\"Esse filme vai virar sua mente de cabe\u00e7a para baixo\" \/>\n<meta property=\"og:description\" content=\"Um cl\u00e1ssico da fic\u00e7\u00e3o cient\u00edfica que revolucionou o cinema com filosofia, a\u00e7\u00e3o estilizada e questionamentos sobre a realidade.\" \/>\n<meta property=\"og:url\" content=\"https:\/\/www.correiobraziliense.com.br\/cbradar\/esse-filme-vai-virar-sua-mente-de-cabeca-para-baixo\/\" \/>\n<meta property=\"og:site_name\" content=\"Correio Braziliense - Radar\" \/>\n<meta property=\"article:published_time\" content=\"2025-05-15T18:30:00+00:00\" \/>\n<meta property=\"og:image\" content=\"https:\/\/www.correiobraziliense.com.br\/cbradar\/wp-content\/uploads\/2025\/05\/Matrix.png\" \/>\n\t<meta property=\"og:image:width\" content=\"1280\" \/>\n\t<meta property=\"og:image:height\" content=\"720\" \/>\n\t<meta property=\"og:image:type\" content=\"image\/png\" \/>\n<meta name=\"author\" content=\"Larissa Carvalho\" \/>\n<meta name=\"twitter:card\" content=\"summary_large_image\" \/>\n<meta name=\"twitter:label1\" content=\"Escrito por\" \/>\n\t<meta name=\"twitter:data1\" content=\"Larissa Carvalho\" \/>\n\t<meta name=\"twitter:label2\" content=\"Est. tempo de leitura\" \/>\n\t<meta name=\"twitter:data2\" content=\"3 minutos\" \/>\n<!-- \/ Yoast SEO plugin. -->","yoast_head_json":{"title":"Esse filme vai virar sua mente de cabe\u00e7a para baixo","description":"Um cl\u00e1ssico da fic\u00e7\u00e3o cient\u00edfica que revolucionou o cinema com filosofia, a\u00e7\u00e3o estilizada e questionamentos sobre a realidade.","robots":{"index":"index","follow":"follow","max-snippet":"max-snippet:-1","max-image-preview":"max-image-preview:large","max-video-preview":"max-video-preview:-1"},"canonical":"https:\/\/www.correiobraziliense.com.br\/cbradar\/esse-filme-vai-virar-sua-mente-de-cabeca-para-baixo\/","og_locale":"pt_BR","og_type":"article","og_title":"Esse filme vai virar sua mente de cabe\u00e7a para baixo","og_description":"Um cl\u00e1ssico da fic\u00e7\u00e3o cient\u00edfica que revolucionou o cinema com filosofia, a\u00e7\u00e3o estilizada e questionamentos sobre a realidade.","og_url":"https:\/\/www.correiobraziliense.com.br\/cbradar\/esse-filme-vai-virar-sua-mente-de-cabeca-para-baixo\/","og_site_name":"Correio Braziliense - Radar","article_published_time":"2025-05-15T18:30:00+00:00","og_image":[{"width":1280,"height":720,"url":"https:\/\/www.correiobraziliense.com.br\/cbradar\/wp-content\/uploads\/2025\/05\/Matrix.png","type":"image\/png"}],"author":"Larissa Carvalho","twitter_card":"summary_large_image","twitter_misc":{"Escrito por":"Larissa Carvalho","Est. tempo de leitura":"3 minutos"},"schema":{"@context":"https:\/\/schema.org","@graph":[{"@type":"WebPage","@id":"https:\/\/www.correiobraziliense.com.br\/cbradar\/esse-filme-vai-virar-sua-mente-de-cabeca-para-baixo\/","url":"https:\/\/www.correiobraziliense.com.br\/cbradar\/esse-filme-vai-virar-sua-mente-de-cabeca-para-baixo\/","name":"Esse filme vai virar sua mente de cabe\u00e7a para baixo","isPartOf":{"@id":"https:\/\/www.correiobraziliense.com.br\/cbradar\/#website"},"primaryImageOfPage":{"@id":"https:\/\/www.correiobraziliense.com.br\/cbradar\/esse-filme-vai-virar-sua-mente-de-cabeca-para-baixo\/#primaryimage"},"image":{"@id":"https:\/\/www.correiobraziliense.com.br\/cbradar\/esse-filme-vai-virar-sua-mente-de-cabeca-para-baixo\/#primaryimage"},"thumbnailUrl":"https:\/\/www.correiobraziliense.com.br\/cbradar\/wp-content\/uploads\/2025\/05\/Matrix.png","datePublished":"2025-05-15T18:30:00+00:00","author":{"@id":"https:\/\/www.correiobraziliense.com.br\/cbradar\/#\/schema\/person\/58422787644df994b53a19d3e56c1513"},"description":"Um cl\u00e1ssico da fic\u00e7\u00e3o cient\u00edfica que revolucionou o cinema com filosofia, a\u00e7\u00e3o estilizada e questionamentos sobre a realidade.","breadcrumb":{"@id":"https:\/\/www.correiobraziliense.com.br\/cbradar\/esse-filme-vai-virar-sua-mente-de-cabeca-para-baixo\/#breadcrumb"},"inLanguage":"pt-BR","potentialAction":[{"@type":"ReadAction","target":["https:\/\/www.correiobraziliense.com.br\/cbradar\/esse-filme-vai-virar-sua-mente-de-cabeca-para-baixo\/"]}]},{"@type":"ImageObject","inLanguage":"pt-BR","@id":"https:\/\/www.correiobraziliense.com.br\/cbradar\/esse-filme-vai-virar-sua-mente-de-cabeca-para-baixo\/#primaryimage","url":"https:\/\/www.correiobraziliense.com.br\/cbradar\/wp-content\/uploads\/2025\/05\/Matrix.png","contentUrl":"https:\/\/www.correiobraziliense.com.br\/cbradar\/wp-content\/uploads\/2025\/05\/Matrix.png","width":1280,"height":720,"caption":"Matrix. Fonte: divulga\u00e7\u00e3o \/ Warner Bros"},{"@type":"BreadcrumbList","@id":"https:\/\/www.correiobraziliense.com.br\/cbradar\/esse-filme-vai-virar-sua-mente-de-cabeca-para-baixo\/#breadcrumb","itemListElement":[{"@type":"ListItem","position":1,"name":"In\u00edcio","item":"https:\/\/www.correiobraziliense.com.br\/cbradar\/"},{"@type":"ListItem","position":2,"name":"Esse filme vai virar sua mente de cabe\u00e7a para baixo"}]},{"@type":"WebSite","@id":"https:\/\/www.correiobraziliense.com.br\/cbradar\/#website","url":"https:\/\/www.correiobraziliense.com.br\/cbradar\/","name":"Correio Braziliense - Radar","description":"Acompanhe as \u00faltimas not\u00edcias e fique bem informado sobre tudo o que acontece no Brasil e no mundo.","potentialAction":[{"@type":"SearchAction","target":{"@type":"EntryPoint","urlTemplate":"https:\/\/www.correiobraziliense.com.br\/cbradar\/?s={search_term_string}"},"query-input":{"@type":"PropertyValueSpecification","valueRequired":true,"valueName":"search_term_string"}}],"inLanguage":"pt-BR"},{"@type":"Person","@id":"https:\/\/www.correiobraziliense.com.br\/cbradar\/#\/schema\/person\/58422787644df994b53a19d3e56c1513","name":"Larissa Carvalho","image":{"@type":"ImageObject","inLanguage":"pt-BR","@id":"https:\/\/www.correiobraziliense.com.br\/cbradar\/#\/schema\/person\/image\/","url":"https:\/\/secure.gravatar.com\/avatar\/fe4f91a0de32b52a838d0d612abdc1aa?s=96&d=mm&r=g","contentUrl":"https:\/\/secure.gravatar.com\/avatar\/fe4f91a0de32b52a838d0d612abdc1aa?s=96&d=mm&r=g","caption":"Larissa Carvalho"},"url":"https:\/\/www.correiobraziliense.com.br\/cbradar\/author\/larissamyth\/"}]}},"_links":{"self":[{"href":"https:\/\/www.correiobraziliense.com.br\/cbradar\/wp-json\/wp\/v2\/posts\/36824","targetHints":{"allow":["GET"]}}],"collection":[{"href":"https:\/\/www.correiobraziliense.com.br\/cbradar\/wp-json\/wp\/v2\/posts"}],"about":[{"href":"https:\/\/www.correiobraziliense.com.br\/cbradar\/wp-json\/wp\/v2\/types\/post"}],"author":[{"embeddable":true,"href":"https:\/\/www.correiobraziliense.com.br\/cbradar\/wp-json\/wp\/v2\/users\/3"}],"replies":[{"embeddable":true,"href":"https:\/\/www.correiobraziliense.com.br\/cbradar\/wp-json\/wp\/v2\/comments?post=36824"}],"version-history":[{"count":1,"href":"https:\/\/www.correiobraziliense.com.br\/cbradar\/wp-json\/wp\/v2\/posts\/36824\/revisions"}],"predecessor-version":[{"id":36832,"href":"https:\/\/www.correiobraziliense.com.br\/cbradar\/wp-json\/wp\/v2\/posts\/36824\/revisions\/36832"}],"wp:featuredmedia":[{"embeddable":true,"href":"https:\/\/www.correiobraziliense.com.br\/cbradar\/wp-json\/wp\/v2\/media\/36831"}],"wp:attachment":[{"href":"https:\/\/www.correiobraziliense.com.br\/cbradar\/wp-json\/wp\/v2\/media?parent=36824"}],"wp:term":[{"taxonomy":"category","embeddable":true,"href":"https:\/\/www.correiobraziliense.com.br\/cbradar\/wp-json\/wp\/v2\/categories?post=36824"},{"taxonomy":"post_tag","embeddable":true,"href":"https:\/\/www.correiobraziliense.com.br\/cbradar\/wp-json\/wp\/v2\/post_tag?post=36824"}],"curies":[{"name":"wp","href":"https:\/\/api.w.org\/{rel}","templated":true}]}}