{"id":36855,"date":"2025-05-15T20:50:00","date_gmt":"2025-05-15T23:50:00","guid":{"rendered":"https:\/\/www.correiobraziliense.com.br\/cbradar\/?p=36855"},"modified":"2025-05-14T14:35:43","modified_gmt":"2025-05-14T17:35:43","slug":"superestrela-teen-vira-icone-pop-e-conquista-um-patrimonio-de-tirar-o-folego","status":"publish","type":"post","link":"https:\/\/www.correiobraziliense.com.br\/cbradar\/superestrela-teen-vira-icone-pop-e-conquista-um-patrimonio-de-tirar-o-folego\/","title":{"rendered":"Superestrela teen vira \u00edcone pop e conquista um patrim\u00f4nio de tirar o f\u00f4lego"},"content":{"rendered":"\n<p><strong><a href=\"https:\/\/en.wikipedia.org\/wiki\/Demi_Lovato\" target=\"_blank\" rel=\"noreferrer noopener\">Demi Lovato<\/a><\/strong> \u00e9 uma das artistas mais completas e admiradas da ind\u00fastria do entretenimento. Com versatilidade \u00fanica de saber mesclar rock e pop, construiu uma carreira s\u00f3lida e se tornou um verdadeiro \u00edcone para muitas gera\u00e7\u00f5es. Sua jornada \u00e9 marcada por supera\u00e7\u00e3o pessoal, desafios e um talento impressionante. Neste artigo, exploraremos sua trajet\u00f3ria, conquistas, curiosidades e sua fortuna.<\/p>\n\n\n\n<h2 class=\"wp-block-heading\">Como Demi Lovato come\u00e7ou sua carreira pop?<\/h2>\n\n\n\n<p>A carreira de <strong>Demi Lovato<\/strong> come\u00e7ou de forma precoce, com seu interesse pela m\u00fasica e atua\u00e7\u00e3o desde muito jovem. Nascida em <strong>Albuquerque<\/strong>, <strong>Novo M\u00e9xico<\/strong>, em <strong>1992<\/strong>, <strong>Demi Lovato<\/strong> sempre teve uma inclina\u00e7\u00e3o para as artes. Seu grande momento de estreia aconteceu em <strong>2002<\/strong>, quando, aos <strong>10 anos<\/strong>, apareceu no programa de televis\u00e3o <em>Barney &amp; Friends<\/em>, onde conheceu sua futura amiga, <strong>Selena Gomez<\/strong>.<\/p>\n\n\n\n<p>Por\u00e9m, foi em <strong>2008<\/strong>, quando <strong>Demi Lovato<\/strong> estreou no papel principal no filme para TV <em>Camp Rock<\/em>, do <strong><a href=\"https:\/\/www.correiobraziliense.com.br\/cbradar\/descendentes-5-e-confirmado-pela-disney\/\" target=\"_blank\" rel=\"noreferrer noopener\">Disney Channel<\/a><\/strong>, que sua carreira disparou. O filme, que a colocou ao lado de <strong>Joe Jonas<\/strong> e da banda <strong>Jonas Brothers<\/strong>, foi um grande sucesso e a catapultou para a fama internacional. Logo ap\u00f3s, <strong>Demi<\/strong> lan\u00e7ou seu primeiro \u00e1lbum, <em>Don&#8217;t Forget<\/em> (<strong>2008<\/strong>), consolidando-se no cen\u00e1rio musical.<\/p>\n\n\n<div class=\"wp-block-image\">\n<figure class=\"aligncenter size-large\"><img decoding=\"async\" width=\"1024\" height=\"576\" src=\"https:\/\/www.correiobraziliense.com.br\/cbradar\/wp-content\/uploads\/2025\/04\/demi-lovato_1744869926044-1024x576.jpg\" alt=\"Superestrela teen vira \u00edcone pop e conquista um patrim\u00f4nio de tirar o f\u00f4lego\" class=\"wp-image-24755\" srcset=\"https:\/\/www.correiobraziliense.com.br\/cbradar\/wp-content\/uploads\/2025\/04\/demi-lovato_1744869926044-1024x576.jpg 1024w, https:\/\/www.correiobraziliense.com.br\/cbradar\/wp-content\/uploads\/2025\/04\/demi-lovato_1744869926044-300x169.jpg 300w, https:\/\/www.correiobraziliense.com.br\/cbradar\/wp-content\/uploads\/2025\/04\/demi-lovato_1744869926044-768x432.jpg 768w, https:\/\/www.correiobraziliense.com.br\/cbradar\/wp-content\/uploads\/2025\/04\/demi-lovato_1744869926044-750x422.jpg 750w, https:\/\/www.correiobraziliense.com.br\/cbradar\/wp-content\/uploads\/2025\/04\/demi-lovato_1744869926044-1140x641.jpg 1140w, https:\/\/www.correiobraziliense.com.br\/cbradar\/wp-content\/uploads\/2025\/04\/demi-lovato_1744869926044.jpg 1280w\" sizes=\"(max-width: 1024px) 100vw, 1024px\" \/><figcaption class=\"wp-element-caption\">Demi Lovato \/\/ Cr\u00e9ditos: depositphotos.com \/ PopularImages<\/figcaption><\/figure><\/div>\n\n\n<h2 class=\"wp-block-heading\">Quais s\u00e3o as conquistas de Demi Lovato?<\/h2>\n\n\n\n<p>A trajet\u00f3ria de <strong>Demi Lovato<\/strong> inclui in\u00fameros sucessos tanto na m\u00fasica quanto na televis\u00e3o. Ela lan\u00e7ou uma s\u00e9rie de \u00e1lbuns de sucesso, incluindo <em>Here We Go Again<\/em> (<strong>2009<\/strong>), <em>Unbroken<\/em> (<strong>2011<\/strong>) e <em>Confident<\/em> (<strong>2015<\/strong>), com hits como <em>Skyscraper<\/em>, <em>Give Your Heart a Break<\/em> e <em>Sorry Not Sorry<\/em>. <strong>Demi Lovato<\/strong> tem a habilidade \u00fanica de mesclar o pop com o rock, criando um estilo pr\u00f3prio que conquistou milh\u00f5es de f\u00e3s ao redor do mundo.<\/p>\n\n\n\n<p>Al\u00e9m disso, ela teve um papel importante como jurada no programa <em>The X Factor<\/em> dos <strong>EUA<\/strong>, onde ajudou a moldar carreiras e revelou novos talentos. Sua participa\u00e7\u00e3o no programa fez dela uma figura ainda mais reconhecida, trazendo-lhe uma grande base de f\u00e3s e refor\u00e7ando seu status como \u00edcone da cultura pop.<\/p>\n\n\n\n<p>No campo das premia\u00e7\u00f5es, <strong>Demi Lovato<\/strong> foi indicada a diversos pr\u00eamios importantes, como <strong>Grammy<\/strong>, <strong>MTV Music Awards<\/strong> e <strong>Teen Choice Awards<\/strong>, al\u00e9m de conquistar pr\u00eamios por seu trabalho como artista e ativista. Sua carreira tamb\u00e9m inclui uma s\u00e9rie de turn\u00eas de grande sucesso, com lota\u00e7\u00f5es esgotadas em diversos pa\u00edses.<\/p>\n\n\n\n<h2 class=\"wp-block-heading\">Curiosidades sobre a Demi Lovato<\/h2>\n\n\n\n<p><strong>Demi Lovato<\/strong> \u00e9 uma pessoa muito aberta sobre suas batalhas pessoais e, ao longo de sua carreira, compartilhou com seus f\u00e3s as dificuldades que enfrentou, incluindo quest\u00f5es com sa\u00fade mental, depend\u00eancia e transtornos alimentares. Sua honestidade e vulnerabilidade a tornaram uma figura inspiradora para muitos, especialmente para jovens que enfrentam desafios semelhantes.<\/p>\n\n\n\n<p>Al\u00e9m de sua carreira art\u00edstica, <strong>Demi Lovato<\/strong> tem se destacado no ativismo. Ela \u00e9 uma defensora dos direitos das pessoas LGBTQIA+, sa\u00fade mental e igualdade de g\u00eanero. Sua luta pela sa\u00fade mental \u00e9 uma das mais not\u00e1veis, e ela frequentemente utiliza sua plataforma para sensibilizar as pessoas sobre a import\u00e2ncia de buscar ajuda e se cuidar.<\/p>\n\n\n\n<p>Outro aspecto interessante da vida de <strong>Demi Lovato<\/strong> \u00e9 sua conex\u00e3o com a espiritualidade e o autoconhecimento. Ela compartilhou em v\u00e1rias entrevistas sobre o processo de se redescobrir e encontrar for\u00e7a nas adversidades. <strong>Demi<\/strong> tamb\u00e9m \u00e9 uma defensora de um estilo de vida saud\u00e1vel, tendo se afastado de comportamentos autodestrutivos em busca de equil\u00edbrio e bem-estar.<\/p>\n\n\n\n<h2 class=\"wp-block-heading\">A trajet\u00f3ria de Demi Lovato na ind\u00fastria pop<\/h2>\n\n\n\n<p>A carreira de <strong>Demi Lovato<\/strong> \u00e9 um exemplo de resili\u00eancia e reinven\u00e7\u00e3o. Desde sua estreia no Disney Channel at\u00e9 seu status atual como uma artista global, ela tem sido uma das figuras mais aut\u00eanticas da m\u00fasica pop. Embora tenha enfrentado desafios pessoais, <strong>Demi<\/strong> sempre foi transparente sobre suas lutas e usou suas experi\u00eancias para criar m\u00fasicas poderosas e significativas.<\/p>\n\n\n\n<p>Seu retorno ao cen\u00e1rio musical com \u00e1lbuns como <em>Tell Me You Love Me<\/em> (<strong>2017<\/strong>) e <em>Demi Lovato: The World Tour<\/em> (<strong>2018<\/strong>) foi um marco em sua carreira. Ela voltou com for\u00e7a total, mostrando n\u00e3o apenas sua habilidade vocal, mas tamb\u00e9m uma profunda evolu\u00e7\u00e3o pessoal e art\u00edstica.<\/p>\n\n\n\n<p>Hoje, <strong>Demi Lovato<\/strong> \u00e9 uma artista que transcende os limites da m\u00fasica, da atua\u00e7\u00e3o e da cultura pop. Ela continua sendo uma inspira\u00e7\u00e3o para muitos, com uma carreira que s\u00f3 tende a crescer e se expandir.<\/p>\n\n\n\n<h2 class=\"wp-block-heading\">Qual \u00e9 o valor da fortuna de Demi Lovato e fontes de renda?<\/h2>\n\n\n\n<p>Com sua carreira de sucesso, <strong>Demi Lovato<\/strong> acumulou uma fortuna estimada em <strong>$40 milh\u00f5es<\/strong>. Sua renda prov\u00e9m de diversas fontes, incluindo vendas de \u00e1lbuns, contratos de turn\u00eas, campanhas publicit\u00e1rias e apari\u00e7\u00f5es na televis\u00e3o. Al\u00e9m disso, <strong>Demi<\/strong> tamb\u00e9m investe em projetos relacionados \u00e0 sa\u00fade mental e ao bem-estar, o que pode gerar receitas adicionais.<\/p>\n\n\n\n<p>Outro fator importante \u00e9 a sua presen\u00e7a nas redes sociais, onde ela tem uma base de f\u00e3s gigantesca. <strong>Demi Lovato<\/strong> tamb\u00e9m possui uma linha de produtos de beleza e \u00e9 uma influenciadora de grandes marcas, o que complementa seus rendimentos. Sua fortuna tamb\u00e9m inclui ganhos por direitos autorais e outros contratos de licenciamentos.<\/p>\n\n\n\n<p>Com sua carreira multifacetada explorando a cultura pop, <strong>Demi Lovato<\/strong> continua sendo uma das artistas mais bem-sucedidas de sua gera\u00e7\u00e3o, e seu valor financeiro deve continuar a crescer \u00e0 medida que ela expande suas \u00e1reas de atua\u00e7\u00e3o.<\/p>\n\n\n\n<p>Em resumo, a trajet\u00f3ria de <strong>Demi Lovato<\/strong> \u00e9 marcada pela supera\u00e7\u00e3o, talento e uma dedica\u00e7\u00e3o constante em evoluir tanto artisticamente quanto pessoalmente. Sua hist\u00f3ria inspira milh\u00f5es ao redor do mundo, e ela continua a se destacar como uma das maiores estrelas da ind\u00fastria do entretenimento.<\/p>\n","protected":false},"excerpt":{"rendered":"<p>Demi Lovato \u00e9 uma das artistas mais completas e admiradas da ind\u00fastria do entretenimento. Com versatilidade \u00fanica de saber mesclar rock e pop, construiu uma carreira s\u00f3lida e se tornou um verdadeiro \u00edcone para muitas gera\u00e7\u00f5es. Sua jornada \u00e9 marcada por supera\u00e7\u00e3o pessoal, desafios e um talento impressionante. Neste artigo, exploraremos sua trajet\u00f3ria, conquistas, curiosidades [&hellip;]<\/p>\n","protected":false},"author":8,"featured_media":24756,"comment_status":"open","ping_status":"open","sticky":false,"template":"","format":"standard","meta":{"jnews-multi-image_gallery":[],"jnews_single_post":{"format":"standard"},"jnews_primary_category":[],"jnews_social_meta":[],"jnews_override_counter":[],"footnotes":""},"categories":[128,169],"post_tag":[3462,345],"class_list":["post-36855","post","type-post","status-publish","format-standard","has-post-thumbnail","hentry","category-economia","category-noticias","tag-demi-lovato","tag-patrimonio"],"yoast_head":"<!-- This site is optimized with the Yoast SEO plugin v24.6 - https:\/\/yoast.com\/wordpress\/plugins\/seo\/ -->\n<title>Superestrela teen vira \u00edcone pop e conquista um patrim\u00f4nio de tirar o f\u00f4lego - Correio Braziliense - Radar<\/title>\n<meta name=\"description\" content=\"Ela come\u00e7ou como superestrela teen e hoje \u00e9 um \u00edcone pop com uma fortuna impressionante. Descubra como ela fez essa transforma\u00e7\u00e3o.\" \/>\n<meta name=\"robots\" content=\"index, follow, max-snippet:-1, max-image-preview:large, max-video-preview:-1\" \/>\n<link rel=\"canonical\" href=\"https:\/\/www.correiobraziliense.com.br\/cbradar\/superestrela-teen-vira-icone-pop-e-conquista-um-patrimonio-de-tirar-o-folego\/\" \/>\n<meta property=\"og:locale\" content=\"pt_BR\" \/>\n<meta property=\"og:type\" content=\"article\" \/>\n<meta property=\"og:title\" content=\"Superestrela teen vira \u00edcone pop e conquista um patrim\u00f4nio de tirar o f\u00f4lego - Correio Braziliense - Radar\" \/>\n<meta property=\"og:description\" content=\"Ela come\u00e7ou como superestrela teen e hoje \u00e9 um \u00edcone pop com uma fortuna impressionante. Descubra como ela fez essa transforma\u00e7\u00e3o.\" \/>\n<meta property=\"og:url\" content=\"https:\/\/www.correiobraziliense.com.br\/cbradar\/superestrela-teen-vira-icone-pop-e-conquista-um-patrimonio-de-tirar-o-folego\/\" \/>\n<meta property=\"og:site_name\" content=\"Correio Braziliense - Radar\" \/>\n<meta property=\"article:published_time\" content=\"2025-05-15T23:50:00+00:00\" \/>\n<meta property=\"og:image\" content=\"https:\/\/www.correiobraziliense.com.br\/cbradar\/wp-content\/uploads\/2025\/04\/demi-lovato_1744869917323.jpg\" \/>\n\t<meta property=\"og:image:width\" content=\"1280\" \/>\n\t<meta property=\"og:image:height\" content=\"720\" \/>\n\t<meta property=\"og:image:type\" content=\"image\/jpeg\" \/>\n<meta name=\"author\" content=\"Maura Pereira\" \/>\n<meta name=\"twitter:card\" content=\"summary_large_image\" \/>\n<meta name=\"twitter:label1\" content=\"Escrito por\" \/>\n\t<meta name=\"twitter:data1\" content=\"Maura Pereira\" \/>\n\t<meta name=\"twitter:label2\" content=\"Est. tempo de leitura\" \/>\n\t<meta name=\"twitter:data2\" content=\"6 minutos\" \/>\n<!-- \/ Yoast SEO plugin. -->","yoast_head_json":{"title":"Superestrela teen vira \u00edcone pop e conquista um patrim\u00f4nio de tirar o f\u00f4lego - Correio Braziliense - Radar","description":"Ela come\u00e7ou como superestrela teen e hoje \u00e9 um \u00edcone pop com uma fortuna impressionante. Descubra como ela fez essa transforma\u00e7\u00e3o.","robots":{"index":"index","follow":"follow","max-snippet":"max-snippet:-1","max-image-preview":"max-image-preview:large","max-video-preview":"max-video-preview:-1"},"canonical":"https:\/\/www.correiobraziliense.com.br\/cbradar\/superestrela-teen-vira-icone-pop-e-conquista-um-patrimonio-de-tirar-o-folego\/","og_locale":"pt_BR","og_type":"article","og_title":"Superestrela teen vira \u00edcone pop e conquista um patrim\u00f4nio de tirar o f\u00f4lego - Correio Braziliense - Radar","og_description":"Ela come\u00e7ou como superestrela teen e hoje \u00e9 um \u00edcone pop com uma fortuna impressionante. Descubra como ela fez essa transforma\u00e7\u00e3o.","og_url":"https:\/\/www.correiobraziliense.com.br\/cbradar\/superestrela-teen-vira-icone-pop-e-conquista-um-patrimonio-de-tirar-o-folego\/","og_site_name":"Correio Braziliense - Radar","article_published_time":"2025-05-15T23:50:00+00:00","og_image":[{"width":1280,"height":720,"url":"https:\/\/www.correiobraziliense.com.br\/cbradar\/wp-content\/uploads\/2025\/04\/demi-lovato_1744869917323.jpg","type":"image\/jpeg"}],"author":"Maura Pereira","twitter_card":"summary_large_image","twitter_misc":{"Escrito por":"Maura Pereira","Est. tempo de leitura":"6 minutos"},"schema":{"@context":"https:\/\/schema.org","@graph":[{"@type":"WebPage","@id":"https:\/\/www.correiobraziliense.com.br\/cbradar\/superestrela-teen-vira-icone-pop-e-conquista-um-patrimonio-de-tirar-o-folego\/","url":"https:\/\/www.correiobraziliense.com.br\/cbradar\/superestrela-teen-vira-icone-pop-e-conquista-um-patrimonio-de-tirar-o-folego\/","name":"Superestrela teen vira \u00edcone pop e conquista um patrim\u00f4nio de tirar o f\u00f4lego - Correio Braziliense - Radar","isPartOf":{"@id":"https:\/\/www.correiobraziliense.com.br\/cbradar\/#website"},"primaryImageOfPage":{"@id":"https:\/\/www.correiobraziliense.com.br\/cbradar\/superestrela-teen-vira-icone-pop-e-conquista-um-patrimonio-de-tirar-o-folego\/#primaryimage"},"image":{"@id":"https:\/\/www.correiobraziliense.com.br\/cbradar\/superestrela-teen-vira-icone-pop-e-conquista-um-patrimonio-de-tirar-o-folego\/#primaryimage"},"thumbnailUrl":"https:\/\/www.correiobraziliense.com.br\/cbradar\/wp-content\/uploads\/2025\/04\/demi-lovato_1744869917323.jpg","datePublished":"2025-05-15T23:50:00+00:00","author":{"@id":"https:\/\/www.correiobraziliense.com.br\/cbradar\/#\/schema\/person\/4053c651a9bfc785afc6f4cbc9032fd3"},"description":"Ela come\u00e7ou como superestrela teen e hoje \u00e9 um \u00edcone pop com uma fortuna impressionante. Descubra como ela fez essa transforma\u00e7\u00e3o.","breadcrumb":{"@id":"https:\/\/www.correiobraziliense.com.br\/cbradar\/superestrela-teen-vira-icone-pop-e-conquista-um-patrimonio-de-tirar-o-folego\/#breadcrumb"},"inLanguage":"pt-BR","potentialAction":[{"@type":"ReadAction","target":["https:\/\/www.correiobraziliense.com.br\/cbradar\/superestrela-teen-vira-icone-pop-e-conquista-um-patrimonio-de-tirar-o-folego\/"]}]},{"@type":"ImageObject","inLanguage":"pt-BR","@id":"https:\/\/www.correiobraziliense.com.br\/cbradar\/superestrela-teen-vira-icone-pop-e-conquista-um-patrimonio-de-tirar-o-folego\/#primaryimage","url":"https:\/\/www.correiobraziliense.com.br\/cbradar\/wp-content\/uploads\/2025\/04\/demi-lovato_1744869917323.jpg","contentUrl":"https:\/\/www.correiobraziliense.com.br\/cbradar\/wp-content\/uploads\/2025\/04\/demi-lovato_1744869917323.jpg","width":1280,"height":720,"caption":"Cr\u00e9ditos: depositphotos.com \/ Image Press Agency"},{"@type":"BreadcrumbList","@id":"https:\/\/www.correiobraziliense.com.br\/cbradar\/superestrela-teen-vira-icone-pop-e-conquista-um-patrimonio-de-tirar-o-folego\/#breadcrumb","itemListElement":[{"@type":"ListItem","position":1,"name":"In\u00edcio","item":"https:\/\/www.correiobraziliense.com.br\/cbradar\/"},{"@type":"ListItem","position":2,"name":"Superestrela teen vira \u00edcone pop e conquista um patrim\u00f4nio de tirar o f\u00f4lego"}]},{"@type":"WebSite","@id":"https:\/\/www.correiobraziliense.com.br\/cbradar\/#website","url":"https:\/\/www.correiobraziliense.com.br\/cbradar\/","name":"Correio Braziliense - Radar","description":"Acompanhe as \u00faltimas not\u00edcias e fique bem informado sobre tudo o que acontece no Brasil e no mundo.","potentialAction":[{"@type":"SearchAction","target":{"@type":"EntryPoint","urlTemplate":"https:\/\/www.correiobraziliense.com.br\/cbradar\/?s={search_term_string}"},"query-input":{"@type":"PropertyValueSpecification","valueRequired":true,"valueName":"search_term_string"}}],"inLanguage":"pt-BR"},{"@type":"Person","@id":"https:\/\/www.correiobraziliense.com.br\/cbradar\/#\/schema\/person\/4053c651a9bfc785afc6f4cbc9032fd3","name":"Maura Pereira","image":{"@type":"ImageObject","inLanguage":"pt-BR","@id":"https:\/\/www.correiobraziliense.com.br\/cbradar\/#\/schema\/person\/image\/","url":"https:\/\/secure.gravatar.com\/avatar\/3effd6bdadfa447f15089c7f7144eaa6?s=96&d=mm&r=g","contentUrl":"https:\/\/secure.gravatar.com\/avatar\/3effd6bdadfa447f15089c7f7144eaa6?s=96&d=mm&r=g","caption":"Maura Pereira"},"sameAs":["https:\/\/www.correiobraziliense.com.br\/"],"url":"https:\/\/www.correiobraziliense.com.br\/cbradar\/author\/mauramyth\/"}]}},"_links":{"self":[{"href":"https:\/\/www.correiobraziliense.com.br\/cbradar\/wp-json\/wp\/v2\/posts\/36855","targetHints":{"allow":["GET"]}}],"collection":[{"href":"https:\/\/www.correiobraziliense.com.br\/cbradar\/wp-json\/wp\/v2\/posts"}],"about":[{"href":"https:\/\/www.correiobraziliense.com.br\/cbradar\/wp-json\/wp\/v2\/types\/post"}],"author":[{"embeddable":true,"href":"https:\/\/www.correiobraziliense.com.br\/cbradar\/wp-json\/wp\/v2\/users\/8"}],"replies":[{"embeddable":true,"href":"https:\/\/www.correiobraziliense.com.br\/cbradar\/wp-json\/wp\/v2\/comments?post=36855"}],"version-history":[{"count":10,"href":"https:\/\/www.correiobraziliense.com.br\/cbradar\/wp-json\/wp\/v2\/posts\/36855\/revisions"}],"predecessor-version":[{"id":36919,"href":"https:\/\/www.correiobraziliense.com.br\/cbradar\/wp-json\/wp\/v2\/posts\/36855\/revisions\/36919"}],"wp:featuredmedia":[{"embeddable":true,"href":"https:\/\/www.correiobraziliense.com.br\/cbradar\/wp-json\/wp\/v2\/media\/24756"}],"wp:attachment":[{"href":"https:\/\/www.correiobraziliense.com.br\/cbradar\/wp-json\/wp\/v2\/media?parent=36855"}],"wp:term":[{"taxonomy":"category","embeddable":true,"href":"https:\/\/www.correiobraziliense.com.br\/cbradar\/wp-json\/wp\/v2\/categories?post=36855"},{"taxonomy":"post_tag","embeddable":true,"href":"https:\/\/www.correiobraziliense.com.br\/cbradar\/wp-json\/wp\/v2\/post_tag?post=36855"}],"curies":[{"name":"wp","href":"https:\/\/api.w.org\/{rel}","templated":true}]}}