{"id":36952,"date":"2025-05-15T06:50:00","date_gmt":"2025-05-15T09:50:00","guid":{"rendered":"https:\/\/www.correiobraziliense.com.br\/cbradar\/?p=36952"},"modified":"2025-07-02T15:08:35","modified_gmt":"2025-07-02T18:08:35","slug":"o-filme-avatar-3-tera-um-novo-protagonista-veja-tudo-sobre","status":"publish","type":"post","link":"https:\/\/www.correiobraziliense.com.br\/cbradar\/o-filme-avatar-3-tera-um-novo-protagonista-veja-tudo-sobre\/","title":{"rendered":"O filme Avatar 3 ter\u00e1 um novo protagonista? Veja tudo sobre!"},"content":{"rendered":"\n<p><strong>Avatar: Fogo e Cinzas<\/strong> chegar\u00e1 aos <a href=\"https:\/\/www.correiobraziliense.com.br\/cbradar\/quais-sao-as-5-series-mais-atuais-da-franquia-star-wars-para-assistir\/\" target=\"_blank\" rel=\"noreferrer noopener\">cinemas <\/a>brasileiros em <strong>18 de dezembro de 2025<\/strong>, trazendo a continua\u00e7\u00e3o da saga que revolucionou a ind\u00fastria cinematogr\u00e1fica. <strong>James Cameron<\/strong> volta a dirigir o terceiro cap\u00edtulo da franquia, desta vez explorando territ\u00f3rios completamente novos de <strong>Pandora<\/strong>. A expectativa \u00e9 gigantesca, especialmente ap\u00f3s <strong>Avatar: O Caminho da \u00c1gua<\/strong> ter arrecadado <strong>2,3 bilh\u00f5es de d\u00f3lares<\/strong> mundialmente.<\/p>\n\n\n\n<p>O filme promete ser ainda mais emocionalmente intenso que os anteriores. <strong>Cameron<\/strong> revelou que sua pr\u00f3pria esposa, <strong>Suzy Amis Cameron<\/strong>, chorou por quatro horas ap\u00f3s assistir a um corte preliminar. Esse detalhe mostra o quanto o diretor conseguiu elevar o tom dram\u00e1tico da hist\u00f3ria, mantendo os elementos visuais espetaculares que marcaram a franquia.<\/p>\n\n\n\n<h2 class=\"wp-block-heading\">Como <strong>Neytiri<\/strong> assume o protagonismo no terceiro filme?<\/h2>\n\n\n\n<p>Desta vez, <strong>Neytiri<\/strong>, interpretada por <strong>Zoe Salda\u00f1a<\/strong>, ganha muito mais destaque na narrativa. Ap\u00f3s a morte devastadora de <strong>Neteyam<\/strong> no filme anterior, a personagem lida com uma dor profunda e uma raiva que podem transform\u00e1-la completamente. <strong>Cameron<\/strong> destacou que a &#8220;devasta\u00e7\u00e3o absoluta&#8221; de <strong>Neytiri<\/strong> ser\u00e1 central para a trama de <strong>Fogo e Cinzas<\/strong>.<\/p>\n\n\n\n<p><strong>Zoe Salda\u00f1a<\/strong> recentemente ganhou o <strong>Oscar<\/strong> de <strong>Atriz Coadjuvante<\/strong> por <strong>Emilia P\u00e9rez<\/strong>, e <strong>Cameron<\/strong> promete que sua performance em <strong>Avatar<\/strong> ser\u00e1 ainda mais surpreendente. O diretor afirmou que a atriz est\u00e1 &#8220;incandescente&#8221; no filme, entregando algo que vai muito al\u00e9m do que o p\u00fablico j\u00e1 viu dela. Essa mudan\u00e7a de protagonismo pode trazer uma nova din\u00e2mica para toda a franquia.<\/p>\n\n\n\n<h2 class=\"wp-block-heading\">Quais s\u00e3o as novas tribos Na&#8217;vi em Pandora?<\/h2>\n\n\n\n<p><a href=\"https:\/\/www.imdb.com\/pt\/title\/tt1757678\/\" target=\"_blank\" rel=\"noreferrer noopener\"><strong>Avatar: Fogo e Cinzas<\/strong> <\/a>introduz duas novas tribos que expandem significativamente o universo de <strong>Pandora<\/strong>. O <strong>Povo das Cinzas<\/strong> \u00e9 descrito como vulc\u00e2nico e extremamente agressivo, liderado por <strong>Varang<\/strong>, interpretada por <strong>Oona Chaplin<\/strong>. Essa tribo representa uma amea\u00e7a real para <strong>Jake Sully<\/strong> e sua fam\u00edlia, contrastando com os <strong>Na&#8217;vi<\/strong> pac\u00edficos que conhecemos.<\/p>\n\n\n\n<p>A segunda novidade \u00e9 a <strong>Tribo do Vento<\/strong>, que vive nas montanhas flutuantes e domina os ares de <strong>Pandora<\/strong>. Primeiras rea\u00e7\u00f5es ao trailer mostram cenas espetaculares dessas criaturas voando entre as montanhas, criando sequ\u00eancias de a\u00e7\u00e3o completamente in\u00e9ditas. <strong>Cameron<\/strong> conseguiu expandir os elementos visuais para incluir fogo, ar e paisagens vulc\u00e2nicas, al\u00e9m dos oceanos j\u00e1 explorados.<\/p>\n\n\n\n<h2 class=\"wp-block-heading\">Que inova\u00e7\u00f5es t\u00e9cnicas o filme traz para o cinema?<\/h2>\n\n\n\n<p><strong>James Cameron<\/strong> est\u00e1 considerando filmar <strong>Avatar: Fogo e Cinzas<\/strong> em taxas de quadros ainda mais altas, possivelmente <strong>48 fps<\/strong> ou at\u00e9 <strong>60 fps<\/strong>. Jornalistas que assistiram ao primeiro trailer na <strong>CinemaCon<\/strong> relataram uma qualidade visual que parecia &#8220;al\u00e9m do real&#8221;, sugerindo que o diretor est\u00e1 novamente empurrando os limites da tecnologia cinematogr\u00e1fica.<\/p>\n\n\n\n<p>A produ\u00e7\u00e3o tamb\u00e9m utilizou novas t\u00e9cnicas para criar as criaturas de fogo e as paisagens vulc\u00e2nicas. Uma das novidades \u00e9 <strong>Medusa<\/strong>, uma criatura parecida com uma \u00e1gua-viva voadora gigante que deve ter papel central nas batalhas. Essas inova\u00e7\u00f5es continuam o legado de <strong>Cameron<\/strong> de sempre revolucionar os efeitos visuais a cada novo projeto.<\/p>\n\n\n\n<h2 class=\"wp-block-heading\">Como o filme conecta com os pr\u00f3ximos da franquia?<\/h2>\n\n\n<div class=\"wp-block-image\">\n<figure class=\"aligncenter size-large\"><img decoding=\"async\" width=\"1024\" height=\"576\" src=\"https:\/\/www.correiobraziliense.com.br\/cbradar\/wp-content\/uploads\/2025\/03\/Design-sem-nome-32-1024x576.png\" alt=\"\" class=\"wp-image-11898\" srcset=\"https:\/\/www.correiobraziliense.com.br\/cbradar\/wp-content\/uploads\/2025\/03\/Design-sem-nome-32-1024x576.png 1024w, https:\/\/www.correiobraziliense.com.br\/cbradar\/wp-content\/uploads\/2025\/03\/Design-sem-nome-32-300x169.png 300w, https:\/\/www.correiobraziliense.com.br\/cbradar\/wp-content\/uploads\/2025\/03\/Design-sem-nome-32-768x432.png 768w, https:\/\/www.correiobraziliense.com.br\/cbradar\/wp-content\/uploads\/2025\/03\/Design-sem-nome-32-750x422.png 750w, https:\/\/www.correiobraziliense.com.br\/cbradar\/wp-content\/uploads\/2025\/03\/Design-sem-nome-32-1140x641.png 1140w, https:\/\/www.correiobraziliense.com.br\/cbradar\/wp-content\/uploads\/2025\/03\/Design-sem-nome-32.png 1280w\" sizes=\"(max-width: 1024px) 100vw, 1024px\" \/><figcaption class=\"wp-element-caption\">Avatar \/\/ Reprodu\u00e7\u00e3o: trailer oficial (foto\/divulga\u00e7\u00e3o)<\/figcaption><\/figure><\/div>\n\n\n<p><strong>Fogo e Cinzas<\/strong> \u00e9 o terceiro de cinco filmes j\u00e1 planejados por <strong>Cameron<\/strong>. <strong>Avatar 4<\/strong> est\u00e1 confirmado para <strong>21 de dezembro de 2029<\/strong>, e <strong>Avatar 5<\/strong> para <strong>19 de dezembro de 2031<\/strong>. Isso significa que o \u00faltimo filme da saga chegar\u00e1 22 anos ap\u00f3s o original de <strong>2009<\/strong>, criando uma jornada \u00e9pica que acompanhar\u00e1 uma gera\u00e7\u00e3o inteira.<\/p>\n\n\n\n<p>A narrativa de <strong>Fogo e Cinzas<\/strong> estabelece as bases para os conflitos futuros em <strong>Pandora<\/strong>. Com a introdu\u00e7\u00e3o de tribos mais agressivas e a evolu\u00e7\u00e3o dos personagens principais, o filme prepara terreno para escaladas ainda maiores nos pr\u00f3ximos cap\u00edtulos. <strong>Cameron<\/strong> prometeu que cada filme ser\u00e1 diferente, evitando repetir f\u00f3rmulas e sempre surpreendendo o p\u00fablico.<\/p>\n\n\n\n<h2 class=\"wp-block-heading\">Qual o or\u00e7amento e expectativas de bilheteria?<\/h2>\n\n\n\n<p><strong>Avatar: Fogo e Cinzas<\/strong> teve um or\u00e7amento estimado em <strong>250 milh\u00f5es de d\u00f3lares<\/strong>, mantendo o padr\u00e3o de superprodu\u00e7\u00f5es da franquia. Considerando que <strong>O Caminho da \u00c1gua<\/strong> faturou <strong>2,3 bilh\u00f5es mundialmente<\/strong> ap\u00f3s 13 anos de intervalo, as expectativas para o terceiro filme s\u00e3o alt\u00edssimas.<\/p>\n\n\n\n<p>A <strong>Disney<\/strong> est\u00e1 apostando pesado no filme como o grande blockbuster de <strong>2025<\/strong>. Com apenas tr\u00eas anos de intervalo desde o \u00faltimo filme, a franquia est\u00e1 em um momento de momentum que pode resultar em n\u00fameros ainda mais impressionantes. <strong>Cameron<\/strong> j\u00e1 provou duas vezes que pode dominar as bilheterias mundiais, e <strong>Fogo e Cinzas<\/strong> tem todos os elementos para repetir esse sucesso.<\/p>\n","protected":false},"excerpt":{"rendered":"<p>Avatar: Fogo e Cinzas chegar\u00e1 aos cinemas brasileiros em 18 de dezembro de 2025, trazendo a continua\u00e7\u00e3o da saga que revolucionou a ind\u00fastria cinematogr\u00e1fica. James Cameron volta a dirigir o terceiro cap\u00edtulo da franquia, desta vez explorando territ\u00f3rios completamente novos de Pandora. A expectativa \u00e9 gigantesca, especialmente ap\u00f3s Avatar: O Caminho da \u00c1gua ter arrecadado [&hellip;]<\/p>\n","protected":false},"author":8,"featured_media":11894,"comment_status":"open","ping_status":"open","sticky":false,"template":"","format":"standard","meta":{"_yoast_wpseo_focuskw":"Avatar","_yoast_wpseo_title":"","_yoast_wpseo_metadesc":"Avatar 3 trar\u00e1 uma reviravolta no protagonismo com Lo'ak no centro da a\u00e7\u00e3o. Descubra o que est\u00e1 por vir neste \u00e9pico!","jnews-multi-image_gallery":[],"jnews_single_post":{"format":"standard"},"jnews_primary_category":[],"jnews_social_meta":[],"jnews_override_counter":[],"footnotes":""},"categories":[140],"post_tag":[1794,640,4662],"class_list":["post-36952","post","type-post","status-publish","format-standard","has-post-thumbnail","hentry","category-entretenimento","tag-avatar","tag-filme","tag-protagonista"],"yoast_head":"<!-- This site is optimized with the Yoast SEO plugin v24.6 - https:\/\/yoast.com\/wordpress\/plugins\/seo\/ -->\n<title>O filme Avatar 3 ter\u00e1 um novo protagonista? Veja tudo sobre! - Correio Braziliense - Radar<\/title>\n<meta name=\"description\" content=\"Avatar 3 trar\u00e1 uma reviravolta no protagonismo com Lo&#039;ak no centro da a\u00e7\u00e3o. Descubra o que est\u00e1 por vir neste \u00e9pico!\" \/>\n<meta name=\"robots\" content=\"index, follow, max-snippet:-1, max-image-preview:large, max-video-preview:-1\" \/>\n<link rel=\"canonical\" href=\"https:\/\/www.correiobraziliense.com.br\/cbradar\/o-filme-avatar-3-tera-um-novo-protagonista-veja-tudo-sobre\/\" \/>\n<meta property=\"og:locale\" content=\"pt_BR\" \/>\n<meta property=\"og:type\" content=\"article\" \/>\n<meta property=\"og:title\" content=\"O filme Avatar 3 ter\u00e1 um novo protagonista? Veja tudo sobre! - Correio Braziliense - Radar\" \/>\n<meta property=\"og:description\" content=\"Avatar 3 trar\u00e1 uma reviravolta no protagonismo com Lo&#039;ak no centro da a\u00e7\u00e3o. Descubra o que est\u00e1 por vir neste \u00e9pico!\" \/>\n<meta property=\"og:url\" content=\"https:\/\/www.correiobraziliense.com.br\/cbradar\/o-filme-avatar-3-tera-um-novo-protagonista-veja-tudo-sobre\/\" \/>\n<meta property=\"og:site_name\" content=\"Correio Braziliense - Radar\" \/>\n<meta property=\"article:published_time\" content=\"2025-05-15T09:50:00+00:00\" \/>\n<meta property=\"article:modified_time\" content=\"2025-07-02T18:08:35+00:00\" \/>\n<meta property=\"og:image\" content=\"https:\/\/www.correiobraziliense.com.br\/cbradar\/wp-content\/uploads\/2025\/03\/Design-sem-nome-31.png\" \/>\n\t<meta property=\"og:image:width\" content=\"1280\" \/>\n\t<meta property=\"og:image:height\" content=\"720\" \/>\n\t<meta property=\"og:image:type\" content=\"image\/png\" \/>\n<meta name=\"author\" content=\"Maura Pereira\" \/>\n<meta name=\"twitter:card\" content=\"summary_large_image\" \/>\n<meta name=\"twitter:label1\" content=\"Escrito por\" \/>\n\t<meta name=\"twitter:data1\" content=\"Maura Pereira\" \/>\n\t<meta name=\"twitter:label2\" content=\"Est. tempo de leitura\" \/>\n\t<meta name=\"twitter:data2\" content=\"5 minutos\" \/>\n<!-- \/ Yoast SEO plugin. -->","yoast_head_json":{"title":"O filme Avatar 3 ter\u00e1 um novo protagonista? Veja tudo sobre! - Correio Braziliense - Radar","description":"Avatar 3 trar\u00e1 uma reviravolta no protagonismo com Lo'ak no centro da a\u00e7\u00e3o. Descubra o que est\u00e1 por vir neste \u00e9pico!","robots":{"index":"index","follow":"follow","max-snippet":"max-snippet:-1","max-image-preview":"max-image-preview:large","max-video-preview":"max-video-preview:-1"},"canonical":"https:\/\/www.correiobraziliense.com.br\/cbradar\/o-filme-avatar-3-tera-um-novo-protagonista-veja-tudo-sobre\/","og_locale":"pt_BR","og_type":"article","og_title":"O filme Avatar 3 ter\u00e1 um novo protagonista? Veja tudo sobre! - Correio Braziliense - Radar","og_description":"Avatar 3 trar\u00e1 uma reviravolta no protagonismo com Lo'ak no centro da a\u00e7\u00e3o. Descubra o que est\u00e1 por vir neste \u00e9pico!","og_url":"https:\/\/www.correiobraziliense.com.br\/cbradar\/o-filme-avatar-3-tera-um-novo-protagonista-veja-tudo-sobre\/","og_site_name":"Correio Braziliense - Radar","article_published_time":"2025-05-15T09:50:00+00:00","article_modified_time":"2025-07-02T18:08:35+00:00","og_image":[{"width":1280,"height":720,"url":"https:\/\/www.correiobraziliense.com.br\/cbradar\/wp-content\/uploads\/2025\/03\/Design-sem-nome-31.png","type":"image\/png"}],"author":"Maura Pereira","twitter_card":"summary_large_image","twitter_misc":{"Escrito por":"Maura Pereira","Est. tempo de leitura":"5 minutos"},"schema":{"@context":"https:\/\/schema.org","@graph":[{"@type":"WebPage","@id":"https:\/\/www.correiobraziliense.com.br\/cbradar\/o-filme-avatar-3-tera-um-novo-protagonista-veja-tudo-sobre\/","url":"https:\/\/www.correiobraziliense.com.br\/cbradar\/o-filme-avatar-3-tera-um-novo-protagonista-veja-tudo-sobre\/","name":"O filme Avatar 3 ter\u00e1 um novo protagonista? Veja tudo sobre! - Correio Braziliense - Radar","isPartOf":{"@id":"https:\/\/www.correiobraziliense.com.br\/cbradar\/#website"},"primaryImageOfPage":{"@id":"https:\/\/www.correiobraziliense.com.br\/cbradar\/o-filme-avatar-3-tera-um-novo-protagonista-veja-tudo-sobre\/#primaryimage"},"image":{"@id":"https:\/\/www.correiobraziliense.com.br\/cbradar\/o-filme-avatar-3-tera-um-novo-protagonista-veja-tudo-sobre\/#primaryimage"},"thumbnailUrl":"https:\/\/www.correiobraziliense.com.br\/cbradar\/wp-content\/uploads\/2025\/03\/Design-sem-nome-31.png","datePublished":"2025-05-15T09:50:00+00:00","dateModified":"2025-07-02T18:08:35+00:00","author":{"@id":"https:\/\/www.correiobraziliense.com.br\/cbradar\/#\/schema\/person\/4053c651a9bfc785afc6f4cbc9032fd3"},"description":"Avatar 3 trar\u00e1 uma reviravolta no protagonismo com Lo'ak no centro da a\u00e7\u00e3o. Descubra o que est\u00e1 por vir neste \u00e9pico!","breadcrumb":{"@id":"https:\/\/www.correiobraziliense.com.br\/cbradar\/o-filme-avatar-3-tera-um-novo-protagonista-veja-tudo-sobre\/#breadcrumb"},"inLanguage":"pt-BR","potentialAction":[{"@type":"ReadAction","target":["https:\/\/www.correiobraziliense.com.br\/cbradar\/o-filme-avatar-3-tera-um-novo-protagonista-veja-tudo-sobre\/"]}]},{"@type":"ImageObject","inLanguage":"pt-BR","@id":"https:\/\/www.correiobraziliense.com.br\/cbradar\/o-filme-avatar-3-tera-um-novo-protagonista-veja-tudo-sobre\/#primaryimage","url":"https:\/\/www.correiobraziliense.com.br\/cbradar\/wp-content\/uploads\/2025\/03\/Design-sem-nome-31.png","contentUrl":"https:\/\/www.correiobraziliense.com.br\/cbradar\/wp-content\/uploads\/2025\/03\/Design-sem-nome-31.png","width":1280,"height":720,"caption":"Avatar \/\/ Reprodu\u00e7\u00e3o: trailer oficial (foto\/divulga\u00e7\u00e3o)"},{"@type":"BreadcrumbList","@id":"https:\/\/www.correiobraziliense.com.br\/cbradar\/o-filme-avatar-3-tera-um-novo-protagonista-veja-tudo-sobre\/#breadcrumb","itemListElement":[{"@type":"ListItem","position":1,"name":"In\u00edcio","item":"https:\/\/www.correiobraziliense.com.br\/cbradar\/"},{"@type":"ListItem","position":2,"name":"O filme Avatar 3 ter\u00e1 um novo protagonista? Veja tudo sobre!"}]},{"@type":"WebSite","@id":"https:\/\/www.correiobraziliense.com.br\/cbradar\/#website","url":"https:\/\/www.correiobraziliense.com.br\/cbradar\/","name":"Correio Braziliense - Radar","description":"Acompanhe as \u00faltimas not\u00edcias e fique bem informado sobre tudo o que acontece no Brasil e no mundo.","potentialAction":[{"@type":"SearchAction","target":{"@type":"EntryPoint","urlTemplate":"https:\/\/www.correiobraziliense.com.br\/cbradar\/?s={search_term_string}"},"query-input":{"@type":"PropertyValueSpecification","valueRequired":true,"valueName":"search_term_string"}}],"inLanguage":"pt-BR"},{"@type":"Person","@id":"https:\/\/www.correiobraziliense.com.br\/cbradar\/#\/schema\/person\/4053c651a9bfc785afc6f4cbc9032fd3","name":"Maura Pereira","image":{"@type":"ImageObject","inLanguage":"pt-BR","@id":"https:\/\/www.correiobraziliense.com.br\/cbradar\/#\/schema\/person\/image\/","url":"https:\/\/secure.gravatar.com\/avatar\/3effd6bdadfa447f15089c7f7144eaa6?s=96&d=mm&r=g","contentUrl":"https:\/\/secure.gravatar.com\/avatar\/3effd6bdadfa447f15089c7f7144eaa6?s=96&d=mm&r=g","caption":"Maura Pereira"},"sameAs":["https:\/\/www.correiobraziliense.com.br\/"],"url":"https:\/\/www.correiobraziliense.com.br\/cbradar\/author\/mauramyth\/"}]}},"_links":{"self":[{"href":"https:\/\/www.correiobraziliense.com.br\/cbradar\/wp-json\/wp\/v2\/posts\/36952","targetHints":{"allow":["GET"]}}],"collection":[{"href":"https:\/\/www.correiobraziliense.com.br\/cbradar\/wp-json\/wp\/v2\/posts"}],"about":[{"href":"https:\/\/www.correiobraziliense.com.br\/cbradar\/wp-json\/wp\/v2\/types\/post"}],"author":[{"embeddable":true,"href":"https:\/\/www.correiobraziliense.com.br\/cbradar\/wp-json\/wp\/v2\/users\/8"}],"replies":[{"embeddable":true,"href":"https:\/\/www.correiobraziliense.com.br\/cbradar\/wp-json\/wp\/v2\/comments?post=36952"}],"version-history":[{"count":11,"href":"https:\/\/www.correiobraziliense.com.br\/cbradar\/wp-json\/wp\/v2\/posts\/36952\/revisions"}],"predecessor-version":[{"id":63420,"href":"https:\/\/www.correiobraziliense.com.br\/cbradar\/wp-json\/wp\/v2\/posts\/36952\/revisions\/63420"}],"wp:featuredmedia":[{"embeddable":true,"href":"https:\/\/www.correiobraziliense.com.br\/cbradar\/wp-json\/wp\/v2\/media\/11894"}],"wp:attachment":[{"href":"https:\/\/www.correiobraziliense.com.br\/cbradar\/wp-json\/wp\/v2\/media?parent=36952"}],"wp:term":[{"taxonomy":"category","embeddable":true,"href":"https:\/\/www.correiobraziliense.com.br\/cbradar\/wp-json\/wp\/v2\/categories?post=36952"},{"taxonomy":"post_tag","embeddable":true,"href":"https:\/\/www.correiobraziliense.com.br\/cbradar\/wp-json\/wp\/v2\/post_tag?post=36952"}],"curies":[{"name":"wp","href":"https:\/\/api.w.org\/{rel}","templated":true}]}}