{"id":3754,"date":"2025-02-19T20:50:00","date_gmt":"2025-02-19T23:50:00","guid":{"rendered":"https:\/\/www.correiobraziliense.com.br\/cbradar\/?p=3754"},"modified":"2025-02-18T01:37:56","modified_gmt":"2025-02-18T04:37:56","slug":"a-cidade-carioca-que-ficou-famosa-por-uma-atriz-francesa","status":"publish","type":"post","link":"https:\/\/www.correiobraziliense.com.br\/cbradar\/a-cidade-carioca-que-ficou-famosa-por-uma-atriz-francesa\/","title":{"rendered":"A cidade carioca que ficou famosa por uma atriz francesa"},"content":{"rendered":"\n<p><strong><a href=\"https:\/\/egov.buziosdigital.rj.gov.br\/\" target=\"_blank\" rel=\"noreferrer noopener\">B\u00fazios<\/a><\/strong>, uma das joias do litoral brasileiro, \u00e9 conhecida por suas praias deslumbrantes e atmosfera encantadora. Localizada no estado do<a href=\"https:\/\/www.correiobraziliense.com.br\/cbradar\/vale-a-pena-conhecer-a-cidade-imperial-brasileira\/\" target=\"_blank\" rel=\"noreferrer noopener\"> <strong>Rio de Janeiro<\/strong><\/a>, a cidade atrai turistas de todo o mundo em busca de beleza natural e tranquilidade. Este artigo explora a rica hist\u00f3ria de B\u00fazios, suas curiosidades fascinantes e oferece dicas valiosas para quem planeja visitar este destino paradis\u00edaco.<\/p>\n\n\n\n<p>Com uma hist\u00f3ria que remonta aos tempos coloniais, B\u00fazios tem muito a oferecer al\u00e9m de suas praias. Este guia ir\u00e1 esclarecer d\u00favidas comuns sobre transporte, hospedagem e seguran\u00e7a, al\u00e9m de apresentar uma vis\u00e3o abrangente das atra\u00e7\u00f5es e experi\u00eancias que tornam B\u00fazios um destino imperd\u00edvel. Continue lendo para descobrir tudo o que voc\u00ea precisa saber para aproveitar ao m\u00e1ximo sua visita a B\u00fazios.<\/p>\n\n\n\n<h2 class=\"wp-block-heading\"><strong>Qual \u00e9 a hist\u00f3ria de B\u00fazios?<\/strong><\/h2>\n\n\n\n<p>A hist\u00f3ria de B\u00fazios come\u00e7a com os povos ind\u00edgenas <strong>Tupinamb\u00e1s<\/strong>, que habitavam a regi\u00e3o antes da chegada dos colonizadores europeus. No s\u00e9culo <strong>XVI<\/strong>, os portugueses desembarcaram na \u00e1rea, iniciando um per\u00edodo de coloniza\u00e7\u00e3o que moldaria o futuro da cidade. Durante o per\u00edodo colonial, B\u00fazios foi um importante ponto de com\u00e9rcio, especialmente no tr\u00e1fico de escravos, devido \u00e0 sua localiza\u00e7\u00e3o estrat\u00e9gica.<\/p>\n\n\n\n<p>Ao longo dos anos, B\u00fazios passou por diversas transforma\u00e7\u00f5es, incluindo a moderniza\u00e7\u00e3o e o desenvolvimento econ\u00f4mico. A cidade ganhou notoriedade internacional na d\u00e9cada de <strong>1960<\/strong>, quando a atriz francesa<strong> Brigitte Bardot<\/strong> a visitou, colocando B\u00fazios no mapa tur\u00edstico mundial. Hoje, a influ\u00eancia hist\u00f3rica \u00e9 vis\u00edvel nas ruas de paralelep\u00edpedos e na arquitetura colonial preservada, que contam a hist\u00f3ria de um passado rico e diversificado.<\/p>\n\n\n\n<figure class=\"wp-block-embed aligncenter is-type-video is-provider-youtube wp-block-embed-youtube wp-embed-aspect-16-9 wp-has-aspect-ratio\"><div class=\"wp-block-embed__wrapper\">\n<div class=\"jeg_video_container jeg_video_content\"><iframe loading=\"lazy\" title=\"141 - 4K - Drone - B\u00fazios - RJ #buzios #buziosrj  #cidades #cidadesdobrasil #regiaodoslagos #rj\" width=\"500\" height=\"281\" src=\"https:\/\/www.youtube.com\/embed\/SOcgXdkzF3I?feature=oembed\" frameborder=\"0\" allow=\"accelerometer; autoplay; clipboard-write; encrypted-media; gyroscope; picture-in-picture; web-share\" referrerpolicy=\"strict-origin-when-cross-origin\" allowfullscreen><\/iframe><\/div>\n<\/div><\/figure>\n\n\n\n<h2 class=\"wp-block-heading\"><strong>Quais s\u00e3o as curiosidades mais interessantes sobre B\u00fazios?<\/strong><\/h2>\n\n\n\n<p>B\u00fazios \u00e9 repleta de curiosidades que encantam seus visitantes. Uma das mais conhecidas \u00e9 a presen\u00e7a de <strong>Brigitte Bardot<\/strong>, que se apaixonou pela cidade e inspirou a cria\u00e7\u00e3o da famosa est\u00e1tua em sua homenagem na <strong>Orla Bardot<\/strong>. Al\u00e9m disso, B\u00fazios \u00e9 conhecida por suas festas e festivais, como o <strong>Festival Gastron\u00f4mico de B\u00fazios<\/strong>, que celebra a rica culin\u00e1ria local e atrai chefs renomados de todo o <strong>Brasil<\/strong>.<\/p>\n\n\n\n<p>A cidade tamb\u00e9m possui s\u00edmbolos oficiais que refletem sua identidade \u00fanica, como a bandeira e o bras\u00e3o, que representam a beleza natural e a hist\u00f3ria mar\u00edtima de B\u00fazios. Esses elementos, juntamente com as tradi\u00e7\u00f5es culturais e festivais locais, contribuem para a identidade vibrante e acolhedora da cidade, tornando-a um destino \u00fanico no Brasil.<\/p>\n\n\n\n<h2 class=\"wp-block-heading\"><strong>Quais s\u00e3o os principais pontos tur\u00edsticos de B\u00fazios?<\/strong><\/h2>\n\n\n\n<p>B\u00fazios \u00e9 famosa por suas praias deslumbrantes, como a <strong>Praia de Gerib\u00e1<\/strong>, conhecida por suas ondas perfeitas para o surfe, e a <strong>Praia da Ferradura<\/strong>, ideal para fam\u00edlias devido \u00e0s suas \u00e1guas calmas. Outro ponto tur\u00edstico imperd\u00edvel \u00e9 a <strong>Rua das Pedras<\/strong>, o cora\u00e7\u00e3o pulsante da cidade, repleta de lojas, restaurantes e vida noturna vibrante.<\/p>\n\n\n\n<p>Para aproveitar ao m\u00e1ximo cada atra\u00e7\u00e3o, \u00e9 recomend\u00e1vel visitar B\u00fazios durante a baixa temporada, quando as praias est\u00e3o menos lotadas e os pre\u00e7os s\u00e3o mais acess\u00edveis. Al\u00e9m disso, explorar as trilhas ecol\u00f3gicas e os mirantes oferece uma perspectiva \u00fanica da beleza natural da regi\u00e3o, proporcionando uma experi\u00eancia tur\u00edstica completa e inesquec\u00edvel.<\/p>\n\n\n\n<h2 class=\"wp-block-heading\"><strong>Como \u00e9 o clima local e qual a melhor \u00e9poca para visitar?<\/strong><\/h2>\n\n\n\n<p>B\u00fazios possui um clima tropical, com temperaturas agrad\u00e1veis durante todo o ano. Os ver\u00f5es s\u00e3o quentes e \u00famidos, enquanto os invernos s\u00e3o mais secos e amenos. A temperatura m\u00e9dia anual gira em torno de <strong>24\u00b0C<\/strong>, tornando B\u00fazios um destino atraente em qualquer esta\u00e7\u00e3o.<\/p>\n\n\n\n<p>A melhor \u00e9poca para visitar B\u00fazios depende das prefer\u00eancias pessoais. Para quem busca tranquilidade e pre\u00e7os mais baixos, os meses de mar\u00e7o a junho s\u00e3o ideais. J\u00e1 para aqueles que desejam aproveitar o agito e os eventos locais, o ver\u00e3o \u00e9 a esta\u00e7\u00e3o perfeita. Independentemente da \u00e9poca, \u00e9 importante levar roupas leves, protetor solar e repelente para aproveitar ao m\u00e1ximo a estadia.<\/p>\n\n\n\n<h2 class=\"wp-block-heading\"><strong>O que fazer em B\u00fazios al\u00e9m dos pontos tur\u00edsticos?<\/strong><\/h2>\n\n\n\n<p>Al\u00e9m das praias e pontos tur\u00edsticos, B\u00fazios oferece experi\u00eancias aut\u00eanticas que valem a pena explorar. Visitar as feiras locais e mercados de artesanato \u00e9 uma \u00f3tima maneira de conhecer a cultura e o estilo de vida dos moradores. Experimente a culin\u00e1ria local em restaurantes tradicionais, onde pratos \u00e0 base de frutos do mar s\u00e3o destaque.<\/p>\n\n\n\n<p>Para hospedagem, B\u00fazios oferece uma variedade de op\u00e7\u00f5es, desde hot\u00e9is luxuosos at\u00e9 pousadas aconchegantes. O transporte na cidade \u00e9 facilitado por \u00f4nibus, t\u00e1xis e aplicativos de mobilidade, garantindo f\u00e1cil acesso a todas as atra\u00e7\u00f5es. Com tantas op\u00e7\u00f5es, B\u00fazios \u00e9 um destino que combina beleza natural com cultura e conforto.<\/p>\n\n\n\n<h2 class=\"wp-block-heading\"><strong>Dicas essenciais<\/strong><\/h2>\n\n\n\n<p>Ao visitar B\u00fazios, \u00e9 importante estar atento \u00e0 seguran\u00e7a e cuidar dos pertences pessoais, especialmente em \u00e1reas movimentadas. O transporte p\u00fablico \u00e9 eficiente e acess\u00edvel, mas alugar uma bicicleta pode ser uma alternativa divertida para explorar a cidade.<\/p>\n\n\n\n<p>Para economizar, considere visitar B\u00fazios fora da alta temporada e fique atento a promo\u00e7\u00f5es e cupons de desconto. Evite armadilhas tur\u00edsticas, como pre\u00e7os inflacionados em \u00e1reas muito tur\u00edsticas, e sempre pergunte aos locais por recomenda\u00e7\u00f5es aut\u00eanticas e acess\u00edveis.<\/p>\n\n\n\n<h2 class=\"wp-block-heading\"><strong>Perguntas frequentes (FAQ)<\/strong><\/h2>\n\n\n\n<p><strong>Qual \u00e9 a melhor \u00e9poca do ano para visitar B\u00fazios?<\/strong> Geralmente, depende do clima e dos eventos locais, como festivais ou feriados.<\/p>\n\n\n\n<p><strong>Quais pratos t\u00edpicos devem ser experimentados?<\/strong> Busque restaurantes tradicionais para provar a culin\u00e1ria local de B\u00fazios.<\/p>\n\n\n\n<p><strong>Quais s\u00e3o as melhores op\u00e7\u00f5es de transporte na cidade?<\/strong> Use \u00f4nibus, t\u00e1xis, aplicativos ou aluguel de bicicletas, dependendo da infraestrutura de B\u00fazios.<\/p>\n\n\n\n<p><strong>B\u00fazios \u00e9 segura para turistas?<\/strong> Em geral, sim, mas \u00e9 importante manter os cuidados de praxe em qualquer grande centro urbano.<\/p>\n\n\n\n<p><strong>Que eventos e festivais ocorrem anualmente em B\u00fazios?<\/strong> H\u00e1 celebra\u00e7\u00f5es religiosas, gastron\u00f4micas ou art\u00edsticas ao longo do ano; consulte calend\u00e1rios oficiais para se programar.<\/p>\n\n\n\n<p>Com suas praias deslumbrantes, rica hist\u00f3ria e cultura vibrante, B\u00fazios \u00e9 um destino que oferece algo para todos. Planeje sua visita e descubra as maravilhas que esta cidade encantadora tem a oferecer. Compartilhe suas experi\u00eancias e inspire outros a explorar este para\u00edso no litoral brasileiro.<\/p>\n","protected":false},"excerpt":{"rendered":"<p>B\u00fazios, uma das joias do litoral brasileiro, \u00e9 conhecida por suas praias deslumbrantes e atmosfera encantadora. Localizada no estado do Rio de Janeiro, a cidade atrai turistas de todo o mundo em busca de beleza natural e tranquilidade. Este artigo explora a rica hist\u00f3ria de B\u00fazios, suas curiosidades fascinantes e oferece dicas valiosas para quem [&hellip;]<\/p>\n","protected":false},"author":8,"featured_media":3787,"comment_status":"open","ping_status":"open","sticky":false,"template":"","format":"standard","meta":{"_yoast_wpseo_focuskw":"cidade","_yoast_wpseo_title":"","_yoast_wpseo_metadesc":"Descubra as praias paradis\u00edacas com nosso guia completo. Dicas de visita, passeios imperd\u00edveis e melhores lugares para aproveitar.","jnews-multi-image_gallery":[],"jnews_single_post":{"format":"standard"},"jnews_primary_category":[],"jnews_social_meta":[],"jnews_override_counter":[],"footnotes":""},"categories":[108,169,111],"tags":[813,109,304],"class_list":["post-3754","post","type-post","status-publish","format-standard","has-post-thumbnail","hentry","category-cidades","category-noticias","category-turismo","tag-buzios","tag-cidades","tag-rio-de-janeiro"],"yoast_head":"<!-- This site is optimized with the Yoast SEO plugin v24.6 - https:\/\/yoast.com\/wordpress\/plugins\/seo\/ -->\n<title>A cidade carioca que ficou famosa por uma atriz francesa - Correio Braziliense - Radar<\/title>\n<meta name=\"description\" content=\"Descubra as praias paradis\u00edacas com nosso guia completo. Dicas de visita, passeios imperd\u00edveis e melhores lugares para aproveitar.\" \/>\n<meta name=\"robots\" content=\"index, follow, max-snippet:-1, max-image-preview:large, max-video-preview:-1\" \/>\n<link rel=\"canonical\" href=\"https:\/\/www.correiobraziliense.com.br\/cbradar\/a-cidade-carioca-que-ficou-famosa-por-uma-atriz-francesa\/\" \/>\n<meta property=\"og:locale\" content=\"pt_BR\" \/>\n<meta property=\"og:type\" content=\"article\" \/>\n<meta property=\"og:title\" content=\"A cidade carioca que ficou famosa por uma atriz francesa - Correio Braziliense - Radar\" \/>\n<meta property=\"og:description\" content=\"Descubra as praias paradis\u00edacas com nosso guia completo. Dicas de visita, passeios imperd\u00edveis e melhores lugares para aproveitar.\" \/>\n<meta property=\"og:url\" content=\"https:\/\/www.correiobraziliense.com.br\/cbradar\/a-cidade-carioca-que-ficou-famosa-por-uma-atriz-francesa\/\" \/>\n<meta property=\"og:site_name\" content=\"Correio Braziliense - Radar\" \/>\n<meta property=\"article:published_time\" content=\"2025-02-19T23:50:00+00:00\" \/>\n<meta property=\"og:image\" content=\"https:\/\/www.correiobraziliense.com.br\/cbradar\/wp-content\/uploads\/2025\/02\/Buzios-rio-de-janeiro_1739850934637.jpg\" \/>\n\t<meta property=\"og:image:width\" content=\"1280\" \/>\n\t<meta property=\"og:image:height\" content=\"720\" \/>\n\t<meta property=\"og:image:type\" content=\"image\/jpeg\" \/>\n<meta name=\"author\" content=\"Maura Pereira\" \/>\n<meta name=\"twitter:card\" content=\"summary_large_image\" \/>\n<meta name=\"twitter:label1\" content=\"Escrito por\" \/>\n\t<meta name=\"twitter:data1\" content=\"Maura Pereira\" \/>\n\t<meta name=\"twitter:label2\" content=\"Est. tempo de leitura\" \/>\n\t<meta name=\"twitter:data2\" content=\"6 minutos\" \/>\n<!-- \/ Yoast SEO plugin. -->","yoast_head_json":{"title":"A cidade carioca que ficou famosa por uma atriz francesa - Correio Braziliense - Radar","description":"Descubra as praias paradis\u00edacas com nosso guia completo. Dicas de visita, passeios imperd\u00edveis e melhores lugares para aproveitar.","robots":{"index":"index","follow":"follow","max-snippet":"max-snippet:-1","max-image-preview":"max-image-preview:large","max-video-preview":"max-video-preview:-1"},"canonical":"https:\/\/www.correiobraziliense.com.br\/cbradar\/a-cidade-carioca-que-ficou-famosa-por-uma-atriz-francesa\/","og_locale":"pt_BR","og_type":"article","og_title":"A cidade carioca que ficou famosa por uma atriz francesa - Correio Braziliense - Radar","og_description":"Descubra as praias paradis\u00edacas com nosso guia completo. Dicas de visita, passeios imperd\u00edveis e melhores lugares para aproveitar.","og_url":"https:\/\/www.correiobraziliense.com.br\/cbradar\/a-cidade-carioca-que-ficou-famosa-por-uma-atriz-francesa\/","og_site_name":"Correio Braziliense - Radar","article_published_time":"2025-02-19T23:50:00+00:00","og_image":[{"width":1280,"height":720,"url":"https:\/\/www.correiobraziliense.com.br\/cbradar\/wp-content\/uploads\/2025\/02\/Buzios-rio-de-janeiro_1739850934637.jpg","type":"image\/jpeg"}],"author":"Maura Pereira","twitter_card":"summary_large_image","twitter_misc":{"Escrito por":"Maura Pereira","Est. tempo de leitura":"6 minutos"},"schema":{"@context":"https:\/\/schema.org","@graph":[{"@type":"WebPage","@id":"https:\/\/www.correiobraziliense.com.br\/cbradar\/a-cidade-carioca-que-ficou-famosa-por-uma-atriz-francesa\/","url":"https:\/\/www.correiobraziliense.com.br\/cbradar\/a-cidade-carioca-que-ficou-famosa-por-uma-atriz-francesa\/","name":"A cidade carioca que ficou famosa por uma atriz francesa - Correio Braziliense - Radar","isPartOf":{"@id":"https:\/\/www.correiobraziliense.com.br\/cbradar\/#website"},"primaryImageOfPage":{"@id":"https:\/\/www.correiobraziliense.com.br\/cbradar\/a-cidade-carioca-que-ficou-famosa-por-uma-atriz-francesa\/#primaryimage"},"image":{"@id":"https:\/\/www.correiobraziliense.com.br\/cbradar\/a-cidade-carioca-que-ficou-famosa-por-uma-atriz-francesa\/#primaryimage"},"thumbnailUrl":"https:\/\/www.correiobraziliense.com.br\/cbradar\/wp-content\/uploads\/2025\/02\/Buzios-rio-de-janeiro_1739850934637.jpg","datePublished":"2025-02-19T23:50:00+00:00","author":{"@id":"https:\/\/www.correiobraziliense.com.br\/cbradar\/#\/schema\/person\/4053c651a9bfc785afc6f4cbc9032fd3"},"description":"Descubra as praias paradis\u00edacas com nosso guia completo. Dicas de visita, passeios imperd\u00edveis e melhores lugares para aproveitar.","breadcrumb":{"@id":"https:\/\/www.correiobraziliense.com.br\/cbradar\/a-cidade-carioca-que-ficou-famosa-por-uma-atriz-francesa\/#breadcrumb"},"inLanguage":"pt-BR","potentialAction":[{"@type":"ReadAction","target":["https:\/\/www.correiobraziliense.com.br\/cbradar\/a-cidade-carioca-que-ficou-famosa-por-uma-atriz-francesa\/"]}]},{"@type":"ImageObject","inLanguage":"pt-BR","@id":"https:\/\/www.correiobraziliense.com.br\/cbradar\/a-cidade-carioca-que-ficou-famosa-por-uma-atriz-francesa\/#primaryimage","url":"https:\/\/www.correiobraziliense.com.br\/cbradar\/wp-content\/uploads\/2025\/02\/Buzios-rio-de-janeiro_1739850934637.jpg","contentUrl":"https:\/\/www.correiobraziliense.com.br\/cbradar\/wp-content\/uploads\/2025\/02\/Buzios-rio-de-janeiro_1739850934637.jpg","width":1280,"height":720,"caption":"Cidade encantadora, B\u00fazios oferece ambiente acolhedor e empregos variados para todos os perfis. \/\/ Cr\u00e9ditos: depositphotos.com \/ dabldy"},{"@type":"BreadcrumbList","@id":"https:\/\/www.correiobraziliense.com.br\/cbradar\/a-cidade-carioca-que-ficou-famosa-por-uma-atriz-francesa\/#breadcrumb","itemListElement":[{"@type":"ListItem","position":1,"name":"In\u00edcio","item":"https:\/\/www.correiobraziliense.com.br\/cbradar\/"},{"@type":"ListItem","position":2,"name":"A cidade carioca que ficou famosa por uma atriz francesa"}]},{"@type":"WebSite","@id":"https:\/\/www.correiobraziliense.com.br\/cbradar\/#website","url":"https:\/\/www.correiobraziliense.com.br\/cbradar\/","name":"Correio Braziliense - Radar","description":"Acompanhe as \u00faltimas not\u00edcias e fique bem informado sobre tudo o que acontece no Brasil e no mundo.","potentialAction":[{"@type":"SearchAction","target":{"@type":"EntryPoint","urlTemplate":"https:\/\/www.correiobraziliense.com.br\/cbradar\/?s={search_term_string}"},"query-input":{"@type":"PropertyValueSpecification","valueRequired":true,"valueName":"search_term_string"}}],"inLanguage":"pt-BR"},{"@type":"Person","@id":"https:\/\/www.correiobraziliense.com.br\/cbradar\/#\/schema\/person\/4053c651a9bfc785afc6f4cbc9032fd3","name":"Maura Pereira","image":{"@type":"ImageObject","inLanguage":"pt-BR","@id":"https:\/\/www.correiobraziliense.com.br\/cbradar\/#\/schema\/person\/image\/","url":"https:\/\/secure.gravatar.com\/avatar\/3effd6bdadfa447f15089c7f7144eaa6?s=96&d=mm&r=g","contentUrl":"https:\/\/secure.gravatar.com\/avatar\/3effd6bdadfa447f15089c7f7144eaa6?s=96&d=mm&r=g","caption":"Maura Pereira"},"sameAs":["https:\/\/www.correiobraziliense.com.br\/"],"url":"https:\/\/www.correiobraziliense.com.br\/cbradar\/author\/mauramyth\/"}]}},"_links":{"self":[{"href":"https:\/\/www.correiobraziliense.com.br\/cbradar\/wp-json\/wp\/v2\/posts\/3754","targetHints":{"allow":["GET"]}}],"collection":[{"href":"https:\/\/www.correiobraziliense.com.br\/cbradar\/wp-json\/wp\/v2\/posts"}],"about":[{"href":"https:\/\/www.correiobraziliense.com.br\/cbradar\/wp-json\/wp\/v2\/types\/post"}],"author":[{"embeddable":true,"href":"https:\/\/www.correiobraziliense.com.br\/cbradar\/wp-json\/wp\/v2\/users\/8"}],"replies":[{"embeddable":true,"href":"https:\/\/www.correiobraziliense.com.br\/cbradar\/wp-json\/wp\/v2\/comments?post=3754"}],"version-history":[{"count":10,"href":"https:\/\/www.correiobraziliense.com.br\/cbradar\/wp-json\/wp\/v2\/posts\/3754\/revisions"}],"predecessor-version":[{"id":3788,"href":"https:\/\/www.correiobraziliense.com.br\/cbradar\/wp-json\/wp\/v2\/posts\/3754\/revisions\/3788"}],"wp:featuredmedia":[{"embeddable":true,"href":"https:\/\/www.correiobraziliense.com.br\/cbradar\/wp-json\/wp\/v2\/media\/3787"}],"wp:attachment":[{"href":"https:\/\/www.correiobraziliense.com.br\/cbradar\/wp-json\/wp\/v2\/media?parent=3754"}],"wp:term":[{"taxonomy":"category","embeddable":true,"href":"https:\/\/www.correiobraziliense.com.br\/cbradar\/wp-json\/wp\/v2\/categories?post=3754"},{"taxonomy":"post_tag","embeddable":true,"href":"https:\/\/www.correiobraziliense.com.br\/cbradar\/wp-json\/wp\/v2\/tags?post=3754"}],"curies":[{"name":"wp","href":"https:\/\/api.w.org\/{rel}","templated":true}]}}