{"id":3755,"date":"2025-02-19T21:50:00","date_gmt":"2025-02-20T00:50:00","guid":{"rendered":"https:\/\/www.correiobraziliense.com.br\/cbradar\/?p=3755"},"modified":"2025-02-18T01:38:15","modified_gmt":"2025-02-18T04:38:15","slug":"voce-ja-ouviu-falar-na-cidade-que-e-conhecida-como-gostoso","status":"publish","type":"post","link":"https:\/\/www.correiobraziliense.com.br\/cbradar\/voce-ja-ouviu-falar-na-cidade-que-e-conhecida-como-gostoso\/","title":{"rendered":"Voc\u00ea j\u00e1 ouviu falar na cidade brasileira onde todos s\u00e3o &#8220;Gostosos&#8221;?"},"content":{"rendered":"\n<p><strong><a href=\"https:\/\/site.saomigueldogostoso.rn.gov.br\/\" target=\"_blank\" rel=\"noreferrer noopener\">S\u00e3o Miguel do Gostoso<\/a><\/strong>, uma encantadora cidade no litoral do <strong><a href=\"https:\/\/www.correiobraziliense.com.br\/cbradar\/a-historia-por-tras-da-cidade-do-brasil-que-mudou-de-nome-quatro-vezes\/\" target=\"_blank\" rel=\"noreferrer noopener\">Rio Grande do Norte<\/a><\/strong>, \u00e9 um destino que vem ganhando destaque entre os turistas que buscam tranquilidade e beleza natural. Com suas praias paradis\u00edacas e rica cultura local, a cidade oferece uma experi\u00eancia \u00fanica para quem deseja explorar o nordeste brasileiro. Este artigo visa fornecer informa\u00e7\u00f5es detalhadas sobre a hist\u00f3ria, pontos tur\u00edsticos e dicas essenciais para quem planeja visitar este lugar incr\u00edvel.<\/p>\n\n\n\n<p>Al\u00e9m de suas belezas naturais, S\u00e3o Miguel do Gostoso \u00e9 conhecida por sua hospitalidade e ambiente acolhedor. Neste guia, o leitor encontrar\u00e1 tudo o que precisa saber para aproveitar ao m\u00e1ximo sua estadia, desde as melhores \u00e9pocas para visitar at\u00e9 as curiosidades que tornam este lugar t\u00e3o especial. Continue lendo para descobrir o que faz de S\u00e3o Miguel do Gostoso um destino imperd\u00edvel.<\/p>\n\n\n\n<h2 class=\"wp-block-heading\"><strong>Qual \u00e9 a hist\u00f3ria de S\u00e3o Miguel do Gostoso?<\/strong><\/h2>\n\n\n\n<p>A hist\u00f3ria de S\u00e3o Miguel do Gostoso remonta ao in\u00edcio do s\u00e9culo <strong>XX<\/strong>, quando a regi\u00e3o come\u00e7ou a ser habitada por pescadores e agricultores. O nome curioso da cidade \u00e9 atribu\u00eddo a um <strong>personagem local conhecido como &#8220;Seu Gostoso&#8221;<\/strong>, que era famoso por sua simpatia e hospitalidade. Com o tempo, a vila de pescadores cresceu e se desenvolveu, atraindo visitantes interessados em suas praias e paisagens naturais.<\/p>\n\n\n\n<p>Momentos cruciais na hist\u00f3ria da cidade incluem a expans\u00e3o econ\u00f4mica impulsionada pelo turismo e a moderniza\u00e7\u00e3o das infraestruturas locais. Hoje, a cidade mant\u00e9m seu charme r\u00fastico, com ruas tranquilas e uma comunidade que valoriza suas tradi\u00e7\u00f5es. Os visitantes podem observar essa rica hist\u00f3ria refletida nas constru\u00e7\u00f5es e no modo de vida dos moradores.<\/p>\n\n\n<div class=\"wp-block-image\">\n<figure class=\"aligncenter size-large\"><img decoding=\"async\" width=\"1024\" height=\"576\" src=\"https:\/\/www.correiobraziliense.com.br\/cbradar\/wp-content\/uploads\/2025\/02\/Samsung-Galaxy-A55-9-1024x576.png\" alt=\"Voc\u00ea j\u00e1 ouviu falar na cidade brasileira onde todos s\u00e3o &quot;Gostosos&quot;?\" class=\"wp-image-3793\" srcset=\"https:\/\/www.correiobraziliense.com.br\/cbradar\/wp-content\/uploads\/2025\/02\/Samsung-Galaxy-A55-9-1024x576.png 1024w, https:\/\/www.correiobraziliense.com.br\/cbradar\/wp-content\/uploads\/2025\/02\/Samsung-Galaxy-A55-9-300x169.png 300w, https:\/\/www.correiobraziliense.com.br\/cbradar\/wp-content\/uploads\/2025\/02\/Samsung-Galaxy-A55-9-768x432.png 768w, https:\/\/www.correiobraziliense.com.br\/cbradar\/wp-content\/uploads\/2025\/02\/Samsung-Galaxy-A55-9-750x422.png 750w, https:\/\/www.correiobraziliense.com.br\/cbradar\/wp-content\/uploads\/2025\/02\/Samsung-Galaxy-A55-9-1140x641.png 1140w, https:\/\/www.correiobraziliense.com.br\/cbradar\/wp-content\/uploads\/2025\/02\/Samsung-Galaxy-A55-9.png 1280w\" sizes=\"(max-width: 1024px) 100vw, 1024px\" \/><figcaption class=\"wp-element-caption\">S\u00e3o Miguel do Gostoso \/\/ Reprodu\u00e7\u00e3o: Wikimedia Commons<\/figcaption><\/figure><\/div>\n\n\n<h2 class=\"wp-block-heading\"><strong>Quais s\u00e3o as curiosidades mais interessantes sobre S\u00e3o Miguel do Gostoso?<\/strong><\/h2>\n\n\n\n<p>\u00c9 repleta de curiosidades que despertam o interesse dos visitantes. Uma das lendas locais mais conhecidas \u00e9 a do <strong>&#8220;Vento Gostoso&#8221;<\/strong>, que segundo os moradores, traz boas energias e \u00e9 respons\u00e1vel pelo clima agrad\u00e1vel da regi\u00e3o. Al\u00e9m disso, a cidade \u00e9 famosa por seus festivais culturais, que celebram a m\u00fasica e a dan\u00e7a t\u00edpicas do nordeste.<\/p>\n\n\n\n<p>Outro fato interessante \u00e9 que S\u00e3o Miguel do Gostoso possui um bras\u00e3o que simboliza sua liga\u00e7\u00e3o com o mar e a pesca, atividades fundamentais para a economia local. Esses elementos culturais e hist\u00f3ricos contribuem para a identidade \u00fanica da cidade, tornando-a um destino fascinante para quem busca mais do que apenas belas paisagens.<\/p>\n\n\n\n<h2 class=\"wp-block-heading\"><strong>Quais s\u00e3o os principais pontos tur\u00edsticos de S\u00e3o Miguel do Gostoso?<\/strong><\/h2>\n\n\n\n<p>Entre os principais pontos tur\u00edsticos de S\u00e3o Miguel do Gostoso est\u00e3o suas praias deslumbrantes, como a <strong>Praia de Tourinhos<\/strong>, conhecida por suas forma\u00e7\u00f5es rochosas e p\u00f4r do sol espetacular. Outro local imperd\u00edvel \u00e9 a<strong> Praia do Macei\u00f3,<\/strong> ideal para a pr\u00e1tica de esportes aqu\u00e1ticos como <strong>kitesurf e windsurf<\/strong>, gra\u00e7as aos ventos constantes que sopram na regi\u00e3o.<\/p>\n\n\n\n<p>Para aproveitar ao m\u00e1ximo essas atra\u00e7\u00f5es, \u00e9 recomend\u00e1vel visitar S\u00e3o Miguel do Gostoso durante a baixa temporada, quando as praias est\u00e3o menos movimentadas. Al\u00e9m disso, explorar os arredores da cidade pode revelar outras belezas naturais e culturais, proporcionando uma experi\u00eancia tur\u00edstica ainda mais rica.<\/p>\n\n\n\n<h2 class=\"wp-block-heading\"><strong>Como \u00e9 o clima local e qual a melhor \u00e9poca para visitar?<\/strong><\/h2>\n\n\n\n<p>O clima em S\u00e3o Miguel do Gostoso \u00e9 tropical, com temperaturas m\u00e9dias que variam entre <strong>25\u00b0C e 30\u00b0C<\/strong> ao longo do ano. A cidade possui duas esta\u00e7\u00f5es bem definidas: a seca, que vai de setembro a fevereiro, e a chuvosa, de mar\u00e7o a agosto. Durante a esta\u00e7\u00e3o seca, o clima \u00e9 mais favor\u00e1vel para atividades ao ar livre e para desfrutar das praias.<\/p>\n\n\n\n<p>Cada esta\u00e7\u00e3o oferece suas vantagens, mas a melhor \u00e9poca para visitar S\u00e3o Miguel do Gostoso \u00e9 entre setembro e novembro, quando o clima \u00e9 agrad\u00e1vel e os ventos s\u00e3o ideais para esportes aqu\u00e1ticos. Recomenda-se levar roupas leves e protetor solar para aproveitar ao m\u00e1ximo o que a cidade tem a oferecer.<\/p>\n\n\n\n<h2 class=\"wp-block-heading\"><strong>O que fazer em S\u00e3o Miguel do Gostoso al\u00e9m dos pontos tur\u00edsticos?<\/strong><\/h2>\n\n\n\n<p>Al\u00e9m dos pontos tur\u00edsticos, S\u00e3o Miguel do Gostoso oferece experi\u00eancias aut\u00eanticas para os visitantes. O mercado local \u00e9 um \u00f3timo lugar para conhecer a cultura da cidade e experimentar pratos t\u00edpicos, como a famosa tapioca e os frutos-do-mar frescos. Restaurantes locais tamb\u00e9m oferecem uma deliciosa culin\u00e1ria nordestina, que \u00e9 uma atra\u00e7\u00e3o \u00e0 parte.<\/p>\n\n\n\n<p>Para hospedagem, a cidade conta com diversas op\u00e7\u00f5es, desde pousadas aconchegantes at\u00e9 hot\u00e9is mais sofisticados. O transporte pode ser feito de bicicleta, uma maneira pr\u00e1tica e ecol\u00f3gica de explorar a cidade. Essas experi\u00eancias proporcionam uma imers\u00e3o na cultura local e tornam a visita a S\u00e3o Miguel do Gostoso ainda mais especial.<\/p>\n\n\n\n<h2 class=\"wp-block-heading\"><strong>Dicas essenciais<\/strong><\/h2>\n\n\n\n<p>Ao visitar S\u00e3o Miguel do Gostoso, \u00e9 importante estar atento a algumas dicas de seguran\u00e7a, como cuidar dos pertences pessoais e evitar locais isolados \u00e0 noite. O transporte p\u00fablico \u00e9 limitado, mas t\u00e1xis e aplicativos de transporte s\u00e3o op\u00e7\u00f5es vi\u00e1veis para se locomover pela cidade.<\/p>\n\n\n\n<p>Para economizar, \u00e9 recomend\u00e1vel planejar a viagem fora da alta temporada e aproveitar promo\u00e7\u00f5es de hospedagem. Al\u00e9m disso, \u00e9 importante estar ciente de poss\u00edveis &#8220;pegadinhas&#8221; tur\u00edsticas, como pre\u00e7os inflacionados em \u00e1reas muito movimentadas, e sempre negociar valores antes de contratar servi\u00e7os.<\/p>\n\n\n\n<h2 class=\"wp-block-heading\"><strong>Perguntas frequentes (FAQ)<\/strong><\/h2>\n\n\n\n<p><strong>Qual \u00e9 a melhor \u00e9poca do ano para visitar S\u00e3o Miguel do Gostoso?<\/strong> Geralmente, depende do clima e dos eventos locais, como festivais ou feriados.<\/p>\n\n\n\n<p><strong>Quais pratos t\u00edpicos devem ser experimentados?<\/strong> Busque restaurantes tradicionais para provar a culin\u00e1ria local.<\/p>\n\n\n\n<p><strong>Quais s\u00e3o as melhores op\u00e7\u00f5es de transporte na cidade?<\/strong> Use \u00f4nibus, t\u00e1xis, aplicativos ou aluguel de bicicletas,.<\/p>\n\n\n\n<p><strong>S\u00e3o Miguel do Gostoso \u00e9 segura para turistas?<\/strong> Em geral, sim, mas \u00e9 importante manter os cuidados de praxe em qualquer grande centro urbano.<\/p>\n\n\n\n<p><strong>Que eventos e festivais ocorrem anualmente em S\u00e3o Miguel do Gostoso?<\/strong> H\u00e1 celebra\u00e7\u00f5es religiosas, gastron\u00f4micas ou art\u00edsticas ao longo do ano; consulte calend\u00e1rios oficiais para se programar.<\/p>\n\n\n\n<p>Esse \u00e9 um destino que encanta por sua simplicidade e beleza natural. Com uma rica hist\u00f3ria e cultura vibrante, a cidade oferece uma experi\u00eancia inesquec\u00edvel para quem a visita. Planejar uma viagem para este para\u00edso nordestino \u00e9 uma oportunidade de vivenciar momentos \u00fanicos e descobrir um dos tesouros do <strong>Brasil<\/strong>.<\/p>\n","protected":false},"excerpt":{"rendered":"<p>S\u00e3o Miguel do Gostoso, uma encantadora cidade no litoral do Rio Grande do Norte, \u00e9 um destino que vem ganhando destaque entre os turistas que buscam tranquilidade e beleza natural. Com suas praias paradis\u00edacas e rica cultura local, a cidade oferece uma experi\u00eancia \u00fanica para quem deseja explorar o nordeste brasileiro. Este artigo visa fornecer [&hellip;]<\/p>\n","protected":false},"author":8,"featured_media":3794,"comment_status":"open","ping_status":"open","sticky":false,"template":"","format":"standard","meta":{"_yoast_wpseo_focuskw":"S\u00e3o Miguel do Gostoso","_yoast_wpseo_title":"","_yoast_wpseo_metadesc":"Conhe\u00e7a a cidade que tem \"Gostoso\" no nome. Dicas de visita, praias tranquilas e o que fazer nessa curiosa e incr\u00edvel cidade do RN.","jnews-multi-image_gallery":[],"jnews_single_post":{"format":"standard"},"jnews_primary_category":[],"jnews_social_meta":[],"jnews_override_counter":[],"footnotes":""},"categories":[108,169,111],"tags":[109,814],"class_list":["post-3755","post","type-post","status-publish","format-standard","has-post-thumbnail","hentry","category-cidades","category-noticias","category-turismo","tag-cidades","tag-sao-miguel-do-gostoso"],"yoast_head":"<!-- This site is optimized with the Yoast SEO plugin v24.6 - https:\/\/yoast.com\/wordpress\/plugins\/seo\/ -->\n<title>Voc\u00ea j\u00e1 ouviu falar na cidade brasileira onde todos s\u00e3o &quot;Gostosos&quot;? - Correio Braziliense - Radar<\/title>\n<meta name=\"description\" content=\"Conhe\u00e7a a cidade que tem &quot;Gostoso&quot; no nome. Dicas de visita, praias tranquilas e o que fazer nessa curiosa e incr\u00edvel cidade do RN.\" \/>\n<meta name=\"robots\" content=\"index, follow, max-snippet:-1, max-image-preview:large, max-video-preview:-1\" \/>\n<link rel=\"canonical\" href=\"https:\/\/www.correiobraziliense.com.br\/cbradar\/voce-ja-ouviu-falar-na-cidade-que-e-conhecida-como-gostoso\/\" \/>\n<meta property=\"og:locale\" content=\"pt_BR\" \/>\n<meta property=\"og:type\" content=\"article\" \/>\n<meta property=\"og:title\" content=\"Voc\u00ea j\u00e1 ouviu falar na cidade brasileira onde todos s\u00e3o &quot;Gostosos&quot;? - Correio Braziliense - Radar\" \/>\n<meta property=\"og:description\" content=\"Conhe\u00e7a a cidade que tem &quot;Gostoso&quot; no nome. Dicas de visita, praias tranquilas e o que fazer nessa curiosa e incr\u00edvel cidade do RN.\" \/>\n<meta property=\"og:url\" content=\"https:\/\/www.correiobraziliense.com.br\/cbradar\/voce-ja-ouviu-falar-na-cidade-que-e-conhecida-como-gostoso\/\" \/>\n<meta property=\"og:site_name\" content=\"Correio Braziliense - Radar\" \/>\n<meta property=\"article:published_time\" content=\"2025-02-20T00:50:00+00:00\" \/>\n<meta property=\"og:image\" content=\"https:\/\/www.correiobraziliense.com.br\/cbradar\/wp-content\/uploads\/2025\/02\/Samsung-Galaxy-A55-10.png\" \/>\n\t<meta property=\"og:image:width\" content=\"1280\" \/>\n\t<meta property=\"og:image:height\" content=\"720\" \/>\n\t<meta property=\"og:image:type\" content=\"image\/png\" \/>\n<meta name=\"author\" content=\"Maura Pereira\" \/>\n<meta name=\"twitter:card\" content=\"summary_large_image\" \/>\n<meta name=\"twitter:label1\" content=\"Escrito por\" \/>\n\t<meta name=\"twitter:data1\" content=\"Maura Pereira\" \/>\n\t<meta name=\"twitter:label2\" content=\"Est. tempo de leitura\" \/>\n\t<meta name=\"twitter:data2\" content=\"6 minutos\" \/>\n<!-- \/ Yoast SEO plugin. -->","yoast_head_json":{"title":"Voc\u00ea j\u00e1 ouviu falar na cidade brasileira onde todos s\u00e3o \"Gostosos\"? - Correio Braziliense - Radar","description":"Conhe\u00e7a a cidade que tem \"Gostoso\" no nome. Dicas de visita, praias tranquilas e o que fazer nessa curiosa e incr\u00edvel cidade do RN.","robots":{"index":"index","follow":"follow","max-snippet":"max-snippet:-1","max-image-preview":"max-image-preview:large","max-video-preview":"max-video-preview:-1"},"canonical":"https:\/\/www.correiobraziliense.com.br\/cbradar\/voce-ja-ouviu-falar-na-cidade-que-e-conhecida-como-gostoso\/","og_locale":"pt_BR","og_type":"article","og_title":"Voc\u00ea j\u00e1 ouviu falar na cidade brasileira onde todos s\u00e3o \"Gostosos\"? - Correio Braziliense - Radar","og_description":"Conhe\u00e7a a cidade que tem \"Gostoso\" no nome. Dicas de visita, praias tranquilas e o que fazer nessa curiosa e incr\u00edvel cidade do RN.","og_url":"https:\/\/www.correiobraziliense.com.br\/cbradar\/voce-ja-ouviu-falar-na-cidade-que-e-conhecida-como-gostoso\/","og_site_name":"Correio Braziliense - Radar","article_published_time":"2025-02-20T00:50:00+00:00","og_image":[{"width":1280,"height":720,"url":"https:\/\/www.correiobraziliense.com.br\/cbradar\/wp-content\/uploads\/2025\/02\/Samsung-Galaxy-A55-10.png","type":"image\/png"}],"author":"Maura Pereira","twitter_card":"summary_large_image","twitter_misc":{"Escrito por":"Maura Pereira","Est. tempo de leitura":"6 minutos"},"schema":{"@context":"https:\/\/schema.org","@graph":[{"@type":"WebPage","@id":"https:\/\/www.correiobraziliense.com.br\/cbradar\/voce-ja-ouviu-falar-na-cidade-que-e-conhecida-como-gostoso\/","url":"https:\/\/www.correiobraziliense.com.br\/cbradar\/voce-ja-ouviu-falar-na-cidade-que-e-conhecida-como-gostoso\/","name":"Voc\u00ea j\u00e1 ouviu falar na cidade brasileira onde todos s\u00e3o \"Gostosos\"? - Correio Braziliense - Radar","isPartOf":{"@id":"https:\/\/www.correiobraziliense.com.br\/cbradar\/#website"},"primaryImageOfPage":{"@id":"https:\/\/www.correiobraziliense.com.br\/cbradar\/voce-ja-ouviu-falar-na-cidade-que-e-conhecida-como-gostoso\/#primaryimage"},"image":{"@id":"https:\/\/www.correiobraziliense.com.br\/cbradar\/voce-ja-ouviu-falar-na-cidade-que-e-conhecida-como-gostoso\/#primaryimage"},"thumbnailUrl":"https:\/\/www.correiobraziliense.com.br\/cbradar\/wp-content\/uploads\/2025\/02\/Samsung-Galaxy-A55-10.png","datePublished":"2025-02-20T00:50:00+00:00","author":{"@id":"https:\/\/www.correiobraziliense.com.br\/cbradar\/#\/schema\/person\/4053c651a9bfc785afc6f4cbc9032fd3"},"description":"Conhe\u00e7a a cidade que tem \"Gostoso\" no nome. Dicas de visita, praias tranquilas e o que fazer nessa curiosa e incr\u00edvel cidade do RN.","breadcrumb":{"@id":"https:\/\/www.correiobraziliense.com.br\/cbradar\/voce-ja-ouviu-falar-na-cidade-que-e-conhecida-como-gostoso\/#breadcrumb"},"inLanguage":"pt-BR","potentialAction":[{"@type":"ReadAction","target":["https:\/\/www.correiobraziliense.com.br\/cbradar\/voce-ja-ouviu-falar-na-cidade-que-e-conhecida-como-gostoso\/"]}]},{"@type":"ImageObject","inLanguage":"pt-BR","@id":"https:\/\/www.correiobraziliense.com.br\/cbradar\/voce-ja-ouviu-falar-na-cidade-que-e-conhecida-como-gostoso\/#primaryimage","url":"https:\/\/www.correiobraziliense.com.br\/cbradar\/wp-content\/uploads\/2025\/02\/Samsung-Galaxy-A55-10.png","contentUrl":"https:\/\/www.correiobraziliense.com.br\/cbradar\/wp-content\/uploads\/2025\/02\/Samsung-Galaxy-A55-10.png","width":1280,"height":720,"caption":"S\u00e3o Miguel do Gostoso \/\/ Reprodu\u00e7\u00e3o: Flickr"},{"@type":"BreadcrumbList","@id":"https:\/\/www.correiobraziliense.com.br\/cbradar\/voce-ja-ouviu-falar-na-cidade-que-e-conhecida-como-gostoso\/#breadcrumb","itemListElement":[{"@type":"ListItem","position":1,"name":"In\u00edcio","item":"https:\/\/www.correiobraziliense.com.br\/cbradar\/"},{"@type":"ListItem","position":2,"name":"Voc\u00ea j\u00e1 ouviu falar na cidade brasileira onde todos s\u00e3o &#8220;Gostosos&#8221;?"}]},{"@type":"WebSite","@id":"https:\/\/www.correiobraziliense.com.br\/cbradar\/#website","url":"https:\/\/www.correiobraziliense.com.br\/cbradar\/","name":"Correio Braziliense - Radar","description":"Acompanhe as \u00faltimas not\u00edcias e fique bem informado sobre tudo o que acontece no Brasil e no mundo.","potentialAction":[{"@type":"SearchAction","target":{"@type":"EntryPoint","urlTemplate":"https:\/\/www.correiobraziliense.com.br\/cbradar\/?s={search_term_string}"},"query-input":{"@type":"PropertyValueSpecification","valueRequired":true,"valueName":"search_term_string"}}],"inLanguage":"pt-BR"},{"@type":"Person","@id":"https:\/\/www.correiobraziliense.com.br\/cbradar\/#\/schema\/person\/4053c651a9bfc785afc6f4cbc9032fd3","name":"Maura Pereira","image":{"@type":"ImageObject","inLanguage":"pt-BR","@id":"https:\/\/www.correiobraziliense.com.br\/cbradar\/#\/schema\/person\/image\/","url":"https:\/\/secure.gravatar.com\/avatar\/3effd6bdadfa447f15089c7f7144eaa6?s=96&d=mm&r=g","contentUrl":"https:\/\/secure.gravatar.com\/avatar\/3effd6bdadfa447f15089c7f7144eaa6?s=96&d=mm&r=g","caption":"Maura Pereira"},"sameAs":["https:\/\/www.correiobraziliense.com.br\/"],"url":"https:\/\/www.correiobraziliense.com.br\/cbradar\/author\/mauramyth\/"}]}},"_links":{"self":[{"href":"https:\/\/www.correiobraziliense.com.br\/cbradar\/wp-json\/wp\/v2\/posts\/3755","targetHints":{"allow":["GET"]}}],"collection":[{"href":"https:\/\/www.correiobraziliense.com.br\/cbradar\/wp-json\/wp\/v2\/posts"}],"about":[{"href":"https:\/\/www.correiobraziliense.com.br\/cbradar\/wp-json\/wp\/v2\/types\/post"}],"author":[{"embeddable":true,"href":"https:\/\/www.correiobraziliense.com.br\/cbradar\/wp-json\/wp\/v2\/users\/8"}],"replies":[{"embeddable":true,"href":"https:\/\/www.correiobraziliense.com.br\/cbradar\/wp-json\/wp\/v2\/comments?post=3755"}],"version-history":[{"count":18,"href":"https:\/\/www.correiobraziliense.com.br\/cbradar\/wp-json\/wp\/v2\/posts\/3755\/revisions"}],"predecessor-version":[{"id":3802,"href":"https:\/\/www.correiobraziliense.com.br\/cbradar\/wp-json\/wp\/v2\/posts\/3755\/revisions\/3802"}],"wp:featuredmedia":[{"embeddable":true,"href":"https:\/\/www.correiobraziliense.com.br\/cbradar\/wp-json\/wp\/v2\/media\/3794"}],"wp:attachment":[{"href":"https:\/\/www.correiobraziliense.com.br\/cbradar\/wp-json\/wp\/v2\/media?parent=3755"}],"wp:term":[{"taxonomy":"category","embeddable":true,"href":"https:\/\/www.correiobraziliense.com.br\/cbradar\/wp-json\/wp\/v2\/categories?post=3755"},{"taxonomy":"post_tag","embeddable":true,"href":"https:\/\/www.correiobraziliense.com.br\/cbradar\/wp-json\/wp\/v2\/tags?post=3755"}],"curies":[{"name":"wp","href":"https:\/\/api.w.org\/{rel}","templated":true}]}}