{"id":37648,"date":"2025-05-16T18:30:00","date_gmt":"2025-05-16T21:30:00","guid":{"rendered":"https:\/\/www.correiobraziliense.com.br\/cbradar\/?p=37648"},"modified":"2025-05-15T17:45:24","modified_gmt":"2025-05-15T20:45:24","slug":"essa-cidade-paulista-surpreende-com-educacao-cultura-e-estrutura-bem-planejada","status":"publish","type":"post","link":"https:\/\/www.correiobraziliense.com.br\/cbradar\/essa-cidade-paulista-surpreende-com-educacao-cultura-e-estrutura-bem-planejada\/","title":{"rendered":"Essa cidade paulista surpreende com educa\u00e7\u00e3o, cultura e estrutura bem planejada"},"content":{"rendered":"\n<p><strong><a href=\"https:\/\/www.ourinhos.sp.gov.br\/\" target=\"_blank\" rel=\"noreferrer noopener\">Ourinhos<\/a><\/strong>, localizada no sudoeste do <strong><a href=\"https:\/\/www.correiobraziliense.com.br\/cbradar\/essa-cidade-no-interior-de-sao-paulo-e-rica-em-qualidade-de-vida-educacao-e-cafe\/\" target=\"_blank\" rel=\"noreferrer noopener\">estado de S\u00e3o Paulo<\/a><\/strong>, \u00e9 uma cidade de m\u00e9dio porte que vem se destacando por seu foco em educa\u00e7\u00e3o, seu calend\u00e1rio de eventos culturais e seu crescimento urbano planejado. Com cerca de 115 mil habitantes, a cidade \u00e9 refer\u00eancia regional em ensino, lazer e qualidade de vida.<\/p>\n\n\n\n<p>Tranquila, bem organizada e acolhedora, <strong>Ourinhos<\/strong> \u00e9 ideal para quem busca viver com estrutura, investir em educa\u00e7\u00e3o ou aproveitar uma agenda cultural ativa no interior paulista.<\/p>\n\n\n\n<h2 class=\"wp-block-heading\">Qualidade de vida com rotina organizada e servi\u00e7os acess\u00edveis<\/h2>\n\n\n\n<p><strong>Ourinhos<\/strong> proporciona uma vida urbana equilibrada, com bairros bem distribu\u00eddos, vias organizadas e transporte p\u00fablico funcional. A cidade \u00e9 arborizada, segura e possui servi\u00e7os de sa\u00fade, educa\u00e7\u00e3o e lazer acess\u00edveis \u00e0 popula\u00e7\u00e3o.<\/p>\n\n\n\n<p>O clima ameno e a infraestrutura urbana refor\u00e7am o bem-estar dos moradores, que encontram um ambiente tranquilo para morar e com bom custo de vida em rela\u00e7\u00e3o aos grandes centros.<\/p>\n\n\n\n<h2 class=\"wp-block-heading\">Educa\u00e7\u00e3o como base do desenvolvimento<\/h2>\n\n\n\n<p>A cidade tem forte tradi\u00e7\u00e3o educacional, com escolas p\u00fablicas e privadas bem avaliadas, centros de forma\u00e7\u00e3o profissional e polos universit\u00e1rios que oferecem cursos em diversas \u00e1reas. O ensino t\u00e9cnico tamb\u00e9m \u00e9 destaque, preparando jovens para o mercado de trabalho regional.<\/p>\n\n\n\n<p>Com foco na forma\u00e7\u00e3o cidad\u00e3, a cidade implementa projetos de valoriza\u00e7\u00e3o da educa\u00e7\u00e3o desde a inf\u00e2ncia, o que contribui para os bons indicadores sociais do munic\u00edpio.<\/p>\n\n\n\n<figure class=\"wp-block-image size-large\"><img decoding=\"async\" width=\"1024\" height=\"576\" src=\"https:\/\/www.correiobraziliense.com.br\/cbradar\/wp-content\/uploads\/2025\/05\/Ourinhos-2-1024x576.png\" alt=\"Essa cidade paulista surpreende com educa\u00e7\u00e3o, cultura e estrutura bem planejada\" class=\"wp-image-37650\" srcset=\"https:\/\/www.correiobraziliense.com.br\/cbradar\/wp-content\/uploads\/2025\/05\/Ourinhos-2-1024x576.png 1024w, https:\/\/www.correiobraziliense.com.br\/cbradar\/wp-content\/uploads\/2025\/05\/Ourinhos-2-300x169.png 300w, https:\/\/www.correiobraziliense.com.br\/cbradar\/wp-content\/uploads\/2025\/05\/Ourinhos-2-768x432.png 768w, https:\/\/www.correiobraziliense.com.br\/cbradar\/wp-content\/uploads\/2025\/05\/Ourinhos-2-750x422.png 750w, https:\/\/www.correiobraziliense.com.br\/cbradar\/wp-content\/uploads\/2025\/05\/Ourinhos-2-1140x641.png 1140w, https:\/\/www.correiobraziliense.com.br\/cbradar\/wp-content\/uploads\/2025\/05\/Ourinhos-2.png 1280w\" sizes=\"(max-width: 1024px) 100vw, 1024px\" \/><figcaption class=\"wp-element-caption\">Ourinhos. Fonte: Gabriel fariass, CC BY-SA 4.0, via Wikimedia Commons<\/figcaption><\/figure>\n\n\n\n<h2 class=\"wp-block-heading\">Eventos culturais e vida comunit\u00e1ria ativa<\/h2>\n\n\n\n<p><strong>Ourinhos<\/strong> se destaca no cen\u00e1rio cultural com um calend\u00e1rio movimentado ao longo do ano. Festivais de m\u00fasica, teatro, dan\u00e7a, literatura e cinema fazem parte da rotina da cidade, reunindo artistas locais e visitantes.<\/p>\n\n\n\n<p>O <strong>Festival de M\u00fasica de Ourinhos (FEMO)<\/strong> \u00e9 um dos principais do estado e refor\u00e7a o t\u00edtulo da cidade como polo cultural. Pra\u00e7as, centros culturais e feiras incentivam a participa\u00e7\u00e3o da popula\u00e7\u00e3o em atividades art\u00edsticas e de conviv\u00eancia.<\/p>\n\n\n\n<h2 class=\"wp-block-heading\">Crescimento residencial com urbanismo planejado<\/h2>\n\n\n\n<p>A cidade tem se expandido de forma organizada, com loteamentos planejados, investimentos em infraestrutura e valoriza\u00e7\u00e3o imobili\u00e1ria. O crescimento \u00e9 orientado por pol\u00edticas p\u00fablicas que priorizam a acessibilidade, a qualidade das moradias e a integra\u00e7\u00e3o dos bairros.<\/p>\n\n\n\n<p>Esse planejamento urbano torna <strong>Ourinhos<\/strong> uma cidade atrativa para quem busca tranquilidade, seguran\u00e7a e bom padr\u00e3o de vida no interior paulista.<\/p>\n\n\n\n<h2 class=\"wp-block-heading\">Com\u00e9rcio e servi\u00e7os que atendem bem \u00e0 regi\u00e3o<\/h2>\n\n\n\n<p>O com\u00e9rcio da cidade \u00e9 variado, com lojas de diferentes segmentos, supermercados, farm\u00e1cias, bancos e centros de compras. A cidade tamb\u00e9m conta com uma boa rede de servi\u00e7os, desde sa\u00fade e est\u00e9tica at\u00e9 educa\u00e7\u00e3o e tecnologia, atendendo n\u00e3o s\u00f3 a popula\u00e7\u00e3o local, mas tamb\u00e9m moradores de cidades vizinhas.<\/p>\n\n\n\n<p>Feiras e mercados populares completam a rotina, com produtos regionais e um ambiente de conviv\u00eancia t\u00edpico do interior.<\/p>\n\n\n\n<figure class=\"wp-block-image size-large\"><img decoding=\"async\" width=\"1024\" height=\"576\" src=\"https:\/\/www.correiobraziliense.com.br\/cbradar\/wp-content\/uploads\/2025\/05\/Ourinhos-3-1024x576.png\" alt=\"Essa cidade paulista surpreende com educa\u00e7\u00e3o, cultura e estrutura bem planejada\" class=\"wp-image-37651\" srcset=\"https:\/\/www.correiobraziliense.com.br\/cbradar\/wp-content\/uploads\/2025\/05\/Ourinhos-3-1024x576.png 1024w, https:\/\/www.correiobraziliense.com.br\/cbradar\/wp-content\/uploads\/2025\/05\/Ourinhos-3-300x169.png 300w, https:\/\/www.correiobraziliense.com.br\/cbradar\/wp-content\/uploads\/2025\/05\/Ourinhos-3-768x432.png 768w, https:\/\/www.correiobraziliense.com.br\/cbradar\/wp-content\/uploads\/2025\/05\/Ourinhos-3-750x422.png 750w, https:\/\/www.correiobraziliense.com.br\/cbradar\/wp-content\/uploads\/2025\/05\/Ourinhos-3-1140x641.png 1140w, https:\/\/www.correiobraziliense.com.br\/cbradar\/wp-content\/uploads\/2025\/05\/Ourinhos-3.png 1280w\" sizes=\"(max-width: 1024px) 100vw, 1024px\" \/><figcaption class=\"wp-element-caption\">Ourinho. Fonte: Mateus Hidalgo, CC BY-SA 2.5 BR, via Wikimedia Commons<\/figcaption><\/figure>\n\n\n\n<h2 class=\"wp-block-heading\">Quais s\u00e3o os principais pontos tur\u00edsticos para visitar?<\/h2>\n\n\n\n<ul class=\"wp-block-list\">\n<li><strong>Parque Olavo Ferreira de S\u00e1 (FAPI)<\/strong>: sede de grandes eventos e feiras.<\/li>\n\n\n\n<li><strong>Catedral do Senhor Bom Jesus<\/strong>: s\u00edmbolo religioso e hist\u00f3rico da cidade.<\/li>\n\n\n\n<li><strong>Teatro Municipal Miguel Cury<\/strong>: palco de apresenta\u00e7\u00f5es culturais.<\/li>\n\n\n\n<li><strong>Pra\u00e7a Mello Peixoto<\/strong>: ponto central com lazer, com\u00e9rcio e encontros.<\/li>\n\n\n\n<li><strong>Museu Hist\u00f3rico de Ourinhos<\/strong>: preserva a mem\u00f3ria da cidade e regi\u00e3o.<\/li>\n<\/ul>\n\n\n\n<h2 class=\"wp-block-heading\">Vale a pena morar?<\/h2>\n\n\n\n<p>Sim! A cidade oferece qualidade de vida, seguran\u00e7a, educa\u00e7\u00e3o forte e servi\u00e7os bem distribu\u00eddos. \u00c9 perfeita para fam\u00edlias, estudantes e profissionais que buscam estabilidade, tranquilidade e estrutura para viver bem no interior de <strong>S\u00e3o Paulo<\/strong>.<\/p>\n\n\n\n<p>Al\u00e9m disso, o crescimento planejado valoriza os im\u00f3veis e cria um ambiente urbano funcional e acolhedor.<\/p>\n\n\n\n<h2 class=\"wp-block-heading\">Vale a pena visitar?<\/h2>\n\n\n\n<p>Com certeza! A cidade recebe bem quem busca cultura, lazer e experi\u00eancias aut\u00eanticas do interior paulista. Seus eventos, pra\u00e7as e clima acolhedor tornam a visita agrad\u00e1vel, especialmente durante os festivais e feiras culturais.<\/p>\n","protected":false},"excerpt":{"rendered":"<p>Esta cidade do interior de SP se destaca com educa\u00e7\u00e3o forte, eventos culturais e crescimento urbano planejado. Descubra por que ela encanta!<\/p>\n","protected":false},"author":3,"featured_media":37649,"comment_status":"open","ping_status":"open","sticky":false,"template":"","format":"standard","meta":{"_yoast_wpseo_focuskw":"Ourinhos","_yoast_wpseo_title":"%%title%%","_yoast_wpseo_metadesc":"Esta cidade do interior de SP se destaca com educa\u00e7\u00e3o forte, eventos culturais e crescimento urbano planejado. Descubra por que ela encanta!","jnews-multi-image_gallery":[],"jnews_single_post":{"format":"standard"},"jnews_primary_category":[],"jnews_social_meta":[],"jnews_override_counter":[],"footnotes":""},"categories":[108],"tags":[109],"class_list":["post-37648","post","type-post","status-publish","format-standard","has-post-thumbnail","hentry","category-cidades","tag-cidades"],"yoast_head":"<!-- This site is optimized with the Yoast SEO plugin v24.6 - https:\/\/yoast.com\/wordpress\/plugins\/seo\/ -->\n<title>Essa cidade paulista surpreende com educa\u00e7\u00e3o, cultura e estrutura bem planejada<\/title>\n<meta name=\"description\" content=\"Esta cidade do interior de SP se destaca com educa\u00e7\u00e3o forte, eventos culturais e crescimento urbano planejado. Descubra por que ela encanta!\" \/>\n<meta name=\"robots\" content=\"index, follow, max-snippet:-1, max-image-preview:large, max-video-preview:-1\" \/>\n<link rel=\"canonical\" href=\"https:\/\/www.correiobraziliense.com.br\/cbradar\/essa-cidade-paulista-surpreende-com-educacao-cultura-e-estrutura-bem-planejada\/\" \/>\n<meta property=\"og:locale\" content=\"pt_BR\" \/>\n<meta property=\"og:type\" content=\"article\" \/>\n<meta property=\"og:title\" content=\"Essa cidade paulista surpreende com educa\u00e7\u00e3o, cultura e estrutura bem planejada\" \/>\n<meta property=\"og:description\" content=\"Esta cidade do interior de SP se destaca com educa\u00e7\u00e3o forte, eventos culturais e crescimento urbano planejado. Descubra por que ela encanta!\" \/>\n<meta property=\"og:url\" content=\"https:\/\/www.correiobraziliense.com.br\/cbradar\/essa-cidade-paulista-surpreende-com-educacao-cultura-e-estrutura-bem-planejada\/\" \/>\n<meta property=\"og:site_name\" content=\"Correio Braziliense - Radar\" \/>\n<meta property=\"article:published_time\" content=\"2025-05-16T21:30:00+00:00\" \/>\n<meta property=\"og:image\" content=\"https:\/\/www.correiobraziliense.com.br\/cbradar\/wp-content\/uploads\/2025\/05\/Ourinhos.png\" \/>\n\t<meta property=\"og:image:width\" content=\"1280\" \/>\n\t<meta property=\"og:image:height\" content=\"720\" \/>\n\t<meta property=\"og:image:type\" content=\"image\/png\" \/>\n<meta name=\"author\" content=\"Larissa Carvalho\" \/>\n<meta name=\"twitter:card\" content=\"summary_large_image\" \/>\n<meta name=\"twitter:label1\" content=\"Escrito por\" \/>\n\t<meta name=\"twitter:data1\" content=\"Larissa Carvalho\" \/>\n\t<meta name=\"twitter:label2\" content=\"Est. tempo de leitura\" \/>\n\t<meta name=\"twitter:data2\" content=\"4 minutos\" \/>\n<!-- \/ Yoast SEO plugin. -->","yoast_head_json":{"title":"Essa cidade paulista surpreende com educa\u00e7\u00e3o, cultura e estrutura bem planejada","description":"Esta cidade do interior de SP se destaca com educa\u00e7\u00e3o forte, eventos culturais e crescimento urbano planejado. Descubra por que ela encanta!","robots":{"index":"index","follow":"follow","max-snippet":"max-snippet:-1","max-image-preview":"max-image-preview:large","max-video-preview":"max-video-preview:-1"},"canonical":"https:\/\/www.correiobraziliense.com.br\/cbradar\/essa-cidade-paulista-surpreende-com-educacao-cultura-e-estrutura-bem-planejada\/","og_locale":"pt_BR","og_type":"article","og_title":"Essa cidade paulista surpreende com educa\u00e7\u00e3o, cultura e estrutura bem planejada","og_description":"Esta cidade do interior de SP se destaca com educa\u00e7\u00e3o forte, eventos culturais e crescimento urbano planejado. Descubra por que ela encanta!","og_url":"https:\/\/www.correiobraziliense.com.br\/cbradar\/essa-cidade-paulista-surpreende-com-educacao-cultura-e-estrutura-bem-planejada\/","og_site_name":"Correio Braziliense - Radar","article_published_time":"2025-05-16T21:30:00+00:00","og_image":[{"width":1280,"height":720,"url":"https:\/\/www.correiobraziliense.com.br\/cbradar\/wp-content\/uploads\/2025\/05\/Ourinhos.png","type":"image\/png"}],"author":"Larissa Carvalho","twitter_card":"summary_large_image","twitter_misc":{"Escrito por":"Larissa Carvalho","Est. tempo de leitura":"4 minutos"},"schema":{"@context":"https:\/\/schema.org","@graph":[{"@type":"WebPage","@id":"https:\/\/www.correiobraziliense.com.br\/cbradar\/essa-cidade-paulista-surpreende-com-educacao-cultura-e-estrutura-bem-planejada\/","url":"https:\/\/www.correiobraziliense.com.br\/cbradar\/essa-cidade-paulista-surpreende-com-educacao-cultura-e-estrutura-bem-planejada\/","name":"Essa cidade paulista surpreende com educa\u00e7\u00e3o, cultura e estrutura bem planejada","isPartOf":{"@id":"https:\/\/www.correiobraziliense.com.br\/cbradar\/#website"},"primaryImageOfPage":{"@id":"https:\/\/www.correiobraziliense.com.br\/cbradar\/essa-cidade-paulista-surpreende-com-educacao-cultura-e-estrutura-bem-planejada\/#primaryimage"},"image":{"@id":"https:\/\/www.correiobraziliense.com.br\/cbradar\/essa-cidade-paulista-surpreende-com-educacao-cultura-e-estrutura-bem-planejada\/#primaryimage"},"thumbnailUrl":"https:\/\/www.correiobraziliense.com.br\/cbradar\/wp-content\/uploads\/2025\/05\/Ourinhos.png","datePublished":"2025-05-16T21:30:00+00:00","author":{"@id":"https:\/\/www.correiobraziliense.com.br\/cbradar\/#\/schema\/person\/58422787644df994b53a19d3e56c1513"},"description":"Esta cidade do interior de SP se destaca com educa\u00e7\u00e3o forte, eventos culturais e crescimento urbano planejado. Descubra por que ela encanta!","breadcrumb":{"@id":"https:\/\/www.correiobraziliense.com.br\/cbradar\/essa-cidade-paulista-surpreende-com-educacao-cultura-e-estrutura-bem-planejada\/#breadcrumb"},"inLanguage":"pt-BR","potentialAction":[{"@type":"ReadAction","target":["https:\/\/www.correiobraziliense.com.br\/cbradar\/essa-cidade-paulista-surpreende-com-educacao-cultura-e-estrutura-bem-planejada\/"]}]},{"@type":"ImageObject","inLanguage":"pt-BR","@id":"https:\/\/www.correiobraziliense.com.br\/cbradar\/essa-cidade-paulista-surpreende-com-educacao-cultura-e-estrutura-bem-planejada\/#primaryimage","url":"https:\/\/www.correiobraziliense.com.br\/cbradar\/wp-content\/uploads\/2025\/05\/Ourinhos.png","contentUrl":"https:\/\/www.correiobraziliense.com.br\/cbradar\/wp-content\/uploads\/2025\/05\/Ourinhos.png","width":1280,"height":720,"caption":"Ourinhos. Fonte: Gabriel fariass, CC BY-SA 4.0, via Wikimedia Commons"},{"@type":"BreadcrumbList","@id":"https:\/\/www.correiobraziliense.com.br\/cbradar\/essa-cidade-paulista-surpreende-com-educacao-cultura-e-estrutura-bem-planejada\/#breadcrumb","itemListElement":[{"@type":"ListItem","position":1,"name":"In\u00edcio","item":"https:\/\/www.correiobraziliense.com.br\/cbradar\/"},{"@type":"ListItem","position":2,"name":"Essa cidade paulista surpreende com educa\u00e7\u00e3o, cultura e estrutura bem planejada"}]},{"@type":"WebSite","@id":"https:\/\/www.correiobraziliense.com.br\/cbradar\/#website","url":"https:\/\/www.correiobraziliense.com.br\/cbradar\/","name":"Correio Braziliense - Radar","description":"Acompanhe as \u00faltimas not\u00edcias e fique bem informado sobre tudo o que acontece no Brasil e no mundo.","potentialAction":[{"@type":"SearchAction","target":{"@type":"EntryPoint","urlTemplate":"https:\/\/www.correiobraziliense.com.br\/cbradar\/?s={search_term_string}"},"query-input":{"@type":"PropertyValueSpecification","valueRequired":true,"valueName":"search_term_string"}}],"inLanguage":"pt-BR"},{"@type":"Person","@id":"https:\/\/www.correiobraziliense.com.br\/cbradar\/#\/schema\/person\/58422787644df994b53a19d3e56c1513","name":"Larissa Carvalho","image":{"@type":"ImageObject","inLanguage":"pt-BR","@id":"https:\/\/www.correiobraziliense.com.br\/cbradar\/#\/schema\/person\/image\/","url":"https:\/\/secure.gravatar.com\/avatar\/fe4f91a0de32b52a838d0d612abdc1aa?s=96&d=mm&r=g","contentUrl":"https:\/\/secure.gravatar.com\/avatar\/fe4f91a0de32b52a838d0d612abdc1aa?s=96&d=mm&r=g","caption":"Larissa Carvalho"},"url":"https:\/\/www.correiobraziliense.com.br\/cbradar\/author\/larissamyth\/"}]}},"_links":{"self":[{"href":"https:\/\/www.correiobraziliense.com.br\/cbradar\/wp-json\/wp\/v2\/posts\/37648","targetHints":{"allow":["GET"]}}],"collection":[{"href":"https:\/\/www.correiobraziliense.com.br\/cbradar\/wp-json\/wp\/v2\/posts"}],"about":[{"href":"https:\/\/www.correiobraziliense.com.br\/cbradar\/wp-json\/wp\/v2\/types\/post"}],"author":[{"embeddable":true,"href":"https:\/\/www.correiobraziliense.com.br\/cbradar\/wp-json\/wp\/v2\/users\/3"}],"replies":[{"embeddable":true,"href":"https:\/\/www.correiobraziliense.com.br\/cbradar\/wp-json\/wp\/v2\/comments?post=37648"}],"version-history":[{"count":1,"href":"https:\/\/www.correiobraziliense.com.br\/cbradar\/wp-json\/wp\/v2\/posts\/37648\/revisions"}],"predecessor-version":[{"id":37652,"href":"https:\/\/www.correiobraziliense.com.br\/cbradar\/wp-json\/wp\/v2\/posts\/37648\/revisions\/37652"}],"wp:featuredmedia":[{"embeddable":true,"href":"https:\/\/www.correiobraziliense.com.br\/cbradar\/wp-json\/wp\/v2\/media\/37649"}],"wp:attachment":[{"href":"https:\/\/www.correiobraziliense.com.br\/cbradar\/wp-json\/wp\/v2\/media?parent=37648"}],"wp:term":[{"taxonomy":"category","embeddable":true,"href":"https:\/\/www.correiobraziliense.com.br\/cbradar\/wp-json\/wp\/v2\/categories?post=37648"},{"taxonomy":"post_tag","embeddable":true,"href":"https:\/\/www.correiobraziliense.com.br\/cbradar\/wp-json\/wp\/v2\/tags?post=37648"}],"curies":[{"name":"wp","href":"https:\/\/api.w.org\/{rel}","templated":true}]}}