{"id":37658,"date":"2025-05-16T21:30:00","date_gmt":"2025-05-17T00:30:00","guid":{"rendered":"https:\/\/www.correiobraziliense.com.br\/cbradar\/?p=37658"},"modified":"2025-05-15T17:45:10","modified_gmt":"2025-05-15T20:45:10","slug":"essa-cidade-nordestina-surpreende-com-tradicao-crescimento-e-servicos-de-qualidade","status":"publish","type":"post","link":"https:\/\/www.correiobraziliense.com.br\/cbradar\/essa-cidade-nordestina-surpreende-com-tradicao-crescimento-e-servicos-de-qualidade\/","title":{"rendered":"Essa cidade nordestina surpreende com tradi\u00e7\u00e3o, crescimento e servi\u00e7os de qualidade"},"content":{"rendered":"\n<p><strong><a href=\"https:\/\/patos.pb.gov.br\/\" target=\"_blank\" rel=\"noreferrer noopener\">Patos<\/a><\/strong>, localizada no sert\u00e3o da <strong><a href=\"https:\/\/www.correiobraziliense.com.br\/cbradar\/essa-cidade-paraibana-encanta-com-sua-qualidade-de-vida-e-educacao\/\" target=\"_blank\" rel=\"noreferrer noopener\">Para\u00edba<\/a><\/strong>, \u00e9 uma das principais cidades do interior nordestino. Com cerca de 110 mil habitantes, ela se destaca pela boa estrutura urbana, presen\u00e7a de universidade p\u00fablica e uma economia regional em constante expans\u00e3o. Conhecida como a \u201cMorada do Sol\u201d, a cidade equilibra desenvolvimento com ra\u00edzes culturais fortes e ritmo de vida acolhedor.<\/p>\n\n\n\n<p>Moderna, funcional e com foco em educa\u00e7\u00e3o e servi\u00e7os, <strong>Patos<\/strong> \u00e9 refer\u00eancia regional e se firma como polo estrat\u00e9gico do semi\u00e1rido paraibano.<\/p>\n\n\n\n<h2 class=\"wp-block-heading\">Qualidade de vida com estrutura e funcionalidade<\/h2>\n\n\n\n<p><strong>Patos<\/strong> oferece qualidade de vida com bons servi\u00e7os p\u00fablicos, com\u00e9rcio ativo e infraestrutura urbana em expans\u00e3o. A cidade tem bairros bem conectados, ruas pavimentadas, transporte p\u00fablico funcional e pra\u00e7as bem cuidadas.<\/p>\n\n\n\n<p>Mesmo com o clima quente e seco t\u00edpico do sert\u00e3o, a arboriza\u00e7\u00e3o e os investimentos em mobilidade urbana e saneamento contribuem para um cotidiano mais confort\u00e1vel e organizado.<\/p>\n\n\n\n<h2 class=\"wp-block-heading\">Educa\u00e7\u00e3o de refer\u00eancia com universidade p\u00fablica<\/h2>\n\n\n\n<p>A cidade \u00e9 polo educacional do sert\u00e3o paraibano. Abriga o campus da <strong>Universidade Federal de Campina Grande (UFCG)<\/strong>, que oferece cursos de destaque em diversas \u00e1reas, especialmente nas engenharias, ci\u00eancias da sa\u00fade e ci\u00eancias sociais.<\/p>\n\n\n\n<p>Al\u00e9m da UFCG, <strong>Patos<\/strong> conta com institui\u00e7\u00f5es privadas, escolas t\u00e9cnicas e col\u00e9gios bem avaliados, o que atrai estudantes de diversas cidades do sert\u00e3o nordestino e movimenta a economia local.<\/p>\n\n\n\n<figure class=\"wp-block-image size-large\"><img decoding=\"async\" width=\"1024\" height=\"576\" src=\"https:\/\/www.correiobraziliense.com.br\/cbradar\/wp-content\/uploads\/2025\/05\/Patos-2-1024x576.png\" alt=\"Essa cidade nordestina surpreende com tradi\u00e7\u00e3o, crescimento e servi\u00e7os de qualidade\" class=\"wp-image-37660\" srcset=\"https:\/\/www.correiobraziliense.com.br\/cbradar\/wp-content\/uploads\/2025\/05\/Patos-2-1024x576.png 1024w, https:\/\/www.correiobraziliense.com.br\/cbradar\/wp-content\/uploads\/2025\/05\/Patos-2-300x169.png 300w, https:\/\/www.correiobraziliense.com.br\/cbradar\/wp-content\/uploads\/2025\/05\/Patos-2-768x432.png 768w, https:\/\/www.correiobraziliense.com.br\/cbradar\/wp-content\/uploads\/2025\/05\/Patos-2-750x422.png 750w, https:\/\/www.correiobraziliense.com.br\/cbradar\/wp-content\/uploads\/2025\/05\/Patos-2-1140x641.png 1140w, https:\/\/www.correiobraziliense.com.br\/cbradar\/wp-content\/uploads\/2025\/05\/Patos-2.png 1280w\" sizes=\"(max-width: 1024px) 100vw, 1024px\" \/><figcaption class=\"wp-element-caption\">Patos. Fonte: Jos\u00e9 Rildo da Nobrega Alencar, CC BY-SA 3.0, via Wikimedia Commons<\/figcaption><\/figure>\n\n\n\n<h2 class=\"wp-block-heading\">Economia regional em expans\u00e3o<\/h2>\n\n\n\n<p><strong>Patos<\/strong> tem uma economia diversificada, com destaque para o com\u00e9rcio, setor de servi\u00e7os, constru\u00e7\u00e3o civil e agropecu\u00e1ria. A cidade \u00e9 refer\u00eancia em neg\u00f3cios para dezenas de munic\u00edpios vizinhos, o que garante fluxo constante de pessoas e movimenta o setor varejista.<\/p>\n\n\n\n<p>Feiras regionais, eventos agropecu\u00e1rios e a presen\u00e7a de bancos, cl\u00ednicas e centros comerciais consolidam a cidade como motor econ\u00f4mico do sert\u00e3o paraibano.<\/p>\n\n\n\n<h2 class=\"wp-block-heading\">Crescimento urbano e valoriza\u00e7\u00e3o imobili\u00e1ria<\/h2>\n\n\n\n<p>Nos \u00faltimos anos, a cidade vem passando por expans\u00e3o planejada, com novos bairros, loteamentos, obras de infraestrutura e melhoria do transporte p\u00fablico. O crescimento atrai investimentos no setor imobili\u00e1rio e valoriza \u00e1reas residenciais e comerciais.<\/p>\n\n\n\n<p>Esse desenvolvimento \u00e9 refletido em mais op\u00e7\u00f5es de moradia, servi\u00e7os e maior mobilidade entre as regi\u00f5es da cidade.<\/p>\n\n\n\n<h2 class=\"wp-block-heading\">Cultura nordestina e eventos tradicionais<\/h2>\n\n\n\n<p><strong>Patos<\/strong> valoriza suas ra\u00edzes culturais com festas juninas, vaquejadas, festivais de m\u00fasica e eventos religiosos que movimentam a cidade durante o ano todo. O <strong>S\u00e3o Jo\u00e3o de Patos<\/strong> \u00e9 um dos mais tradicionais da Para\u00edba e atrai turistas de toda a regi\u00e3o.<\/p>\n\n\n\n<p>A culin\u00e1ria sertaneja, o artesanato local e a m\u00fasica t\u00edpica refor\u00e7am a identidade da cidade, que mant\u00e9m viva a tradi\u00e7\u00e3o e a hospitalidade do povo nordestino.<\/p>\n\n\n\n<figure class=\"wp-block-image size-large\"><img decoding=\"async\" width=\"1024\" height=\"576\" src=\"https:\/\/www.correiobraziliense.com.br\/cbradar\/wp-content\/uploads\/2025\/05\/Patos-3-1024x576.png\" alt=\"Essa cidade nordestina surpreende com tradi\u00e7\u00e3o, crescimento e servi\u00e7os de qualidade\" class=\"wp-image-37661\" srcset=\"https:\/\/www.correiobraziliense.com.br\/cbradar\/wp-content\/uploads\/2025\/05\/Patos-3-1024x576.png 1024w, https:\/\/www.correiobraziliense.com.br\/cbradar\/wp-content\/uploads\/2025\/05\/Patos-3-300x169.png 300w, https:\/\/www.correiobraziliense.com.br\/cbradar\/wp-content\/uploads\/2025\/05\/Patos-3-768x432.png 768w, https:\/\/www.correiobraziliense.com.br\/cbradar\/wp-content\/uploads\/2025\/05\/Patos-3-750x422.png 750w, https:\/\/www.correiobraziliense.com.br\/cbradar\/wp-content\/uploads\/2025\/05\/Patos-3-1140x641.png 1140w, https:\/\/www.correiobraziliense.com.br\/cbradar\/wp-content\/uploads\/2025\/05\/Patos-3.png 1280w\" sizes=\"(max-width: 1024px) 100vw, 1024px\" \/><figcaption class=\"wp-element-caption\">Patos. Fonte: Jos\u00e9 Rildo da Nobrega Alencar, CC BY-SA 3.0, via Wikimedia Commons<\/figcaption><\/figure>\n\n\n\n<h2 class=\"wp-block-heading\">Quais s\u00e3o os principais pontos tur\u00edsticos para visitar?<\/h2>\n\n\n\n<ul class=\"wp-block-list\">\n<li><strong>Pra\u00e7a Get\u00falio Vargas<\/strong>: ponto central com com\u00e9rcio, lazer e cultura.<\/li>\n\n\n\n<li><strong>Catedral de Nossa Senhora da Guia<\/strong>: s\u00edmbolo religioso e arquitet\u00f4nico.<\/li>\n\n\n\n<li><strong>Parque Religioso Cruz da Menina<\/strong>: espa\u00e7o de f\u00e9 e contempla\u00e7\u00e3o.<\/li>\n\n\n\n<li><strong>Museu de Patos<\/strong>: preserva a hist\u00f3ria e cultura local.<\/li>\n\n\n\n<li><strong>Feira Central<\/strong>: com\u00e9rcio regional com produtos t\u00edpicos e gastronomia.<\/li>\n<\/ul>\n\n\n\n<h2 class=\"wp-block-heading\">Vale a pena morar?<\/h2>\n\n\n\n<p>Sim! A cidade oferece estrutura urbana organizada, ensino de qualidade, boas oportunidades de trabalho e um ambiente acolhedor. \u00c9 ideal para estudantes, fam\u00edlias e profissionais que querem viver com tranquilidade, seguran\u00e7a e acesso f\u00e1cil a servi\u00e7os essenciais.<\/p>\n\n\n\n<p><strong>Patos<\/strong> combina desenvolvimento e tradi\u00e7\u00e3o com equil\u00edbrio e qualidade de vida.<\/p>\n\n\n\n<h2 class=\"wp-block-heading\">Vale a pena visitar?<\/h2>\n\n\n\n<p>Com certeza! Com festas t\u00edpicas, cultura nordestina viva e hospitalidade marcante, a cidade \u00e9 uma \u00f3tima op\u00e7\u00e3o para quem deseja explorar o sert\u00e3o paraibano com conforto e autenticidade. Eventos, gastronomia e clima cultural fazem da visita uma experi\u00eancia \u00fanica.<\/p>\n\n\n\n<p><\/p>\n","protected":false},"excerpt":{"rendered":"<p>Essa cidade paraibana \u00e9 polo universit\u00e1rio, tem estrutura urbana s\u00f3lida e economia regional em crescimento. Descubra por que ela encanta!<\/p>\n","protected":false},"author":3,"featured_media":37659,"comment_status":"open","ping_status":"open","sticky":false,"template":"","format":"standard","meta":{"_yoast_wpseo_focuskw":"Patos","_yoast_wpseo_title":"%%title%%","_yoast_wpseo_metadesc":"Essa cidade paraibana \u00e9 polo universit\u00e1rio, tem estrutura urbana s\u00f3lida e economia regional em crescimento. Descubra por que ela encanta!","jnews-multi-image_gallery":[],"jnews_single_post":{"format":"standard"},"jnews_primary_category":[],"jnews_social_meta":[],"jnews_override_counter":[],"footnotes":""},"categories":[108],"tags":[109],"class_list":["post-37658","post","type-post","status-publish","format-standard","has-post-thumbnail","hentry","category-cidades","tag-cidades"],"yoast_head":"<!-- This site is optimized with the Yoast SEO plugin v24.6 - https:\/\/yoast.com\/wordpress\/plugins\/seo\/ -->\n<title>Essa cidade nordestina surpreende com tradi\u00e7\u00e3o, crescimento e servi\u00e7os de qualidade<\/title>\n<meta name=\"description\" content=\"Essa cidade paraibana \u00e9 polo universit\u00e1rio, tem estrutura urbana s\u00f3lida e economia regional em crescimento. Descubra por que ela encanta!\" \/>\n<meta name=\"robots\" content=\"index, follow, max-snippet:-1, max-image-preview:large, max-video-preview:-1\" \/>\n<link rel=\"canonical\" href=\"https:\/\/www.correiobraziliense.com.br\/cbradar\/essa-cidade-nordestina-surpreende-com-tradicao-crescimento-e-servicos-de-qualidade\/\" \/>\n<meta property=\"og:locale\" content=\"pt_BR\" \/>\n<meta property=\"og:type\" content=\"article\" \/>\n<meta property=\"og:title\" content=\"Essa cidade nordestina surpreende com tradi\u00e7\u00e3o, crescimento e servi\u00e7os de qualidade\" \/>\n<meta property=\"og:description\" content=\"Essa cidade paraibana \u00e9 polo universit\u00e1rio, tem estrutura urbana s\u00f3lida e economia regional em crescimento. Descubra por que ela encanta!\" \/>\n<meta property=\"og:url\" content=\"https:\/\/www.correiobraziliense.com.br\/cbradar\/essa-cidade-nordestina-surpreende-com-tradicao-crescimento-e-servicos-de-qualidade\/\" \/>\n<meta property=\"og:site_name\" content=\"Correio Braziliense - Radar\" \/>\n<meta property=\"article:published_time\" content=\"2025-05-17T00:30:00+00:00\" \/>\n<meta property=\"og:image\" content=\"https:\/\/www.correiobraziliense.com.br\/cbradar\/wp-content\/uploads\/2025\/05\/Patos.png\" \/>\n\t<meta property=\"og:image:width\" content=\"1280\" \/>\n\t<meta property=\"og:image:height\" content=\"720\" \/>\n\t<meta property=\"og:image:type\" content=\"image\/png\" \/>\n<meta name=\"author\" content=\"Larissa Carvalho\" \/>\n<meta name=\"twitter:card\" content=\"summary_large_image\" \/>\n<meta name=\"twitter:label1\" content=\"Escrito por\" \/>\n\t<meta name=\"twitter:data1\" content=\"Larissa Carvalho\" \/>\n\t<meta name=\"twitter:label2\" content=\"Est. tempo de leitura\" \/>\n\t<meta name=\"twitter:data2\" content=\"4 minutos\" \/>\n<!-- \/ Yoast SEO plugin. -->","yoast_head_json":{"title":"Essa cidade nordestina surpreende com tradi\u00e7\u00e3o, crescimento e servi\u00e7os de qualidade","description":"Essa cidade paraibana \u00e9 polo universit\u00e1rio, tem estrutura urbana s\u00f3lida e economia regional em crescimento. Descubra por que ela encanta!","robots":{"index":"index","follow":"follow","max-snippet":"max-snippet:-1","max-image-preview":"max-image-preview:large","max-video-preview":"max-video-preview:-1"},"canonical":"https:\/\/www.correiobraziliense.com.br\/cbradar\/essa-cidade-nordestina-surpreende-com-tradicao-crescimento-e-servicos-de-qualidade\/","og_locale":"pt_BR","og_type":"article","og_title":"Essa cidade nordestina surpreende com tradi\u00e7\u00e3o, crescimento e servi\u00e7os de qualidade","og_description":"Essa cidade paraibana \u00e9 polo universit\u00e1rio, tem estrutura urbana s\u00f3lida e economia regional em crescimento. Descubra por que ela encanta!","og_url":"https:\/\/www.correiobraziliense.com.br\/cbradar\/essa-cidade-nordestina-surpreende-com-tradicao-crescimento-e-servicos-de-qualidade\/","og_site_name":"Correio Braziliense - Radar","article_published_time":"2025-05-17T00:30:00+00:00","og_image":[{"width":1280,"height":720,"url":"https:\/\/www.correiobraziliense.com.br\/cbradar\/wp-content\/uploads\/2025\/05\/Patos.png","type":"image\/png"}],"author":"Larissa Carvalho","twitter_card":"summary_large_image","twitter_misc":{"Escrito por":"Larissa Carvalho","Est. tempo de leitura":"4 minutos"},"schema":{"@context":"https:\/\/schema.org","@graph":[{"@type":"WebPage","@id":"https:\/\/www.correiobraziliense.com.br\/cbradar\/essa-cidade-nordestina-surpreende-com-tradicao-crescimento-e-servicos-de-qualidade\/","url":"https:\/\/www.correiobraziliense.com.br\/cbradar\/essa-cidade-nordestina-surpreende-com-tradicao-crescimento-e-servicos-de-qualidade\/","name":"Essa cidade nordestina surpreende com tradi\u00e7\u00e3o, crescimento e servi\u00e7os de qualidade","isPartOf":{"@id":"https:\/\/www.correiobraziliense.com.br\/cbradar\/#website"},"primaryImageOfPage":{"@id":"https:\/\/www.correiobraziliense.com.br\/cbradar\/essa-cidade-nordestina-surpreende-com-tradicao-crescimento-e-servicos-de-qualidade\/#primaryimage"},"image":{"@id":"https:\/\/www.correiobraziliense.com.br\/cbradar\/essa-cidade-nordestina-surpreende-com-tradicao-crescimento-e-servicos-de-qualidade\/#primaryimage"},"thumbnailUrl":"https:\/\/www.correiobraziliense.com.br\/cbradar\/wp-content\/uploads\/2025\/05\/Patos.png","datePublished":"2025-05-17T00:30:00+00:00","author":{"@id":"https:\/\/www.correiobraziliense.com.br\/cbradar\/#\/schema\/person\/58422787644df994b53a19d3e56c1513"},"description":"Essa cidade paraibana \u00e9 polo universit\u00e1rio, tem estrutura urbana s\u00f3lida e economia regional em crescimento. Descubra por que ela encanta!","breadcrumb":{"@id":"https:\/\/www.correiobraziliense.com.br\/cbradar\/essa-cidade-nordestina-surpreende-com-tradicao-crescimento-e-servicos-de-qualidade\/#breadcrumb"},"inLanguage":"pt-BR","potentialAction":[{"@type":"ReadAction","target":["https:\/\/www.correiobraziliense.com.br\/cbradar\/essa-cidade-nordestina-surpreende-com-tradicao-crescimento-e-servicos-de-qualidade\/"]}]},{"@type":"ImageObject","inLanguage":"pt-BR","@id":"https:\/\/www.correiobraziliense.com.br\/cbradar\/essa-cidade-nordestina-surpreende-com-tradicao-crescimento-e-servicos-de-qualidade\/#primaryimage","url":"https:\/\/www.correiobraziliense.com.br\/cbradar\/wp-content\/uploads\/2025\/05\/Patos.png","contentUrl":"https:\/\/www.correiobraziliense.com.br\/cbradar\/wp-content\/uploads\/2025\/05\/Patos.png","width":1280,"height":720,"caption":"Patos. Fonte: JOS\u00c9 RILDO DA NOBREGA ALENCAR, CC BY-SA 3.0, via Wikimedia Commons"},{"@type":"BreadcrumbList","@id":"https:\/\/www.correiobraziliense.com.br\/cbradar\/essa-cidade-nordestina-surpreende-com-tradicao-crescimento-e-servicos-de-qualidade\/#breadcrumb","itemListElement":[{"@type":"ListItem","position":1,"name":"In\u00edcio","item":"https:\/\/www.correiobraziliense.com.br\/cbradar\/"},{"@type":"ListItem","position":2,"name":"Essa cidade nordestina surpreende com tradi\u00e7\u00e3o, crescimento e servi\u00e7os de qualidade"}]},{"@type":"WebSite","@id":"https:\/\/www.correiobraziliense.com.br\/cbradar\/#website","url":"https:\/\/www.correiobraziliense.com.br\/cbradar\/","name":"Correio Braziliense - Radar","description":"Acompanhe as \u00faltimas not\u00edcias e fique bem informado sobre tudo o que acontece no Brasil e no mundo.","potentialAction":[{"@type":"SearchAction","target":{"@type":"EntryPoint","urlTemplate":"https:\/\/www.correiobraziliense.com.br\/cbradar\/?s={search_term_string}"},"query-input":{"@type":"PropertyValueSpecification","valueRequired":true,"valueName":"search_term_string"}}],"inLanguage":"pt-BR"},{"@type":"Person","@id":"https:\/\/www.correiobraziliense.com.br\/cbradar\/#\/schema\/person\/58422787644df994b53a19d3e56c1513","name":"Larissa Carvalho","image":{"@type":"ImageObject","inLanguage":"pt-BR","@id":"https:\/\/www.correiobraziliense.com.br\/cbradar\/#\/schema\/person\/image\/","url":"https:\/\/secure.gravatar.com\/avatar\/fe4f91a0de32b52a838d0d612abdc1aa?s=96&d=mm&r=g","contentUrl":"https:\/\/secure.gravatar.com\/avatar\/fe4f91a0de32b52a838d0d612abdc1aa?s=96&d=mm&r=g","caption":"Larissa Carvalho"},"url":"https:\/\/www.correiobraziliense.com.br\/cbradar\/author\/larissamyth\/"}]}},"_links":{"self":[{"href":"https:\/\/www.correiobraziliense.com.br\/cbradar\/wp-json\/wp\/v2\/posts\/37658","targetHints":{"allow":["GET"]}}],"collection":[{"href":"https:\/\/www.correiobraziliense.com.br\/cbradar\/wp-json\/wp\/v2\/posts"}],"about":[{"href":"https:\/\/www.correiobraziliense.com.br\/cbradar\/wp-json\/wp\/v2\/types\/post"}],"author":[{"embeddable":true,"href":"https:\/\/www.correiobraziliense.com.br\/cbradar\/wp-json\/wp\/v2\/users\/3"}],"replies":[{"embeddable":true,"href":"https:\/\/www.correiobraziliense.com.br\/cbradar\/wp-json\/wp\/v2\/comments?post=37658"}],"version-history":[{"count":1,"href":"https:\/\/www.correiobraziliense.com.br\/cbradar\/wp-json\/wp\/v2\/posts\/37658\/revisions"}],"predecessor-version":[{"id":37662,"href":"https:\/\/www.correiobraziliense.com.br\/cbradar\/wp-json\/wp\/v2\/posts\/37658\/revisions\/37662"}],"wp:featuredmedia":[{"embeddable":true,"href":"https:\/\/www.correiobraziliense.com.br\/cbradar\/wp-json\/wp\/v2\/media\/37659"}],"wp:attachment":[{"href":"https:\/\/www.correiobraziliense.com.br\/cbradar\/wp-json\/wp\/v2\/media?parent=37658"}],"wp:term":[{"taxonomy":"category","embeddable":true,"href":"https:\/\/www.correiobraziliense.com.br\/cbradar\/wp-json\/wp\/v2\/categories?post=37658"},{"taxonomy":"post_tag","embeddable":true,"href":"https:\/\/www.correiobraziliense.com.br\/cbradar\/wp-json\/wp\/v2\/tags?post=37658"}],"curies":[{"name":"wp","href":"https:\/\/api.w.org\/{rel}","templated":true}]}}