{"id":37781,"date":"2025-05-17T13:30:00","date_gmt":"2025-05-17T16:30:00","guid":{"rendered":"https:\/\/www.correiobraziliense.com.br\/cbradar\/?p=37781"},"modified":"2025-05-16T17:27:18","modified_gmt":"2025-05-16T20:27:18","slug":"esse-classico-da-animacao-vai-te-emocionar-de-novo","status":"publish","type":"post","link":"https:\/\/www.correiobraziliense.com.br\/cbradar\/esse-classico-da-animacao-vai-te-emocionar-de-novo\/","title":{"rendered":"Esse cl\u00e1ssico da anima\u00e7\u00e3o vai te emocionar de novo"},"content":{"rendered":"\n<p><strong>Toy Story<\/strong> \u00e9 uma anima\u00e7\u00e3o da <strong>Pixar Animation Studios<\/strong>, lan\u00e7ada em 1995 pela <strong>Walt Disney Pictures<\/strong>. Foi o primeiro longa-metragem feito totalmente por computa\u00e7\u00e3o gr\u00e1fica e marcou o in\u00edcio de uma das franquias mais queridas da hist\u00f3ria do cinema.<\/p>\n\n\n\n<p>A trama acompanha <strong>Woody<\/strong>, um boneco caub\u00f3i que \u00e9 o brinquedo favorito do menino <strong>Andy<\/strong> \u2014 at\u00e9 que um novo brinquedo moderno, o patrulheiro espacial <strong>Buzz Lightyear<\/strong>, chega e vira a nova sensa\u00e7\u00e3o. Os dois inicialmente entram em conflito, mas acabam enfrentando juntos grandes aventuras que os tornam grandes amigos.<\/p>\n\n\n\n<h2 class=\"wp-block-heading\">Quem s\u00e3o os personagens principais?<\/h2>\n\n\n\n<ul class=\"wp-block-list\">\n<li><strong>Woody<\/strong> (voz de Tom Hanks): caub\u00f3i leal, um pouco ciumento, mas de bom cora\u00e7\u00e3o.<\/li>\n\n\n\n<li><strong>Buzz Lightyear<\/strong> (voz de Tim Allen): patrulheiro espacial que acredita ser real no come\u00e7o.<\/li>\n\n\n\n<li><strong>Andy<\/strong>: o garoto dono dos brinquedos.<\/li>\n\n\n\n<li><strong>Sr. Cabe\u00e7a de Batata<\/strong>, <strong>Rex<\/strong>, <strong>Slinky<\/strong>, <strong>Jessie<\/strong> (nas continua\u00e7\u00f5es) e muitos outros brinquedos comp\u00f5em um elenco carism\u00e1tico e variado.<\/li>\n<\/ul>\n\n\n\n<figure class=\"wp-block-image size-large\"><img decoding=\"async\" width=\"1024\" height=\"576\" src=\"https:\/\/www.correiobraziliense.com.br\/cbradar\/wp-content\/uploads\/2025\/05\/Toy-Story-2-1024x576.png\" alt=\"Esse cl\u00e1ssico da anima\u00e7\u00e3o vai te emocionar de novo\" class=\"wp-image-37782\" srcset=\"https:\/\/www.correiobraziliense.com.br\/cbradar\/wp-content\/uploads\/2025\/05\/Toy-Story-2-1024x576.png 1024w, https:\/\/www.correiobraziliense.com.br\/cbradar\/wp-content\/uploads\/2025\/05\/Toy-Story-2-300x169.png 300w, https:\/\/www.correiobraziliense.com.br\/cbradar\/wp-content\/uploads\/2025\/05\/Toy-Story-2-768x432.png 768w, https:\/\/www.correiobraziliense.com.br\/cbradar\/wp-content\/uploads\/2025\/05\/Toy-Story-2-750x422.png 750w, https:\/\/www.correiobraziliense.com.br\/cbradar\/wp-content\/uploads\/2025\/05\/Toy-Story-2-1140x641.png 1140w, https:\/\/www.correiobraziliense.com.br\/cbradar\/wp-content\/uploads\/2025\/05\/Toy-Story-2.png 1280w\" sizes=\"(max-width: 1024px) 100vw, 1024px\" \/><figcaption class=\"wp-element-caption\">Toy Story. Fonte: divulga\u00e7\u00e3o \/ Walt Disney<\/figcaption><\/figure>\n\n\n\n<h2 class=\"wp-block-heading\">Como o filme conquistou gera\u00e7\u00f5es?<\/h2>\n\n\n\n<p><em>Toy Story<\/em> se destaca pela originalidade, humor inteligente e emo\u00e7\u00e3o genu\u00edna. A ideia de que os brinquedos t\u00eam vida pr\u00f3pria quando n\u00e3o estamos olhando encantou crian\u00e7as e adultos, enquanto os temas de amizade, ci\u00fame e amadurecimento tocam a todos.<\/p>\n\n\n\n<p>A anima\u00e7\u00e3o inovadora para a \u00e9poca, aliada a um roteiro envolvente, tornou o filme um marco do cinema. Cada sequ\u00eancia aprofundou ainda mais a rela\u00e7\u00e3o entre os personagens e o impacto do tempo.<\/p>\n\n\n\n<h2 class=\"wp-block-heading\">Vale a pena assistir Toy Story?<\/h2>\n\n\n\n<p>Sem d\u00favida. <em>Toy Story<\/em> \u00e9 uma daquelas hist\u00f3rias atemporais que emocionam em qualquer idade. Seja pela nostalgia, pelo carisma dos personagens ou pelas mensagens profundas sobre crescer, deixar ir e valorizar os la\u00e7os que criamos.<\/p>\n\n\n\n<p>\u00c9 um cl\u00e1ssico moderno que continua relevante e encantador, n\u00e3o importa quantas vezes seja revisto.<\/p>\n\n\n\n<iframe loading=\"lazy\" width=\"560\" height=\"315\" src=\"https:\/\/www.youtube.com\/embed\/v-PjgYDrg70?si=wQGNSgWgCOn9IE-8\" title=\"YouTube video player\" frameborder=\"0\" allow=\"accelerometer; autoplay; clipboard-write; encrypted-media; gyroscope; picture-in-picture; web-share\" referrerpolicy=\"strict-origin-when-cross-origin\" allowfullscreen><\/iframe>\n\n\n\n<h2 class=\"wp-block-heading\">Curiosidades sobre Toy Story<\/h2>\n\n\n\n<ul class=\"wp-block-list\">\n<li>Foi o primeiro filme completamente animado por computa\u00e7\u00e3o gr\u00e1fica da hist\u00f3ria.<\/li>\n\n\n\n<li>Deu in\u00edcio a uma franquia com quatro filmes, todos aclamados.<\/li>\n\n\n\n<li>Ganhou um Oscar especial pela inova\u00e7\u00e3o tecnol\u00f3gica.<\/li>\n\n\n\n<li>A voz de <strong>Tom Hanks<\/strong> como Woody foi um dos fatores decisivos para o sucesso.<\/li>\n<\/ul>\n\n\n\n<h2 class=\"wp-block-heading\">FAQ &#8211; Perguntas frequentes<\/h2>\n\n\n\n<ul class=\"wp-block-list\">\n<li><strong>Onde assistir Toy Story?<\/strong>\n<ul class=\"wp-block-list\">\n<li>Dispon\u00edvel no <strong>Disney+<\/strong> no Brasil.<\/li>\n<\/ul>\n<\/li>\n\n\n\n<li><strong>Quem est\u00e1 no elenco principal?<\/strong>\n<ul class=\"wp-block-list\">\n<li>Vozes de <strong>Tom Hanks<\/strong>, <strong>Tim Allen<\/strong>, <strong>Don Rickles<\/strong>, <strong>Wallace Shawn<\/strong>, <strong>Annie Potts<\/strong>, <strong>John Ratzenberger<\/strong>.<\/li>\n<\/ul>\n<\/li>\n\n\n\n<li><strong>Qual o ano de lan\u00e7amento do filme?<\/strong>\n<ul class=\"wp-block-list\">\n<li><em>Toy Story<\/em> foi lan\u00e7ado em 1995.<\/li>\n<\/ul>\n<\/li>\n\n\n\n<li><strong>Qual a produtora respons\u00e1vel pelo filme?<\/strong>\n<ul class=\"wp-block-list\">\n<li>Produzido pela <strong>Pixar Animation Studios<\/strong> e distribu\u00eddo pela <strong>Walt Disney Pictures<\/strong>.<\/li>\n<\/ul>\n<\/li>\n<\/ul>\n","protected":false},"excerpt":{"rendered":"<p>Uma jornada emocionante sobre amizade, crescimento e a vida secreta dos brinquedos, com humor e cora\u00e7\u00e3o.<\/p>\n","protected":false},"author":3,"featured_media":37783,"comment_status":"open","ping_status":"open","sticky":false,"template":"","format":"standard","meta":{"_yoast_wpseo_focuskw":"Toy Story","_yoast_wpseo_title":"%%title%%","_yoast_wpseo_metadesc":"Uma jornada emocionante sobre amizade, crescimento e a vida secreta dos brinquedos, com humor e cora\u00e7\u00e3o.","jnews-multi-image_gallery":[],"jnews_single_post":{"format":"standard"},"jnews_primary_category":[],"jnews_social_meta":[],"jnews_override_counter":[],"footnotes":""},"categories":[140],"post_tag":[568],"class_list":["post-37781","post","type-post","status-publish","format-standard","has-post-thumbnail","hentry","category-entretenimento","tag-series-e-filmes"],"yoast_head":"<!-- This site is optimized with the Yoast SEO plugin v24.6 - https:\/\/yoast.com\/wordpress\/plugins\/seo\/ -->\n<title>Esse cl\u00e1ssico da anima\u00e7\u00e3o vai te emocionar de novo<\/title>\n<meta name=\"description\" content=\"Uma jornada emocionante sobre amizade, crescimento e a vida secreta dos brinquedos, com humor e cora\u00e7\u00e3o.\" \/>\n<meta name=\"robots\" content=\"index, follow, max-snippet:-1, max-image-preview:large, max-video-preview:-1\" \/>\n<link rel=\"canonical\" href=\"https:\/\/www.correiobraziliense.com.br\/cbradar\/esse-classico-da-animacao-vai-te-emocionar-de-novo\/\" \/>\n<meta property=\"og:locale\" content=\"pt_BR\" \/>\n<meta property=\"og:type\" content=\"article\" \/>\n<meta property=\"og:title\" content=\"Esse cl\u00e1ssico da anima\u00e7\u00e3o vai te emocionar de novo\" \/>\n<meta property=\"og:description\" content=\"Uma jornada emocionante sobre amizade, crescimento e a vida secreta dos brinquedos, com humor e cora\u00e7\u00e3o.\" \/>\n<meta property=\"og:url\" content=\"https:\/\/www.correiobraziliense.com.br\/cbradar\/esse-classico-da-animacao-vai-te-emocionar-de-novo\/\" \/>\n<meta property=\"og:site_name\" content=\"Correio Braziliense - Radar\" \/>\n<meta property=\"article:published_time\" content=\"2025-05-17T16:30:00+00:00\" \/>\n<meta property=\"og:image\" content=\"https:\/\/www.correiobraziliense.com.br\/cbradar\/wp-content\/uploads\/2025\/05\/Toy-Story.png\" \/>\n\t<meta property=\"og:image:width\" content=\"1280\" \/>\n\t<meta property=\"og:image:height\" content=\"720\" \/>\n\t<meta property=\"og:image:type\" content=\"image\/png\" \/>\n<meta name=\"author\" content=\"Larissa Carvalho\" \/>\n<meta name=\"twitter:card\" content=\"summary_large_image\" \/>\n<meta name=\"twitter:label1\" content=\"Escrito por\" \/>\n\t<meta name=\"twitter:data1\" content=\"Larissa Carvalho\" \/>\n\t<meta name=\"twitter:label2\" content=\"Est. tempo de leitura\" \/>\n\t<meta name=\"twitter:data2\" content=\"3 minutos\" \/>\n<!-- \/ Yoast SEO plugin. -->","yoast_head_json":{"title":"Esse cl\u00e1ssico da anima\u00e7\u00e3o vai te emocionar de novo","description":"Uma jornada emocionante sobre amizade, crescimento e a vida secreta dos brinquedos, com humor e cora\u00e7\u00e3o.","robots":{"index":"index","follow":"follow","max-snippet":"max-snippet:-1","max-image-preview":"max-image-preview:large","max-video-preview":"max-video-preview:-1"},"canonical":"https:\/\/www.correiobraziliense.com.br\/cbradar\/esse-classico-da-animacao-vai-te-emocionar-de-novo\/","og_locale":"pt_BR","og_type":"article","og_title":"Esse cl\u00e1ssico da anima\u00e7\u00e3o vai te emocionar de novo","og_description":"Uma jornada emocionante sobre amizade, crescimento e a vida secreta dos brinquedos, com humor e cora\u00e7\u00e3o.","og_url":"https:\/\/www.correiobraziliense.com.br\/cbradar\/esse-classico-da-animacao-vai-te-emocionar-de-novo\/","og_site_name":"Correio Braziliense - Radar","article_published_time":"2025-05-17T16:30:00+00:00","og_image":[{"width":1280,"height":720,"url":"https:\/\/www.correiobraziliense.com.br\/cbradar\/wp-content\/uploads\/2025\/05\/Toy-Story.png","type":"image\/png"}],"author":"Larissa Carvalho","twitter_card":"summary_large_image","twitter_misc":{"Escrito por":"Larissa Carvalho","Est. tempo de leitura":"3 minutos"},"schema":{"@context":"https:\/\/schema.org","@graph":[{"@type":"WebPage","@id":"https:\/\/www.correiobraziliense.com.br\/cbradar\/esse-classico-da-animacao-vai-te-emocionar-de-novo\/","url":"https:\/\/www.correiobraziliense.com.br\/cbradar\/esse-classico-da-animacao-vai-te-emocionar-de-novo\/","name":"Esse cl\u00e1ssico da anima\u00e7\u00e3o vai te emocionar de novo","isPartOf":{"@id":"https:\/\/www.correiobraziliense.com.br\/cbradar\/#website"},"primaryImageOfPage":{"@id":"https:\/\/www.correiobraziliense.com.br\/cbradar\/esse-classico-da-animacao-vai-te-emocionar-de-novo\/#primaryimage"},"image":{"@id":"https:\/\/www.correiobraziliense.com.br\/cbradar\/esse-classico-da-animacao-vai-te-emocionar-de-novo\/#primaryimage"},"thumbnailUrl":"https:\/\/www.correiobraziliense.com.br\/cbradar\/wp-content\/uploads\/2025\/05\/Toy-Story.png","datePublished":"2025-05-17T16:30:00+00:00","author":{"@id":"https:\/\/www.correiobraziliense.com.br\/cbradar\/#\/schema\/person\/58422787644df994b53a19d3e56c1513"},"description":"Uma jornada emocionante sobre amizade, crescimento e a vida secreta dos brinquedos, com humor e cora\u00e7\u00e3o.","breadcrumb":{"@id":"https:\/\/www.correiobraziliense.com.br\/cbradar\/esse-classico-da-animacao-vai-te-emocionar-de-novo\/#breadcrumb"},"inLanguage":"pt-BR","potentialAction":[{"@type":"ReadAction","target":["https:\/\/www.correiobraziliense.com.br\/cbradar\/esse-classico-da-animacao-vai-te-emocionar-de-novo\/"]}]},{"@type":"ImageObject","inLanguage":"pt-BR","@id":"https:\/\/www.correiobraziliense.com.br\/cbradar\/esse-classico-da-animacao-vai-te-emocionar-de-novo\/#primaryimage","url":"https:\/\/www.correiobraziliense.com.br\/cbradar\/wp-content\/uploads\/2025\/05\/Toy-Story.png","contentUrl":"https:\/\/www.correiobraziliense.com.br\/cbradar\/wp-content\/uploads\/2025\/05\/Toy-Story.png","width":1280,"height":720,"caption":"Toy Story. Fonte: divulga\u00e7\u00e3o \/ Walt Disney"},{"@type":"BreadcrumbList","@id":"https:\/\/www.correiobraziliense.com.br\/cbradar\/esse-classico-da-animacao-vai-te-emocionar-de-novo\/#breadcrumb","itemListElement":[{"@type":"ListItem","position":1,"name":"In\u00edcio","item":"https:\/\/www.correiobraziliense.com.br\/cbradar\/"},{"@type":"ListItem","position":2,"name":"Esse cl\u00e1ssico da anima\u00e7\u00e3o vai te emocionar de novo"}]},{"@type":"WebSite","@id":"https:\/\/www.correiobraziliense.com.br\/cbradar\/#website","url":"https:\/\/www.correiobraziliense.com.br\/cbradar\/","name":"Correio Braziliense - Radar","description":"Acompanhe as \u00faltimas not\u00edcias e fique bem informado sobre tudo o que acontece no Brasil e no mundo.","potentialAction":[{"@type":"SearchAction","target":{"@type":"EntryPoint","urlTemplate":"https:\/\/www.correiobraziliense.com.br\/cbradar\/?s={search_term_string}"},"query-input":{"@type":"PropertyValueSpecification","valueRequired":true,"valueName":"search_term_string"}}],"inLanguage":"pt-BR"},{"@type":"Person","@id":"https:\/\/www.correiobraziliense.com.br\/cbradar\/#\/schema\/person\/58422787644df994b53a19d3e56c1513","name":"Larissa Carvalho","image":{"@type":"ImageObject","inLanguage":"pt-BR","@id":"https:\/\/www.correiobraziliense.com.br\/cbradar\/#\/schema\/person\/image\/","url":"https:\/\/secure.gravatar.com\/avatar\/fe4f91a0de32b52a838d0d612abdc1aa?s=96&d=mm&r=g","contentUrl":"https:\/\/secure.gravatar.com\/avatar\/fe4f91a0de32b52a838d0d612abdc1aa?s=96&d=mm&r=g","caption":"Larissa Carvalho"},"url":"https:\/\/www.correiobraziliense.com.br\/cbradar\/author\/larissamyth\/"}]}},"_links":{"self":[{"href":"https:\/\/www.correiobraziliense.com.br\/cbradar\/wp-json\/wp\/v2\/posts\/37781","targetHints":{"allow":["GET"]}}],"collection":[{"href":"https:\/\/www.correiobraziliense.com.br\/cbradar\/wp-json\/wp\/v2\/posts"}],"about":[{"href":"https:\/\/www.correiobraziliense.com.br\/cbradar\/wp-json\/wp\/v2\/types\/post"}],"author":[{"embeddable":true,"href":"https:\/\/www.correiobraziliense.com.br\/cbradar\/wp-json\/wp\/v2\/users\/3"}],"replies":[{"embeddable":true,"href":"https:\/\/www.correiobraziliense.com.br\/cbradar\/wp-json\/wp\/v2\/comments?post=37781"}],"version-history":[{"count":1,"href":"https:\/\/www.correiobraziliense.com.br\/cbradar\/wp-json\/wp\/v2\/posts\/37781\/revisions"}],"predecessor-version":[{"id":37784,"href":"https:\/\/www.correiobraziliense.com.br\/cbradar\/wp-json\/wp\/v2\/posts\/37781\/revisions\/37784"}],"wp:featuredmedia":[{"embeddable":true,"href":"https:\/\/www.correiobraziliense.com.br\/cbradar\/wp-json\/wp\/v2\/media\/37783"}],"wp:attachment":[{"href":"https:\/\/www.correiobraziliense.com.br\/cbradar\/wp-json\/wp\/v2\/media?parent=37781"}],"wp:term":[{"taxonomy":"category","embeddable":true,"href":"https:\/\/www.correiobraziliense.com.br\/cbradar\/wp-json\/wp\/v2\/categories?post=37781"},{"taxonomy":"post_tag","embeddable":true,"href":"https:\/\/www.correiobraziliense.com.br\/cbradar\/wp-json\/wp\/v2\/post_tag?post=37781"}],"curies":[{"name":"wp","href":"https:\/\/api.w.org\/{rel}","templated":true}]}}