{"id":37802,"date":"2025-05-18T13:30:00","date_gmt":"2025-05-18T16:30:00","guid":{"rendered":"https:\/\/www.correiobraziliense.com.br\/cbradar\/?p=37802"},"modified":"2025-05-16T17:26:23","modified_gmt":"2025-05-16T20:26:23","slug":"essa-continuacao-vai-te-deixar-com-o-coracao-na-cabine-e-vai-te-surpreender","status":"publish","type":"post","link":"https:\/\/www.correiobraziliense.com.br\/cbradar\/essa-continuacao-vai-te-deixar-com-o-coracao-na-cabine-e-vai-te-surpreender\/","title":{"rendered":"Essa continua\u00e7\u00e3o vai te deixar com o cora\u00e7\u00e3o na cabine e vai te surpreender"},"content":{"rendered":"\n<p><strong>Top Gun: Maverick<\/strong> \u00e9 a aguardada sequ\u00eancia do cl\u00e1ssico de 1986, dirigida por <strong>Joseph Kosinski<\/strong> e lan\u00e7ada em 2022. O filme acompanha <strong>Pete \u201cMaverick\u201d Mitchell<\/strong>, interpretado novamente por <strong>Tom Cruise<\/strong>, mais de 30 anos ap\u00f3s os eventos do original.<\/p>\n\n\n\n<p>Agora como instrutor da elite de pilotos da Marinha, Maverick \u00e9 chamado para treinar uma nova gera\u00e7\u00e3o em uma miss\u00e3o quase imposs\u00edvel. Entre os recrutas est\u00e1 <strong>Bradley \u201cRooster\u201d Bradshaw<\/strong>, filho de seu falecido amigo <strong>Goose<\/strong>, o que traz \u00e0 tona conflitos n\u00e3o resolvidos e emo\u00e7\u00f5es intensas.<\/p>\n\n\n\n<h2 class=\"wp-block-heading\">Quem s\u00e3o os personagens principais?<\/h2>\n\n\n\n<ul class=\"wp-block-list\">\n<li><strong>Pete \u201cMaverick\u201d Mitchell<\/strong> (Tom Cruise): veterano destemido e apaixonado pela avia\u00e7\u00e3o.<\/li>\n\n\n\n<li><strong>Bradley \u201cRooster\u201d Bradshaw<\/strong> (Miles Teller): jovem piloto talentoso e ressentido.<\/li>\n\n\n\n<li><strong>Penny Benjamin<\/strong> (Jennifer Connelly): interesse amoroso de Maverick, dona de bar e figura do passado.<\/li>\n\n\n\n<li><strong>Cyclone<\/strong> (Jon Hamm) e <strong>Warlock<\/strong> (Charles Parnell): superiores que questionam os m\u00e9todos de Maverick.<\/li>\n\n\n\n<li>Pilotos como <strong>Phoenix<\/strong>, <strong>Hangman<\/strong>, <strong>Payback<\/strong> e <strong>Bob<\/strong> enriquecem a din\u00e2mica da equipe.<\/li>\n<\/ul>\n\n\n\n<figure class=\"wp-block-image size-large\"><img decoding=\"async\" width=\"1024\" height=\"576\" src=\"https:\/\/www.correiobraziliense.com.br\/cbradar\/wp-content\/uploads\/2025\/05\/Top-Gun-Maverick-2-1024x576.png\" alt=\"Essa continua\u00e7\u00e3o vai te deixar com o cora\u00e7\u00e3o na cabine e vai te surpreender\" class=\"wp-image-37804\" srcset=\"https:\/\/www.correiobraziliense.com.br\/cbradar\/wp-content\/uploads\/2025\/05\/Top-Gun-Maverick-2-1024x576.png 1024w, https:\/\/www.correiobraziliense.com.br\/cbradar\/wp-content\/uploads\/2025\/05\/Top-Gun-Maverick-2-300x169.png 300w, https:\/\/www.correiobraziliense.com.br\/cbradar\/wp-content\/uploads\/2025\/05\/Top-Gun-Maverick-2-768x432.png 768w, https:\/\/www.correiobraziliense.com.br\/cbradar\/wp-content\/uploads\/2025\/05\/Top-Gun-Maverick-2-750x422.png 750w, https:\/\/www.correiobraziliense.com.br\/cbradar\/wp-content\/uploads\/2025\/05\/Top-Gun-Maverick-2-1140x641.png 1140w, https:\/\/www.correiobraziliense.com.br\/cbradar\/wp-content\/uploads\/2025\/05\/Top-Gun-Maverick-2.png 1280w\" sizes=\"(max-width: 1024px) 100vw, 1024px\" \/><figcaption class=\"wp-element-caption\">Top Gun Maverick. Fonte: divulga\u00e7\u00e3o \/ Paramount Pictures<\/figcaption><\/figure>\n\n\n\n<h2 class=\"wp-block-heading\">Como o filme mistura nostalgia e inova\u00e7\u00e3o?<\/h2>\n\n\n\n<p><em>Top Gun: Maverick<\/em> acerta ao equilibrar refer\u00eancias ao filme original com uma trama moderna e emocional. As cenas de voo s\u00e3o reais, com os atores passando por intensos treinamentos e voando em jatos de verdade, o que confere autenticidade \u00e0s sequ\u00eancias de a\u00e7\u00e3o.<\/p>\n\n\n\n<p>Al\u00e9m da a\u00e7\u00e3o, o filme foca em temas como legado, reden\u00e7\u00e3o, coragem e o confronto entre passado e futuro. A trilha sonora, que traz de volta <strong>\u201cDanger Zone\u201d<\/strong> e novas composi\u00e7\u00f5es de <strong>Lady Gaga<\/strong>, contribui para a atmosfera empolgante.<\/p>\n\n\n\n<h2 class=\"wp-block-heading\">Vale a pena assistir Top Gun: Maverick?<\/h2>\n\n\n\n<p>Com certeza. <em>Top Gun: Maverick<\/em> \u00e9 uma continua\u00e7\u00e3o que supera expectativas, agrada antigos f\u00e3s e conquista novos p\u00fablicos. \u00c9 uma celebra\u00e7\u00e3o do cinema de a\u00e7\u00e3o, com cora\u00e7\u00e3o, ritmo e uma entrega total de Tom Cruise em cada cena.<\/p>\n\n\n\n<p>\u00c9 ideal para quem gosta de emo\u00e7\u00e3o verdadeira, efeitos pr\u00e1ticos impressionantes e hist\u00f3rias com personagens carism\u00e1ticos e complexos.<\/p>\n\n\n\n<iframe loading=\"lazy\" width=\"560\" height=\"315\" src=\"https:\/\/www.youtube.com\/embed\/9Jgua93Xhcw?si=4rlJ5zhUOTp9oSLe\" title=\"YouTube video player\" frameborder=\"0\" allow=\"accelerometer; autoplay; clipboard-write; encrypted-media; gyroscope; picture-in-picture; web-share\" referrerpolicy=\"strict-origin-when-cross-origin\" allowfullscreen><\/iframe>\n\n\n\n<h2 class=\"wp-block-heading\">Curiosidades sobre Top Gun: Maverick<\/h2>\n\n\n\n<ul class=\"wp-block-list\">\n<li>O filme foi adiado v\u00e1rias vezes devido \u00e0 pandemia, aumentando ainda mais a expectativa.<\/li>\n\n\n\n<li>Tom Cruise fez quest\u00e3o de realizar as cenas de voo, pilotando pessoalmente em v\u00e1rias tomadas.<\/li>\n\n\n\n<li>A produ\u00e7\u00e3o usou c\u00e2meras IMAX instaladas dentro dos ca\u00e7as F\/A-18 para capturar cada detalhe.<\/li>\n\n\n\n<li>Recebeu aclama\u00e7\u00e3o da cr\u00edtica e foi indicado ao <strong>Oscar de Melhor Filme<\/strong>.<\/li>\n<\/ul>\n\n\n\n<h2 class=\"wp-block-heading\">FAQ &#8211; Perguntas frequentes<\/h2>\n\n\n\n<ul class=\"wp-block-list\">\n<li><strong>Onde assistir Top Gun: Maverick?<\/strong>\n<ul class=\"wp-block-list\">\n<li>Dispon\u00edvel na <strong>Paramount+<\/strong>, <strong>Prime Video<\/strong>, <strong>Apple TV<\/strong> e outras plataformas digitais.<\/li>\n<\/ul>\n<\/li>\n\n\n\n<li><strong>Quem est\u00e1 no elenco principal?<\/strong>\n<ul class=\"wp-block-list\">\n<li><strong>Tom Cruise<\/strong>, <strong>Miles Teller<\/strong>, <strong>Jennifer Connelly<\/strong>, <strong>Jon Hamm<\/strong>, <strong>Glen Powell<\/strong>, <strong>Monica Barbaro<\/strong>, <strong>Lewis Pullman<\/strong>.<\/li>\n<\/ul>\n<\/li>\n\n\n\n<li><strong>Qual o ano de lan\u00e7amento do filme?<\/strong>\n<ul class=\"wp-block-list\">\n<li><em>Top Gun: Maverick<\/em> foi lan\u00e7ado em 2022.<\/li>\n<\/ul>\n<\/li>\n\n\n\n<li><strong>Qual a produtora respons\u00e1vel pelo filme?<\/strong>\n<ul class=\"wp-block-list\">\n<li>Produzido pela <strong>Skydance Media<\/strong>, <strong>Jerry Bruckheimer Films<\/strong> e <strong>Paramount Pictures<\/strong>.<\/li>\n<\/ul>\n<\/li>\n<\/ul>\n","protected":false},"excerpt":{"rendered":"<p>Um retorno eletrizante aos c\u00e9us com a\u00e7\u00e3o, nostalgia e adrenalina em uma sequ\u00eancia que honra o cl\u00e1ssico original.<\/p>\n","protected":false},"author":3,"featured_media":37805,"comment_status":"open","ping_status":"open","sticky":false,"template":"","format":"standard","meta":{"_yoast_wpseo_focuskw":"Top Gun: Maverick","_yoast_wpseo_title":"%%title%%","_yoast_wpseo_metadesc":"Um retorno eletrizante aos c\u00e9us com a\u00e7\u00e3o, nostalgia e adrenalina em uma sequ\u00eancia que honra o cl\u00e1ssico original.","jnews-multi-image_gallery":[],"jnews_single_post":{"format":"standard"},"jnews_primary_category":[],"jnews_social_meta":[],"jnews_override_counter":[],"footnotes":""},"categories":[140],"post_tag":[568],"class_list":["post-37802","post","type-post","status-publish","format-standard","has-post-thumbnail","hentry","category-entretenimento","tag-series-e-filmes"],"yoast_head":"<!-- This site is optimized with the Yoast SEO plugin v24.6 - https:\/\/yoast.com\/wordpress\/plugins\/seo\/ -->\n<title>Essa continua\u00e7\u00e3o vai te deixar com o cora\u00e7\u00e3o na cabine e vai te surpreender<\/title>\n<meta name=\"description\" content=\"Um retorno eletrizante aos c\u00e9us com a\u00e7\u00e3o, nostalgia e adrenalina em uma sequ\u00eancia que honra o cl\u00e1ssico original.\" \/>\n<meta name=\"robots\" content=\"index, follow, max-snippet:-1, max-image-preview:large, max-video-preview:-1\" \/>\n<link rel=\"canonical\" href=\"https:\/\/www.correiobraziliense.com.br\/cbradar\/essa-continuacao-vai-te-deixar-com-o-coracao-na-cabine-e-vai-te-surpreender\/\" \/>\n<meta property=\"og:locale\" content=\"pt_BR\" \/>\n<meta property=\"og:type\" content=\"article\" \/>\n<meta property=\"og:title\" content=\"Essa continua\u00e7\u00e3o vai te deixar com o cora\u00e7\u00e3o na cabine e vai te surpreender\" \/>\n<meta property=\"og:description\" content=\"Um retorno eletrizante aos c\u00e9us com a\u00e7\u00e3o, nostalgia e adrenalina em uma sequ\u00eancia que honra o cl\u00e1ssico original.\" \/>\n<meta property=\"og:url\" content=\"https:\/\/www.correiobraziliense.com.br\/cbradar\/essa-continuacao-vai-te-deixar-com-o-coracao-na-cabine-e-vai-te-surpreender\/\" \/>\n<meta property=\"og:site_name\" content=\"Correio Braziliense - Radar\" \/>\n<meta property=\"article:published_time\" content=\"2025-05-18T16:30:00+00:00\" \/>\n<meta property=\"og:image\" content=\"https:\/\/www.correiobraziliense.com.br\/cbradar\/wp-content\/uploads\/2025\/05\/Top-Gun-Maverick.png\" \/>\n\t<meta property=\"og:image:width\" content=\"1280\" \/>\n\t<meta property=\"og:image:height\" content=\"720\" \/>\n\t<meta property=\"og:image:type\" content=\"image\/png\" \/>\n<meta name=\"author\" content=\"Larissa Carvalho\" \/>\n<meta name=\"twitter:card\" content=\"summary_large_image\" \/>\n<meta name=\"twitter:label1\" content=\"Escrito por\" \/>\n\t<meta name=\"twitter:data1\" content=\"Larissa Carvalho\" \/>\n\t<meta name=\"twitter:label2\" content=\"Est. tempo de leitura\" \/>\n\t<meta name=\"twitter:data2\" content=\"3 minutos\" \/>\n<!-- \/ Yoast SEO plugin. -->","yoast_head_json":{"title":"Essa continua\u00e7\u00e3o vai te deixar com o cora\u00e7\u00e3o na cabine e vai te surpreender","description":"Um retorno eletrizante aos c\u00e9us com a\u00e7\u00e3o, nostalgia e adrenalina em uma sequ\u00eancia que honra o cl\u00e1ssico original.","robots":{"index":"index","follow":"follow","max-snippet":"max-snippet:-1","max-image-preview":"max-image-preview:large","max-video-preview":"max-video-preview:-1"},"canonical":"https:\/\/www.correiobraziliense.com.br\/cbradar\/essa-continuacao-vai-te-deixar-com-o-coracao-na-cabine-e-vai-te-surpreender\/","og_locale":"pt_BR","og_type":"article","og_title":"Essa continua\u00e7\u00e3o vai te deixar com o cora\u00e7\u00e3o na cabine e vai te surpreender","og_description":"Um retorno eletrizante aos c\u00e9us com a\u00e7\u00e3o, nostalgia e adrenalina em uma sequ\u00eancia que honra o cl\u00e1ssico original.","og_url":"https:\/\/www.correiobraziliense.com.br\/cbradar\/essa-continuacao-vai-te-deixar-com-o-coracao-na-cabine-e-vai-te-surpreender\/","og_site_name":"Correio Braziliense - Radar","article_published_time":"2025-05-18T16:30:00+00:00","og_image":[{"width":1280,"height":720,"url":"https:\/\/www.correiobraziliense.com.br\/cbradar\/wp-content\/uploads\/2025\/05\/Top-Gun-Maverick.png","type":"image\/png"}],"author":"Larissa Carvalho","twitter_card":"summary_large_image","twitter_misc":{"Escrito por":"Larissa Carvalho","Est. tempo de leitura":"3 minutos"},"schema":{"@context":"https:\/\/schema.org","@graph":[{"@type":"WebPage","@id":"https:\/\/www.correiobraziliense.com.br\/cbradar\/essa-continuacao-vai-te-deixar-com-o-coracao-na-cabine-e-vai-te-surpreender\/","url":"https:\/\/www.correiobraziliense.com.br\/cbradar\/essa-continuacao-vai-te-deixar-com-o-coracao-na-cabine-e-vai-te-surpreender\/","name":"Essa continua\u00e7\u00e3o vai te deixar com o cora\u00e7\u00e3o na cabine e vai te surpreender","isPartOf":{"@id":"https:\/\/www.correiobraziliense.com.br\/cbradar\/#website"},"primaryImageOfPage":{"@id":"https:\/\/www.correiobraziliense.com.br\/cbradar\/essa-continuacao-vai-te-deixar-com-o-coracao-na-cabine-e-vai-te-surpreender\/#primaryimage"},"image":{"@id":"https:\/\/www.correiobraziliense.com.br\/cbradar\/essa-continuacao-vai-te-deixar-com-o-coracao-na-cabine-e-vai-te-surpreender\/#primaryimage"},"thumbnailUrl":"https:\/\/www.correiobraziliense.com.br\/cbradar\/wp-content\/uploads\/2025\/05\/Top-Gun-Maverick.png","datePublished":"2025-05-18T16:30:00+00:00","author":{"@id":"https:\/\/www.correiobraziliense.com.br\/cbradar\/#\/schema\/person\/58422787644df994b53a19d3e56c1513"},"description":"Um retorno eletrizante aos c\u00e9us com a\u00e7\u00e3o, nostalgia e adrenalina em uma sequ\u00eancia que honra o cl\u00e1ssico original.","breadcrumb":{"@id":"https:\/\/www.correiobraziliense.com.br\/cbradar\/essa-continuacao-vai-te-deixar-com-o-coracao-na-cabine-e-vai-te-surpreender\/#breadcrumb"},"inLanguage":"pt-BR","potentialAction":[{"@type":"ReadAction","target":["https:\/\/www.correiobraziliense.com.br\/cbradar\/essa-continuacao-vai-te-deixar-com-o-coracao-na-cabine-e-vai-te-surpreender\/"]}]},{"@type":"ImageObject","inLanguage":"pt-BR","@id":"https:\/\/www.correiobraziliense.com.br\/cbradar\/essa-continuacao-vai-te-deixar-com-o-coracao-na-cabine-e-vai-te-surpreender\/#primaryimage","url":"https:\/\/www.correiobraziliense.com.br\/cbradar\/wp-content\/uploads\/2025\/05\/Top-Gun-Maverick.png","contentUrl":"https:\/\/www.correiobraziliense.com.br\/cbradar\/wp-content\/uploads\/2025\/05\/Top-Gun-Maverick.png","width":1280,"height":720,"caption":"Top Gun Maverick. Fonte: divulga\u00e7\u00e3o \/ Paramount Pictures"},{"@type":"BreadcrumbList","@id":"https:\/\/www.correiobraziliense.com.br\/cbradar\/essa-continuacao-vai-te-deixar-com-o-coracao-na-cabine-e-vai-te-surpreender\/#breadcrumb","itemListElement":[{"@type":"ListItem","position":1,"name":"In\u00edcio","item":"https:\/\/www.correiobraziliense.com.br\/cbradar\/"},{"@type":"ListItem","position":2,"name":"Essa continua\u00e7\u00e3o vai te deixar com o cora\u00e7\u00e3o na cabine e vai te surpreender"}]},{"@type":"WebSite","@id":"https:\/\/www.correiobraziliense.com.br\/cbradar\/#website","url":"https:\/\/www.correiobraziliense.com.br\/cbradar\/","name":"Correio Braziliense - Radar","description":"Acompanhe as \u00faltimas not\u00edcias e fique bem informado sobre tudo o que acontece no Brasil e no mundo.","potentialAction":[{"@type":"SearchAction","target":{"@type":"EntryPoint","urlTemplate":"https:\/\/www.correiobraziliense.com.br\/cbradar\/?s={search_term_string}"},"query-input":{"@type":"PropertyValueSpecification","valueRequired":true,"valueName":"search_term_string"}}],"inLanguage":"pt-BR"},{"@type":"Person","@id":"https:\/\/www.correiobraziliense.com.br\/cbradar\/#\/schema\/person\/58422787644df994b53a19d3e56c1513","name":"Larissa Carvalho","image":{"@type":"ImageObject","inLanguage":"pt-BR","@id":"https:\/\/www.correiobraziliense.com.br\/cbradar\/#\/schema\/person\/image\/","url":"https:\/\/secure.gravatar.com\/avatar\/fe4f91a0de32b52a838d0d612abdc1aa?s=96&d=mm&r=g","contentUrl":"https:\/\/secure.gravatar.com\/avatar\/fe4f91a0de32b52a838d0d612abdc1aa?s=96&d=mm&r=g","caption":"Larissa Carvalho"},"url":"https:\/\/www.correiobraziliense.com.br\/cbradar\/author\/larissamyth\/"}]}},"_links":{"self":[{"href":"https:\/\/www.correiobraziliense.com.br\/cbradar\/wp-json\/wp\/v2\/posts\/37802","targetHints":{"allow":["GET"]}}],"collection":[{"href":"https:\/\/www.correiobraziliense.com.br\/cbradar\/wp-json\/wp\/v2\/posts"}],"about":[{"href":"https:\/\/www.correiobraziliense.com.br\/cbradar\/wp-json\/wp\/v2\/types\/post"}],"author":[{"embeddable":true,"href":"https:\/\/www.correiobraziliense.com.br\/cbradar\/wp-json\/wp\/v2\/users\/3"}],"replies":[{"embeddable":true,"href":"https:\/\/www.correiobraziliense.com.br\/cbradar\/wp-json\/wp\/v2\/comments?post=37802"}],"version-history":[{"count":1,"href":"https:\/\/www.correiobraziliense.com.br\/cbradar\/wp-json\/wp\/v2\/posts\/37802\/revisions"}],"predecessor-version":[{"id":37806,"href":"https:\/\/www.correiobraziliense.com.br\/cbradar\/wp-json\/wp\/v2\/posts\/37802\/revisions\/37806"}],"wp:featuredmedia":[{"embeddable":true,"href":"https:\/\/www.correiobraziliense.com.br\/cbradar\/wp-json\/wp\/v2\/media\/37805"}],"wp:attachment":[{"href":"https:\/\/www.correiobraziliense.com.br\/cbradar\/wp-json\/wp\/v2\/media?parent=37802"}],"wp:term":[{"taxonomy":"category","embeddable":true,"href":"https:\/\/www.correiobraziliense.com.br\/cbradar\/wp-json\/wp\/v2\/categories?post=37802"},{"taxonomy":"post_tag","embeddable":true,"href":"https:\/\/www.correiobraziliense.com.br\/cbradar\/wp-json\/wp\/v2\/post_tag?post=37802"}],"curies":[{"name":"wp","href":"https:\/\/api.w.org\/{rel}","templated":true}]}}