{"id":38095,"date":"2025-05-17T09:00:00","date_gmt":"2025-05-17T12:00:00","guid":{"rendered":"https:\/\/www.correiobraziliense.com.br\/cbradar\/?p=38095"},"modified":"2025-05-16T14:54:35","modified_gmt":"2025-05-16T17:54:35","slug":"conta-de-luz-alta-conheca-o-substituto-economico-do-chuveiro-eletrico","status":"publish","type":"post","link":"https:\/\/www.correiobraziliense.com.br\/cbradar\/conta-de-luz-alta-conheca-o-substituto-economico-do-chuveiro-eletrico\/","title":{"rendered":"Conta de luz alta? Conhe\u00e7a o substituto econ\u00f4mico do chuveiro el\u00e9trico"},"content":{"rendered":"\n<p>No <strong>Brasil<\/strong>, o chuveiro el\u00e9trico \u00e9 bastante popular por ter um pre\u00e7o inicial acess\u00edvel e ser <strong>f\u00e1cil de instalar<\/strong>. Por\u00e9m, ele tende a aumentar bastante a conta de energia, j\u00e1 que usa muita eletricidade para esquentar a \u00e1gua na hora do banho. J\u00e1 o <strong>chuveiro a g\u00e1s<\/strong>, embora demande um investimento inicial maior para instala\u00e7\u00e3o, costuma ser mais econ\u00f4mico no longo prazo.<\/p>\n\n\n\n<p>Na hora de escolher o modelo ideal para sua <a href=\"https:\/\/www.correiobraziliense.com.br\/cbradar\/faca-esses-exercicios-em-casa-e-tenha-um-tornozelo-melhorado-em-pouco-tempo\/\" target=\"_blank\" rel=\"noopener\">casa,<\/a> \u00e9 fundamental analisar os pr\u00f3s e contras de cada tipo. Tamb\u00e9m vale levar em conta o consumo di\u00e1rio de \u00e1gua quente da fam\u00edlia, pois isso pode influenciar bastante qual op\u00e7\u00e3o trar\u00e1 mais economia e efici\u00eancia.<\/p>\n\n\n\n<h2 class=\"wp-block-heading\">Quais s\u00e3o as vantagens e desvantagens do chuveiro el\u00e9trico?<\/h2>\n\n\n\n<p>O chuveiro el\u00e9trico \u00e9 popular por seu baixo custo inicial e manuten\u00e7\u00e3o praticamente inexistente. Ele oferece a conveni\u00eancia de ajustar a temperatura da \u00e1gua conforme a esta\u00e7\u00e3o do ano, com op\u00e7\u00f5es para ver\u00e3o, inverno e desligado. No entanto, o consumo de energia el\u00e9trica \u00e9 elevado, o que pode resultar em contas de luz mais altas.<\/p>\n\n\n\n<p>Outro ponto a considerar \u00e9 que o chuveiro el\u00e9trico aquece apenas a \u00e1gua do chuveiro, exigindo um aparelho para cada banheiro. Isso pode ser uma desvantagem em resid\u00eancias com m\u00faltiplos banheiros, onde o consumo de energia pode ser ainda maior.<\/p>\n\n\n\n<h2 class=\"wp-block-heading\">O chuveiro a g\u00e1s \u00e9 mais econ\u00f4mico?<\/h2>\n\n\n\n<p>O chuveiro a g\u00e1s \u00e9 uma alternativa que pode reduzir significativamente a <strong>conta de<\/strong>&nbsp;<strong>luz,<\/strong> j\u00e1 que utiliza g\u00e1s para aquecer a \u00e1gua. O <strong>pre\u00e7o do g\u00e1s<\/strong>, especialmente o encanado, tende a ser mais competitivo em compara\u00e7\u00e3o com a eletricidade. Al\u00e9m disso, um \u00fanico aquecedor a g\u00e1s pode atender a v\u00e1rios chuveiros e torneiras, proporcionando uma solu\u00e7\u00e3o integrada para toda a casa.<\/p>\n\n\n\n<p>No entanto, a instala\u00e7\u00e3o de um sistema a g\u00e1s \u00e9 mais cara e requer manuten\u00e7\u00e3o regular para garantir a seguran\u00e7a e efici\u00eancia do equipamento. Portanto, \u00e9 importante considerar esses custos adicionais ao avaliar a viabilidade do chuveiro a g\u00e1s.<\/p>\n\n\n<div class=\"wp-block-image\">\n<figure class=\"aligncenter size-large\"><img decoding=\"async\" width=\"1024\" height=\"576\" src=\"https:\/\/www.correiobraziliense.com.br\/cbradar\/wp-content\/uploads\/2025\/05\/Chuveiro-eletrico_1747417651166-1024x576.jpg\" alt=\"Conta de luz alta? Conhe\u00e7a o substituto econ\u00f4mico do chuveiro el\u00e9trico\" class=\"wp-image-38120\" srcset=\"https:\/\/www.correiobraziliense.com.br\/cbradar\/wp-content\/uploads\/2025\/05\/Chuveiro-eletrico_1747417651166-1024x576.jpg 1024w, https:\/\/www.correiobraziliense.com.br\/cbradar\/wp-content\/uploads\/2025\/05\/Chuveiro-eletrico_1747417651166-300x169.jpg 300w, https:\/\/www.correiobraziliense.com.br\/cbradar\/wp-content\/uploads\/2025\/05\/Chuveiro-eletrico_1747417651166-768x432.jpg 768w, https:\/\/www.correiobraziliense.com.br\/cbradar\/wp-content\/uploads\/2025\/05\/Chuveiro-eletrico_1747417651166-750x422.jpg 750w, https:\/\/www.correiobraziliense.com.br\/cbradar\/wp-content\/uploads\/2025\/05\/Chuveiro-eletrico_1747417651166-1140x641.jpg 1140w, https:\/\/www.correiobraziliense.com.br\/cbradar\/wp-content\/uploads\/2025\/05\/Chuveiro-eletrico_1747417651166.jpg 1280w\" sizes=\"(max-width: 1024px) 100vw, 1024px\" \/><figcaption class=\"wp-element-caption\">Chuveiro &#8211; Cr\u00e9ditos: depositphotos.com \/ toonpang<\/figcaption><\/figure><\/div>\n\n\n<h2 class=\"wp-block-heading\">Como escolher o melhor chuveiro para sua casa?<\/h2>\n\n\n\n<p>A escolha entre chuveiro el\u00e9trico e a g\u00e1s deve levar em conta o perfil de consumo de \u00e1gua quente da resid\u00eancia. Para fam\u00edlias pequenas ou pessoas que moram sozinhas, onde o uso de \u00e1gua quente \u00e9 limitado, o chuveiro el\u00e9trico pode ser mais vantajoso devido ao seu custo inicial baixo e simplicidade.<\/p>\n\n\n\n<p>Por outro lado, em lares com fam\u00edlias grandes ou alto consumo de \u00e1gua quente, o chuveiro a g\u00e1s pode representar um investimento mais inteligente a longo prazo. A economia na conta de luz e a possibilidade de aquecer m\u00faltiplos pontos de \u00e1gua na casa s\u00e3o fatores que pesam a favor dessa escolha.<\/p>\n\n\n\n<h2 class=\"wp-block-heading\">Considera\u00e7\u00f5es finais<\/h2>\n\n\n\n<p>Ao decidir entre chuveiro el\u00e9trico e a g\u00e1s, \u00e9 essencial analisar o custo-benef\u00edcio de cada op\u00e7\u00e3o com base nas necessidades espec\u00edficas da sua resid\u00eancia. Avaliar o consumo de energia, o custo do g\u00e1s e a <strong>infraestrutura<\/strong> necess\u00e1ria para cada tipo de chuveiro pode ajudar a fazer uma escolha informada e econ\u00f4mica.<\/p>\n\n\n\n<p>Independentemente da escolha, garantir a manuten\u00e7\u00e3o adequada do sistema escolhido \u00e9 crucial para maximizar a efici\u00eancia e seguran\u00e7a, al\u00e9m de prolongar a vida \u00fatil do equipamento.<\/p>\n","protected":false},"excerpt":{"rendered":"<p>No Brasil, o chuveiro el\u00e9trico \u00e9 bastante popular por ter um pre\u00e7o inicial acess\u00edvel e ser f\u00e1cil de instalar. Por\u00e9m, ele tende a aumentar bastante a conta de energia, j\u00e1 que usa muita eletricidade para esquentar a \u00e1gua na hora do banho. J\u00e1 o chuveiro a g\u00e1s, embora demande um investimento inicial maior para instala\u00e7\u00e3o, [&hellip;]<\/p>\n","protected":false},"author":9,"featured_media":38116,"comment_status":"open","ping_status":"open","sticky":false,"template":"","format":"standard","meta":{"_yoast_wpseo_focuskw":"chuveiro el\u00e9trico","_yoast_wpseo_title":"%%title%% %%page%%","_yoast_wpseo_metadesc":"Saiba como escolher entre chuveiro el\u00e9trico e a g\u00e1s, avaliando economia, consumo e conforto para a sua casa e fam\u00edlia.","jnews-multi-image_gallery":[],"jnews_single_post":{"format":"standard"},"jnews_primary_category":[],"jnews_social_meta":[],"jnews_override_counter":[],"footnotes":""},"categories":[112],"post_tag":[4806,4805,4808,4807],"class_list":["post-38095","post","type-post","status-publish","format-standard","has-post-thumbnail","hentry","category-curiosidades","tag-chuveiro-a-gas","tag-chuveiro-eletrico","tag-contas-de-luz","tag-economizar-energia"],"yoast_head":"<!-- This site is optimized with the Yoast SEO plugin v24.6 - https:\/\/yoast.com\/wordpress\/plugins\/seo\/ -->\n<title>Conta de luz alta? Conhe\u00e7a o substituto econ\u00f4mico do chuveiro el\u00e9trico<\/title>\n<meta name=\"description\" content=\"Saiba como escolher entre chuveiro el\u00e9trico e a g\u00e1s, avaliando economia, consumo e conforto para a sua casa e fam\u00edlia.\" \/>\n<meta name=\"robots\" content=\"index, follow, max-snippet:-1, max-image-preview:large, max-video-preview:-1\" \/>\n<link rel=\"canonical\" href=\"https:\/\/www.correiobraziliense.com.br\/cbradar\/conta-de-luz-alta-conheca-o-substituto-economico-do-chuveiro-eletrico\/\" \/>\n<meta property=\"og:locale\" content=\"pt_BR\" \/>\n<meta property=\"og:type\" content=\"article\" \/>\n<meta property=\"og:title\" content=\"Conta de luz alta? Conhe\u00e7a o substituto econ\u00f4mico do chuveiro el\u00e9trico\" \/>\n<meta property=\"og:description\" content=\"Saiba como escolher entre chuveiro el\u00e9trico e a g\u00e1s, avaliando economia, consumo e conforto para a sua casa e fam\u00edlia.\" \/>\n<meta property=\"og:url\" content=\"https:\/\/www.correiobraziliense.com.br\/cbradar\/conta-de-luz-alta-conheca-o-substituto-economico-do-chuveiro-eletrico\/\" \/>\n<meta property=\"og:site_name\" content=\"Correio Braziliense - Radar\" \/>\n<meta property=\"article:published_time\" content=\"2025-05-17T12:00:00+00:00\" \/>\n<meta property=\"og:image\" content=\"https:\/\/www.correiobraziliense.com.br\/cbradar\/wp-content\/uploads\/2025\/05\/Chuveiro-Eletrico-_1747417426155.jpg\" \/>\n\t<meta property=\"og:image:width\" content=\"1279\" \/>\n\t<meta property=\"og:image:height\" content=\"720\" \/>\n\t<meta property=\"og:image:type\" content=\"image\/jpeg\" \/>\n<meta name=\"author\" content=\"Daniely Cardoso\" \/>\n<meta name=\"twitter:card\" content=\"summary_large_image\" \/>\n<meta name=\"twitter:label1\" content=\"Escrito por\" \/>\n\t<meta name=\"twitter:data1\" content=\"Daniely Cardoso\" \/>\n\t<meta name=\"twitter:label2\" content=\"Est. tempo de leitura\" \/>\n\t<meta name=\"twitter:data2\" content=\"4 minutos\" \/>\n<!-- \/ Yoast SEO plugin. -->","yoast_head_json":{"title":"Conta de luz alta? Conhe\u00e7a o substituto econ\u00f4mico do chuveiro el\u00e9trico","description":"Saiba como escolher entre chuveiro el\u00e9trico e a g\u00e1s, avaliando economia, consumo e conforto para a sua casa e fam\u00edlia.","robots":{"index":"index","follow":"follow","max-snippet":"max-snippet:-1","max-image-preview":"max-image-preview:large","max-video-preview":"max-video-preview:-1"},"canonical":"https:\/\/www.correiobraziliense.com.br\/cbradar\/conta-de-luz-alta-conheca-o-substituto-economico-do-chuveiro-eletrico\/","og_locale":"pt_BR","og_type":"article","og_title":"Conta de luz alta? Conhe\u00e7a o substituto econ\u00f4mico do chuveiro el\u00e9trico","og_description":"Saiba como escolher entre chuveiro el\u00e9trico e a g\u00e1s, avaliando economia, consumo e conforto para a sua casa e fam\u00edlia.","og_url":"https:\/\/www.correiobraziliense.com.br\/cbradar\/conta-de-luz-alta-conheca-o-substituto-economico-do-chuveiro-eletrico\/","og_site_name":"Correio Braziliense - Radar","article_published_time":"2025-05-17T12:00:00+00:00","og_image":[{"width":1279,"height":720,"url":"https:\/\/www.correiobraziliense.com.br\/cbradar\/wp-content\/uploads\/2025\/05\/Chuveiro-Eletrico-_1747417426155.jpg","type":"image\/jpeg"}],"author":"Daniely Cardoso","twitter_card":"summary_large_image","twitter_misc":{"Escrito por":"Daniely Cardoso","Est. tempo de leitura":"4 minutos"},"schema":{"@context":"https:\/\/schema.org","@graph":[{"@type":"WebPage","@id":"https:\/\/www.correiobraziliense.com.br\/cbradar\/conta-de-luz-alta-conheca-o-substituto-economico-do-chuveiro-eletrico\/","url":"https:\/\/www.correiobraziliense.com.br\/cbradar\/conta-de-luz-alta-conheca-o-substituto-economico-do-chuveiro-eletrico\/","name":"Conta de luz alta? Conhe\u00e7a o substituto econ\u00f4mico do chuveiro el\u00e9trico","isPartOf":{"@id":"https:\/\/www.correiobraziliense.com.br\/cbradar\/#website"},"primaryImageOfPage":{"@id":"https:\/\/www.correiobraziliense.com.br\/cbradar\/conta-de-luz-alta-conheca-o-substituto-economico-do-chuveiro-eletrico\/#primaryimage"},"image":{"@id":"https:\/\/www.correiobraziliense.com.br\/cbradar\/conta-de-luz-alta-conheca-o-substituto-economico-do-chuveiro-eletrico\/#primaryimage"},"thumbnailUrl":"https:\/\/www.correiobraziliense.com.br\/cbradar\/wp-content\/uploads\/2025\/05\/Chuveiro-Eletrico-_1747417426155.jpg","datePublished":"2025-05-17T12:00:00+00:00","author":{"@id":"https:\/\/www.correiobraziliense.com.br\/cbradar\/#\/schema\/person\/7356666e12ec0ee53f348ee5db227032"},"description":"Saiba como escolher entre chuveiro el\u00e9trico e a g\u00e1s, avaliando economia, consumo e conforto para a sua casa e fam\u00edlia.","breadcrumb":{"@id":"https:\/\/www.correiobraziliense.com.br\/cbradar\/conta-de-luz-alta-conheca-o-substituto-economico-do-chuveiro-eletrico\/#breadcrumb"},"inLanguage":"pt-BR","potentialAction":[{"@type":"ReadAction","target":["https:\/\/www.correiobraziliense.com.br\/cbradar\/conta-de-luz-alta-conheca-o-substituto-economico-do-chuveiro-eletrico\/"]}]},{"@type":"ImageObject","inLanguage":"pt-BR","@id":"https:\/\/www.correiobraziliense.com.br\/cbradar\/conta-de-luz-alta-conheca-o-substituto-economico-do-chuveiro-eletrico\/#primaryimage","url":"https:\/\/www.correiobraziliense.com.br\/cbradar\/wp-content\/uploads\/2025\/05\/Chuveiro-Eletrico-_1747417426155.jpg","contentUrl":"https:\/\/www.correiobraziliense.com.br\/cbradar\/wp-content\/uploads\/2025\/05\/Chuveiro-Eletrico-_1747417426155.jpg","width":1279,"height":720,"caption":"Chuveiro el\u00e9trico - Cr\u00e9ditos: depositphotos.com \/ Alisonnunes"},{"@type":"BreadcrumbList","@id":"https:\/\/www.correiobraziliense.com.br\/cbradar\/conta-de-luz-alta-conheca-o-substituto-economico-do-chuveiro-eletrico\/#breadcrumb","itemListElement":[{"@type":"ListItem","position":1,"name":"In\u00edcio","item":"https:\/\/www.correiobraziliense.com.br\/cbradar\/"},{"@type":"ListItem","position":2,"name":"Conta de luz alta? Conhe\u00e7a o substituto econ\u00f4mico do chuveiro el\u00e9trico"}]},{"@type":"WebSite","@id":"https:\/\/www.correiobraziliense.com.br\/cbradar\/#website","url":"https:\/\/www.correiobraziliense.com.br\/cbradar\/","name":"Correio Braziliense - Radar","description":"Acompanhe as \u00faltimas not\u00edcias e fique bem informado sobre tudo o que acontece no Brasil e no mundo.","potentialAction":[{"@type":"SearchAction","target":{"@type":"EntryPoint","urlTemplate":"https:\/\/www.correiobraziliense.com.br\/cbradar\/?s={search_term_string}"},"query-input":{"@type":"PropertyValueSpecification","valueRequired":true,"valueName":"search_term_string"}}],"inLanguage":"pt-BR"},{"@type":"Person","@id":"https:\/\/www.correiobraziliense.com.br\/cbradar\/#\/schema\/person\/7356666e12ec0ee53f348ee5db227032","name":"Daniely Cardoso","image":{"@type":"ImageObject","inLanguage":"pt-BR","@id":"https:\/\/www.correiobraziliense.com.br\/cbradar\/#\/schema\/person\/image\/","url":"https:\/\/secure.gravatar.com\/avatar\/4b80ddbd124d1f071b626d52d62e5dff?s=96&d=mm&r=g","contentUrl":"https:\/\/secure.gravatar.com\/avatar\/4b80ddbd124d1f071b626d52d62e5dff?s=96&d=mm&r=g","caption":"Daniely Cardoso"},"description":"Redatora nos portais CB Radar e EM Foco, formada pela Universidade Federal de Goi\u00e1s, em Goi\u00e2nia. Apaixonada por comunica\u00e7\u00e3o, arte, decora\u00e7\u00e3o e tend\u00eancias, atuo na produ\u00e7\u00e3o de conte\u00fados envolventes sobre curiosidades, moda, beleza e paisagismo, sempre com um olhar atento \u00e0s novidades do momento.","sameAs":["https:\/\/www.correiobraziliense.com.br\/cbradar"],"url":"https:\/\/www.correiobraziliense.com.br\/cbradar\/author\/danielymyth\/"}]}},"_links":{"self":[{"href":"https:\/\/www.correiobraziliense.com.br\/cbradar\/wp-json\/wp\/v2\/posts\/38095","targetHints":{"allow":["GET"]}}],"collection":[{"href":"https:\/\/www.correiobraziliense.com.br\/cbradar\/wp-json\/wp\/v2\/posts"}],"about":[{"href":"https:\/\/www.correiobraziliense.com.br\/cbradar\/wp-json\/wp\/v2\/types\/post"}],"author":[{"embeddable":true,"href":"https:\/\/www.correiobraziliense.com.br\/cbradar\/wp-json\/wp\/v2\/users\/9"}],"replies":[{"embeddable":true,"href":"https:\/\/www.correiobraziliense.com.br\/cbradar\/wp-json\/wp\/v2\/comments?post=38095"}],"version-history":[{"count":3,"href":"https:\/\/www.correiobraziliense.com.br\/cbradar\/wp-json\/wp\/v2\/posts\/38095\/revisions"}],"predecessor-version":[{"id":38129,"href":"https:\/\/www.correiobraziliense.com.br\/cbradar\/wp-json\/wp\/v2\/posts\/38095\/revisions\/38129"}],"wp:featuredmedia":[{"embeddable":true,"href":"https:\/\/www.correiobraziliense.com.br\/cbradar\/wp-json\/wp\/v2\/media\/38116"}],"wp:attachment":[{"href":"https:\/\/www.correiobraziliense.com.br\/cbradar\/wp-json\/wp\/v2\/media?parent=38095"}],"wp:term":[{"taxonomy":"category","embeddable":true,"href":"https:\/\/www.correiobraziliense.com.br\/cbradar\/wp-json\/wp\/v2\/categories?post=38095"},{"taxonomy":"post_tag","embeddable":true,"href":"https:\/\/www.correiobraziliense.com.br\/cbradar\/wp-json\/wp\/v2\/post_tag?post=38095"}],"curies":[{"name":"wp","href":"https:\/\/api.w.org\/{rel}","templated":true}]}}