{"id":38098,"date":"2025-05-17T16:20:08","date_gmt":"2025-05-17T19:20:08","guid":{"rendered":"https:\/\/www.correiobraziliense.com.br\/cbradar\/?p=38098"},"modified":"2025-05-16T15:08:21","modified_gmt":"2025-05-16T18:08:21","slug":"fim-do-porcelanato-conheca-o-revestimento-mais-duravel-e-economico-para-sua-casa","status":"publish","type":"post","link":"https:\/\/www.correiobraziliense.com.br\/cbradar\/fim-do-porcelanato-conheca-o-revestimento-mais-duravel-e-economico-para-sua-casa\/","title":{"rendered":"Fim do porcelanato? Conhe\u00e7a o revestimento mais dur\u00e1vel e econ\u00f4mico para sua casa"},"content":{"rendered":"\n<p>Nos \u00faltimos tempos, o porcelanato tem sido uma escolha popular em projetos de decora\u00e7\u00e3o por sua resist\u00eancia e visual elegante. Por\u00e9m, um material inovador vem ganhando espa\u00e7o no universo do <strong>design de interiores<\/strong>: o <strong>microcimento.<\/strong> Combinando robustez e um acabamento sofisticado, ele vem revolucionando a forma como pensamos em revestimentos, trazendo uma cara mais contempor\u00e2nea aos <a href=\"https:\/\/www.correiobraziliense.com.br\/cbradar\/como-montar-um-jardim-que-atrai-passaros-e-embeleza-o-ambiente\/\" target=\"_blank\" rel=\"noopener\">ambientes.<\/a><\/p>\n\n\n\n<p>O microcimento tem chamado a aten\u00e7\u00e3o de arquitetos e decoradores pela sua flexibilidade e acabamento diferenciado. Ao contr\u00e1rio do porcelanato, que precisa de rejuntes, o microcimento \u00e9 aplicado de maneira cont\u00ednua, resultando em superf\u00edcies lisas e sem interrup\u00e7\u00f5es. Essa caracter\u00edstica evita o ac\u00famulo de sujeira e o desgaste comum nas juntas, garantindo um visual mais limpo e duradouro.<\/p>\n\n\n\n<h2 class=\"wp-block-heading\">Por que o microcimento est\u00e1 superando o porcelanato?<\/h2>\n\n\n\n<p>Uma das principais vantagens do <strong>microcimento<\/strong> em rela\u00e7\u00e3o ao porcelanato \u00e9 a sua aplica\u00e7\u00e3o vers\u00e1til. Ele pode ser aplicado em diversas superf\u00edcies, como concreto, cer\u00e2mica, madeira, paredes, tetos e at\u00e9 m\u00f3veis. Isso oferece uma flexibilidade que o porcelanato, que exige uma base nivelada e mais prepara\u00e7\u00e3o, n\u00e3o possui.<\/p>\n\n\n\n<p>Al\u00e9m disso, o <strong>microcimento<\/strong> proporciona um acabamento cont\u00ednuo e sem emendas, o que \u00e9 altamente desej\u00e1vel em projetos de design contempor\u00e2neo. Este acabamento n\u00e3o s\u00f3 melhora a est\u00e9tica do ambiente, mas tamb\u00e9m facilita a limpeza e manuten\u00e7\u00e3o, j\u00e1 que n\u00e3o h\u00e1 rejuntes para acumular sujeira.<\/p>\n\n\n\n<h2 class=\"wp-block-heading\">Quais s\u00e3o as vantagens do microcimento?<\/h2>\n\n\n\n<ul class=\"wp-block-list\">\n<li><strong>Versatilidade:<\/strong> Pode ser aplicado em uma variedade de superf\u00edcies, incluindo pisos, paredes e m\u00f3veis.<\/li>\n\n\n\n<li><strong>Est\u00e9tica Moderna:<\/strong> Oferece um visual cont\u00ednuo e uniforme, sem a necessidade de rejuntes.<\/li>\n\n\n\n<li><strong>Durabilidade:<\/strong> Resistente ao desgaste, ideal para \u00e1reas de alto tr\u00e1fego.<\/li>\n\n\n\n<li><strong>F\u00e1cil Manuten\u00e7\u00e3o:<\/strong> A aus\u00eancia de juntas facilita a limpeza e reduz o ac\u00famulo de sujeira.<\/li>\n<\/ul>\n\n\n<div class=\"wp-block-image\">\n<figure class=\"aligncenter size-large\"><img decoding=\"async\" width=\"1024\" height=\"576\" src=\"https:\/\/www.correiobraziliense.com.br\/cbradar\/wp-content\/uploads\/2025\/05\/design-de-interiores_1747418675915-1024x576.jpg\" alt=\"Fim do porcelanato? Conhe\u00e7a o revestimento mais dur\u00e1vel e econ\u00f4mico para sua casa\" class=\"wp-image-38144\" srcset=\"https:\/\/www.correiobraziliense.com.br\/cbradar\/wp-content\/uploads\/2025\/05\/design-de-interiores_1747418675915-1024x576.jpg 1024w, https:\/\/www.correiobraziliense.com.br\/cbradar\/wp-content\/uploads\/2025\/05\/design-de-interiores_1747418675915-300x169.jpg 300w, https:\/\/www.correiobraziliense.com.br\/cbradar\/wp-content\/uploads\/2025\/05\/design-de-interiores_1747418675915-768x432.jpg 768w, https:\/\/www.correiobraziliense.com.br\/cbradar\/wp-content\/uploads\/2025\/05\/design-de-interiores_1747418675915-750x422.jpg 750w, https:\/\/www.correiobraziliense.com.br\/cbradar\/wp-content\/uploads\/2025\/05\/design-de-interiores_1747418675915-1140x641.jpg 1140w, https:\/\/www.correiobraziliense.com.br\/cbradar\/wp-content\/uploads\/2025\/05\/design-de-interiores_1747418675915.jpg 1280w\" sizes=\"(max-width: 1024px) 100vw, 1024px\" \/><figcaption class=\"wp-element-caption\">Design de interiores &#8211; Cr\u00e9ditos: depositphotos.com \/ Y-Boychenko<\/figcaption><\/figure><\/div>\n\n\n<h2 class=\"wp-block-heading\">Como o microcimento est\u00e1 transformando o design de interiores?<\/h2>\n\n\n\n<p>O microcimento est\u00e1 <strong>redefinindo<\/strong> o design de interiores ao oferecer uma alternativa mais moderna e pr\u00e1tica aos <strong>revestimentos tradicionais.<\/strong> Sua capacidade de criar superf\u00edcies cont\u00ednuas e sem emendas est\u00e1 alinhada com as tend\u00eancias atuais de <strong>design minimalista<\/strong> e <strong>industrial.<\/strong> Al\u00e9m disso, sua aplica\u00e7\u00e3o em diversas superf\u00edcies permite uma maior criatividade e personaliza\u00e7\u00e3o nos projetos.<\/p>\n\n\n\n<p>\u00c0 medida que mais pessoas buscam solu\u00e7\u00f5es de design que combinam est\u00e9tica e funcionalidade, o microcimento se destaca como uma escolha preferida. Sua popularidade crescente \u00e9 um reflexo de sua capacidade de atender \u00e0s demandas de um mercado em constante evolu\u00e7\u00e3o, onde a inova\u00e7\u00e3o e a praticidade s\u00e3o altamente valorizadas.<\/p>\n\n\n\n<h2 class=\"wp-block-heading\">O futuro do microcimento no design de interiores<\/h2>\n\n\n\n<p>Com o aumento da demanda por solu\u00e7\u00f5es de design modernas e pr\u00e1ticas, o microcimento est\u00e1 posicionado para se tornar uma escolha cada vez mais popular em projetos de interiores. Sua combina\u00e7\u00e3o de est\u00e9tica contempor\u00e2nea, versatilidade e durabilidade o torna uma op\u00e7\u00e3o atraente para aqueles que buscam renovar seus espa\u00e7os com um toque de modernidade.<\/p>\n\n\n\n<p>Em resumo, o microcimento representa uma evolu\u00e7\u00e3o no mundo dos revestimentos, oferecendo uma alternativa ao porcelanato que \u00e9 tanto funcional quanto esteticamente agrad\u00e1vel. \u00c0 medida que mais pessoas descobrem suas vantagens, \u00e9 prov\u00e1vel que sua popularidade continue a crescer, solidificando seu lugar como uma tend\u00eancia duradoura no design de interiores.<\/p>\n","protected":false},"excerpt":{"rendered":"<p>Nos \u00faltimos tempos, o porcelanato tem sido uma escolha popular em projetos de decora\u00e7\u00e3o por sua resist\u00eancia e visual elegante. Por\u00e9m, um material inovador vem ganhando espa\u00e7o no universo do design de interiores: o microcimento. Combinando robustez e um acabamento sofisticado, ele vem revolucionando a forma como pensamos em revestimentos, trazendo uma cara mais contempor\u00e2nea [&hellip;]<\/p>\n","protected":false},"author":9,"featured_media":38141,"comment_status":"open","ping_status":"open","sticky":false,"template":"","format":"standard","meta":{"_yoast_wpseo_focuskw":"microcimento","_yoast_wpseo_title":"%%title%% %%page%%","_yoast_wpseo_metadesc":"Conhe\u00e7a o microcimento, a inova\u00e7\u00e3o que transforma revestimentos com estilo moderno, praticidade e alta durabilidade em qualquer ambiente.","jnews-multi-image_gallery":[],"jnews_single_post":{"format":"standard"},"jnews_primary_category":[],"jnews_social_meta":[],"jnews_override_counter":[],"footnotes":""},"categories":[143],"tags":[4809,4810,4812,4811],"class_list":["post-38098","post","type-post","status-publish","format-standard","has-post-thumbnail","hentry","category-casa-e-decoracao","tag-design-de-interiores","tag-microcimento","tag-porcelanato","tag-revestimentos"],"yoast_head":"<!-- This site is optimized with the Yoast SEO plugin v24.6 - https:\/\/yoast.com\/wordpress\/plugins\/seo\/ -->\n<title>Fim do porcelanato? Conhe\u00e7a o revestimento mais dur\u00e1vel e econ\u00f4mico para sua casa<\/title>\n<meta name=\"description\" content=\"Conhe\u00e7a o microcimento, a inova\u00e7\u00e3o que transforma revestimentos com estilo moderno, praticidade e alta durabilidade em qualquer ambiente.\" \/>\n<meta name=\"robots\" content=\"index, follow, max-snippet:-1, max-image-preview:large, max-video-preview:-1\" \/>\n<link rel=\"canonical\" href=\"https:\/\/www.correiobraziliense.com.br\/cbradar\/fim-do-porcelanato-conheca-o-revestimento-mais-duravel-e-economico-para-sua-casa\/\" \/>\n<meta property=\"og:locale\" content=\"pt_BR\" \/>\n<meta property=\"og:type\" content=\"article\" \/>\n<meta property=\"og:title\" content=\"Fim do porcelanato? Conhe\u00e7a o revestimento mais dur\u00e1vel e econ\u00f4mico para sua casa\" \/>\n<meta property=\"og:description\" content=\"Conhe\u00e7a o microcimento, a inova\u00e7\u00e3o que transforma revestimentos com estilo moderno, praticidade e alta durabilidade em qualquer ambiente.\" \/>\n<meta property=\"og:url\" content=\"https:\/\/www.correiobraziliense.com.br\/cbradar\/fim-do-porcelanato-conheca-o-revestimento-mais-duravel-e-economico-para-sua-casa\/\" \/>\n<meta property=\"og:site_name\" content=\"Correio Braziliense - Radar\" \/>\n<meta property=\"article:published_time\" content=\"2025-05-17T19:20:08+00:00\" \/>\n<meta property=\"og:image\" content=\"https:\/\/www.correiobraziliense.com.br\/cbradar\/wp-content\/uploads\/2025\/05\/porcelanato-piso_1747418524803.jpg\" \/>\n\t<meta property=\"og:image:width\" content=\"1280\" \/>\n\t<meta property=\"og:image:height\" content=\"720\" \/>\n\t<meta property=\"og:image:type\" content=\"image\/jpeg\" \/>\n<meta name=\"author\" content=\"Daniely Cardoso\" \/>\n<meta name=\"twitter:card\" content=\"summary_large_image\" \/>\n<meta name=\"twitter:label1\" content=\"Escrito por\" \/>\n\t<meta name=\"twitter:data1\" content=\"Daniely Cardoso\" \/>\n\t<meta name=\"twitter:label2\" content=\"Est. tempo de leitura\" \/>\n\t<meta name=\"twitter:data2\" content=\"4 minutos\" \/>\n<!-- \/ Yoast SEO plugin. -->","yoast_head_json":{"title":"Fim do porcelanato? Conhe\u00e7a o revestimento mais dur\u00e1vel e econ\u00f4mico para sua casa","description":"Conhe\u00e7a o microcimento, a inova\u00e7\u00e3o que transforma revestimentos com estilo moderno, praticidade e alta durabilidade em qualquer ambiente.","robots":{"index":"index","follow":"follow","max-snippet":"max-snippet:-1","max-image-preview":"max-image-preview:large","max-video-preview":"max-video-preview:-1"},"canonical":"https:\/\/www.correiobraziliense.com.br\/cbradar\/fim-do-porcelanato-conheca-o-revestimento-mais-duravel-e-economico-para-sua-casa\/","og_locale":"pt_BR","og_type":"article","og_title":"Fim do porcelanato? Conhe\u00e7a o revestimento mais dur\u00e1vel e econ\u00f4mico para sua casa","og_description":"Conhe\u00e7a o microcimento, a inova\u00e7\u00e3o que transforma revestimentos com estilo moderno, praticidade e alta durabilidade em qualquer ambiente.","og_url":"https:\/\/www.correiobraziliense.com.br\/cbradar\/fim-do-porcelanato-conheca-o-revestimento-mais-duravel-e-economico-para-sua-casa\/","og_site_name":"Correio Braziliense - Radar","article_published_time":"2025-05-17T19:20:08+00:00","og_image":[{"width":1280,"height":720,"url":"https:\/\/www.correiobraziliense.com.br\/cbradar\/wp-content\/uploads\/2025\/05\/porcelanato-piso_1747418524803.jpg","type":"image\/jpeg"}],"author":"Daniely Cardoso","twitter_card":"summary_large_image","twitter_misc":{"Escrito por":"Daniely Cardoso","Est. tempo de leitura":"4 minutos"},"schema":{"@context":"https:\/\/schema.org","@graph":[{"@type":"WebPage","@id":"https:\/\/www.correiobraziliense.com.br\/cbradar\/fim-do-porcelanato-conheca-o-revestimento-mais-duravel-e-economico-para-sua-casa\/","url":"https:\/\/www.correiobraziliense.com.br\/cbradar\/fim-do-porcelanato-conheca-o-revestimento-mais-duravel-e-economico-para-sua-casa\/","name":"Fim do porcelanato? Conhe\u00e7a o revestimento mais dur\u00e1vel e econ\u00f4mico para sua casa","isPartOf":{"@id":"https:\/\/www.correiobraziliense.com.br\/cbradar\/#website"},"primaryImageOfPage":{"@id":"https:\/\/www.correiobraziliense.com.br\/cbradar\/fim-do-porcelanato-conheca-o-revestimento-mais-duravel-e-economico-para-sua-casa\/#primaryimage"},"image":{"@id":"https:\/\/www.correiobraziliense.com.br\/cbradar\/fim-do-porcelanato-conheca-o-revestimento-mais-duravel-e-economico-para-sua-casa\/#primaryimage"},"thumbnailUrl":"https:\/\/www.correiobraziliense.com.br\/cbradar\/wp-content\/uploads\/2025\/05\/porcelanato-piso_1747418524803.jpg","datePublished":"2025-05-17T19:20:08+00:00","author":{"@id":"https:\/\/www.correiobraziliense.com.br\/cbradar\/#\/schema\/person\/7356666e12ec0ee53f348ee5db227032"},"description":"Conhe\u00e7a o microcimento, a inova\u00e7\u00e3o que transforma revestimentos com estilo moderno, praticidade e alta durabilidade em qualquer ambiente.","breadcrumb":{"@id":"https:\/\/www.correiobraziliense.com.br\/cbradar\/fim-do-porcelanato-conheca-o-revestimento-mais-duravel-e-economico-para-sua-casa\/#breadcrumb"},"inLanguage":"pt-BR","potentialAction":[{"@type":"ReadAction","target":["https:\/\/www.correiobraziliense.com.br\/cbradar\/fim-do-porcelanato-conheca-o-revestimento-mais-duravel-e-economico-para-sua-casa\/"]}]},{"@type":"ImageObject","inLanguage":"pt-BR","@id":"https:\/\/www.correiobraziliense.com.br\/cbradar\/fim-do-porcelanato-conheca-o-revestimento-mais-duravel-e-economico-para-sua-casa\/#primaryimage","url":"https:\/\/www.correiobraziliense.com.br\/cbradar\/wp-content\/uploads\/2025\/05\/porcelanato-piso_1747418524803.jpg","contentUrl":"https:\/\/www.correiobraziliense.com.br\/cbradar\/wp-content\/uploads\/2025\/05\/porcelanato-piso_1747418524803.jpg","width":1280,"height":720,"caption":"Banheiro - Cr\u00e9ditos: depositphotos.com \/ jodiejohnson"},{"@type":"BreadcrumbList","@id":"https:\/\/www.correiobraziliense.com.br\/cbradar\/fim-do-porcelanato-conheca-o-revestimento-mais-duravel-e-economico-para-sua-casa\/#breadcrumb","itemListElement":[{"@type":"ListItem","position":1,"name":"In\u00edcio","item":"https:\/\/www.correiobraziliense.com.br\/cbradar\/"},{"@type":"ListItem","position":2,"name":"Fim do porcelanato? Conhe\u00e7a o revestimento mais dur\u00e1vel e econ\u00f4mico para sua casa"}]},{"@type":"WebSite","@id":"https:\/\/www.correiobraziliense.com.br\/cbradar\/#website","url":"https:\/\/www.correiobraziliense.com.br\/cbradar\/","name":"Correio Braziliense - Radar","description":"Acompanhe as \u00faltimas not\u00edcias e fique bem informado sobre tudo o que acontece no Brasil e no mundo.","potentialAction":[{"@type":"SearchAction","target":{"@type":"EntryPoint","urlTemplate":"https:\/\/www.correiobraziliense.com.br\/cbradar\/?s={search_term_string}"},"query-input":{"@type":"PropertyValueSpecification","valueRequired":true,"valueName":"search_term_string"}}],"inLanguage":"pt-BR"},{"@type":"Person","@id":"https:\/\/www.correiobraziliense.com.br\/cbradar\/#\/schema\/person\/7356666e12ec0ee53f348ee5db227032","name":"Daniely Cardoso","image":{"@type":"ImageObject","inLanguage":"pt-BR","@id":"https:\/\/www.correiobraziliense.com.br\/cbradar\/#\/schema\/person\/image\/","url":"https:\/\/secure.gravatar.com\/avatar\/4b80ddbd124d1f071b626d52d62e5dff?s=96&d=mm&r=g","contentUrl":"https:\/\/secure.gravatar.com\/avatar\/4b80ddbd124d1f071b626d52d62e5dff?s=96&d=mm&r=g","caption":"Daniely Cardoso"},"description":"Redatora nos portais CB Radar e EM Foco, formada pela Universidade Federal de Goi\u00e1s, em Goi\u00e2nia. Apaixonada por comunica\u00e7\u00e3o, arte, decora\u00e7\u00e3o e tend\u00eancias, atuo na produ\u00e7\u00e3o de conte\u00fados envolventes sobre curiosidades, moda, beleza e paisagismo, sempre com um olhar atento \u00e0s novidades do momento.","sameAs":["https:\/\/www.correiobraziliense.com.br\/cbradar"],"url":"https:\/\/www.correiobraziliense.com.br\/cbradar\/author\/danielymyth\/"}]}},"_links":{"self":[{"href":"https:\/\/www.correiobraziliense.com.br\/cbradar\/wp-json\/wp\/v2\/posts\/38098","targetHints":{"allow":["GET"]}}],"collection":[{"href":"https:\/\/www.correiobraziliense.com.br\/cbradar\/wp-json\/wp\/v2\/posts"}],"about":[{"href":"https:\/\/www.correiobraziliense.com.br\/cbradar\/wp-json\/wp\/v2\/types\/post"}],"author":[{"embeddable":true,"href":"https:\/\/www.correiobraziliense.com.br\/cbradar\/wp-json\/wp\/v2\/users\/9"}],"replies":[{"embeddable":true,"href":"https:\/\/www.correiobraziliense.com.br\/cbradar\/wp-json\/wp\/v2\/comments?post=38098"}],"version-history":[{"count":3,"href":"https:\/\/www.correiobraziliense.com.br\/cbradar\/wp-json\/wp\/v2\/posts\/38098\/revisions"}],"predecessor-version":[{"id":38149,"href":"https:\/\/www.correiobraziliense.com.br\/cbradar\/wp-json\/wp\/v2\/posts\/38098\/revisions\/38149"}],"wp:featuredmedia":[{"embeddable":true,"href":"https:\/\/www.correiobraziliense.com.br\/cbradar\/wp-json\/wp\/v2\/media\/38141"}],"wp:attachment":[{"href":"https:\/\/www.correiobraziliense.com.br\/cbradar\/wp-json\/wp\/v2\/media?parent=38098"}],"wp:term":[{"taxonomy":"category","embeddable":true,"href":"https:\/\/www.correiobraziliense.com.br\/cbradar\/wp-json\/wp\/v2\/categories?post=38098"},{"taxonomy":"post_tag","embeddable":true,"href":"https:\/\/www.correiobraziliense.com.br\/cbradar\/wp-json\/wp\/v2\/tags?post=38098"}],"curies":[{"name":"wp","href":"https:\/\/api.w.org\/{rel}","templated":true}]}}