{"id":38365,"date":"2025-05-18T08:10:00","date_gmt":"2025-05-18T11:10:00","guid":{"rendered":"https:\/\/www.correiobraziliense.com.br\/cbradar\/?p=38365"},"modified":"2025-05-18T04:22:08","modified_gmt":"2025-05-18T07:22:08","slug":"rotina-agitada-veja-como-fazer-uma-horta-que-alivia-o-estresse","status":"publish","type":"post","link":"https:\/\/www.correiobraziliense.com.br\/cbradar\/rotina-agitada-veja-como-fazer-uma-horta-que-alivia-o-estresse\/","title":{"rendered":"Rotina agitada? Veja como fazer uma horta que alivia o estresse"},"content":{"rendered":"\n<p>Em meio \u00e0 rotina agitada, estressante e muitas vezes ca\u00f3tica do dia a dia, ter uma horta com plantas que ajudam a combater o estresse \u00e9 uma excelente forma de promover equil\u00edbrio emocional e bem-estar. Al\u00e9m de trazerem benef\u00edcios \u00e0 sa\u00fade mental, essas plantas s\u00e3o f\u00e1ceis de cuidar, perfumadas e embelezam qualquer espa\u00e7o. Neste conte\u00fado, voc\u00ea aprender\u00e1 como montar uma horta com <a href=\"https:\/\/www.correiobraziliense.com.br\/cbradar\/aprenda-a-plantar-arruda-e-purificar-sua-casa-naturalmente\/\" target=\"_blank\" rel=\"noreferrer noopener\">plantas <\/a>que aliviam a tens\u00e3o e promovem uma vida mais tranquila, mesmo com pouco espa\u00e7o e tempo.<\/p>\n\n\n\n<h2 class=\"wp-block-heading\">Por que fazer uma horta com plantas que combatem o estresse?<\/h2>\n\n\n\n<p>Plantar e cuidar da horta j\u00e1 \u00e9, por si s\u00f3, uma atividade terap\u00eautica. Estudos mostram que o contato com a natureza, mesmo em pequenos espa\u00e7os, reduz n\u00edveis de <strong>cortisol<\/strong> (o horm\u00f4nio do estresse), melhora o humor e proporciona sensa\u00e7\u00e3o de realiza\u00e7\u00e3o.<\/p>\n\n\n\n<p>Al\u00e9m disso, muitas plantas possuem <strong>propriedades calmantes<\/strong>, arom\u00e1ticas e medicinais. Algumas atuam no sistema nervoso central, outras ajudam a dormir melhor, aliviar dores de cabe\u00e7a ou melhorar a respira\u00e7\u00e3o.<\/p>\n\n\n\n<p>Uma horta antiestresse une o melhor dos dois mundos: o prazer do cultivo e os benef\u00edcios naturais para a mente e o corpo.<\/p>\n\n\n\n<h2 class=\"wp-block-heading\">Quais s\u00e3o as melhores plantas para combater o estresse?<\/h2>\n\n\n\n<p>Selecionar as esp\u00e9cies certas \u00e9 essencial para montar uma horta funcional e terap\u00eautica. Abaixo, veja as mais recomendadas:<\/p>\n\n\n\n<ul class=\"wp-block-list\">\n<li><strong>Camomila<\/strong>: calmante natural, ideal para ch\u00e1s relaxantes e para combater ins\u00f4nia e ansiedade.<\/li>\n\n\n\n<li><strong>Lavanda (Alfazema)<\/strong>: aroma inconfund\u00edvel que ajuda a reduzir ansiedade, nervosismo e melhora o sono.<\/li>\n\n\n\n<li><strong>Erva-cidreira (Melissa)<\/strong>: muito utilizada em infus\u00f5es para aliviar tens\u00e3o muscular e mental.<\/li>\n\n\n\n<li><strong>Hortel\u00e3<\/strong>: refrescante, melhora a respira\u00e7\u00e3o, alivia dores de cabe\u00e7a e promove sensa\u00e7\u00e3o de frescor.<\/li>\n\n\n\n<li><strong>Manjeric\u00e3o<\/strong>: al\u00e9m do uso culin\u00e1rio, tem a\u00e7\u00e3o adaptog\u00eanica, ajudando o corpo a lidar com o estresse.<\/li>\n\n\n\n<li><strong>Alecrim<\/strong>: estimula o foco e a mem\u00f3ria, al\u00e9m de melhorar o humor com seu aroma intenso.<\/li>\n\n\n\n<li><strong>S\u00e1lvia<\/strong>: tem a\u00e7\u00e3o relaxante e auxilia na regula\u00e7\u00e3o hormonal, principalmente em mulheres.<\/li>\n\n\n\n<li><strong>Capim-lim\u00e3o (ou capim-santo)<\/strong>: \u00f3timo para ch\u00e1s que reduzem a ansiedade e promovem relaxamento f\u00edsico.<\/li>\n<\/ul>\n\n\n<div class=\"wp-block-image\">\n<figure class=\"aligncenter size-large\"><img decoding=\"async\" width=\"1024\" height=\"576\" src=\"https:\/\/www.correiobraziliense.com.br\/cbradar\/wp-content\/uploads\/2025\/04\/Salvia-planta_1745513470784-1024x576.jpg\" alt=\"Cultive s\u00e1lvia em casa e tenha uma farm\u00e1cia natural sempre \u00e0 m\u00e3o\" class=\"wp-image-27880\" srcset=\"https:\/\/www.correiobraziliense.com.br\/cbradar\/wp-content\/uploads\/2025\/04\/Salvia-planta_1745513470784-1024x576.jpg 1024w, https:\/\/www.correiobraziliense.com.br\/cbradar\/wp-content\/uploads\/2025\/04\/Salvia-planta_1745513470784-300x169.jpg 300w, https:\/\/www.correiobraziliense.com.br\/cbradar\/wp-content\/uploads\/2025\/04\/Salvia-planta_1745513470784-768x432.jpg 768w, https:\/\/www.correiobraziliense.com.br\/cbradar\/wp-content\/uploads\/2025\/04\/Salvia-planta_1745513470784-750x422.jpg 750w, https:\/\/www.correiobraziliense.com.br\/cbradar\/wp-content\/uploads\/2025\/04\/Salvia-planta_1745513470784-1140x641.jpg 1140w, https:\/\/www.correiobraziliense.com.br\/cbradar\/wp-content\/uploads\/2025\/04\/Salvia-planta_1745513470784.jpg 1280w\" sizes=\"(max-width: 1024px) 100vw, 1024px\" \/><figcaption class=\"wp-element-caption\">S\u00e1lvia &#8211; Cr\u00e9ditos: depositphotos.com \/ robynmac<\/figcaption><\/figure><\/div>\n\n\n<h2 class=\"wp-block-heading\">Onde montar uma horta antiestresse em casa?<\/h2>\n\n\n\n<p>Voc\u00ea pode cultivar essas plantas em <strong>vasos<\/strong>, <strong>jardineiras<\/strong>, <strong>caixas de madeira<\/strong>, <strong>hortas verticais<\/strong> ou <strong>canteiros<\/strong>. O local ideal deve receber <strong>boa ilumina\u00e7\u00e3o natural<\/strong>, com pelo menos <strong>4 horas de sol por dia<\/strong>.<\/p>\n\n\n\n<p>Sugest\u00f5es de locais ideais:<\/p>\n\n\n\n<ul class=\"wp-block-list\">\n<li>Sacadas e varandas<\/li>\n\n\n\n<li>Quintais pequenos<\/li>\n\n\n\n<li>Paredes com suportes verticais<\/li>\n\n\n\n<li>Janelas ensolaradas<\/li>\n\n\n\n<li>\u00c1reas de servi\u00e7o com luz natural<\/li>\n<\/ul>\n\n\n\n<p>Se poss\u00edvel, escolha um canto silencioso e agrad\u00e1vel para que a horta tamb\u00e9m funcione como um <strong>ref\u00fagio emocional<\/strong>.<\/p>\n\n\n\n<h2 class=\"wp-block-heading\">Como escolher os vasos e o substrato ideal?<\/h2>\n\n\n\n<p>Opte por vasos com <strong>boa drenagem<\/strong> (furos no fundo) e, de prefer\u00eancia, feitos de materiais porosos como <strong>cer\u00e2mica<\/strong> ou <strong>barro<\/strong>, que ajudam a manter o equil\u00edbrio de umidade.<\/p>\n\n\n\n<p>Para o substrato, use uma mistura leve e rica em <a href=\"https:\/\/rehagro.com.br\/blog\/materia-organica-no-solo\/\" target=\"_blank\" rel=\"noreferrer noopener\">mat\u00e9ria org\u00e2nica<\/a>:<\/p>\n\n\n\n<ul class=\"wp-block-list\">\n<li>50% de terra vegetal<\/li>\n\n\n\n<li>30% de h\u00famus de minhoca<\/li>\n\n\n\n<li>20% de areia lavada ou perlita<\/li>\n<\/ul>\n\n\n\n<p>Para plantas como <strong>lavanda e alecrim<\/strong>, que n\u00e3o gostam de solo encharcado, adicione mais areia para garantir boa drenagem.<\/p>\n\n\n\n<h2 class=\"wp-block-heading\">Como cuidar da horta antiestresse com pouco esfor\u00e7o?<\/h2>\n\n\n\n<p>Essas plantas s\u00e3o, em sua maioria, <strong>resistentes e de baixa manuten\u00e7\u00e3o<\/strong>. Com cuidados simples, voc\u00ea garante uma horta sempre bonita e produtiva:<\/p>\n\n\n\n<ul class=\"wp-block-list\">\n<li><strong>Rega<\/strong>: de 2 a 3 vezes por semana, sempre observando se o solo est\u00e1 seco.<\/li>\n\n\n\n<li><strong>Aduba\u00e7\u00e3o<\/strong>: a cada 20 dias com compostos org\u00e2nicos ou h\u00famus de minhoca.<\/li>\n\n\n\n<li><strong>Podas<\/strong>: remova folhas secas e colha regularmente para estimular novos brotos.<\/li>\n\n\n\n<li><strong>Ilumina\u00e7\u00e3o<\/strong>: garanta que todas recebam luz suficiente.<\/li>\n\n\n\n<li><strong>Ventila\u00e7\u00e3o<\/strong>: evite locais abafados e sem circula\u00e7\u00e3o de ar.<\/li>\n<\/ul>\n\n\n\n<p>Se poss\u00edvel, adicione <strong>pedras ou cascas secas<\/strong> sobre o substrato para conservar a umidade e decorar sua horta.<\/p>\n\n\n\n<h2 class=\"wp-block-heading\">Como usar as plantas da horta para aliviar o estresse?<\/h2>\n\n\n\n<p>Voc\u00ea pode usar essas plantas de diversas formas no dia a dia:<\/p>\n\n\n\n<ul class=\"wp-block-list\">\n<li><strong>Ch\u00e1s relaxantes<\/strong>: combine camomila, erva-cidreira e capim-lim\u00e3o para uma infus\u00e3o calmante.<\/li>\n\n\n\n<li><strong>Banhos arom\u00e1ticos<\/strong>: coloque lavanda e hortel\u00e3 na \u00e1gua do banho para aliviar a tens\u00e3o.<\/li>\n\n\n\n<li><strong>Aromatizadores naturais<\/strong>: deixe vasos de lavanda ou alecrim em ambientes como o quarto e o escrit\u00f3rio.<\/li>\n\n\n\n<li><strong>Inala\u00e7\u00e3o de vapor<\/strong>: folhas de hortel\u00e3 em \u00e1gua quente ajudam a abrir as vias respirat\u00f3rias e aliviar a tens\u00e3o.<\/li>\n\n\n\n<li><strong>Uso na culin\u00e1ria<\/strong>: manjeric\u00e3o, alecrim e hortel\u00e3 podem temperar pratos e melhorar o bem-estar com seus aromas.<\/li>\n<\/ul>\n\n\n\n<h2 class=\"wp-block-heading\">\u00c9 poss\u00edvel montar essa horta mesmo em apartamentos pequenos?<\/h2>\n\n\n\n<p>Sim. Basta adaptar o espa\u00e7o e escolher estruturas como:<\/p>\n\n\n\n<ul class=\"wp-block-list\">\n<li><strong>Hortas verticais com bols\u00f5es de tecido<\/strong><\/li>\n\n\n\n<li><strong>Suportes de parede com vasos pequenos<\/strong><\/li>\n\n\n\n<li><strong>Jardineiras em parapeitos de janela<\/strong><\/li>\n\n\n\n<li><strong>Mini-hortas em bancadas ou mesas com luz solar<\/strong><\/li>\n<\/ul>\n\n\n\n<p>Al\u00e9m de pr\u00e1tica, essa horta se torna um elemento decorativo e terap\u00eautico no ambiente.<\/p>\n\n\n\n<h2 class=\"wp-block-heading\">Quais combina\u00e7\u00f5es de plantas funcionam bem juntas?<\/h2>\n\n\n\n<p>Voc\u00ea pode combinar diferentes plantas com base em suas necessidades de sol e \u00e1gua. Veja sugest\u00f5es:<\/p>\n\n\n\n<ul class=\"wp-block-list\">\n<li><strong>Lavanda + Alecrim + Manjeric\u00e3o<\/strong> (gostam de muito sol e solo mais seco)<\/li>\n\n\n\n<li><strong>Camomila + Erva-cidreira + Capim-lim\u00e3o<\/strong> (preferem solo \u00famido e meia-sombra)<\/li>\n\n\n\n<li><strong>Hortel\u00e3 + S\u00e1lvia<\/strong> (crescem bem juntas em solo f\u00e9rtil e rega moderada)<\/li>\n<\/ul>\n\n\n\n<p>Evite plantar hortel\u00e3 diretamente com outras esp\u00e9cies no mesmo vaso, pois ela \u00e9 <strong>invasiva<\/strong> e pode prejudicar o desenvolvimento das vizinhas.<\/p>\n\n\n\n<h2 class=\"wp-block-heading\">Horta terap\u00eautica: como transformar o cultivo em um momento de autocuidado?<\/h2>\n\n\n\n<p>Dedicar alguns minutos do seu dia para cuidar da horta pode ser uma forma de <strong>medita\u00e7\u00e3o ativa<\/strong>. Use esse momento para:<\/p>\n\n\n\n<ul class=\"wp-block-list\">\n<li>Observar os detalhes das plantas<\/li>\n\n\n\n<li>Sentir o aroma das folhas com consci\u00eancia<\/li>\n\n\n\n<li>Colher com calma, conectando-se ao presente<\/li>\n\n\n\n<li>Respirar profundamente e desacelerar<\/li>\n<\/ul>\n\n\n\n<p>Crie um pequeno ritual com m\u00fasica tranquila, incensos ou sil\u00eancio, transformando o cuidado com a horta em uma pr\u00e1tica de <strong>autocura e conex\u00e3o com a natureza<\/strong>.<\/p>\n\n\n\n<h2 class=\"wp-block-heading\">FAQ<\/h2>\n\n\n\n<p><strong>1. Posso cultivar essas plantas s\u00f3 em vasos?<\/strong><br>Sim. Todas as esp\u00e9cies citadas se desenvolvem muito bem em vasos, desde que tenham solo f\u00e9rtil, luz solar e boa drenagem.<\/p>\n\n\n\n<p><strong>2. \u00c9 necess\u00e1rio podar essas plantas com frequ\u00eancia?<\/strong><br>Sim, principalmente as arom\u00e1ticas. A poda estimula o crescimento, evita pragas e mant\u00e9m o formato bonito.<\/p>\n\n\n\n<p><strong>3. Posso tomar ch\u00e1 de todas essas plantas?<\/strong><br>Quase todas. Camomila, erva-cidreira, capim-lim\u00e3o e hortel\u00e3 s\u00e3o seguras. Alecrim e s\u00e1lvia devem ser usados com modera\u00e7\u00e3o, principalmente por gestantes.<\/p>\n\n\n\n<p><strong>4. Essas plantas espantam insetos?<\/strong><br>Sim. Hortel\u00e3, lavanda e alecrim t\u00eam \u00f3leos essenciais que afastam mosquitos e pragas naturais.<\/p>\n\n\n\n<p><strong>5. A horta pode ficar dentro de casa?<\/strong><br>Pode, desde que o ambiente tenha luz suficiente (luz natural ou luz artificial adequada). Algumas plantas preferem meia-sombra e se adaptam bem a ambientes internos.<\/p>\n","protected":false},"excerpt":{"rendered":"<p>Em meio \u00e0 rotina agitada, estressante e muitas vezes ca\u00f3tica do dia a dia, ter uma horta com plantas que ajudam a combater o estresse \u00e9 uma excelente forma de promover equil\u00edbrio emocional e bem-estar. Al\u00e9m de trazerem benef\u00edcios \u00e0 sa\u00fade mental, essas plantas s\u00e3o f\u00e1ceis de cuidar, perfumadas e embelezam qualquer espa\u00e7o. Neste conte\u00fado, [&hellip;]<\/p>\n","protected":false},"author":9,"featured_media":4384,"comment_status":"open","ping_status":"open","sticky":false,"template":"","format":"standard","meta":{"_yoast_wpseo_focuskw":"horta","_yoast_wpseo_title":"%%title%% %%page%%","_yoast_wpseo_metadesc":"Monte uma horta antistresse em casa com plantas calmantes que aliviam a ansiedade, melhoram o sono e decoram o ambiente.","jnews-multi-image_gallery":[],"jnews_single_post":{"format":"standard"},"jnews_primary_category":[],"jnews_social_meta":[],"jnews_override_counter":[],"footnotes":""},"categories":[136],"post_tag":[4842,4840,3760,4841],"class_list":["post-38365","post","type-post","status-publish","format-standard","has-post-thumbnail","hentry","category-jardinagem","tag-ervas-terapeuticas","tag-horta-antistresse","tag-plantas-calmantes","tag-saude-mental-natural"],"yoast_head":"<!-- This site is optimized with the Yoast SEO plugin v24.6 - https:\/\/yoast.com\/wordpress\/plugins\/seo\/ -->\n<title>Rotina agitada? Veja como fazer uma horta que alivia o estresse<\/title>\n<meta name=\"description\" content=\"Monte uma horta antistresse em casa com plantas calmantes que aliviam a ansiedade, melhoram o sono e decoram o ambiente.\" \/>\n<meta name=\"robots\" content=\"index, follow, max-snippet:-1, max-image-preview:large, max-video-preview:-1\" \/>\n<link rel=\"canonical\" href=\"https:\/\/www.correiobraziliense.com.br\/cbradar\/rotina-agitada-veja-como-fazer-uma-horta-que-alivia-o-estresse\/\" \/>\n<meta property=\"og:locale\" content=\"pt_BR\" \/>\n<meta property=\"og:type\" content=\"article\" \/>\n<meta property=\"og:title\" content=\"Rotina agitada? Veja como fazer uma horta que alivia o estresse\" \/>\n<meta property=\"og:description\" content=\"Monte uma horta antistresse em casa com plantas calmantes que aliviam a ansiedade, melhoram o sono e decoram o ambiente.\" \/>\n<meta property=\"og:url\" content=\"https:\/\/www.correiobraziliense.com.br\/cbradar\/rotina-agitada-veja-como-fazer-uma-horta-que-alivia-o-estresse\/\" \/>\n<meta property=\"og:site_name\" content=\"Correio Braziliense - Radar\" \/>\n<meta property=\"article:published_time\" content=\"2025-05-18T11:10:00+00:00\" \/>\n<meta property=\"og:image\" content=\"https:\/\/www.correiobraziliense.com.br\/cbradar\/wp-content\/uploads\/2025\/02\/canteiros_1740076485321.jpg\" \/>\n\t<meta property=\"og:image:width\" content=\"1280\" \/>\n\t<meta property=\"og:image:height\" content=\"720\" \/>\n\t<meta property=\"og:image:type\" content=\"image\/jpeg\" \/>\n<meta name=\"author\" content=\"Daniely Cardoso\" \/>\n<meta name=\"twitter:card\" content=\"summary_large_image\" \/>\n<meta name=\"twitter:label1\" content=\"Escrito por\" \/>\n\t<meta name=\"twitter:data1\" content=\"Daniely Cardoso\" \/>\n\t<meta name=\"twitter:label2\" content=\"Est. tempo de leitura\" \/>\n\t<meta name=\"twitter:data2\" content=\"7 minutos\" \/>\n<!-- \/ Yoast SEO plugin. -->","yoast_head_json":{"title":"Rotina agitada? Veja como fazer uma horta que alivia o estresse","description":"Monte uma horta antistresse em casa com plantas calmantes que aliviam a ansiedade, melhoram o sono e decoram o ambiente.","robots":{"index":"index","follow":"follow","max-snippet":"max-snippet:-1","max-image-preview":"max-image-preview:large","max-video-preview":"max-video-preview:-1"},"canonical":"https:\/\/www.correiobraziliense.com.br\/cbradar\/rotina-agitada-veja-como-fazer-uma-horta-que-alivia-o-estresse\/","og_locale":"pt_BR","og_type":"article","og_title":"Rotina agitada? Veja como fazer uma horta que alivia o estresse","og_description":"Monte uma horta antistresse em casa com plantas calmantes que aliviam a ansiedade, melhoram o sono e decoram o ambiente.","og_url":"https:\/\/www.correiobraziliense.com.br\/cbradar\/rotina-agitada-veja-como-fazer-uma-horta-que-alivia-o-estresse\/","og_site_name":"Correio Braziliense - Radar","article_published_time":"2025-05-18T11:10:00+00:00","og_image":[{"width":1280,"height":720,"url":"https:\/\/www.correiobraziliense.com.br\/cbradar\/wp-content\/uploads\/2025\/02\/canteiros_1740076485321.jpg","type":"image\/jpeg"}],"author":"Daniely Cardoso","twitter_card":"summary_large_image","twitter_misc":{"Escrito por":"Daniely Cardoso","Est. tempo de leitura":"7 minutos"},"schema":{"@context":"https:\/\/schema.org","@graph":[{"@type":"WebPage","@id":"https:\/\/www.correiobraziliense.com.br\/cbradar\/rotina-agitada-veja-como-fazer-uma-horta-que-alivia-o-estresse\/","url":"https:\/\/www.correiobraziliense.com.br\/cbradar\/rotina-agitada-veja-como-fazer-uma-horta-que-alivia-o-estresse\/","name":"Rotina agitada? Veja como fazer uma horta que alivia o estresse","isPartOf":{"@id":"https:\/\/www.correiobraziliense.com.br\/cbradar\/#website"},"primaryImageOfPage":{"@id":"https:\/\/www.correiobraziliense.com.br\/cbradar\/rotina-agitada-veja-como-fazer-uma-horta-que-alivia-o-estresse\/#primaryimage"},"image":{"@id":"https:\/\/www.correiobraziliense.com.br\/cbradar\/rotina-agitada-veja-como-fazer-uma-horta-que-alivia-o-estresse\/#primaryimage"},"thumbnailUrl":"https:\/\/www.correiobraziliense.com.br\/cbradar\/wp-content\/uploads\/2025\/02\/canteiros_1740076485321.jpg","datePublished":"2025-05-18T11:10:00+00:00","author":{"@id":"https:\/\/www.correiobraziliense.com.br\/cbradar\/#\/schema\/person\/7356666e12ec0ee53f348ee5db227032"},"description":"Monte uma horta antistresse em casa com plantas calmantes que aliviam a ansiedade, melhoram o sono e decoram o ambiente.","breadcrumb":{"@id":"https:\/\/www.correiobraziliense.com.br\/cbradar\/rotina-agitada-veja-como-fazer-uma-horta-que-alivia-o-estresse\/#breadcrumb"},"inLanguage":"pt-BR","potentialAction":[{"@type":"ReadAction","target":["https:\/\/www.correiobraziliense.com.br\/cbradar\/rotina-agitada-veja-como-fazer-uma-horta-que-alivia-o-estresse\/"]}]},{"@type":"ImageObject","inLanguage":"pt-BR","@id":"https:\/\/www.correiobraziliense.com.br\/cbradar\/rotina-agitada-veja-como-fazer-uma-horta-que-alivia-o-estresse\/#primaryimage","url":"https:\/\/www.correiobraziliense.com.br\/cbradar\/wp-content\/uploads\/2025\/02\/canteiros_1740076485321.jpg","contentUrl":"https:\/\/www.correiobraziliense.com.br\/cbradar\/wp-content\/uploads\/2025\/02\/canteiros_1740076485321.jpg","width":1280,"height":720,"caption":"Horta - Cr\u00e9ditos: depositphotos.com \/ vkyryl"},{"@type":"BreadcrumbList","@id":"https:\/\/www.correiobraziliense.com.br\/cbradar\/rotina-agitada-veja-como-fazer-uma-horta-que-alivia-o-estresse\/#breadcrumb","itemListElement":[{"@type":"ListItem","position":1,"name":"In\u00edcio","item":"https:\/\/www.correiobraziliense.com.br\/cbradar\/"},{"@type":"ListItem","position":2,"name":"Rotina agitada? Veja como fazer uma horta que alivia o estresse"}]},{"@type":"WebSite","@id":"https:\/\/www.correiobraziliense.com.br\/cbradar\/#website","url":"https:\/\/www.correiobraziliense.com.br\/cbradar\/","name":"Correio Braziliense - Radar","description":"Acompanhe as \u00faltimas not\u00edcias e fique bem informado sobre tudo o que acontece no Brasil e no mundo.","potentialAction":[{"@type":"SearchAction","target":{"@type":"EntryPoint","urlTemplate":"https:\/\/www.correiobraziliense.com.br\/cbradar\/?s={search_term_string}"},"query-input":{"@type":"PropertyValueSpecification","valueRequired":true,"valueName":"search_term_string"}}],"inLanguage":"pt-BR"},{"@type":"Person","@id":"https:\/\/www.correiobraziliense.com.br\/cbradar\/#\/schema\/person\/7356666e12ec0ee53f348ee5db227032","name":"Daniely Cardoso","image":{"@type":"ImageObject","inLanguage":"pt-BR","@id":"https:\/\/www.correiobraziliense.com.br\/cbradar\/#\/schema\/person\/image\/","url":"https:\/\/secure.gravatar.com\/avatar\/4b80ddbd124d1f071b626d52d62e5dff?s=96&d=mm&r=g","contentUrl":"https:\/\/secure.gravatar.com\/avatar\/4b80ddbd124d1f071b626d52d62e5dff?s=96&d=mm&r=g","caption":"Daniely Cardoso"},"description":"Redatora nos portais CB Radar e EM Foco, formada pela Universidade Federal de Goi\u00e1s, em Goi\u00e2nia. Apaixonada por comunica\u00e7\u00e3o, arte, decora\u00e7\u00e3o e tend\u00eancias, atuo na produ\u00e7\u00e3o de conte\u00fados envolventes sobre curiosidades, moda, beleza e paisagismo, sempre com um olhar atento \u00e0s novidades do momento.","sameAs":["https:\/\/www.correiobraziliense.com.br\/cbradar"],"url":"https:\/\/www.correiobraziliense.com.br\/cbradar\/author\/danielymyth\/"}]}},"_links":{"self":[{"href":"https:\/\/www.correiobraziliense.com.br\/cbradar\/wp-json\/wp\/v2\/posts\/38365","targetHints":{"allow":["GET"]}}],"collection":[{"href":"https:\/\/www.correiobraziliense.com.br\/cbradar\/wp-json\/wp\/v2\/posts"}],"about":[{"href":"https:\/\/www.correiobraziliense.com.br\/cbradar\/wp-json\/wp\/v2\/types\/post"}],"author":[{"embeddable":true,"href":"https:\/\/www.correiobraziliense.com.br\/cbradar\/wp-json\/wp\/v2\/users\/9"}],"replies":[{"embeddable":true,"href":"https:\/\/www.correiobraziliense.com.br\/cbradar\/wp-json\/wp\/v2\/comments?post=38365"}],"version-history":[{"count":4,"href":"https:\/\/www.correiobraziliense.com.br\/cbradar\/wp-json\/wp\/v2\/posts\/38365\/revisions"}],"predecessor-version":[{"id":38882,"href":"https:\/\/www.correiobraziliense.com.br\/cbradar\/wp-json\/wp\/v2\/posts\/38365\/revisions\/38882"}],"wp:featuredmedia":[{"embeddable":true,"href":"https:\/\/www.correiobraziliense.com.br\/cbradar\/wp-json\/wp\/v2\/media\/4384"}],"wp:attachment":[{"href":"https:\/\/www.correiobraziliense.com.br\/cbradar\/wp-json\/wp\/v2\/media?parent=38365"}],"wp:term":[{"taxonomy":"category","embeddable":true,"href":"https:\/\/www.correiobraziliense.com.br\/cbradar\/wp-json\/wp\/v2\/categories?post=38365"},{"taxonomy":"post_tag","embeddable":true,"href":"https:\/\/www.correiobraziliense.com.br\/cbradar\/wp-json\/wp\/v2\/post_tag?post=38365"}],"curies":[{"name":"wp","href":"https:\/\/api.w.org\/{rel}","templated":true}]}}