{"id":3849,"date":"2025-02-18T08:59:00","date_gmt":"2025-02-18T11:59:00","guid":{"rendered":"https:\/\/www.correiobraziliense.com.br\/cbradar\/?p=3849"},"modified":"2025-02-18T04:40:53","modified_gmt":"2025-02-18T07:40:53","slug":"produto-raro-descoberto-no-brasil-pode-tornar-o-pais-um-dos-mais-ricos-do-mundo","status":"publish","type":"post","link":"https:\/\/www.correiobraziliense.com.br\/cbradar\/produto-raro-descoberto-no-brasil-pode-tornar-o-pais-um-dos-mais-ricos-do-mundo\/","title":{"rendered":"Produto raro descoberto no Brasil pode tornar o pa\u00eds um dos mais ricos do mundo"},"content":{"rendered":"\n<p>O Brasil se destaca no cen\u00e1rio mundial por suas vastas reservas de terras raras, minerais fundamentais para o desenvolvimento de tecnologias modernas. Com a terceira maior reserva global, o pa\u00eds est\u00e1 posicionado ao lado de gigantes como a China e o Vietn\u00e3. Esses minerais s\u00e3o essenciais para a fabrica\u00e7\u00e3o de diversos produtos tecnol\u00f3gicos, desde eletr\u00f4nicos at\u00e9 equipamentos de energia renov\u00e1vel.<\/p>\n\n\n\n<p>Embora a extra\u00e7\u00e3o atual no Brasil seja limitada, concentrando-se principalmente na regi\u00e3o de Buena, no Rio de Janeiro, o potencial de expans\u00e3o \u00e9 significativo. Estudos em locais como Arax\u00e1 e Po\u00e7os de Caldas indicam que o pa\u00eds pode aumentar consideravelmente sua produ\u00e7\u00e3o, tornando-se um competidor de peso no mercado internacional de terras raras.<\/p>\n\n\n\n<h2 class=\"wp-block-heading\">Por que as Terras Raras S\u00e3o Cruciais?<\/h2>\n\n\n\n<p>Os minerais de terras raras s\u00e3o altamente valorizados devido \u00e0 sua aplica\u00e7\u00e3o em tecnologias avan\u00e7adas. Produtos como \u00edm\u00e3s de neod\u00edmio, usados em motores el\u00e9tricos e turbinas e\u00f3licas, s\u00e3o apenas um exemplo de sua import\u00e2ncia. O valor econ\u00f4mico desses minerais \u00e9 substancial, com pre\u00e7os que superam em muito os de outros min\u00e9rios, como o ferro.<\/p>\n\n\n\n<p>Al\u00e9m de seu valor econ\u00f4mico, as terras raras s\u00e3o vitais para a transi\u00e7\u00e3o energ\u00e9tica global, contribuindo para a produ\u00e7\u00e3o de tecnologias mais limpas e eficientes. Isso aumenta a demanda por esses minerais, destacando ainda mais sua relev\u00e2ncia estrat\u00e9gica.<\/p>\n\n\n\n<figure class=\"wp-block-gallery has-nested-images columns-default is-cropped wp-block-gallery-1 is-layout-flex wp-block-gallery-is-layout-flex\">\n<figure class=\"wp-block-image size-large\"><img decoding=\"async\" width=\"1024\" height=\"576\" data-id=\"3850\" src=\"https:\/\/www.correiobraziliense.com.br\/cbradar\/wp-content\/uploads\/2025\/02\/minerios_1739864143745-1024x576.jpg\" alt=\"minerios Cr\u00e9ditos: depositphotos.com \/ Ludya\" class=\"wp-image-3850\" srcset=\"https:\/\/www.correiobraziliense.com.br\/cbradar\/wp-content\/uploads\/2025\/02\/minerios_1739864143745-1024x576.jpg 1024w, https:\/\/www.correiobraziliense.com.br\/cbradar\/wp-content\/uploads\/2025\/02\/minerios_1739864143745-300x169.jpg 300w, https:\/\/www.correiobraziliense.com.br\/cbradar\/wp-content\/uploads\/2025\/02\/minerios_1739864143745-768x432.jpg 768w, https:\/\/www.correiobraziliense.com.br\/cbradar\/wp-content\/uploads\/2025\/02\/minerios_1739864143745-750x422.jpg 750w, https:\/\/www.correiobraziliense.com.br\/cbradar\/wp-content\/uploads\/2025\/02\/minerios_1739864143745-1140x641.jpg 1140w, https:\/\/www.correiobraziliense.com.br\/cbradar\/wp-content\/uploads\/2025\/02\/minerios_1739864143745.jpg 1280w\" sizes=\"(max-width: 1024px) 100vw, 1024px\" \/><figcaption class=\"wp-element-caption\">minerios Cr\u00e9ditos: depositphotos.com \/ Ludya<\/figcaption><\/figure>\n<\/figure>\n\n\n\n<h2 class=\"wp-block-heading\">Qual \u00e9 o Impacto Econ\u00f4mico dos Investimentos em Terras Raras?<\/h2>\n\n\n\n<p>Projetos como o de Po\u00e7os de Caldas, que prev\u00ea um investimento significativo nos pr\u00f3ximos anos, exemplificam o potencial econ\u00f4mico das terras raras no Brasil. Com a cria\u00e7\u00e3o de milhares de empregos diretos e indiretos, esses projetos n\u00e3o apenas impulsionam a economia local, mas tamb\u00e9m fortalecem a posi\u00e7\u00e3o do Brasil no mercado global de minerais.<\/p>\n\n\n\n<p>Esses investimentos s\u00e3o fundamentais para diversificar a economia brasileira, reduzindo a depend\u00eancia de exporta\u00e7\u00f5es tradicionais e abrindo novas oportunidades de crescimento sustent\u00e1vel.<\/p>\n\n\n\n<h2 class=\"wp-block-heading\">Como o Brasil Pode Aproveitar o Potencial das Terras Raras?<\/h2>\n\n\n\n<p>O governo brasileiro, juntamente com o setor privado, est\u00e1 focado em explorar o potencial das terras raras de forma sustent\u00e1vel. Isso inclui o desenvolvimento de tecnologias de minera\u00e7\u00e3o mais eficientes e a implementa\u00e7\u00e3o de pol\u00edticas que incentivem a explora\u00e7\u00e3o respons\u00e1vel desses recursos.<\/p>\n\n\n\n<p>Com uma abordagem estrat\u00e9gica, o Brasil pode n\u00e3o apenas aumentar sua produ\u00e7\u00e3o de terras raras, mas tamb\u00e9m se tornar um l\u00edder em pr\u00e1ticas de minera\u00e7\u00e3o sustent\u00e1vel, alinhando-se com as demandas globais por responsabilidade ambiental.<\/p>\n\n\n\n<h2 class=\"wp-block-heading\">O Futuro da Minera\u00e7\u00e3o de Terras Raras no Brasil<\/h2>\n\n\n\n<p>O futuro da minera\u00e7\u00e3o de terras raras no Brasil \u00e9 promissor. Com investimentos cont\u00ednuos e uma gest\u00e3o eficaz, o pa\u00eds tem o potencial de se tornar uma pot\u00eancia global nesse setor. A chave para o sucesso ser\u00e1 equilibrar o crescimento econ\u00f4mico com a sustentabilidade ambiental, garantindo que os benef\u00edcios da minera\u00e7\u00e3o sejam amplamente distribu\u00eddos.<\/p>\n\n\n\n<p>\u00c0 medida que o mundo avan\u00e7a em dire\u00e7\u00e3o a tecnologias mais verdes, o papel do Brasil na produ\u00e7\u00e3o de terras raras se tornar\u00e1 cada vez mais importante, oferecendo ao pa\u00eds uma oportunidade \u00fanica de liderar em inova\u00e7\u00e3o e sustentabilidade.<\/p>\n","protected":false},"excerpt":{"rendered":"<p>O Brasil se destaca no cen\u00e1rio mundial por suas vastas reservas de terras raras, minerais fundamentais para o desenvolvimento de tecnologias modernas. Com a terceira maior reserva global, o pa\u00eds est\u00e1 posicionado ao lado de gigantes como a China e o Vietn\u00e3.<\/p>\n","protected":false},"author":4,"featured_media":3851,"comment_status":"open","ping_status":"open","sticky":false,"template":"","format":"standard","meta":{"_yoast_wpseo_focuskw":"minerais","_yoast_wpseo_title":"","_yoast_wpseo_metadesc":"O Brasil se destaca no cen\u00e1rio mundial por suas vastas reservas de terras raras, minerais fundamentais para o desenvolvimento de tecnologias modernas. Com a terceira maior reserva global, o pa\u00eds est\u00e1 posicionado ao lado de gigantes como a China e o Vietn\u00e3.","jnews-multi-image_gallery":[],"jnews_single_post":{"format":"standard"},"jnews_primary_category":[],"jnews_social_meta":[],"jnews_override_counter":[],"footnotes":""},"categories":[112,115],"post_tag":[821,820,254,819],"class_list":["post-3849","post","type-post","status-publish","format-standard","has-post-thumbnail","hentry","category-curiosidades","category-tecnologia","tag-economia-brasileira","tag-mineracao","tag-sustentabilidade","tag-terras-raras"],"yoast_head":"<!-- This site is optimized with the Yoast SEO plugin v24.6 - https:\/\/yoast.com\/wordpress\/plugins\/seo\/ -->\n<title>Produto raro descoberto no Brasil pode tornar o pa\u00eds um dos mais ricos do mundo - Correio Braziliense - Radar<\/title>\n<meta name=\"description\" content=\"O Brasil se destaca no cen\u00e1rio mundial por suas vastas reservas de terras raras, minerais fundamentais para o desenvolvimento de tecnologias modernas. Com a terceira maior reserva global, o pa\u00eds est\u00e1 posicionado ao lado de gigantes como a China e o Vietn\u00e3.\" \/>\n<meta name=\"robots\" content=\"index, follow, max-snippet:-1, max-image-preview:large, max-video-preview:-1\" \/>\n<link rel=\"canonical\" href=\"https:\/\/www.correiobraziliense.com.br\/cbradar\/produto-raro-descoberto-no-brasil-pode-tornar-o-pais-um-dos-mais-ricos-do-mundo\/\" \/>\n<meta property=\"og:locale\" content=\"pt_BR\" \/>\n<meta property=\"og:type\" content=\"article\" \/>\n<meta property=\"og:title\" content=\"Produto raro descoberto no Brasil pode tornar o pa\u00eds um dos mais ricos do mundo - Correio Braziliense - Radar\" \/>\n<meta property=\"og:description\" content=\"O Brasil se destaca no cen\u00e1rio mundial por suas vastas reservas de terras raras, minerais fundamentais para o desenvolvimento de tecnologias modernas. Com a terceira maior reserva global, o pa\u00eds est\u00e1 posicionado ao lado de gigantes como a China e o Vietn\u00e3.\" \/>\n<meta property=\"og:url\" content=\"https:\/\/www.correiobraziliense.com.br\/cbradar\/produto-raro-descoberto-no-brasil-pode-tornar-o-pais-um-dos-mais-ricos-do-mundo\/\" \/>\n<meta property=\"og:site_name\" content=\"Correio Braziliense - Radar\" \/>\n<meta property=\"article:published_time\" content=\"2025-02-18T11:59:00+00:00\" \/>\n<meta property=\"og:image\" content=\"https:\/\/www.correiobraziliense.com.br\/cbradar\/wp-content\/uploads\/2025\/02\/minerios_1739864130672.jpg\" \/>\n\t<meta property=\"og:image:width\" content=\"1280\" \/>\n\t<meta property=\"og:image:height\" content=\"720\" \/>\n\t<meta property=\"og:image:type\" content=\"image\/jpeg\" \/>\n<meta name=\"author\" content=\"Guilherme Cremaschi\" \/>\n<meta name=\"twitter:card\" content=\"summary_large_image\" \/>\n<meta name=\"twitter:label1\" content=\"Escrito por\" \/>\n\t<meta name=\"twitter:data1\" content=\"Guilherme Cremaschi\" \/>\n\t<meta name=\"twitter:label2\" content=\"Est. tempo de leitura\" \/>\n\t<meta name=\"twitter:data2\" content=\"4 minutos\" \/>\n<!-- \/ Yoast SEO plugin. -->","yoast_head_json":{"title":"Produto raro descoberto no Brasil pode tornar o pa\u00eds um dos mais ricos do mundo - Correio Braziliense - Radar","description":"O Brasil se destaca no cen\u00e1rio mundial por suas vastas reservas de terras raras, minerais fundamentais para o desenvolvimento de tecnologias modernas. Com a terceira maior reserva global, o pa\u00eds est\u00e1 posicionado ao lado de gigantes como a China e o Vietn\u00e3.","robots":{"index":"index","follow":"follow","max-snippet":"max-snippet:-1","max-image-preview":"max-image-preview:large","max-video-preview":"max-video-preview:-1"},"canonical":"https:\/\/www.correiobraziliense.com.br\/cbradar\/produto-raro-descoberto-no-brasil-pode-tornar-o-pais-um-dos-mais-ricos-do-mundo\/","og_locale":"pt_BR","og_type":"article","og_title":"Produto raro descoberto no Brasil pode tornar o pa\u00eds um dos mais ricos do mundo - Correio Braziliense - Radar","og_description":"O Brasil se destaca no cen\u00e1rio mundial por suas vastas reservas de terras raras, minerais fundamentais para o desenvolvimento de tecnologias modernas. Com a terceira maior reserva global, o pa\u00eds est\u00e1 posicionado ao lado de gigantes como a China e o Vietn\u00e3.","og_url":"https:\/\/www.correiobraziliense.com.br\/cbradar\/produto-raro-descoberto-no-brasil-pode-tornar-o-pais-um-dos-mais-ricos-do-mundo\/","og_site_name":"Correio Braziliense - Radar","article_published_time":"2025-02-18T11:59:00+00:00","og_image":[{"width":1280,"height":720,"url":"https:\/\/www.correiobraziliense.com.br\/cbradar\/wp-content\/uploads\/2025\/02\/minerios_1739864130672.jpg","type":"image\/jpeg"}],"author":"Guilherme Cremaschi","twitter_card":"summary_large_image","twitter_misc":{"Escrito por":"Guilherme Cremaschi","Est. tempo de leitura":"4 minutos"},"schema":{"@context":"https:\/\/schema.org","@graph":[{"@type":"WebPage","@id":"https:\/\/www.correiobraziliense.com.br\/cbradar\/produto-raro-descoberto-no-brasil-pode-tornar-o-pais-um-dos-mais-ricos-do-mundo\/","url":"https:\/\/www.correiobraziliense.com.br\/cbradar\/produto-raro-descoberto-no-brasil-pode-tornar-o-pais-um-dos-mais-ricos-do-mundo\/","name":"Produto raro descoberto no Brasil pode tornar o pa\u00eds um dos mais ricos do mundo - Correio Braziliense - Radar","isPartOf":{"@id":"https:\/\/www.correiobraziliense.com.br\/cbradar\/#website"},"primaryImageOfPage":{"@id":"https:\/\/www.correiobraziliense.com.br\/cbradar\/produto-raro-descoberto-no-brasil-pode-tornar-o-pais-um-dos-mais-ricos-do-mundo\/#primaryimage"},"image":{"@id":"https:\/\/www.correiobraziliense.com.br\/cbradar\/produto-raro-descoberto-no-brasil-pode-tornar-o-pais-um-dos-mais-ricos-do-mundo\/#primaryimage"},"thumbnailUrl":"https:\/\/www.correiobraziliense.com.br\/cbradar\/wp-content\/uploads\/2025\/02\/minerios_1739864130672.jpg","datePublished":"2025-02-18T11:59:00+00:00","author":{"@id":"https:\/\/www.correiobraziliense.com.br\/cbradar\/#\/schema\/person\/4760856b25506e84ce34d5de2b0d95f1"},"description":"O Brasil se destaca no cen\u00e1rio mundial por suas vastas reservas de terras raras, minerais fundamentais para o desenvolvimento de tecnologias modernas. Com a terceira maior reserva global, o pa\u00eds est\u00e1 posicionado ao lado de gigantes como a China e o Vietn\u00e3.","breadcrumb":{"@id":"https:\/\/www.correiobraziliense.com.br\/cbradar\/produto-raro-descoberto-no-brasil-pode-tornar-o-pais-um-dos-mais-ricos-do-mundo\/#breadcrumb"},"inLanguage":"pt-BR","potentialAction":[{"@type":"ReadAction","target":["https:\/\/www.correiobraziliense.com.br\/cbradar\/produto-raro-descoberto-no-brasil-pode-tornar-o-pais-um-dos-mais-ricos-do-mundo\/"]}]},{"@type":"ImageObject","inLanguage":"pt-BR","@id":"https:\/\/www.correiobraziliense.com.br\/cbradar\/produto-raro-descoberto-no-brasil-pode-tornar-o-pais-um-dos-mais-ricos-do-mundo\/#primaryimage","url":"https:\/\/www.correiobraziliense.com.br\/cbradar\/wp-content\/uploads\/2025\/02\/minerios_1739864130672.jpg","contentUrl":"https:\/\/www.correiobraziliense.com.br\/cbradar\/wp-content\/uploads\/2025\/02\/minerios_1739864130672.jpg","width":1280,"height":720,"caption":"Produto raro descoberto no Brasil pode tornar o pa\u00eds um dos mais ricos do mundo Cr\u00e9ditos: depositphotos.com \/ welzevoul"},{"@type":"BreadcrumbList","@id":"https:\/\/www.correiobraziliense.com.br\/cbradar\/produto-raro-descoberto-no-brasil-pode-tornar-o-pais-um-dos-mais-ricos-do-mundo\/#breadcrumb","itemListElement":[{"@type":"ListItem","position":1,"name":"In\u00edcio","item":"https:\/\/www.correiobraziliense.com.br\/cbradar\/"},{"@type":"ListItem","position":2,"name":"Produto raro descoberto no Brasil pode tornar o pa\u00eds um dos mais ricos do mundo"}]},{"@type":"WebSite","@id":"https:\/\/www.correiobraziliense.com.br\/cbradar\/#website","url":"https:\/\/www.correiobraziliense.com.br\/cbradar\/","name":"Correio Braziliense - Radar","description":"Acompanhe as \u00faltimas not\u00edcias e fique bem informado sobre tudo o que acontece no Brasil e no mundo.","potentialAction":[{"@type":"SearchAction","target":{"@type":"EntryPoint","urlTemplate":"https:\/\/www.correiobraziliense.com.br\/cbradar\/?s={search_term_string}"},"query-input":{"@type":"PropertyValueSpecification","valueRequired":true,"valueName":"search_term_string"}}],"inLanguage":"pt-BR"},{"@type":"Person","@id":"https:\/\/www.correiobraziliense.com.br\/cbradar\/#\/schema\/person\/4760856b25506e84ce34d5de2b0d95f1","name":"Guilherme Cremaschi","image":{"@type":"ImageObject","inLanguage":"pt-BR","@id":"https:\/\/www.correiobraziliense.com.br\/cbradar\/#\/schema\/person\/image\/","url":"https:\/\/secure.gravatar.com\/avatar\/6a059d20d980bdeb1d1d6b0fa2b4633c?s=96&d=mm&r=g","contentUrl":"https:\/\/secure.gravatar.com\/avatar\/6a059d20d980bdeb1d1d6b0fa2b4633c?s=96&d=mm&r=g","caption":"Guilherme Cremaschi"},"sameAs":["https:\/\/www.correiobraziliense.com.br\/"],"url":"https:\/\/www.correiobraziliense.com.br\/cbradar\/author\/guilhermemyth\/"}]}},"_links":{"self":[{"href":"https:\/\/www.correiobraziliense.com.br\/cbradar\/wp-json\/wp\/v2\/posts\/3849","targetHints":{"allow":["GET"]}}],"collection":[{"href":"https:\/\/www.correiobraziliense.com.br\/cbradar\/wp-json\/wp\/v2\/posts"}],"about":[{"href":"https:\/\/www.correiobraziliense.com.br\/cbradar\/wp-json\/wp\/v2\/types\/post"}],"author":[{"embeddable":true,"href":"https:\/\/www.correiobraziliense.com.br\/cbradar\/wp-json\/wp\/v2\/users\/4"}],"replies":[{"embeddable":true,"href":"https:\/\/www.correiobraziliense.com.br\/cbradar\/wp-json\/wp\/v2\/comments?post=3849"}],"version-history":[{"count":1,"href":"https:\/\/www.correiobraziliense.com.br\/cbradar\/wp-json\/wp\/v2\/posts\/3849\/revisions"}],"predecessor-version":[{"id":3852,"href":"https:\/\/www.correiobraziliense.com.br\/cbradar\/wp-json\/wp\/v2\/posts\/3849\/revisions\/3852"}],"wp:featuredmedia":[{"embeddable":true,"href":"https:\/\/www.correiobraziliense.com.br\/cbradar\/wp-json\/wp\/v2\/media\/3851"}],"wp:attachment":[{"href":"https:\/\/www.correiobraziliense.com.br\/cbradar\/wp-json\/wp\/v2\/media?parent=3849"}],"wp:term":[{"taxonomy":"category","embeddable":true,"href":"https:\/\/www.correiobraziliense.com.br\/cbradar\/wp-json\/wp\/v2\/categories?post=3849"},{"taxonomy":"post_tag","embeddable":true,"href":"https:\/\/www.correiobraziliense.com.br\/cbradar\/wp-json\/wp\/v2\/post_tag?post=3849"}],"curies":[{"name":"wp","href":"https:\/\/api.w.org\/{rel}","templated":true}]}}