{"id":38503,"date":"2025-05-18T15:10:00","date_gmt":"2025-05-18T18:10:00","guid":{"rendered":"https:\/\/www.correiobraziliense.com.br\/cbradar\/?p=38503"},"modified":"2025-05-17T11:35:00","modified_gmt":"2025-05-17T14:35:00","slug":"dicas-para-plantar-limao-siciliano-do-jeito-certo-em-casa","status":"publish","type":"post","link":"https:\/\/www.correiobraziliense.com.br\/cbradar\/dicas-para-plantar-limao-siciliano-do-jeito-certo-em-casa\/","title":{"rendered":"Dicas para plantar lim\u00e3o-siciliano do jeito certo em casa"},"content":{"rendered":"\n<p>O lim\u00e3o-siciliano, de nome cient\u00edfico <strong>Citrus limon<\/strong>, \u00e9 uma fruta c\u00edtrica muito apreciada por seu sabor suave, aroma marcante e alto teor de vitamina C. Com casca amarela brilhante e polpa suculenta, ele \u00e9 ideal para uso culin\u00e1rio, medicinal e arom\u00e1tico. Cultivar lim\u00e3o-siciliano em casa, seja no solo ou em vasos, \u00e9 perfeitamente poss\u00edvel com os cuidados certos e traz benef\u00edcios tanto para a sa\u00fade quanto para a qualidade de vida.<\/p>\n\n\n\n<h2 class=\"wp-block-heading\">Qual o clima ideal para cultivar?<\/h2>\n\n\n\n<p>O lim\u00e3o-siciliano se adapta melhor a climas subtropicais e mediterr\u00e2neos, com temperaturas m\u00e9dias entre 15\u00baC e 30\u00baC. Ele n\u00e3o tolera geadas nem ventos muito fortes. Regi\u00f5es com invernos amenos e ver\u00f5es moderadamente quentes s\u00e3o ideais. Caso o cultivo seja em \u00e1reas mais frias, \u00e9 poss\u00edvel proteger a planta com estufas ou pl\u00e1sticos em dias muito gelados.<\/p>\n\n\n\n<h2 class=\"wp-block-heading\">Como preparar o solo para o plantio?<\/h2>\n\n\n\n<p>O solo ideal para o cultivo deve ser:<\/p>\n\n\n\n<ul class=\"wp-block-list\">\n<li>Levemente \u00e1cido a neutro (pH entre 5,5 e 6,5)<\/li>\n\n\n\n<li>Profundo e bem drenado<\/li>\n\n\n\n<li>Rico em <a href=\"https:\/\/rehagro.com.br\/blog\/materia-organica-no-solo\/\" target=\"_blank\" rel=\"noreferrer noopener\">mat\u00e9ria org\u00e2nica<\/a><\/li>\n<\/ul>\n\n\n\n<p>Para preparar:<\/p>\n\n\n\n<ul class=\"wp-block-list\">\n<li>Cave uma cova de 50 x 50 x 50 cm<\/li>\n\n\n\n<li>Misture a terra com esterco bem curtido, composto org\u00e2nico e areia grossa para melhorar a drenagem<\/li>\n\n\n\n<li>Adicione calc\u00e1rio, se necess\u00e1rio, para corre\u00e7\u00e3o do pH<\/li>\n<\/ul>\n\n\n\n<h2 class=\"wp-block-heading\">Como plantar?<\/h2>\n\n\n\n<p>O plantio pode ser feito com mudas enxertadas, que garantem produtividade e resist\u00eancia a doen\u00e7as. Para plantar:<\/p>\n\n\n\n<ul class=\"wp-block-list\">\n<li>Retire a muda do recipiente com cuidado, preservando o torr\u00e3o<\/li>\n\n\n\n<li>Plante na cova preparada, mantendo o colo da muda (jun\u00e7\u00e3o com o enxerto) acima do n\u00edvel do solo<\/li>\n\n\n\n<li>Pressione a terra ao redor e regue bem<\/li>\n<\/ul>\n\n\n\n<p>O espa\u00e7amento ideal em cultivo no solo \u00e9 de 4 a 6 metros entre plantas. Se for em vaso, escolha um recipiente com pelo menos 50 litros de capacidade e 60 cm de profundidade.<\/p>\n\n\n<div class=\"wp-block-image\">\n<figure class=\"aligncenter size-large\"><img decoding=\"async\" width=\"1024\" height=\"576\" src=\"https:\/\/www.correiobraziliense.com.br\/cbradar\/wp-content\/uploads\/2025\/05\/limao-siciliano_1747492282398-1024x576.jpg\" alt=\"\" class=\"wp-image-38533\" srcset=\"https:\/\/www.correiobraziliense.com.br\/cbradar\/wp-content\/uploads\/2025\/05\/limao-siciliano_1747492282398-1024x576.jpg 1024w, https:\/\/www.correiobraziliense.com.br\/cbradar\/wp-content\/uploads\/2025\/05\/limao-siciliano_1747492282398-300x169.jpg 300w, https:\/\/www.correiobraziliense.com.br\/cbradar\/wp-content\/uploads\/2025\/05\/limao-siciliano_1747492282398-768x432.jpg 768w, https:\/\/www.correiobraziliense.com.br\/cbradar\/wp-content\/uploads\/2025\/05\/limao-siciliano_1747492282398-750x422.jpg 750w, https:\/\/www.correiobraziliense.com.br\/cbradar\/wp-content\/uploads\/2025\/05\/limao-siciliano_1747492282398-1140x641.jpg 1140w, https:\/\/www.correiobraziliense.com.br\/cbradar\/wp-content\/uploads\/2025\/05\/limao-siciliano_1747492282398.jpg 1280w\" sizes=\"(max-width: 1024px) 100vw, 1024px\" \/><figcaption class=\"wp-element-caption\">Lim\u00e3o siciliano &#8211; Cr\u00e9ditos: depositphotos.com \/ VitalikRadko<\/figcaption><\/figure><\/div>\n\n\n<h2 class=\"wp-block-heading\">Quais os cuidados ap\u00f3s o plantio?<\/h2>\n\n\n\n<ul class=\"wp-block-list\">\n<li><strong>Irriga\u00e7\u00e3o:<\/strong> mantenha o solo levemente \u00famido, principalmente nos primeiros meses. Regas devem ser regulares, sem encharcar.<\/li>\n\n\n\n<li><strong>Aduba\u00e7\u00e3o:<\/strong> a cada 3 meses, aplique adubos org\u00e2nicos ou formula\u00e7\u00f5es NPK ricas em f\u00f3sforo (como 10-20-20) para estimular ra\u00edzes e frutifica\u00e7\u00e3o.<\/li>\n\n\n\n<li><strong>Poda:<\/strong> fa\u00e7a podas leves de forma\u00e7\u00e3o, retirando ramos secos, doentes ou mal posicionados.<\/li>\n\n\n\n<li><strong>Tutoria:<\/strong> use estaca de apoio para mudas jovens, evitando que tombem com o vento.<\/li>\n<\/ul>\n\n\n\n<h2 class=\"wp-block-heading\">Quando come\u00e7a a produzir frutos?<\/h2>\n\n\n\n<p>As mudas enxertadas come\u00e7am a produzir entre 2 a 3 anos ap\u00f3s o plantio, com produtividade aumentando com o tempo. A frutifica\u00e7\u00e3o costuma ocorrer durante o outono e o inverno, mas pode variar conforme a regi\u00e3o e os tratos culturais.<\/p>\n\n\n\n<p>A colheita \u00e9 feita manualmente quando os frutos estiverem com casca bem amarela e tamanho adequado. Evite deixar frutas muito maduras na \u00e1rvore, pois isso pode enfraquecer a planta.<\/p>\n\n\n\n<h2 class=\"wp-block-heading\">Quais pragas e doen\u00e7as podem afetar o limoeiro?<\/h2>\n\n\n\n<p>As principais pragas s\u00e3o:<\/p>\n\n\n\n<ul class=\"wp-block-list\">\n<li><strong>Pulg\u00f5es<\/strong><\/li>\n\n\n\n<li><strong>Cochonilhas<\/strong><\/li>\n\n\n\n<li><strong>Mosca-das-frutas<\/strong><\/li>\n\n\n\n<li><strong>\u00c1caros<\/strong><\/li>\n<\/ul>\n\n\n\n<p>Doen\u00e7as comuns incluem:<\/p>\n\n\n\n<ul class=\"wp-block-list\">\n<li>Gomose<\/li>\n\n\n\n<li>Cancro c\u00edtrico<\/li>\n\n\n\n<li>Mancha-preta<\/li>\n<\/ul>\n\n\n\n<p>Para controle:<\/p>\n\n\n\n<ul class=\"wp-block-list\">\n<li>Realize pulveriza\u00e7\u00f5es com calda bordalesa ou extrato de neem<\/li>\n\n\n\n<li>Mantenha o pomar arejado e limpo<\/li>\n\n\n\n<li>Use armadilhas para moscas e monitore o aparecimento de pragas<\/li>\n<\/ul>\n\n\n\n<h2 class=\"wp-block-heading\">Posso plantar em vasos?<\/h2>\n\n\n\n<p>Sim. \u00c9 poss\u00edvel cultivar lim\u00e3o-siciliano em vasos grandes, desde que:<\/p>\n\n\n\n<ul class=\"wp-block-list\">\n<li>O vaso tenha no m\u00ednimo 50 litros<\/li>\n\n\n\n<li>O substrato seja leve, dren\u00e1vel e rico em mat\u00e9ria org\u00e2nica<\/li>\n\n\n\n<li>A planta receba pelo menos 6 horas de sol direto por dia<\/li>\n\n\n\n<li>As regas e aduba\u00e7\u00f5es sejam feitas com frequ\u00eancia<\/li>\n<\/ul>\n\n\n\n<p>Vasos com rodinhas facilitam o manejo e a movimenta\u00e7\u00e3o da planta em busca de sol ou abrigo contra frio excessivo.<\/p>\n\n\n\n<h2 class=\"wp-block-heading\">FAQ<\/h2>\n\n\n\n<p><strong>1. Quanto tempo leva para colher lim\u00e3o-siciliano?<\/strong><br>Em mudas enxertadas, de 2 a 3 anos ap\u00f3s o plantio.<\/p>\n\n\n\n<p><strong>2. Preciso podar o limoeiro com frequ\u00eancia?<\/strong><br>A poda de forma\u00e7\u00e3o deve ser anual. Mantenha a copa arejada e retire ramos secos ou fracos.<\/p>\n\n\n\n<p><strong>3. Qual a diferen\u00e7a entre o lim\u00e3o-siciliano e o lim\u00e3o-taiti?<\/strong><br>O lim\u00e3o-siciliano tem casca amarela e sabor mais suave; o taiti \u00e9 verde, mais \u00e1cido e menor.<\/p>\n\n\n\n<p><strong>4. Pode plantar lim\u00e3o-siciliano com semente?<\/strong><br>Pode, mas o desenvolvimento \u00e9 mais lento e pode n\u00e3o produzir frutos iguais \u00e0 planta-m\u00e3e. O ideal \u00e9 usar mudas enxertadas.<\/p>\n\n\n\n<p><strong>5. Qual o melhor adubo para lim\u00e3o-siciliano?<\/strong><br>Adubos org\u00e2nicos, como esterco e compostos, al\u00e9m de NPK 10-20-20 e micronutrientes como magn\u00e9sio e zinco.<\/p>\n","protected":false},"excerpt":{"rendered":"<p>O lim\u00e3o-siciliano, de nome cient\u00edfico Citrus limon, \u00e9 uma fruta c\u00edtrica muito apreciada por seu sabor suave, aroma marcante e alto teor de vitamina C. Com casca amarela brilhante e polpa suculenta, ele \u00e9 ideal para uso culin\u00e1rio, medicinal e arom\u00e1tico. Cultivar lim\u00e3o-siciliano em casa, seja no solo ou em vasos, \u00e9 perfeitamente poss\u00edvel com [&hellip;]<\/p>\n","protected":false},"author":9,"featured_media":4221,"comment_status":"open","ping_status":"open","sticky":false,"template":"","format":"standard","meta":{"_yoast_wpseo_focuskw":"lim\u00e3o-siciliano","_yoast_wpseo_title":"%%title%% %%page%%","_yoast_wpseo_metadesc":"Veja como plantar lim\u00e3o siciliano em casa com dicas de solo, cuidados, pragas e colheita mesmo em vasos ou pequenos espa\u00e7os.","jnews-multi-image_gallery":[],"jnews_single_post":{"format":"standard"},"jnews_primary_category":[],"jnews_social_meta":[],"jnews_override_counter":[],"footnotes":""},"categories":[136],"post_tag":[137,3435,266,946],"class_list":["post-38503","post","type-post","status-publish","format-standard","has-post-thumbnail","hentry","category-jardinagem","tag-como-plantar","tag-cultivo-de-frutiferas","tag-horta-caseira","tag-limao-siciliano"],"yoast_head":"<!-- This site is optimized with the Yoast SEO plugin v24.6 - https:\/\/yoast.com\/wordpress\/plugins\/seo\/ -->\n<title>Dicas para plantar lim\u00e3o-siciliano do jeito certo em casa<\/title>\n<meta name=\"description\" content=\"Veja como plantar lim\u00e3o siciliano em casa com dicas de solo, cuidados, pragas e colheita mesmo em vasos ou pequenos espa\u00e7os.\" \/>\n<meta name=\"robots\" content=\"index, follow, max-snippet:-1, max-image-preview:large, max-video-preview:-1\" \/>\n<link rel=\"canonical\" href=\"https:\/\/www.correiobraziliense.com.br\/cbradar\/dicas-para-plantar-limao-siciliano-do-jeito-certo-em-casa\/\" \/>\n<meta property=\"og:locale\" content=\"pt_BR\" \/>\n<meta property=\"og:type\" content=\"article\" \/>\n<meta property=\"og:title\" content=\"Dicas para plantar lim\u00e3o-siciliano do jeito certo em casa\" \/>\n<meta property=\"og:description\" content=\"Veja como plantar lim\u00e3o siciliano em casa com dicas de solo, cuidados, pragas e colheita mesmo em vasos ou pequenos espa\u00e7os.\" \/>\n<meta property=\"og:url\" content=\"https:\/\/www.correiobraziliense.com.br\/cbradar\/dicas-para-plantar-limao-siciliano-do-jeito-certo-em-casa\/\" \/>\n<meta property=\"og:site_name\" content=\"Correio Braziliense - Radar\" \/>\n<meta property=\"article:published_time\" content=\"2025-05-18T18:10:00+00:00\" \/>\n<meta property=\"og:image\" content=\"https:\/\/www.correiobraziliense.com.br\/cbradar\/wp-content\/uploads\/2025\/02\/limao-arvore_1740068557408.jpg\" \/>\n\t<meta property=\"og:image:width\" content=\"1280\" \/>\n\t<meta property=\"og:image:height\" content=\"720\" \/>\n\t<meta property=\"og:image:type\" content=\"image\/jpeg\" \/>\n<meta name=\"author\" content=\"Daniely Cardoso\" \/>\n<meta name=\"twitter:card\" content=\"summary_large_image\" \/>\n<meta name=\"twitter:label1\" content=\"Escrito por\" \/>\n\t<meta name=\"twitter:data1\" content=\"Daniely Cardoso\" \/>\n\t<meta name=\"twitter:label2\" content=\"Est. tempo de leitura\" \/>\n\t<meta name=\"twitter:data2\" content=\"5 minutos\" \/>\n<!-- \/ Yoast SEO plugin. -->","yoast_head_json":{"title":"Dicas para plantar lim\u00e3o-siciliano do jeito certo em casa","description":"Veja como plantar lim\u00e3o siciliano em casa com dicas de solo, cuidados, pragas e colheita mesmo em vasos ou pequenos espa\u00e7os.","robots":{"index":"index","follow":"follow","max-snippet":"max-snippet:-1","max-image-preview":"max-image-preview:large","max-video-preview":"max-video-preview:-1"},"canonical":"https:\/\/www.correiobraziliense.com.br\/cbradar\/dicas-para-plantar-limao-siciliano-do-jeito-certo-em-casa\/","og_locale":"pt_BR","og_type":"article","og_title":"Dicas para plantar lim\u00e3o-siciliano do jeito certo em casa","og_description":"Veja como plantar lim\u00e3o siciliano em casa com dicas de solo, cuidados, pragas e colheita mesmo em vasos ou pequenos espa\u00e7os.","og_url":"https:\/\/www.correiobraziliense.com.br\/cbradar\/dicas-para-plantar-limao-siciliano-do-jeito-certo-em-casa\/","og_site_name":"Correio Braziliense - Radar","article_published_time":"2025-05-18T18:10:00+00:00","og_image":[{"width":1280,"height":720,"url":"https:\/\/www.correiobraziliense.com.br\/cbradar\/wp-content\/uploads\/2025\/02\/limao-arvore_1740068557408.jpg","type":"image\/jpeg"}],"author":"Daniely Cardoso","twitter_card":"summary_large_image","twitter_misc":{"Escrito por":"Daniely Cardoso","Est. tempo de leitura":"5 minutos"},"schema":{"@context":"https:\/\/schema.org","@graph":[{"@type":"WebPage","@id":"https:\/\/www.correiobraziliense.com.br\/cbradar\/dicas-para-plantar-limao-siciliano-do-jeito-certo-em-casa\/","url":"https:\/\/www.correiobraziliense.com.br\/cbradar\/dicas-para-plantar-limao-siciliano-do-jeito-certo-em-casa\/","name":"Dicas para plantar lim\u00e3o-siciliano do jeito certo em casa","isPartOf":{"@id":"https:\/\/www.correiobraziliense.com.br\/cbradar\/#website"},"primaryImageOfPage":{"@id":"https:\/\/www.correiobraziliense.com.br\/cbradar\/dicas-para-plantar-limao-siciliano-do-jeito-certo-em-casa\/#primaryimage"},"image":{"@id":"https:\/\/www.correiobraziliense.com.br\/cbradar\/dicas-para-plantar-limao-siciliano-do-jeito-certo-em-casa\/#primaryimage"},"thumbnailUrl":"https:\/\/www.correiobraziliense.com.br\/cbradar\/wp-content\/uploads\/2025\/02\/limao-arvore_1740068557408.jpg","datePublished":"2025-05-18T18:10:00+00:00","author":{"@id":"https:\/\/www.correiobraziliense.com.br\/cbradar\/#\/schema\/person\/7356666e12ec0ee53f348ee5db227032"},"description":"Veja como plantar lim\u00e3o siciliano em casa com dicas de solo, cuidados, pragas e colheita mesmo em vasos ou pequenos espa\u00e7os.","breadcrumb":{"@id":"https:\/\/www.correiobraziliense.com.br\/cbradar\/dicas-para-plantar-limao-siciliano-do-jeito-certo-em-casa\/#breadcrumb"},"inLanguage":"pt-BR","potentialAction":[{"@type":"ReadAction","target":["https:\/\/www.correiobraziliense.com.br\/cbradar\/dicas-para-plantar-limao-siciliano-do-jeito-certo-em-casa\/"]}]},{"@type":"ImageObject","inLanguage":"pt-BR","@id":"https:\/\/www.correiobraziliense.com.br\/cbradar\/dicas-para-plantar-limao-siciliano-do-jeito-certo-em-casa\/#primaryimage","url":"https:\/\/www.correiobraziliense.com.br\/cbradar\/wp-content\/uploads\/2025\/02\/limao-arvore_1740068557408.jpg","contentUrl":"https:\/\/www.correiobraziliense.com.br\/cbradar\/wp-content\/uploads\/2025\/02\/limao-arvore_1740068557408.jpg","width":1280,"height":720,"caption":"O lim\u00e3o siciliano \u00e9 uma fonte excepcional de vitamina C e flavonoides - Cr\u00e9ditos: depositphotos.com \/ artush"},{"@type":"BreadcrumbList","@id":"https:\/\/www.correiobraziliense.com.br\/cbradar\/dicas-para-plantar-limao-siciliano-do-jeito-certo-em-casa\/#breadcrumb","itemListElement":[{"@type":"ListItem","position":1,"name":"In\u00edcio","item":"https:\/\/www.correiobraziliense.com.br\/cbradar\/"},{"@type":"ListItem","position":2,"name":"Dicas para plantar lim\u00e3o-siciliano do jeito certo em casa"}]},{"@type":"WebSite","@id":"https:\/\/www.correiobraziliense.com.br\/cbradar\/#website","url":"https:\/\/www.correiobraziliense.com.br\/cbradar\/","name":"Correio Braziliense - Radar","description":"Acompanhe as \u00faltimas not\u00edcias e fique bem informado sobre tudo o que acontece no Brasil e no mundo.","potentialAction":[{"@type":"SearchAction","target":{"@type":"EntryPoint","urlTemplate":"https:\/\/www.correiobraziliense.com.br\/cbradar\/?s={search_term_string}"},"query-input":{"@type":"PropertyValueSpecification","valueRequired":true,"valueName":"search_term_string"}}],"inLanguage":"pt-BR"},{"@type":"Person","@id":"https:\/\/www.correiobraziliense.com.br\/cbradar\/#\/schema\/person\/7356666e12ec0ee53f348ee5db227032","name":"Daniely Cardoso","image":{"@type":"ImageObject","inLanguage":"pt-BR","@id":"https:\/\/www.correiobraziliense.com.br\/cbradar\/#\/schema\/person\/image\/","url":"https:\/\/secure.gravatar.com\/avatar\/4b80ddbd124d1f071b626d52d62e5dff?s=96&d=mm&r=g","contentUrl":"https:\/\/secure.gravatar.com\/avatar\/4b80ddbd124d1f071b626d52d62e5dff?s=96&d=mm&r=g","caption":"Daniely Cardoso"},"description":"Redatora nos portais CB Radar e EM Foco, formada pela Universidade Federal de Goi\u00e1s, em Goi\u00e2nia. Apaixonada por comunica\u00e7\u00e3o, arte, decora\u00e7\u00e3o e tend\u00eancias, atuo na produ\u00e7\u00e3o de conte\u00fados envolventes sobre curiosidades, moda, beleza e paisagismo, sempre com um olhar atento \u00e0s novidades do momento.","sameAs":["https:\/\/www.correiobraziliense.com.br\/cbradar"],"url":"https:\/\/www.correiobraziliense.com.br\/cbradar\/author\/danielymyth\/"}]}},"_links":{"self":[{"href":"https:\/\/www.correiobraziliense.com.br\/cbradar\/wp-json\/wp\/v2\/posts\/38503","targetHints":{"allow":["GET"]}}],"collection":[{"href":"https:\/\/www.correiobraziliense.com.br\/cbradar\/wp-json\/wp\/v2\/posts"}],"about":[{"href":"https:\/\/www.correiobraziliense.com.br\/cbradar\/wp-json\/wp\/v2\/types\/post"}],"author":[{"embeddable":true,"href":"https:\/\/www.correiobraziliense.com.br\/cbradar\/wp-json\/wp\/v2\/users\/9"}],"replies":[{"embeddable":true,"href":"https:\/\/www.correiobraziliense.com.br\/cbradar\/wp-json\/wp\/v2\/comments?post=38503"}],"version-history":[{"count":2,"href":"https:\/\/www.correiobraziliense.com.br\/cbradar\/wp-json\/wp\/v2\/posts\/38503\/revisions"}],"predecessor-version":[{"id":38534,"href":"https:\/\/www.correiobraziliense.com.br\/cbradar\/wp-json\/wp\/v2\/posts\/38503\/revisions\/38534"}],"wp:featuredmedia":[{"embeddable":true,"href":"https:\/\/www.correiobraziliense.com.br\/cbradar\/wp-json\/wp\/v2\/media\/4221"}],"wp:attachment":[{"href":"https:\/\/www.correiobraziliense.com.br\/cbradar\/wp-json\/wp\/v2\/media?parent=38503"}],"wp:term":[{"taxonomy":"category","embeddable":true,"href":"https:\/\/www.correiobraziliense.com.br\/cbradar\/wp-json\/wp\/v2\/categories?post=38503"},{"taxonomy":"post_tag","embeddable":true,"href":"https:\/\/www.correiobraziliense.com.br\/cbradar\/wp-json\/wp\/v2\/post_tag?post=38503"}],"curies":[{"name":"wp","href":"https:\/\/api.w.org\/{rel}","templated":true}]}}