{"id":38654,"date":"2025-05-18T11:43:00","date_gmt":"2025-05-18T14:43:00","guid":{"rendered":"https:\/\/www.correiobraziliense.com.br\/cbradar\/?p=38654"},"modified":"2025-05-17T15:32:20","modified_gmt":"2025-05-17T18:32:20","slug":"o-tratamento-natural-mais-eficaz-para-queda-capilar-esta-viralizando","status":"publish","type":"post","link":"https:\/\/www.correiobraziliense.com.br\/cbradar\/o-tratamento-natural-mais-eficaz-para-queda-capilar-esta-viralizando\/","title":{"rendered":"O tratamento natural mais eficaz para Queda Capilar est\u00e1 viralizando"},"content":{"rendered":"\n<p>A <strong>Queda de Cabelo<\/strong> \u00e9 uma preocupa\u00e7\u00e3o comum que afeta muitas pessoas ao redor do mundo. Embora existam v\u00e1rias causas para esse problema, como gen\u00e9tica, estresse e defici\u00eancias nutricionais, algumas plantas t\u00eam sido utilizadas como rem\u00e9dios caseiros para ajudar a fortalecer e estimular o crescimento dos fios. Entre essas plantas, destacam-se a babosa, o ch\u00e1 verde e o ginkgo biloba, que possuem propriedades ben\u00e9ficas para o couro cabeludo.<\/p>\n\n\n\n<p>Esses <a href=\"https:\/\/www.correiobraziliense.com.br\/cbradar\/o-alerta-mais-ignorado-que-pode-levar-ao-diabetes\/\" target=\"_blank\" rel=\"noreferrer noopener\">rem\u00e9dios <\/a>naturais s\u00e3o conhecidos por melhorar a circula\u00e7\u00e3o sangu\u00ednea e nutrir o couro cabeludo, promovendo um ambiente saud\u00e1vel para o crescimento do cabelo. No entanto, \u00e9 importante lembrar que, se a Queda de Cabelo persistir, \u00e9 essencial procurar um dermatologista para identificar a causa subjacente e receber o tratamento adequado.<\/p>\n\n\n\n<h2 class=\"wp-block-heading\">Como a babosa pode ajudar no crescimento do cabelo?<\/h2>\n\n\n\n<figure class=\"wp-block-image aligncenter size-large\"><img decoding=\"async\" width=\"1024\" height=\"576\" src=\"https:\/\/www.correiobraziliense.com.br\/cbradar\/wp-content\/uploads\/2025\/05\/queda-capilar_1747506456935-1024x576.jpg\" alt=\"\" class=\"wp-image-38660\" srcset=\"https:\/\/www.correiobraziliense.com.br\/cbradar\/wp-content\/uploads\/2025\/05\/queda-capilar_1747506456935-1024x576.jpg 1024w, https:\/\/www.correiobraziliense.com.br\/cbradar\/wp-content\/uploads\/2025\/05\/queda-capilar_1747506456935-300x169.jpg 300w, https:\/\/www.correiobraziliense.com.br\/cbradar\/wp-content\/uploads\/2025\/05\/queda-capilar_1747506456935-768x432.jpg 768w, https:\/\/www.correiobraziliense.com.br\/cbradar\/wp-content\/uploads\/2025\/05\/queda-capilar_1747506456935-750x422.jpg 750w, https:\/\/www.correiobraziliense.com.br\/cbradar\/wp-content\/uploads\/2025\/05\/queda-capilar_1747506456935-1140x641.jpg 1140w, https:\/\/www.correiobraziliense.com.br\/cbradar\/wp-content\/uploads\/2025\/05\/queda-capilar_1747506456935.jpg 1280w\" sizes=\"(max-width: 1024px) 100vw, 1024px\" \/><figcaption class=\"wp-element-caption\">rem\u00e9dio caseiro mais potente para calv\u00edcie pode estar no seu quintal &#8211; Cr\u00e9ditos: depositphotos.com \/ AndrewLozovyi\n\n<\/figcaption><\/figure>\n\n\n\n<p>A babosa, tamb\u00e9m conhecida como&nbsp;<em>Aloe vera<\/em>, \u00e9 uma planta amplamente utilizada em tratamentos capilares devido \u00e0s suas propriedades hidratantes e fortalecedoras. Ela ajuda na produ\u00e7\u00e3o de col\u00e1geno, o que pode contribuir para fixar os fios de cabelo no couro cabeludo. Al\u00e9m disso, a babosa \u00e9 rica em minerais que nutrem e fortalecem as fibras capilares.<\/p>\n\n\n\n<p>Para preparar um hidratante caseiro com babosa, basta misturar duas colheres de sopa de gel de babosa com duas colheres de sopa de \u00f3leo vegetal, como coco ou jojoba. Aplique a mistura no couro cabeludo limpo, deixe agir por 10 a 15 minutos e enx\u00e1gue com \u00e1gua fria e shampoo. Este tratamento pode ser realizado semanalmente.<\/p>\n\n\n\n<h2 class=\"wp-block-heading\">Quais os benef\u00edcios do ch\u00e1 verde para o cabelo?<\/h2>\n\n\n\n<p>O ch\u00e1 verde \u00e9 conhecido por suas propriedades antioxidantes e anti-inflamat\u00f3rias, que podem ser ben\u00e9ficas para o couro cabeludo. Ele cont\u00e9m epigalocatequina-galato, um composto que ajuda a inibir a enzima respons\u00e1vel pela transforma\u00e7\u00e3o da testosterona em di-hidrotestosterona, um horm\u00f4nio que pode enfraquecer os fios de cabelo.<\/p>\n\n\n\n<p>Para preparar o ch\u00e1 verde, ferva uma x\u00edcara de \u00e1gua e adicione uma colher de ch\u00e1 de folhas de ch\u00e1 verde. Deixe em infus\u00e3o por cinco minutos, coe e beba. \u00c9 poss\u00edvel consumir at\u00e9 quatro x\u00edcaras por dia, preferencialmente entre as refei\u00e7\u00f5es.<\/p>\n\n\n\n<h2 class=\"wp-block-heading\">O ginkgo biloba realmente ajuda na Queda de Cabelo?<\/h2>\n\n\n\n<p>O ginkgo biloba \u00e9 uma planta conhecida por melhorar a circula\u00e7\u00e3o sangu\u00ednea, o que pode ser ben\u00e9fico para o crescimento do cabelo. Seus compostos bioativos, como ginkgol\u00eddeo e bilobal\u00eddeo, ajudam a estimular o fluxo sangu\u00edneo no couro cabeludo, promovendo um ambiente saud\u00e1vel para os fol\u00edculos capilares.<\/p>\n\n\n\n<p>Para preparar o ch\u00e1 de ginkgo biloba, ferva uma x\u00edcara de \u00e1gua e adicione uma colher de sopa de folhas secas da planta. Deixe em infus\u00e3o por cinco minutos, coe e beba. \u00c9 recomendado consumir at\u00e9 tr\u00eas x\u00edcaras por dia.<\/p>\n\n\n\n<h2 class=\"wp-block-heading\">Como a massagem com alecrim pode fortalecer os fios?<\/h2>\n\n\n\n<p>O \u00f3leo essencial de alecrim \u00e9 conhecido por suas propriedades <a href=\"https:\/\/www.tuasaude.com\/vasodilatadores\/\" target=\"_blank\" rel=\"noreferrer noopener\">vasodilatadoras <\/a>e antioxidantes, que podem ajudar a aumentar a circula\u00e7\u00e3o sangu\u00ednea no couro cabeludo. Isso pode combater a Queda de Cabelo e estimular o crescimento dos fios.<\/p>\n\n\n\n<p>Para fazer uma massagem com alecrim, misture tr\u00eas gotas de \u00f3leo essencial de alecrim com uma colher de sopa de \u00f3leo vegetal, como abacate ou jojoba. Aplique no couro cabeludo, massageando suavemente, e deixe agir por at\u00e9 oito horas antes de lavar o cabelo com shampoo e \u00e1gua fria. Esta massagem pode ser feita semanalmente.<\/p>\n\n\n\n<h2 class=\"wp-block-heading\">Quais alimentos podem complementar o tratamento para Queda de Cabelo?<\/h2>\n\n\n\n<p>Al\u00e9m dos tratamentos t\u00f3picos, a alimenta\u00e7\u00e3o tamb\u00e9m desempenha um papel crucial na sa\u00fade capilar. Alimentos ricos em zinco, como o g\u00e9rmen de trigo, e em vitamina A, como a cenoura, podem fortalecer os fios e promover o crescimento saud\u00e1vel do cabelo.<\/p>\n\n\n\n<p>Uma sugest\u00e3o \u00e9 preparar uma vitamina com uma colher de sopa de g\u00e9rmen de trigo, um copo de iogurte integral natural e meia cenoura pequena. Bata todos os ingredientes no liquidificador at\u00e9 obter uma mistura homog\u00eanea. Esta vitamina pode ser consumida semanalmente.<\/p>\n\n\n\n<p>Embora esses rem\u00e9dios caseiros possam ser \u00fateis, \u00e9 importante lembrar que cada pessoa \u00e9 \u00fanica e pode responder de maneira diferente aos tratamentos. Portanto, \u00e9 sempre aconselh\u00e1vel buscar orienta\u00e7\u00e3o m\u00e9dica para um diagn\u00f3stico preciso e um tratamento adequado.<\/p>\n\n\n<a href=\"https:\/\/www.instagram.com\/dra.annaluisabf\/\" target=\"_blank\" rel=\"noopener\" style=\"text-decoration: none; color: inherit;\">\n    <span style=\"display: inline-block; border: 1px solid #ccc; border-radius: 10px; padding: 15px; max-width: 550px; font-family: sans-serif; box-shadow: 0 2px 5px rgba(0,0,0,0.1); width: 100%;\">\n\n      <!-- T\u00edtulo -->\n      <span style=\"display: block; margin: 0 0 15px 0; font-weight: bold; color: #2c3e50; text-align: center;\">\n        Entre em contato:\n      <\/span>\n\n      <!-- Linha do perfil -->\n      <span style=\"display: flex; align-items: center; gap: 15px;\">\n        <img decoding=\"async\"\n          src=\"https:\/\/www.correiobraziliense.com.br\/cbradar\/wp-content\/uploads\/2025\/08\/dra_anna_luisa.jpeg\"\n          alt=\"Foto da Dra. Anna Lu\u00edsa\"\n          style=\"border-radius: 50%; width: 80px; height: 80px; object-fit: cover;\"\n        \/>\n        <span style=\"display: flex; flex-direction: column;\">\n          <span style=\"font-size: 18px; font-weight: 700; color: #2c3e50;\">Dra. Anna Lu\u00edsa Barbosa Fernandes<\/span>\n          <span style=\"color: #555;\">CRM-GO 33.271<\/span>\n        <\/span>\n      <\/span>\n\n      <!-- Redes -->\n      <span style=\"display: flex; align-items: center; gap: 10px; margin-top: 12px;\">\n        <img decoding=\"async\" src=\"https:\/\/cdn-icons-png.flaticon.com\/24\/1384\/1384063.png\" alt=\"Instagram\" width=\"24\" height=\"24\" \/>\n        <span style=\"text-decoration: underline; color: #2c3e50;\">@dra.annaluisabf<\/span>\n      <\/span>\n\n    <\/span>\n  <\/a>","protected":false},"excerpt":{"rendered":"<p>A Queda de Cabelo \u00e9 uma preocupa\u00e7\u00e3o comum que afeta muitas pessoas ao redor do mundo. Embora existam v\u00e1rias causas para esse problema, como gen\u00e9tica, estresse e defici\u00eancias nutricionais, algumas plantas t\u00eam sido utilizadas como rem\u00e9dios caseiros para ajudar a fortalecer e estimular o crescimento dos fios. Entre essas plantas, destacam-se a babosa, o ch\u00e1 [&hellip;]<\/p>\n","protected":false},"author":14,"featured_media":38658,"comment_status":"open","ping_status":"open","sticky":false,"template":"","format":"standard","meta":{"_yoast_wpseo_focuskw":"Queda de Cabelo","_yoast_wpseo_title":"","_yoast_wpseo_metadesc":"Sofrendo com queda de cabelo? Veja plantas e receitas naturais que est\u00e3o revolucionando tratamentos capilares e surpreendendo especialistas.","jnews-multi-image_gallery":[],"jnews_single_post":{"format":"standard"},"jnews_primary_category":[],"jnews_social_meta":[],"jnews_override_counter":[],"footnotes":""},"categories":[4404],"tags":[1632,4873,4872,565],"class_list":["post-38654","post","type-post","status-publish","format-standard","has-post-thumbnail","hentry","category-saude","tag-calvicie","tag-queda-capilar","tag-queda-de-cabelo","tag-saude"],"yoast_head":"<!-- This site is optimized with the Yoast SEO plugin v24.6 - https:\/\/yoast.com\/wordpress\/plugins\/seo\/ -->\n<title>O tratamento natural mais eficaz para Queda Capilar est\u00e1 viralizando - Correio Braziliense - Radar<\/title>\n<meta name=\"description\" content=\"Sofrendo com queda de cabelo? Veja plantas e receitas naturais que est\u00e3o revolucionando tratamentos capilares e surpreendendo especialistas.\" \/>\n<meta name=\"robots\" content=\"index, follow, max-snippet:-1, max-image-preview:large, max-video-preview:-1\" \/>\n<link rel=\"canonical\" href=\"https:\/\/www.correiobraziliense.com.br\/cbradar\/o-tratamento-natural-mais-eficaz-para-queda-capilar-esta-viralizando\/\" \/>\n<meta property=\"og:locale\" content=\"pt_BR\" \/>\n<meta property=\"og:type\" content=\"article\" \/>\n<meta property=\"og:title\" content=\"O tratamento natural mais eficaz para Queda Capilar est\u00e1 viralizando - Correio Braziliense - Radar\" \/>\n<meta property=\"og:description\" content=\"Sofrendo com queda de cabelo? Veja plantas e receitas naturais que est\u00e3o revolucionando tratamentos capilares e surpreendendo especialistas.\" \/>\n<meta property=\"og:url\" content=\"https:\/\/www.correiobraziliense.com.br\/cbradar\/o-tratamento-natural-mais-eficaz-para-queda-capilar-esta-viralizando\/\" \/>\n<meta property=\"og:site_name\" content=\"Correio Braziliense - Radar\" \/>\n<meta property=\"article:published_time\" content=\"2025-05-18T14:43:00+00:00\" \/>\n<meta property=\"og:image\" content=\"https:\/\/www.correiobraziliense.com.br\/cbradar\/wp-content\/uploads\/2025\/05\/queda-capilar_1747506419358.jpg\" \/>\n\t<meta property=\"og:image:width\" content=\"1280\" \/>\n\t<meta property=\"og:image:height\" content=\"720\" \/>\n\t<meta property=\"og:image:type\" content=\"image\/jpeg\" \/>\n<meta name=\"author\" content=\"guilherme_saude\" \/>\n<meta name=\"twitter:card\" content=\"summary_large_image\" \/>\n<meta name=\"twitter:label1\" content=\"Escrito por\" \/>\n\t<meta name=\"twitter:data1\" content=\"guilherme_saude\" \/>\n\t<meta name=\"twitter:label2\" content=\"Est. tempo de leitura\" \/>\n\t<meta name=\"twitter:data2\" content=\"5 minutos\" \/>\n<!-- \/ Yoast SEO plugin. -->","yoast_head_json":{"title":"O tratamento natural mais eficaz para Queda Capilar est\u00e1 viralizando - Correio Braziliense - Radar","description":"Sofrendo com queda de cabelo? Veja plantas e receitas naturais que est\u00e3o revolucionando tratamentos capilares e surpreendendo especialistas.","robots":{"index":"index","follow":"follow","max-snippet":"max-snippet:-1","max-image-preview":"max-image-preview:large","max-video-preview":"max-video-preview:-1"},"canonical":"https:\/\/www.correiobraziliense.com.br\/cbradar\/o-tratamento-natural-mais-eficaz-para-queda-capilar-esta-viralizando\/","og_locale":"pt_BR","og_type":"article","og_title":"O tratamento natural mais eficaz para Queda Capilar est\u00e1 viralizando - Correio Braziliense - Radar","og_description":"Sofrendo com queda de cabelo? Veja plantas e receitas naturais que est\u00e3o revolucionando tratamentos capilares e surpreendendo especialistas.","og_url":"https:\/\/www.correiobraziliense.com.br\/cbradar\/o-tratamento-natural-mais-eficaz-para-queda-capilar-esta-viralizando\/","og_site_name":"Correio Braziliense - Radar","article_published_time":"2025-05-18T14:43:00+00:00","og_image":[{"width":1280,"height":720,"url":"https:\/\/www.correiobraziliense.com.br\/cbradar\/wp-content\/uploads\/2025\/05\/queda-capilar_1747506419358.jpg","type":"image\/jpeg"}],"author":"guilherme_saude","twitter_card":"summary_large_image","twitter_misc":{"Escrito por":"guilherme_saude","Est. tempo de leitura":"5 minutos"},"schema":{"@context":"https:\/\/schema.org","@graph":[{"@type":"WebPage","@id":"https:\/\/www.correiobraziliense.com.br\/cbradar\/o-tratamento-natural-mais-eficaz-para-queda-capilar-esta-viralizando\/","url":"https:\/\/www.correiobraziliense.com.br\/cbradar\/o-tratamento-natural-mais-eficaz-para-queda-capilar-esta-viralizando\/","name":"O tratamento natural mais eficaz para Queda Capilar est\u00e1 viralizando - Correio Braziliense - Radar","isPartOf":{"@id":"https:\/\/www.correiobraziliense.com.br\/cbradar\/#website"},"primaryImageOfPage":{"@id":"https:\/\/www.correiobraziliense.com.br\/cbradar\/o-tratamento-natural-mais-eficaz-para-queda-capilar-esta-viralizando\/#primaryimage"},"image":{"@id":"https:\/\/www.correiobraziliense.com.br\/cbradar\/o-tratamento-natural-mais-eficaz-para-queda-capilar-esta-viralizando\/#primaryimage"},"thumbnailUrl":"https:\/\/www.correiobraziliense.com.br\/cbradar\/wp-content\/uploads\/2025\/05\/queda-capilar_1747506419358.jpg","datePublished":"2025-05-18T14:43:00+00:00","author":{"@id":"https:\/\/www.correiobraziliense.com.br\/cbradar\/#\/schema\/person\/5aa4bf3c8fa699c267933611de12978b"},"description":"Sofrendo com queda de cabelo? Veja plantas e receitas naturais que est\u00e3o revolucionando tratamentos capilares e surpreendendo especialistas.","breadcrumb":{"@id":"https:\/\/www.correiobraziliense.com.br\/cbradar\/o-tratamento-natural-mais-eficaz-para-queda-capilar-esta-viralizando\/#breadcrumb"},"inLanguage":"pt-BR","potentialAction":[{"@type":"ReadAction","target":["https:\/\/www.correiobraziliense.com.br\/cbradar\/o-tratamento-natural-mais-eficaz-para-queda-capilar-esta-viralizando\/"]}]},{"@type":"ImageObject","inLanguage":"pt-BR","@id":"https:\/\/www.correiobraziliense.com.br\/cbradar\/o-tratamento-natural-mais-eficaz-para-queda-capilar-esta-viralizando\/#primaryimage","url":"https:\/\/www.correiobraziliense.com.br\/cbradar\/wp-content\/uploads\/2025\/05\/queda-capilar_1747506419358.jpg","contentUrl":"https:\/\/www.correiobraziliense.com.br\/cbradar\/wp-content\/uploads\/2025\/05\/queda-capilar_1747506419358.jpg","width":1280,"height":720,"caption":"a mistura mais poderosa da natureza para recuperar seus fios - Cr\u00e9ditos: depositphotos.com \/ AndrewLozovyi"},{"@type":"BreadcrumbList","@id":"https:\/\/www.correiobraziliense.com.br\/cbradar\/o-tratamento-natural-mais-eficaz-para-queda-capilar-esta-viralizando\/#breadcrumb","itemListElement":[{"@type":"ListItem","position":1,"name":"In\u00edcio","item":"https:\/\/www.correiobraziliense.com.br\/cbradar\/"},{"@type":"ListItem","position":2,"name":"O tratamento natural mais eficaz para Queda Capilar est\u00e1 viralizando"}]},{"@type":"WebSite","@id":"https:\/\/www.correiobraziliense.com.br\/cbradar\/#website","url":"https:\/\/www.correiobraziliense.com.br\/cbradar\/","name":"Correio Braziliense - Radar","description":"Acompanhe as \u00faltimas not\u00edcias e fique bem informado sobre tudo o que acontece no Brasil e no mundo.","potentialAction":[{"@type":"SearchAction","target":{"@type":"EntryPoint","urlTemplate":"https:\/\/www.correiobraziliense.com.br\/cbradar\/?s={search_term_string}"},"query-input":{"@type":"PropertyValueSpecification","valueRequired":true,"valueName":"search_term_string"}}],"inLanguage":"pt-BR"},{"@type":"Person","@id":"https:\/\/www.correiobraziliense.com.br\/cbradar\/#\/schema\/person\/5aa4bf3c8fa699c267933611de12978b","name":"guilherme_saude","image":{"@type":"ImageObject","inLanguage":"pt-BR","@id":"https:\/\/www.correiobraziliense.com.br\/cbradar\/#\/schema\/person\/image\/","url":"https:\/\/secure.gravatar.com\/avatar\/df9adfb835d344bc0af109d41756253f?s=96&d=mm&r=g","contentUrl":"https:\/\/secure.gravatar.com\/avatar\/df9adfb835d344bc0af109d41756253f?s=96&d=mm&r=g","caption":"guilherme_saude"},"url":"https:\/\/www.correiobraziliense.com.br\/cbradar\/author\/guilherme_saude\/"}]}},"_links":{"self":[{"href":"https:\/\/www.correiobraziliense.com.br\/cbradar\/wp-json\/wp\/v2\/posts\/38654","targetHints":{"allow":["GET"]}}],"collection":[{"href":"https:\/\/www.correiobraziliense.com.br\/cbradar\/wp-json\/wp\/v2\/posts"}],"about":[{"href":"https:\/\/www.correiobraziliense.com.br\/cbradar\/wp-json\/wp\/v2\/types\/post"}],"author":[{"embeddable":true,"href":"https:\/\/www.correiobraziliense.com.br\/cbradar\/wp-json\/wp\/v2\/users\/14"}],"replies":[{"embeddable":true,"href":"https:\/\/www.correiobraziliense.com.br\/cbradar\/wp-json\/wp\/v2\/comments?post=38654"}],"version-history":[{"count":1,"href":"https:\/\/www.correiobraziliense.com.br\/cbradar\/wp-json\/wp\/v2\/posts\/38654\/revisions"}],"predecessor-version":[{"id":38662,"href":"https:\/\/www.correiobraziliense.com.br\/cbradar\/wp-json\/wp\/v2\/posts\/38654\/revisions\/38662"}],"wp:featuredmedia":[{"embeddable":true,"href":"https:\/\/www.correiobraziliense.com.br\/cbradar\/wp-json\/wp\/v2\/media\/38658"}],"wp:attachment":[{"href":"https:\/\/www.correiobraziliense.com.br\/cbradar\/wp-json\/wp\/v2\/media?parent=38654"}],"wp:term":[{"taxonomy":"category","embeddable":true,"href":"https:\/\/www.correiobraziliense.com.br\/cbradar\/wp-json\/wp\/v2\/categories?post=38654"},{"taxonomy":"post_tag","embeddable":true,"href":"https:\/\/www.correiobraziliense.com.br\/cbradar\/wp-json\/wp\/v2\/tags?post=38654"}],"curies":[{"name":"wp","href":"https:\/\/api.w.org\/{rel}","templated":true}]}}