{"id":38774,"date":"2025-05-18T18:10:00","date_gmt":"2025-05-18T21:10:00","guid":{"rendered":"https:\/\/www.correiobraziliense.com.br\/cbradar\/?p=38774"},"modified":"2025-05-17T17:03:44","modified_gmt":"2025-05-17T20:03:44","slug":"melhor-serie-de-heroi-para-quem-ama-justica-fora-da-lei","status":"publish","type":"post","link":"https:\/\/www.correiobraziliense.com.br\/cbradar\/melhor-serie-de-heroi-para-quem-ama-justica-fora-da-lei\/","title":{"rendered":"Melhor s\u00e9rie de her\u00f3i para quem ama justi\u00e7a fora da lei"},"content":{"rendered":"\n<p><strong>Demolidor<\/strong> (<em>Daredevil<\/em>) \u00e9 uma s\u00e9rie da Marvel lan\u00e7ada pela <strong>Netflix<\/strong> em 2015, criada por <strong>Drew Goddard<\/strong>. A trama acompanha <strong>Matt Murdock<\/strong>, um advogado cego que, \u00e0 noite, se transforma no vigilante mascarado conhecido como Demolidor, para proteger o bairro nova-iorquino de Hell\u2019s Kitchen.<\/p>\n\n\n\n<p>Ap\u00f3s um acidente na inf\u00e2ncia que o deixou cego, Matt desenvolveu sentidos agu\u00e7ados e habilidades de luta impressionantes. Ele equilibra sua vida dupla entre os tribunais e os becos, enfrentando criminosos poderosos como <strong>Wilson Fisk<\/strong>, enquanto lida com dilemas \u00e9ticos e espirituais.<\/p>\n\n\n\n<h2 class=\"wp-block-heading\">Quem s\u00e3o os personagens principais?<\/h2>\n\n\n\n<ul class=\"wp-block-list\">\n<li><strong>Matt Murdock \/ Demolidor<\/strong> (Charlie Cox): advogado idealista e her\u00f3i implac\u00e1vel.<\/li>\n\n\n\n<li><strong>Wilson Fisk \/ Rei do Crime<\/strong> (Vincent D\u2019Onofrio): vil\u00e3o carism\u00e1tico e estrategista.<\/li>\n\n\n\n<li><strong>Foggy Nelson<\/strong> (Elden Henson): melhor amigo e s\u00f3cio de Matt.<\/li>\n\n\n\n<li><strong>Karen Page<\/strong> (Deborah Ann Woll): jornalista corajosa e figura chave na trama.<\/li>\n\n\n\n<li><strong>Claire Temple<\/strong> (Rosario Dawson): enfermeira que ajuda Matt e outros her\u00f3is urbanos.<\/li>\n\n\n\n<li><strong>Stick<\/strong>, <strong>Elektra<\/strong> e <strong>Punho de Ferro<\/strong> tamb\u00e9m aparecem em momentos cruciais.<\/li>\n<\/ul>\n\n\n\n<figure class=\"wp-block-image size-large\"><img decoding=\"async\" width=\"1024\" height=\"576\" src=\"https:\/\/www.correiobraziliense.com.br\/cbradar\/wp-content\/uploads\/2025\/05\/Demolidor-1024x576.png\" alt=\"Melhor s\u00e9rie de her\u00f3i para quem ama justi\u00e7a fora da lei\" class=\"wp-image-38776\" srcset=\"https:\/\/www.correiobraziliense.com.br\/cbradar\/wp-content\/uploads\/2025\/05\/Demolidor-1024x576.png 1024w, https:\/\/www.correiobraziliense.com.br\/cbradar\/wp-content\/uploads\/2025\/05\/Demolidor-300x169.png 300w, https:\/\/www.correiobraziliense.com.br\/cbradar\/wp-content\/uploads\/2025\/05\/Demolidor-768x432.png 768w, https:\/\/www.correiobraziliense.com.br\/cbradar\/wp-content\/uploads\/2025\/05\/Demolidor-750x422.png 750w, https:\/\/www.correiobraziliense.com.br\/cbradar\/wp-content\/uploads\/2025\/05\/Demolidor-1140x641.png 1140w, https:\/\/www.correiobraziliense.com.br\/cbradar\/wp-content\/uploads\/2025\/05\/Demolidor.png 1280w\" sizes=\"(max-width: 1024px) 100vw, 1024px\" \/><figcaption class=\"wp-element-caption\">Demolidor. Fonte: divulga\u00e7\u00e3o \/ Netflix<\/figcaption><\/figure>\n\n\n\n<h2 class=\"wp-block-heading\">Como a s\u00e9rie se diferencia dentro do universo Marvel?<\/h2>\n\n\n\n<p><em>Demolidor<\/em> se destaca por seu tom sombrio, realista e violento, diferente do estilo mais leve dos filmes do MCU. A s\u00e9rie aposta em desenvolvimento de personagens, conflitos morais e cenas de a\u00e7\u00e3o brutais \u2014 incluindo planos-sequ\u00eancia ic\u00f4nicos.<\/p>\n\n\n\n<p>A narrativa \u00e9 mais lenta, mas profundamente envolvente, tratando de temas como f\u00e9, justi\u00e7a, corrup\u00e7\u00e3o e sacrif\u00edcio. A atua\u00e7\u00e3o de Charlie Cox e a constru\u00e7\u00e3o do vil\u00e3o Fisk s\u00e3o amplamente aclamadas.<\/p>\n\n\n\n<h2 class=\"wp-block-heading\">Vale a pena assistir Demolidor?<\/h2>\n\n\n\n<p>Sem d\u00favidas. <em>Demolidor<\/em> \u00e9 considerada uma das melhores adapta\u00e7\u00f5es da Marvel para a TV. Ideal para quem busca a\u00e7\u00e3o com profundidade, drama bem escrito e lutas coreografadas de forma visceral.<\/p>\n\n\n\n<p>Mesmo ap\u00f3s seu cancelamento na Netflix, o personagem retornou ao MCU, com grande expectativa dos f\u00e3s para sua nova fase.<\/p>\n\n\n\n<h2 class=\"wp-block-heading\">Curiosidades sobre Demolidor<\/h2>\n\n\n\n<ul class=\"wp-block-list\">\n<li>A cena de luta no corredor na 1\u00aa temporada se tornou refer\u00eancia em coreografia.<\/li>\n\n\n\n<li>Charlie Cox estudou t\u00e9cnicas de cegueira e artes marciais para o papel.<\/li>\n\n\n\n<li>A s\u00e9rie abriu caminho para outras produ\u00e7\u00f5es da Marvel na Netflix, como <em>Jessica Jones<\/em>, <em>Luke Cage<\/em> e <em>O Justiceiro<\/em>.<\/li>\n\n\n\n<li>A nova s\u00e9rie <em>Daredevil: Born Again<\/em> est\u00e1 prevista para integrar o MCU.<\/li>\n<\/ul>\n\n\n\n<iframe loading=\"lazy\" width=\"560\" height=\"315\" src=\"https:\/\/www.youtube.com\/embed\/y3GkQ6yoAA4?si=GdIlV61L9Mq_ZyqN\" title=\"YouTube video player\" frameborder=\"0\" allow=\"accelerometer; autoplay; clipboard-write; encrypted-media; gyroscope; picture-in-picture; web-share\" referrerpolicy=\"strict-origin-when-cross-origin\" allowfullscreen><\/iframe>\n\n\n\n<h2 class=\"wp-block-heading\">FAQ &#8211; Perguntas frequentes<\/h2>\n\n\n\n<ul class=\"wp-block-list\">\n<li><strong>Onde assistir Demolidor?<\/strong>\n<ul class=\"wp-block-list\">\n<li>Dispon\u00edvel na <strong>Disney+<\/strong> no Brasil.<\/li>\n<\/ul>\n<\/li>\n\n\n\n<li><strong>Quem est\u00e1 no elenco principal?<\/strong>\n<ul class=\"wp-block-list\">\n<li><strong>Charlie Cox<\/strong>, <strong>Vincent D\u2019Onofrio<\/strong>, <strong>Deborah Ann Woll<\/strong>, <strong>Elden Henson<\/strong>, <strong>Rosario Dawson<\/strong>, <strong>Toby Leonard Moore<\/strong>.<\/li>\n<\/ul>\n<\/li>\n\n\n\n<li><strong>Qual o ano de lan\u00e7amento da s\u00e9rie?<\/strong>\n<ul class=\"wp-block-list\">\n<li><em>Demolidor<\/em> estreou em 2015 e teve tr\u00eas temporadas at\u00e9 2018.<\/li>\n<\/ul>\n<\/li>\n\n\n\n<li><strong>Qual a produtora respons\u00e1vel pela s\u00e9rie?<\/strong>\n<ul class=\"wp-block-list\">\n<li>Produzida pela <strong>Marvel Television<\/strong> em parceria com a <strong>ABC Studios<\/strong>, originalmente exibida pela <strong>Netflix<\/strong>.<\/li>\n<\/ul>\n<\/li>\n<\/ul>\n","protected":false},"excerpt":{"rendered":"<p>Um her\u00f3i cego, dilemas morais e justi\u00e7a nas sombras fazem desta s\u00e9rie da Marvel uma das mais intensas e sombrias j\u00e1 feitas.<\/p>\n","protected":false},"author":3,"featured_media":38775,"comment_status":"open","ping_status":"open","sticky":false,"template":"","format":"standard","meta":{"_yoast_wpseo_focuskw":"Demolidor","_yoast_wpseo_title":"%%title%%","_yoast_wpseo_metadesc":"Um her\u00f3i cego, dilemas morais e justi\u00e7a nas sombras fazem desta s\u00e9rie da Marvel uma das mais intensas e sombrias j\u00e1 feitas.","jnews-multi-image_gallery":[],"jnews_single_post":{"format":"standard"},"jnews_primary_category":[],"jnews_social_meta":[],"jnews_override_counter":[],"footnotes":""},"categories":[140],"post_tag":[568],"class_list":["post-38774","post","type-post","status-publish","format-standard","has-post-thumbnail","hentry","category-entretenimento","tag-series-e-filmes"],"yoast_head":"<!-- This site is optimized with the Yoast SEO plugin v24.6 - https:\/\/yoast.com\/wordpress\/plugins\/seo\/ -->\n<title>Melhor s\u00e9rie de her\u00f3i para quem ama justi\u00e7a fora da lei<\/title>\n<meta name=\"description\" content=\"Um her\u00f3i cego, dilemas morais e justi\u00e7a nas sombras fazem desta s\u00e9rie da Marvel uma das mais intensas e sombrias j\u00e1 feitas.\" \/>\n<meta name=\"robots\" content=\"index, follow, max-snippet:-1, max-image-preview:large, max-video-preview:-1\" \/>\n<link rel=\"canonical\" href=\"https:\/\/www.correiobraziliense.com.br\/cbradar\/melhor-serie-de-heroi-para-quem-ama-justica-fora-da-lei\/\" \/>\n<meta property=\"og:locale\" content=\"pt_BR\" \/>\n<meta property=\"og:type\" content=\"article\" \/>\n<meta property=\"og:title\" content=\"Melhor s\u00e9rie de her\u00f3i para quem ama justi\u00e7a fora da lei\" \/>\n<meta property=\"og:description\" content=\"Um her\u00f3i cego, dilemas morais e justi\u00e7a nas sombras fazem desta s\u00e9rie da Marvel uma das mais intensas e sombrias j\u00e1 feitas.\" \/>\n<meta property=\"og:url\" content=\"https:\/\/www.correiobraziliense.com.br\/cbradar\/melhor-serie-de-heroi-para-quem-ama-justica-fora-da-lei\/\" \/>\n<meta property=\"og:site_name\" content=\"Correio Braziliense - Radar\" \/>\n<meta property=\"article:published_time\" content=\"2025-05-18T21:10:00+00:00\" \/>\n<meta property=\"og:image\" content=\"https:\/\/www.correiobraziliense.com.br\/cbradar\/wp-content\/uploads\/2025\/05\/Demolidor-2.png\" \/>\n\t<meta property=\"og:image:width\" content=\"1280\" \/>\n\t<meta property=\"og:image:height\" content=\"720\" \/>\n\t<meta property=\"og:image:type\" content=\"image\/png\" \/>\n<meta name=\"author\" content=\"Larissa Carvalho\" \/>\n<meta name=\"twitter:card\" content=\"summary_large_image\" \/>\n<meta name=\"twitter:label1\" content=\"Escrito por\" \/>\n\t<meta name=\"twitter:data1\" content=\"Larissa Carvalho\" \/>\n\t<meta name=\"twitter:label2\" content=\"Est. tempo de leitura\" \/>\n\t<meta name=\"twitter:data2\" content=\"3 minutos\" \/>\n<!-- \/ Yoast SEO plugin. -->","yoast_head_json":{"title":"Melhor s\u00e9rie de her\u00f3i para quem ama justi\u00e7a fora da lei","description":"Um her\u00f3i cego, dilemas morais e justi\u00e7a nas sombras fazem desta s\u00e9rie da Marvel uma das mais intensas e sombrias j\u00e1 feitas.","robots":{"index":"index","follow":"follow","max-snippet":"max-snippet:-1","max-image-preview":"max-image-preview:large","max-video-preview":"max-video-preview:-1"},"canonical":"https:\/\/www.correiobraziliense.com.br\/cbradar\/melhor-serie-de-heroi-para-quem-ama-justica-fora-da-lei\/","og_locale":"pt_BR","og_type":"article","og_title":"Melhor s\u00e9rie de her\u00f3i para quem ama justi\u00e7a fora da lei","og_description":"Um her\u00f3i cego, dilemas morais e justi\u00e7a nas sombras fazem desta s\u00e9rie da Marvel uma das mais intensas e sombrias j\u00e1 feitas.","og_url":"https:\/\/www.correiobraziliense.com.br\/cbradar\/melhor-serie-de-heroi-para-quem-ama-justica-fora-da-lei\/","og_site_name":"Correio Braziliense - Radar","article_published_time":"2025-05-18T21:10:00+00:00","og_image":[{"width":1280,"height":720,"url":"https:\/\/www.correiobraziliense.com.br\/cbradar\/wp-content\/uploads\/2025\/05\/Demolidor-2.png","type":"image\/png"}],"author":"Larissa Carvalho","twitter_card":"summary_large_image","twitter_misc":{"Escrito por":"Larissa Carvalho","Est. tempo de leitura":"3 minutos"},"schema":{"@context":"https:\/\/schema.org","@graph":[{"@type":"WebPage","@id":"https:\/\/www.correiobraziliense.com.br\/cbradar\/melhor-serie-de-heroi-para-quem-ama-justica-fora-da-lei\/","url":"https:\/\/www.correiobraziliense.com.br\/cbradar\/melhor-serie-de-heroi-para-quem-ama-justica-fora-da-lei\/","name":"Melhor s\u00e9rie de her\u00f3i para quem ama justi\u00e7a fora da lei","isPartOf":{"@id":"https:\/\/www.correiobraziliense.com.br\/cbradar\/#website"},"primaryImageOfPage":{"@id":"https:\/\/www.correiobraziliense.com.br\/cbradar\/melhor-serie-de-heroi-para-quem-ama-justica-fora-da-lei\/#primaryimage"},"image":{"@id":"https:\/\/www.correiobraziliense.com.br\/cbradar\/melhor-serie-de-heroi-para-quem-ama-justica-fora-da-lei\/#primaryimage"},"thumbnailUrl":"https:\/\/www.correiobraziliense.com.br\/cbradar\/wp-content\/uploads\/2025\/05\/Demolidor-2.png","datePublished":"2025-05-18T21:10:00+00:00","author":{"@id":"https:\/\/www.correiobraziliense.com.br\/cbradar\/#\/schema\/person\/58422787644df994b53a19d3e56c1513"},"description":"Um her\u00f3i cego, dilemas morais e justi\u00e7a nas sombras fazem desta s\u00e9rie da Marvel uma das mais intensas e sombrias j\u00e1 feitas.","breadcrumb":{"@id":"https:\/\/www.correiobraziliense.com.br\/cbradar\/melhor-serie-de-heroi-para-quem-ama-justica-fora-da-lei\/#breadcrumb"},"inLanguage":"pt-BR","potentialAction":[{"@type":"ReadAction","target":["https:\/\/www.correiobraziliense.com.br\/cbradar\/melhor-serie-de-heroi-para-quem-ama-justica-fora-da-lei\/"]}]},{"@type":"ImageObject","inLanguage":"pt-BR","@id":"https:\/\/www.correiobraziliense.com.br\/cbradar\/melhor-serie-de-heroi-para-quem-ama-justica-fora-da-lei\/#primaryimage","url":"https:\/\/www.correiobraziliense.com.br\/cbradar\/wp-content\/uploads\/2025\/05\/Demolidor-2.png","contentUrl":"https:\/\/www.correiobraziliense.com.br\/cbradar\/wp-content\/uploads\/2025\/05\/Demolidor-2.png","width":1280,"height":720,"caption":"Demolidor. Fonte: divulga\u00e7\u00e3o \/ Netflix"},{"@type":"BreadcrumbList","@id":"https:\/\/www.correiobraziliense.com.br\/cbradar\/melhor-serie-de-heroi-para-quem-ama-justica-fora-da-lei\/#breadcrumb","itemListElement":[{"@type":"ListItem","position":1,"name":"In\u00edcio","item":"https:\/\/www.correiobraziliense.com.br\/cbradar\/"},{"@type":"ListItem","position":2,"name":"Melhor s\u00e9rie de her\u00f3i para quem ama justi\u00e7a fora da lei"}]},{"@type":"WebSite","@id":"https:\/\/www.correiobraziliense.com.br\/cbradar\/#website","url":"https:\/\/www.correiobraziliense.com.br\/cbradar\/","name":"Correio Braziliense - Radar","description":"Acompanhe as \u00faltimas not\u00edcias e fique bem informado sobre tudo o que acontece no Brasil e no mundo.","potentialAction":[{"@type":"SearchAction","target":{"@type":"EntryPoint","urlTemplate":"https:\/\/www.correiobraziliense.com.br\/cbradar\/?s={search_term_string}"},"query-input":{"@type":"PropertyValueSpecification","valueRequired":true,"valueName":"search_term_string"}}],"inLanguage":"pt-BR"},{"@type":"Person","@id":"https:\/\/www.correiobraziliense.com.br\/cbradar\/#\/schema\/person\/58422787644df994b53a19d3e56c1513","name":"Larissa Carvalho","image":{"@type":"ImageObject","inLanguage":"pt-BR","@id":"https:\/\/www.correiobraziliense.com.br\/cbradar\/#\/schema\/person\/image\/","url":"https:\/\/secure.gravatar.com\/avatar\/fe4f91a0de32b52a838d0d612abdc1aa?s=96&d=mm&r=g","contentUrl":"https:\/\/secure.gravatar.com\/avatar\/fe4f91a0de32b52a838d0d612abdc1aa?s=96&d=mm&r=g","caption":"Larissa Carvalho"},"url":"https:\/\/www.correiobraziliense.com.br\/cbradar\/author\/larissamyth\/"}]}},"_links":{"self":[{"href":"https:\/\/www.correiobraziliense.com.br\/cbradar\/wp-json\/wp\/v2\/posts\/38774","targetHints":{"allow":["GET"]}}],"collection":[{"href":"https:\/\/www.correiobraziliense.com.br\/cbradar\/wp-json\/wp\/v2\/posts"}],"about":[{"href":"https:\/\/www.correiobraziliense.com.br\/cbradar\/wp-json\/wp\/v2\/types\/post"}],"author":[{"embeddable":true,"href":"https:\/\/www.correiobraziliense.com.br\/cbradar\/wp-json\/wp\/v2\/users\/3"}],"replies":[{"embeddable":true,"href":"https:\/\/www.correiobraziliense.com.br\/cbradar\/wp-json\/wp\/v2\/comments?post=38774"}],"version-history":[{"count":1,"href":"https:\/\/www.correiobraziliense.com.br\/cbradar\/wp-json\/wp\/v2\/posts\/38774\/revisions"}],"predecessor-version":[{"id":38777,"href":"https:\/\/www.correiobraziliense.com.br\/cbradar\/wp-json\/wp\/v2\/posts\/38774\/revisions\/38777"}],"wp:featuredmedia":[{"embeddable":true,"href":"https:\/\/www.correiobraziliense.com.br\/cbradar\/wp-json\/wp\/v2\/media\/38775"}],"wp:attachment":[{"href":"https:\/\/www.correiobraziliense.com.br\/cbradar\/wp-json\/wp\/v2\/media?parent=38774"}],"wp:term":[{"taxonomy":"category","embeddable":true,"href":"https:\/\/www.correiobraziliense.com.br\/cbradar\/wp-json\/wp\/v2\/categories?post=38774"},{"taxonomy":"post_tag","embeddable":true,"href":"https:\/\/www.correiobraziliense.com.br\/cbradar\/wp-json\/wp\/v2\/post_tag?post=38774"}],"curies":[{"name":"wp","href":"https:\/\/api.w.org\/{rel}","templated":true}]}}