{"id":38778,"date":"2025-05-18T19:30:00","date_gmt":"2025-05-18T22:30:00","guid":{"rendered":"https:\/\/www.correiobraziliense.com.br\/cbradar\/?p=38778"},"modified":"2025-05-17T17:03:36","modified_gmt":"2025-05-17T20:03:36","slug":"esse-filme-vai-fazer-voce-rir-e-chorar-ao-mesmo-tempo","status":"publish","type":"post","link":"https:\/\/www.correiobraziliense.com.br\/cbradar\/esse-filme-vai-fazer-voce-rir-e-chorar-ao-mesmo-tempo\/","title":{"rendered":"Esse filme vai fazer voc\u00ea rir e chorar ao mesmo tempo"},"content":{"rendered":"\n<p><strong>Up &#8211; Altas Aventuras<\/strong> \u00e9 uma anima\u00e7\u00e3o da <strong>Pixar<\/strong>, lan\u00e7ada em 2009 e dirigida por <strong>Pete Docter<\/strong>. O filme conta a hist\u00f3ria de <strong>Carl Fredricksen<\/strong>, um vi\u00favo rabugento de 78 anos que decide realizar o sonho de sua falecida esposa, <strong>Ellie<\/strong>: viajar at\u00e9 as Cataratas do Para\u00edso, na Am\u00e9rica do Sul.<\/p>\n\n\n\n<p>Para isso, ele transforma sua casa em um dirig\u00edvel com milhares de bal\u00f5es. O que Carl n\u00e3o esperava era ter como passageiro acidental o escoteiro falante e persistente <strong>Russell<\/strong>. Juntos, eles vivem uma jornada cheia de descobertas, encontros improv\u00e1veis e emo\u00e7\u00f5es genu\u00ednas.<\/p>\n\n\n\n<h2 class=\"wp-block-heading\">Quem s\u00e3o os personagens principais?<\/h2>\n\n\n\n<ul class=\"wp-block-list\">\n<li><strong>Carl Fredricksen<\/strong>: idoso solit\u00e1rio, determinado a cumprir uma promessa.<\/li>\n\n\n\n<li><strong>Russell<\/strong>: menino escoteiro animado e solit\u00e1rio, em busca de conex\u00e3o.<\/li>\n\n\n\n<li><strong>Dug<\/strong>: c\u00e3o falante ador\u00e1vel, fiel e engra\u00e7ado.<\/li>\n\n\n\n<li><strong>Kevin<\/strong>: ave ex\u00f3tica e rara, que se torna parte essencial da aventura.<\/li>\n\n\n\n<li><strong>Charles Muntz<\/strong>: antigo her\u00f3i de Carl, agora obcecado em capturar Kevin.<\/li>\n<\/ul>\n\n\n\n<figure class=\"wp-block-image size-large\"><img decoding=\"async\" width=\"1024\" height=\"576\" src=\"https:\/\/www.correiobraziliense.com.br\/cbradar\/wp-content\/uploads\/2025\/05\/Up-Altas-Aventuras-1024x576.png\" alt=\"Esse filme vai fazer voc\u00ea rir e chorar ao mesmo tempo\" class=\"wp-image-38780\" srcset=\"https:\/\/www.correiobraziliense.com.br\/cbradar\/wp-content\/uploads\/2025\/05\/Up-Altas-Aventuras-1024x576.png 1024w, https:\/\/www.correiobraziliense.com.br\/cbradar\/wp-content\/uploads\/2025\/05\/Up-Altas-Aventuras-300x169.png 300w, https:\/\/www.correiobraziliense.com.br\/cbradar\/wp-content\/uploads\/2025\/05\/Up-Altas-Aventuras-768x432.png 768w, https:\/\/www.correiobraziliense.com.br\/cbradar\/wp-content\/uploads\/2025\/05\/Up-Altas-Aventuras-750x422.png 750w, https:\/\/www.correiobraziliense.com.br\/cbradar\/wp-content\/uploads\/2025\/05\/Up-Altas-Aventuras-1140x641.png 1140w, https:\/\/www.correiobraziliense.com.br\/cbradar\/wp-content\/uploads\/2025\/05\/Up-Altas-Aventuras.png 1280w\" sizes=\"(max-width: 1024px) 100vw, 1024px\" \/><figcaption class=\"wp-element-caption\">Up &#8211; Altas Aventuras. Fonte: divulga\u00e7\u00e3o \/ Walt Disney<\/figcaption><\/figure>\n\n\n\n<h2 class=\"wp-block-heading\">Como o filme mistura emo\u00e7\u00e3o e aventura?<\/h2>\n\n\n\n<p><em>Up<\/em> \u00e9 conhecido por sua abertura extremamente emocionante, que narra a vida de Carl e Ellie em poucos minutos \u2014 uma das sequ\u00eancias mais impactantes do cinema de anima\u00e7\u00e3o. A partir da\u00ed, o filme equilibra com maestria a\u00e7\u00e3o, humor e momentos de profunda sensibilidade.<\/p>\n\n\n\n<p>A rela\u00e7\u00e3o entre Carl e Russell \u00e9 o cora\u00e7\u00e3o do filme, mostrando como diferentes gera\u00e7\u00f5es podem se curar mutuamente atrav\u00e9s da amizade e da empatia.<\/p>\n\n\n\n<h2 class=\"wp-block-heading\">Vale a pena assistir Up &#8211; Altas Aventuras?<\/h2>\n\n\n\n<p>Com certeza. <em>Up<\/em> \u00e9 uma das anima\u00e7\u00f5es mais maduras e emocionantes da Pixar. Toca em temas como luto, envelhecimento, sonhos n\u00e3o realizados e o valor das novas conex\u00f5es.<\/p>\n\n\n\n<p>Ao mesmo tempo, oferece humor leve, personagens encantadores e visuais bel\u00edssimos. \u00c9 um filme que agrada crian\u00e7as e adultos com a mesma intensidade.<\/p>\n\n\n\n<h2 class=\"wp-block-heading\">Curiosidades sobre Up<\/h2>\n\n\n\n<ul class=\"wp-block-list\">\n<li>Foi o segundo filme de anima\u00e7\u00e3o indicado ao <strong>Oscar de Melhor Filme<\/strong>.<\/li>\n\n\n\n<li>Venceu o Oscar de <strong>Melhor Anima\u00e7\u00e3o<\/strong> e <strong>Melhor Trilha Sonora Original<\/strong>.<\/li>\n\n\n\n<li>A casa flutuante foi inspirada em desenhos de casas reais com bal\u00f5es.<\/li>\n\n\n\n<li>A dublagem de Carl foi feita por <strong>Ed Asner<\/strong>, e a trilha foi composta por <strong>Michael Giacchino<\/strong>.<\/li>\n<\/ul>\n\n\n\n<iframe loading=\"lazy\" width=\"560\" height=\"315\" src=\"https:\/\/www.youtube.com\/embed\/ODanPYf1VLI?si=kyga8wQmBQxPhtq_\" title=\"YouTube video player\" frameborder=\"0\" allow=\"accelerometer; autoplay; clipboard-write; encrypted-media; gyroscope; picture-in-picture; web-share\" referrerpolicy=\"strict-origin-when-cross-origin\" allowfullscreen><\/iframe>\n\n\n\n<h2 class=\"wp-block-heading\">FAQ &#8211; Perguntas frequentes<\/h2>\n\n\n\n<ul class=\"wp-block-list\">\n<li><strong>Onde assistir Up &#8211; Altas Aventuras?<\/strong>\n<ul class=\"wp-block-list\">\n<li>Dispon\u00edvel no <strong>Disney+<\/strong>.<\/li>\n<\/ul>\n<\/li>\n\n\n\n<li><strong>Quem est\u00e1 no elenco principal (vozes originais)?<\/strong>\n<ul class=\"wp-block-list\">\n<li><strong>Ed Asner<\/strong>, <strong>Jordan Nagai<\/strong>, <strong>Christopher Plummer<\/strong>, <strong>Bob Peterson<\/strong>, <strong>Delroy Lindo<\/strong>.<\/li>\n<\/ul>\n<\/li>\n\n\n\n<li><strong>Qual o ano de lan\u00e7amento do filme?<\/strong>\n<ul class=\"wp-block-list\">\n<li><em>Up &#8211; Altas Aventuras<\/em> foi lan\u00e7ado em 2009.<\/li>\n<\/ul>\n<\/li>\n\n\n\n<li><strong>Qual a produtora respons\u00e1vel pelo filme?<\/strong>\n<ul class=\"wp-block-list\">\n<li>Produzido pela <strong>Pixar Animation Studios<\/strong> e distribu\u00eddo pela <strong>Walt Disney Pictures<\/strong>.<\/li>\n<\/ul>\n<\/li>\n<\/ul>\n","protected":false},"excerpt":{"rendered":"<p>Uma emocionante jornada de bal\u00f5es, lembran\u00e7as e novos come\u00e7os em uma das anima\u00e7\u00f5es mais tocantes da Pixar.<\/p>\n","protected":false},"author":3,"featured_media":38779,"comment_status":"open","ping_status":"open","sticky":false,"template":"","format":"standard","meta":{"_yoast_wpseo_focuskw":"Up - Altas Aventuras","_yoast_wpseo_title":"%%title%%","_yoast_wpseo_metadesc":"Uma emocionante jornada de bal\u00f5es, lembran\u00e7as e novos come\u00e7os em uma das anima\u00e7\u00f5es mais tocantes da Pixar.","jnews-multi-image_gallery":[],"jnews_single_post":{"format":"standard"},"jnews_primary_category":[],"jnews_social_meta":[],"jnews_override_counter":[],"footnotes":""},"categories":[140],"post_tag":[568],"class_list":["post-38778","post","type-post","status-publish","format-standard","has-post-thumbnail","hentry","category-entretenimento","tag-series-e-filmes"],"yoast_head":"<!-- This site is optimized with the Yoast SEO plugin v24.6 - https:\/\/yoast.com\/wordpress\/plugins\/seo\/ -->\n<title>Esse filme vai fazer voc\u00ea rir e chorar ao mesmo tempo<\/title>\n<meta name=\"description\" content=\"Uma emocionante jornada de bal\u00f5es, lembran\u00e7as e novos come\u00e7os em uma das anima\u00e7\u00f5es mais tocantes da Pixar.\" \/>\n<meta name=\"robots\" content=\"index, follow, max-snippet:-1, max-image-preview:large, max-video-preview:-1\" \/>\n<link rel=\"canonical\" href=\"https:\/\/www.correiobraziliense.com.br\/cbradar\/esse-filme-vai-fazer-voce-rir-e-chorar-ao-mesmo-tempo\/\" \/>\n<meta property=\"og:locale\" content=\"pt_BR\" \/>\n<meta property=\"og:type\" content=\"article\" \/>\n<meta property=\"og:title\" content=\"Esse filme vai fazer voc\u00ea rir e chorar ao mesmo tempo\" \/>\n<meta property=\"og:description\" content=\"Uma emocionante jornada de bal\u00f5es, lembran\u00e7as e novos come\u00e7os em uma das anima\u00e7\u00f5es mais tocantes da Pixar.\" \/>\n<meta property=\"og:url\" content=\"https:\/\/www.correiobraziliense.com.br\/cbradar\/esse-filme-vai-fazer-voce-rir-e-chorar-ao-mesmo-tempo\/\" \/>\n<meta property=\"og:site_name\" content=\"Correio Braziliense - Radar\" \/>\n<meta property=\"article:published_time\" content=\"2025-05-18T22:30:00+00:00\" \/>\n<meta property=\"og:image\" content=\"https:\/\/www.correiobraziliense.com.br\/cbradar\/wp-content\/uploads\/2025\/05\/Up-Altas-Aventuras-2.png\" \/>\n\t<meta property=\"og:image:width\" content=\"1280\" \/>\n\t<meta property=\"og:image:height\" content=\"720\" \/>\n\t<meta property=\"og:image:type\" content=\"image\/png\" \/>\n<meta name=\"author\" content=\"Larissa Carvalho\" \/>\n<meta name=\"twitter:card\" content=\"summary_large_image\" \/>\n<meta name=\"twitter:label1\" content=\"Escrito por\" \/>\n\t<meta name=\"twitter:data1\" content=\"Larissa Carvalho\" \/>\n\t<meta name=\"twitter:label2\" content=\"Est. tempo de leitura\" \/>\n\t<meta name=\"twitter:data2\" content=\"3 minutos\" \/>\n<!-- \/ Yoast SEO plugin. -->","yoast_head_json":{"title":"Esse filme vai fazer voc\u00ea rir e chorar ao mesmo tempo","description":"Uma emocionante jornada de bal\u00f5es, lembran\u00e7as e novos come\u00e7os em uma das anima\u00e7\u00f5es mais tocantes da Pixar.","robots":{"index":"index","follow":"follow","max-snippet":"max-snippet:-1","max-image-preview":"max-image-preview:large","max-video-preview":"max-video-preview:-1"},"canonical":"https:\/\/www.correiobraziliense.com.br\/cbradar\/esse-filme-vai-fazer-voce-rir-e-chorar-ao-mesmo-tempo\/","og_locale":"pt_BR","og_type":"article","og_title":"Esse filme vai fazer voc\u00ea rir e chorar ao mesmo tempo","og_description":"Uma emocionante jornada de bal\u00f5es, lembran\u00e7as e novos come\u00e7os em uma das anima\u00e7\u00f5es mais tocantes da Pixar.","og_url":"https:\/\/www.correiobraziliense.com.br\/cbradar\/esse-filme-vai-fazer-voce-rir-e-chorar-ao-mesmo-tempo\/","og_site_name":"Correio Braziliense - Radar","article_published_time":"2025-05-18T22:30:00+00:00","og_image":[{"width":1280,"height":720,"url":"https:\/\/www.correiobraziliense.com.br\/cbradar\/wp-content\/uploads\/2025\/05\/Up-Altas-Aventuras-2.png","type":"image\/png"}],"author":"Larissa Carvalho","twitter_card":"summary_large_image","twitter_misc":{"Escrito por":"Larissa Carvalho","Est. tempo de leitura":"3 minutos"},"schema":{"@context":"https:\/\/schema.org","@graph":[{"@type":"WebPage","@id":"https:\/\/www.correiobraziliense.com.br\/cbradar\/esse-filme-vai-fazer-voce-rir-e-chorar-ao-mesmo-tempo\/","url":"https:\/\/www.correiobraziliense.com.br\/cbradar\/esse-filme-vai-fazer-voce-rir-e-chorar-ao-mesmo-tempo\/","name":"Esse filme vai fazer voc\u00ea rir e chorar ao mesmo tempo","isPartOf":{"@id":"https:\/\/www.correiobraziliense.com.br\/cbradar\/#website"},"primaryImageOfPage":{"@id":"https:\/\/www.correiobraziliense.com.br\/cbradar\/esse-filme-vai-fazer-voce-rir-e-chorar-ao-mesmo-tempo\/#primaryimage"},"image":{"@id":"https:\/\/www.correiobraziliense.com.br\/cbradar\/esse-filme-vai-fazer-voce-rir-e-chorar-ao-mesmo-tempo\/#primaryimage"},"thumbnailUrl":"https:\/\/www.correiobraziliense.com.br\/cbradar\/wp-content\/uploads\/2025\/05\/Up-Altas-Aventuras-2.png","datePublished":"2025-05-18T22:30:00+00:00","author":{"@id":"https:\/\/www.correiobraziliense.com.br\/cbradar\/#\/schema\/person\/58422787644df994b53a19d3e56c1513"},"description":"Uma emocionante jornada de bal\u00f5es, lembran\u00e7as e novos come\u00e7os em uma das anima\u00e7\u00f5es mais tocantes da Pixar.","breadcrumb":{"@id":"https:\/\/www.correiobraziliense.com.br\/cbradar\/esse-filme-vai-fazer-voce-rir-e-chorar-ao-mesmo-tempo\/#breadcrumb"},"inLanguage":"pt-BR","potentialAction":[{"@type":"ReadAction","target":["https:\/\/www.correiobraziliense.com.br\/cbradar\/esse-filme-vai-fazer-voce-rir-e-chorar-ao-mesmo-tempo\/"]}]},{"@type":"ImageObject","inLanguage":"pt-BR","@id":"https:\/\/www.correiobraziliense.com.br\/cbradar\/esse-filme-vai-fazer-voce-rir-e-chorar-ao-mesmo-tempo\/#primaryimage","url":"https:\/\/www.correiobraziliense.com.br\/cbradar\/wp-content\/uploads\/2025\/05\/Up-Altas-Aventuras-2.png","contentUrl":"https:\/\/www.correiobraziliense.com.br\/cbradar\/wp-content\/uploads\/2025\/05\/Up-Altas-Aventuras-2.png","width":1280,"height":720,"caption":"Up - Altas Aventuras. Fonte: divulga\u00e7\u00e3o \/ Walt Disney"},{"@type":"BreadcrumbList","@id":"https:\/\/www.correiobraziliense.com.br\/cbradar\/esse-filme-vai-fazer-voce-rir-e-chorar-ao-mesmo-tempo\/#breadcrumb","itemListElement":[{"@type":"ListItem","position":1,"name":"In\u00edcio","item":"https:\/\/www.correiobraziliense.com.br\/cbradar\/"},{"@type":"ListItem","position":2,"name":"Esse filme vai fazer voc\u00ea rir e chorar ao mesmo tempo"}]},{"@type":"WebSite","@id":"https:\/\/www.correiobraziliense.com.br\/cbradar\/#website","url":"https:\/\/www.correiobraziliense.com.br\/cbradar\/","name":"Correio Braziliense - Radar","description":"Acompanhe as \u00faltimas not\u00edcias e fique bem informado sobre tudo o que acontece no Brasil e no mundo.","potentialAction":[{"@type":"SearchAction","target":{"@type":"EntryPoint","urlTemplate":"https:\/\/www.correiobraziliense.com.br\/cbradar\/?s={search_term_string}"},"query-input":{"@type":"PropertyValueSpecification","valueRequired":true,"valueName":"search_term_string"}}],"inLanguage":"pt-BR"},{"@type":"Person","@id":"https:\/\/www.correiobraziliense.com.br\/cbradar\/#\/schema\/person\/58422787644df994b53a19d3e56c1513","name":"Larissa Carvalho","image":{"@type":"ImageObject","inLanguage":"pt-BR","@id":"https:\/\/www.correiobraziliense.com.br\/cbradar\/#\/schema\/person\/image\/","url":"https:\/\/secure.gravatar.com\/avatar\/fe4f91a0de32b52a838d0d612abdc1aa?s=96&d=mm&r=g","contentUrl":"https:\/\/secure.gravatar.com\/avatar\/fe4f91a0de32b52a838d0d612abdc1aa?s=96&d=mm&r=g","caption":"Larissa Carvalho"},"url":"https:\/\/www.correiobraziliense.com.br\/cbradar\/author\/larissamyth\/"}]}},"_links":{"self":[{"href":"https:\/\/www.correiobraziliense.com.br\/cbradar\/wp-json\/wp\/v2\/posts\/38778","targetHints":{"allow":["GET"]}}],"collection":[{"href":"https:\/\/www.correiobraziliense.com.br\/cbradar\/wp-json\/wp\/v2\/posts"}],"about":[{"href":"https:\/\/www.correiobraziliense.com.br\/cbradar\/wp-json\/wp\/v2\/types\/post"}],"author":[{"embeddable":true,"href":"https:\/\/www.correiobraziliense.com.br\/cbradar\/wp-json\/wp\/v2\/users\/3"}],"replies":[{"embeddable":true,"href":"https:\/\/www.correiobraziliense.com.br\/cbradar\/wp-json\/wp\/v2\/comments?post=38778"}],"version-history":[{"count":1,"href":"https:\/\/www.correiobraziliense.com.br\/cbradar\/wp-json\/wp\/v2\/posts\/38778\/revisions"}],"predecessor-version":[{"id":38781,"href":"https:\/\/www.correiobraziliense.com.br\/cbradar\/wp-json\/wp\/v2\/posts\/38778\/revisions\/38781"}],"wp:featuredmedia":[{"embeddable":true,"href":"https:\/\/www.correiobraziliense.com.br\/cbradar\/wp-json\/wp\/v2\/media\/38779"}],"wp:attachment":[{"href":"https:\/\/www.correiobraziliense.com.br\/cbradar\/wp-json\/wp\/v2\/media?parent=38778"}],"wp:term":[{"taxonomy":"category","embeddable":true,"href":"https:\/\/www.correiobraziliense.com.br\/cbradar\/wp-json\/wp\/v2\/categories?post=38778"},{"taxonomy":"post_tag","embeddable":true,"href":"https:\/\/www.correiobraziliense.com.br\/cbradar\/wp-json\/wp\/v2\/post_tag?post=38778"}],"curies":[{"name":"wp","href":"https:\/\/api.w.org\/{rel}","templated":true}]}}