{"id":39298,"date":"2025-05-19T08:40:00","date_gmt":"2025-05-19T11:40:00","guid":{"rendered":"https:\/\/www.correiobraziliense.com.br\/cbradar\/?p=39298"},"modified":"2025-05-19T08:28:03","modified_gmt":"2025-05-19T11:28:03","slug":"esses-sao-os-6-alimentos-que-podem-te-ajudar-a-viver-mais","status":"publish","type":"post","link":"https:\/\/www.correiobraziliense.com.br\/cbradar\/esses-sao-os-6-alimentos-que-podem-te-ajudar-a-viver-mais\/","title":{"rendered":"Esses s\u00e3o os 6 alimentos que podem te ajudar a viver mais"},"content":{"rendered":"\n<p>Os superalimentos t\u00eam ganhado destaque por sua capacidade de fornecer nutrientes essenciais em cada por\u00e7\u00e3o. Esses alimentos s\u00e3o ricos em vitaminas, minerais e antioxidantes que ajudam a manter a energia e o bem-estar geral \u00e0 medida que envelhecemos. Embora n\u00e3o exista uma defini\u00e7\u00e3o oficial para superalimentos, eles s\u00e3o frequentemente reconhecidos por seu potencial de reduzir riscos de doen\u00e7as, gra\u00e7as ao seu perfil de \u00e1cidos graxos e alto teor de fibras.<\/p>\n\n\n\n<p>\u00c0 medida que envelhecemos, o risco de doen\u00e7as cr\u00f4nicas aumenta, tornando ainda mais importante a inclus\u00e3o de alimentos que combatem a inflama\u00e7\u00e3o e o estresse oxidativo. Os superalimentos, com seus compostos bioativos, podem desempenhar um papel crucial na promo\u00e7\u00e3o da sa\u00fade celular e na preven\u00e7\u00e3o de doen\u00e7as relacionadas \u00e0 idade.<\/p>\n\n\n\n<h2 class=\"wp-block-heading\">Quais s\u00e3o os benef\u00edcios dos superalimentos para a sa\u00fade?<\/h2>\n\n\n\n<p>Os superalimentos s\u00e3o conhecidos por sua capacidade de melhorar a sa\u00fade de v\u00e1rias maneiras. Eles oferecem uma ampla gama de nutrientes que podem ajudar a reduzir a inflama\u00e7\u00e3o, melhorar a fun\u00e7\u00e3o imunol\u00f3gica e proteger contra o estresse oxidativo. Al\u00e9m disso, muitos superalimentos cont\u00eam compostos que podem ajudar a prevenir doen\u00e7as cr\u00f4nicas, como doen\u00e7as card\u00edacas, diabetes e c\u00e2ncer.<\/p>\n\n\n\n<p>Por exemplo, o <strong>kimchi<\/strong>, um alimento fermentado, \u00e9 rico em probi\u00f3ticos que promovem um microbioma intestinal saud\u00e1vel, reduzindo a inflama\u00e7\u00e3o e fortalecendo a imunidade. Da mesma forma, a <strong>c\u00farcuma<\/strong>, com seu composto ativo curcumina, possui propriedades antioxidantes e anti-inflamat\u00f3rias que podem ajudar a prevenir condi\u00e7\u00f5es como artrite e decl\u00ednio cognitivo.<\/p>\n\n\n\n<h2 class=\"wp-block-heading\">Como os superalimentos podem ser incorporados na dieta di\u00e1ria?<\/h2>\n\n\n\n<p>Incorporar superalimentos na dieta di\u00e1ria pode ser simples e saboroso. O kimchi pode ser consumido como acompanhamento ou adicionado a saladas e sandu\u00edches. A c\u00farcuma pode ser usada em temperos e marinadas, especialmente quando combinada com pimenta-do-reino para melhorar sua absor\u00e7\u00e3o. As <strong>blueberries<\/strong>, ricas em antocianinas, podem ser consumidas frescas ou adicionadas a smoothies e iogurtes.<\/p>\n\n\n\n<p>Os abacates, conhecidos por seus \u00e1cidos graxos monoinsaturados, s\u00e3o \u00f3timos em saladas ou como base para molhos. Espinafre e couve, ricos em fibras e antioxidantes, podem ser usados em saladas, sopas ou refogados. <strong>Lentilhas<\/strong>, ricas em prote\u00ednas e fibras, s\u00e3o vers\u00e1teis e podem ser usadas em sopas, ensopados ou como acompanhamento.<\/p>\n\n\n\n<figure class=\"wp-block-image size-large\"><img decoding=\"async\" width=\"1024\" height=\"576\" src=\"https:\/\/www.correiobraziliense.com.br\/cbradar\/wp-content\/uploads\/2025\/05\/alimentos_1747654048554-1024x576.jpg\" alt=\"Esses s\u00e3o os 6 alimentos que podem te ajudar a viver mais\" class=\"wp-image-39301\" srcset=\"https:\/\/www.correiobraziliense.com.br\/cbradar\/wp-content\/uploads\/2025\/05\/alimentos_1747654048554-1024x576.jpg 1024w, https:\/\/www.correiobraziliense.com.br\/cbradar\/wp-content\/uploads\/2025\/05\/alimentos_1747654048554-300x169.jpg 300w, https:\/\/www.correiobraziliense.com.br\/cbradar\/wp-content\/uploads\/2025\/05\/alimentos_1747654048554-768x432.jpg 768w, https:\/\/www.correiobraziliense.com.br\/cbradar\/wp-content\/uploads\/2025\/05\/alimentos_1747654048554-750x422.jpg 750w, https:\/\/www.correiobraziliense.com.br\/cbradar\/wp-content\/uploads\/2025\/05\/alimentos_1747654048554-1140x641.jpg 1140w, https:\/\/www.correiobraziliense.com.br\/cbradar\/wp-content\/uploads\/2025\/05\/alimentos_1747654048554.jpg 1280w\" sizes=\"(max-width: 1024px) 100vw, 1024px\" \/><figcaption class=\"wp-element-caption\">alimentos. Cr\u00e9ditos: depositphotos.com \/ VadimVasenin<\/figcaption><\/figure>\n\n\n\n<h2 class=\"wp-block-heading\">Qual \u00e9 o papel dos superalimentos na preven\u00e7\u00e3o de doen\u00e7as?<\/h2>\n\n\n\n<p>Os superalimentos desempenham um papel significativo na preven\u00e7\u00e3o de doen\u00e7as, gra\u00e7as ao seu conte\u00fado nutricional denso. Eles s\u00e3o especialmente eficazes na redu\u00e7\u00e3o do risco de doen\u00e7as cardiovasculares, diabetes tipo 2 e certos tipos de c\u00e2ncer. Os antioxidantes presentes nesses alimentos ajudam a neutralizar os radicais livres, reduzindo o estresse oxidativo e a inflama\u00e7\u00e3o, que s\u00e3o fatores de risco para muitas doen\u00e7as cr\u00f4nicas.<\/p>\n\n\n\n<p>Por exemplo, as sementes de <strong>chia<\/strong> s\u00e3o ricas em \u00e1cidos graxos \u00f4mega-3, que s\u00e3o conhecidos por melhorar a sa\u00fade do cora\u00e7\u00e3o e reduzir a inflama\u00e7\u00e3o. Da mesma forma, o <strong>tempeh<\/strong>, uma fonte de prote\u00edna vegetal fermentada, cont\u00e9m probi\u00f3ticos que podem melhorar a sa\u00fade intestinal e fortalecer o sistema imunol\u00f3gico.<\/p>\n\n\n\n<h2 class=\"wp-block-heading\">Como manter uma dieta equilibrada com superalimentos?<\/h2>\n\n\n\n<p>Embora os superalimentos ofere\u00e7am muitos benef\u00edcios, \u00e9 importante lembrar que uma dieta equilibrada \u00e9 fundamental para a sa\u00fade geral. Isso significa incluir uma variedade de alimentos, n\u00e3o apenas superalimentos, para garantir a ingest\u00e3o de todos os nutrientes necess\u00e1rios. Uma abordagem pr\u00e1tica \u00e9 consumir pelo menos cinco por\u00e7\u00f5es de frutas e vegetais por dia, reduzir o consumo de a\u00e7\u00facar e optar por gr\u00e3os integrais.<\/p>\n\n\n\n<p>Esses h\u00e1bitos alimentares, aliados \u00e0 inclus\u00e3o de superalimentos, podem ajudar a reduzir o risco de doen\u00e7as cr\u00f4nicas e promover uma vida mais longa e saud\u00e1vel. Portanto, ao planejar as refei\u00e7\u00f5es, considere como os superalimentos podem complementar uma dieta variada e equilibrada.<\/p>\n","protected":false},"excerpt":{"rendered":"<p>Descubra como superalimentos podem promover longevidade e prevenir doen\u00e7as cr\u00f4nicas. Explore dicas de dietistas para maximizar a absor\u00e7\u00e3o de nutrientes.<\/p>\n","protected":false},"author":3,"featured_media":39300,"comment_status":"open","ping_status":"open","sticky":false,"template":"","format":"standard","meta":{"_yoast_wpseo_focuskw":"alimentos viver mais","_yoast_wpseo_title":"%%title%%","_yoast_wpseo_metadesc":"Descubra como superalimentos podem promover longevidade e prevenir doen\u00e7as cr\u00f4nicas. Explore dicas de dietistas para maximizar a absor\u00e7\u00e3o de nutrientes.","jnews-multi-image_gallery":[],"jnews_single_post":{"format":"standard"},"jnews_primary_category":[],"jnews_social_meta":[],"jnews_override_counter":[],"footnotes":""},"categories":[112],"tags":[281,1423,565],"class_list":["post-39298","post","type-post","status-publish","format-standard","has-post-thumbnail","hentry","category-curiosidades","tag-alimentacao","tag-alimentos","tag-saude"],"yoast_head":"<!-- This site is optimized with the Yoast SEO plugin v24.6 - https:\/\/yoast.com\/wordpress\/plugins\/seo\/ -->\n<title>Esses s\u00e3o os 6 alimentos que podem te ajudar a viver mais<\/title>\n<meta name=\"description\" content=\"Descubra como superalimentos podem promover longevidade e prevenir doen\u00e7as cr\u00f4nicas. Explore dicas de dietistas para maximizar a absor\u00e7\u00e3o de nutrientes.\" \/>\n<meta name=\"robots\" content=\"index, follow, max-snippet:-1, max-image-preview:large, max-video-preview:-1\" \/>\n<link rel=\"canonical\" href=\"https:\/\/www.correiobraziliense.com.br\/cbradar\/esses-sao-os-6-alimentos-que-podem-te-ajudar-a-viver-mais\/\" \/>\n<meta property=\"og:locale\" content=\"pt_BR\" \/>\n<meta property=\"og:type\" content=\"article\" \/>\n<meta property=\"og:title\" content=\"Esses s\u00e3o os 6 alimentos que podem te ajudar a viver mais\" \/>\n<meta property=\"og:description\" content=\"Descubra como superalimentos podem promover longevidade e prevenir doen\u00e7as cr\u00f4nicas. Explore dicas de dietistas para maximizar a absor\u00e7\u00e3o de nutrientes.\" \/>\n<meta property=\"og:url\" content=\"https:\/\/www.correiobraziliense.com.br\/cbradar\/esses-sao-os-6-alimentos-que-podem-te-ajudar-a-viver-mais\/\" \/>\n<meta property=\"og:site_name\" content=\"Correio Braziliense - Radar\" \/>\n<meta property=\"article:published_time\" content=\"2025-05-19T11:40:00+00:00\" \/>\n<meta property=\"og:image\" content=\"https:\/\/www.correiobraziliense.com.br\/cbradar\/wp-content\/uploads\/2025\/05\/alimentos_1747653934176.jpg\" \/>\n\t<meta property=\"og:image:width\" content=\"1280\" \/>\n\t<meta property=\"og:image:height\" content=\"720\" \/>\n\t<meta property=\"og:image:type\" content=\"image\/jpeg\" \/>\n<meta name=\"author\" content=\"Larissa Carvalho\" \/>\n<meta name=\"twitter:card\" content=\"summary_large_image\" \/>\n<meta name=\"twitter:label1\" content=\"Escrito por\" \/>\n\t<meta name=\"twitter:data1\" content=\"Larissa Carvalho\" \/>\n\t<meta name=\"twitter:label2\" content=\"Est. tempo de leitura\" \/>\n\t<meta name=\"twitter:data2\" content=\"4 minutos\" \/>\n<!-- \/ Yoast SEO plugin. -->","yoast_head_json":{"title":"Esses s\u00e3o os 6 alimentos que podem te ajudar a viver mais","description":"Descubra como superalimentos podem promover longevidade e prevenir doen\u00e7as cr\u00f4nicas. Explore dicas de dietistas para maximizar a absor\u00e7\u00e3o de nutrientes.","robots":{"index":"index","follow":"follow","max-snippet":"max-snippet:-1","max-image-preview":"max-image-preview:large","max-video-preview":"max-video-preview:-1"},"canonical":"https:\/\/www.correiobraziliense.com.br\/cbradar\/esses-sao-os-6-alimentos-que-podem-te-ajudar-a-viver-mais\/","og_locale":"pt_BR","og_type":"article","og_title":"Esses s\u00e3o os 6 alimentos que podem te ajudar a viver mais","og_description":"Descubra como superalimentos podem promover longevidade e prevenir doen\u00e7as cr\u00f4nicas. Explore dicas de dietistas para maximizar a absor\u00e7\u00e3o de nutrientes.","og_url":"https:\/\/www.correiobraziliense.com.br\/cbradar\/esses-sao-os-6-alimentos-que-podem-te-ajudar-a-viver-mais\/","og_site_name":"Correio Braziliense - Radar","article_published_time":"2025-05-19T11:40:00+00:00","og_image":[{"width":1280,"height":720,"url":"https:\/\/www.correiobraziliense.com.br\/cbradar\/wp-content\/uploads\/2025\/05\/alimentos_1747653934176.jpg","type":"image\/jpeg"}],"author":"Larissa Carvalho","twitter_card":"summary_large_image","twitter_misc":{"Escrito por":"Larissa Carvalho","Est. tempo de leitura":"4 minutos"},"schema":{"@context":"https:\/\/schema.org","@graph":[{"@type":"WebPage","@id":"https:\/\/www.correiobraziliense.com.br\/cbradar\/esses-sao-os-6-alimentos-que-podem-te-ajudar-a-viver-mais\/","url":"https:\/\/www.correiobraziliense.com.br\/cbradar\/esses-sao-os-6-alimentos-que-podem-te-ajudar-a-viver-mais\/","name":"Esses s\u00e3o os 6 alimentos que podem te ajudar a viver mais","isPartOf":{"@id":"https:\/\/www.correiobraziliense.com.br\/cbradar\/#website"},"primaryImageOfPage":{"@id":"https:\/\/www.correiobraziliense.com.br\/cbradar\/esses-sao-os-6-alimentos-que-podem-te-ajudar-a-viver-mais\/#primaryimage"},"image":{"@id":"https:\/\/www.correiobraziliense.com.br\/cbradar\/esses-sao-os-6-alimentos-que-podem-te-ajudar-a-viver-mais\/#primaryimage"},"thumbnailUrl":"https:\/\/www.correiobraziliense.com.br\/cbradar\/wp-content\/uploads\/2025\/05\/alimentos_1747653934176.jpg","datePublished":"2025-05-19T11:40:00+00:00","author":{"@id":"https:\/\/www.correiobraziliense.com.br\/cbradar\/#\/schema\/person\/58422787644df994b53a19d3e56c1513"},"description":"Descubra como superalimentos podem promover longevidade e prevenir doen\u00e7as cr\u00f4nicas. Explore dicas de dietistas para maximizar a absor\u00e7\u00e3o de nutrientes.","breadcrumb":{"@id":"https:\/\/www.correiobraziliense.com.br\/cbradar\/esses-sao-os-6-alimentos-que-podem-te-ajudar-a-viver-mais\/#breadcrumb"},"inLanguage":"pt-BR","potentialAction":[{"@type":"ReadAction","target":["https:\/\/www.correiobraziliense.com.br\/cbradar\/esses-sao-os-6-alimentos-que-podem-te-ajudar-a-viver-mais\/"]}]},{"@type":"ImageObject","inLanguage":"pt-BR","@id":"https:\/\/www.correiobraziliense.com.br\/cbradar\/esses-sao-os-6-alimentos-que-podem-te-ajudar-a-viver-mais\/#primaryimage","url":"https:\/\/www.correiobraziliense.com.br\/cbradar\/wp-content\/uploads\/2025\/05\/alimentos_1747653934176.jpg","contentUrl":"https:\/\/www.correiobraziliense.com.br\/cbradar\/wp-content\/uploads\/2025\/05\/alimentos_1747653934176.jpg","width":1280,"height":720,"caption":"alimentos. Cr\u00e9ditos: depositphotos.com \/ VadimVasenin"},{"@type":"BreadcrumbList","@id":"https:\/\/www.correiobraziliense.com.br\/cbradar\/esses-sao-os-6-alimentos-que-podem-te-ajudar-a-viver-mais\/#breadcrumb","itemListElement":[{"@type":"ListItem","position":1,"name":"In\u00edcio","item":"https:\/\/www.correiobraziliense.com.br\/cbradar\/"},{"@type":"ListItem","position":2,"name":"Esses s\u00e3o os 6 alimentos que podem te ajudar a viver mais"}]},{"@type":"WebSite","@id":"https:\/\/www.correiobraziliense.com.br\/cbradar\/#website","url":"https:\/\/www.correiobraziliense.com.br\/cbradar\/","name":"Correio Braziliense - Radar","description":"Acompanhe as \u00faltimas not\u00edcias e fique bem informado sobre tudo o que acontece no Brasil e no mundo.","potentialAction":[{"@type":"SearchAction","target":{"@type":"EntryPoint","urlTemplate":"https:\/\/www.correiobraziliense.com.br\/cbradar\/?s={search_term_string}"},"query-input":{"@type":"PropertyValueSpecification","valueRequired":true,"valueName":"search_term_string"}}],"inLanguage":"pt-BR"},{"@type":"Person","@id":"https:\/\/www.correiobraziliense.com.br\/cbradar\/#\/schema\/person\/58422787644df994b53a19d3e56c1513","name":"Larissa Carvalho","image":{"@type":"ImageObject","inLanguage":"pt-BR","@id":"https:\/\/www.correiobraziliense.com.br\/cbradar\/#\/schema\/person\/image\/","url":"https:\/\/secure.gravatar.com\/avatar\/fe4f91a0de32b52a838d0d612abdc1aa?s=96&d=mm&r=g","contentUrl":"https:\/\/secure.gravatar.com\/avatar\/fe4f91a0de32b52a838d0d612abdc1aa?s=96&d=mm&r=g","caption":"Larissa Carvalho"},"url":"https:\/\/www.correiobraziliense.com.br\/cbradar\/author\/larissamyth\/"}]}},"_links":{"self":[{"href":"https:\/\/www.correiobraziliense.com.br\/cbradar\/wp-json\/wp\/v2\/posts\/39298","targetHints":{"allow":["GET"]}}],"collection":[{"href":"https:\/\/www.correiobraziliense.com.br\/cbradar\/wp-json\/wp\/v2\/posts"}],"about":[{"href":"https:\/\/www.correiobraziliense.com.br\/cbradar\/wp-json\/wp\/v2\/types\/post"}],"author":[{"embeddable":true,"href":"https:\/\/www.correiobraziliense.com.br\/cbradar\/wp-json\/wp\/v2\/users\/3"}],"replies":[{"embeddable":true,"href":"https:\/\/www.correiobraziliense.com.br\/cbradar\/wp-json\/wp\/v2\/comments?post=39298"}],"version-history":[{"count":2,"href":"https:\/\/www.correiobraziliense.com.br\/cbradar\/wp-json\/wp\/v2\/posts\/39298\/revisions"}],"predecessor-version":[{"id":39302,"href":"https:\/\/www.correiobraziliense.com.br\/cbradar\/wp-json\/wp\/v2\/posts\/39298\/revisions\/39302"}],"wp:featuredmedia":[{"embeddable":true,"href":"https:\/\/www.correiobraziliense.com.br\/cbradar\/wp-json\/wp\/v2\/media\/39300"}],"wp:attachment":[{"href":"https:\/\/www.correiobraziliense.com.br\/cbradar\/wp-json\/wp\/v2\/media?parent=39298"}],"wp:term":[{"taxonomy":"category","embeddable":true,"href":"https:\/\/www.correiobraziliense.com.br\/cbradar\/wp-json\/wp\/v2\/categories?post=39298"},{"taxonomy":"post_tag","embeddable":true,"href":"https:\/\/www.correiobraziliense.com.br\/cbradar\/wp-json\/wp\/v2\/tags?post=39298"}],"curies":[{"name":"wp","href":"https:\/\/api.w.org\/{rel}","templated":true}]}}