{"id":39303,"date":"2025-05-20T10:23:00","date_gmt":"2025-05-20T13:23:00","guid":{"rendered":"https:\/\/www.correiobraziliense.com.br\/cbradar\/?p=39303"},"modified":"2025-05-19T11:07:39","modified_gmt":"2025-05-19T14:07:39","slug":"vitamina-essencial-que-pode-ser-dissolvida-em-agua-e-ingerida-de-maneira-simples","status":"publish","type":"post","link":"https:\/\/www.correiobraziliense.com.br\/cbradar\/vitamina-essencial-que-pode-ser-dissolvida-em-agua-e-ingerida-de-maneira-simples\/","title":{"rendered":"Vitamina essencial que pode ser dissolvida em \u00e1gua e ingerida de maneira simples"},"content":{"rendered":"\n<p>A <strong><a href=\"https:\/\/pt.wikipedia.org\/wiki\/Niacina\" target=\"_blank\" rel=\"noreferrer noopener\">niacina<\/a><\/strong>, conhecida como <strong>vitamina B3<\/strong>, \u00e9 uma vitamina essencial do complexo b, sol\u00favel em \u00e1gua, que desempenha papel vital no <strong>metabolismo energ\u00e9tico<\/strong> do corpo. Ela \u00e9 convertida em <strong>coenzimas<\/strong> importantes, como NAD (dinucleot\u00eddeo de nicotinamida e adenina) e nadp (fosfato de dinucleot\u00eddeo de nicotinamida e adenina), que participam de centenas de rea\u00e7\u00f5es <strong>enzim\u00e1ticas<\/strong>, principalmente na convers\u00e3o de carboidratos, gorduras e prote\u00ednas em <strong>energia<\/strong>. Embora sua fun\u00e7\u00e3o no <strong>metabolismo energ\u00e9tico<\/strong> seja fundamental, a <strong>niacina<\/strong> tamb\u00e9m possui benef\u00edcios menos conhecidos para a <strong><a href=\"https:\/\/www.correiobraziliense.com.br\/cbradar\/hormonio-que-e-produzido-naturalmente-pelo-corpo-e-seus-segredos-que-quase-ninguem-sabe\/\" target=\"_blank\" rel=\"noreferrer noopener\">sa\u00fade <\/a>da pele<\/strong> e um efeito bem documentado, em doses mais altas, no manejo do <strong>colesterol<\/strong>. No entanto, o uso de <strong>niacina<\/strong> em doses elevadas, especialmente para o <strong>colesterol<\/strong>, \u00e9 cercado por nuances, potenciais <strong>efeitos colaterais<\/strong> e requer <strong>supervis\u00e3o m\u00e9dica<\/strong>.<\/p>\n\n\n\n<p>Entender as diferentes formas da <strong>niacina<\/strong> (como <strong>\u00e1cido nicot\u00ednico<\/strong> e <strong>nicotinamida<\/strong>), seus usos espec\u00edficos, as <strong>dosagens<\/strong> adequadas e os <strong>mitos<\/strong> que a cercam \u00e9 crucial para aproveitar seus benef\u00edcios de forma <strong>segura<\/strong> e eficaz. Enquanto a <strong>defici\u00eancia<\/strong> severa de <strong>niacina<\/strong> causa <strong>pellagra<\/strong>, uma doen\u00e7a com sintomas dermatol\u00f3gicos, digestivos e <strong>neurol\u00f3gicos<\/strong>, a ingest\u00e3o adequada da <strong>vitamina B3<\/strong> atrav\u00e9s da <strong>alimenta\u00e7\u00e3o<\/strong> \u00e9 geralmente suficiente para prevenir a <strong>defici\u00eancia<\/strong>.<\/p>\n\n\n\n<h2 class=\"wp-block-heading\">Por que a niacina \u00e9 vital para converter alimentos em energia?<\/h2>\n\n\n<div class=\"wp-block-image\">\n<figure class=\"aligncenter size-large\"><img decoding=\"async\" width=\"1024\" height=\"576\" src=\"https:\/\/www.correiobraziliense.com.br\/cbradar\/wp-content\/uploads\/2025\/05\/vitamina-A_1746703566166-1024x576.jpg\" alt=\"Vitamina essencial quem pode ser dissolvida em \u00e1gua e ingerida de maneira simples\" class=\"wp-image-34077\" srcset=\"https:\/\/www.correiobraziliense.com.br\/cbradar\/wp-content\/uploads\/2025\/05\/vitamina-A_1746703566166-1024x576.jpg 1024w, https:\/\/www.correiobraziliense.com.br\/cbradar\/wp-content\/uploads\/2025\/05\/vitamina-A_1746703566166-300x169.jpg 300w, https:\/\/www.correiobraziliense.com.br\/cbradar\/wp-content\/uploads\/2025\/05\/vitamina-A_1746703566166-768x432.jpg 768w, https:\/\/www.correiobraziliense.com.br\/cbradar\/wp-content\/uploads\/2025\/05\/vitamina-A_1746703566166-750x422.jpg 750w, https:\/\/www.correiobraziliense.com.br\/cbradar\/wp-content\/uploads\/2025\/05\/vitamina-A_1746703566166-1140x641.jpg 1140w, https:\/\/www.correiobraziliense.com.br\/cbradar\/wp-content\/uploads\/2025\/05\/vitamina-A_1746703566166.jpg 1280w\" sizes=\"(max-width: 1024px) 100vw, 1024px\" \/><figcaption class=\"wp-element-caption\">Vitamina &#8211; Cr\u00e9ditos: depositphotos.com \/ gustavofrazao<\/figcaption><\/figure><\/div>\n\n\n<p>A <strong>niacina<\/strong> \u00e9 indispens\u00e1vel para o <strong>metabolismo energ\u00e9tico<\/strong> porque \u00e9 o precursor das <strong>coenzimas<\/strong> NAD e nadp. Essas <strong>coenzimas<\/strong> atuam como &#8220;carregadoras&#8221; de el\u00e9trons em rea\u00e7\u00f5es de oxida\u00e7\u00e3o e redu\u00e7\u00e3o que s\u00e3o centrais para a produ\u00e7\u00e3o de <strong>energia<\/strong> a partir dos macronutrientes (carboidratos, gorduras e prote\u00ednas). Sem NAD e nadp suficientes, as c\u00e9lulas n\u00e3o conseguiriam extrair <strong>energia<\/strong> eficientemente dos alimentos.<\/p>\n\n\n\n<p>O NAD participa de vias metab\u00f3licas cruciais como a glic\u00f3lise, o ciclo de Krebs e a fosforila\u00e7\u00e3o oxidativa, que s\u00e3o a base para a produ\u00e7\u00e3o de atp (a &#8220;moeda energ\u00e9tica&#8221; das c\u00e9lulas). O nadp \u00e9 importante em vias como a das pentoses fosfato e a s\u00edntese de \u00e1cidos graxos e esteroides, e tamb\u00e9m na <strong>prote\u00e7\u00e3o antioxidante<\/strong>. A <strong>niacina<\/strong> garante que essas <strong>coenzimas<\/strong> estejam dispon\u00edveis para manter o <strong>metabolismo energ\u00e9tico<\/strong> funcionando sem problemas.<\/p>\n\n\n\n<h2 class=\"wp-block-heading\">De que forma a vitamina B3 (Niacina) beneficia a sa\u00fade e apar\u00eancia da pele?<\/h2>\n\n\n\n<p>A <strong>niacina<\/strong>, particularmente na forma de <strong>nicotinamida<\/strong> (tamb\u00e9m chamada de niacinamida), tem mostrado benef\u00edcios not\u00e1veis para a <strong>sa\u00fade da pele<\/strong>, tanto quando ingerida quanto aplicada topicamente:<\/p>\n\n\n\n<ul class=\"wp-block-list\">\n<li><strong>Melhora da fun\u00e7\u00e3o de barreira da pele:<\/strong> A <strong>nicotinamida<\/strong> ajuda a fortalecer a <strong>barreira cut\u00e2nea<\/strong>, <strong>reduzindo a perda de \u00e1gua<\/strong> transepid\u00e9rmica e aumentando a <strong>hidrata\u00e7\u00e3o<\/strong> da <strong>pele<\/strong>.<\/li>\n\n\n\n<li><strong>Propriedades anti-inflamat\u00f3rias:<\/strong> Pode ajudar a <strong>reduzir a inflama\u00e7\u00e3o<\/strong> na <strong>pele<\/strong>, beneficiando condi\u00e7\u00f5es como acne, <strong>ros\u00e1cea<\/strong> e eczema.<\/li>\n\n\n\n<li><strong>Redu\u00e7\u00e3o da vermelhid\u00e3o:<\/strong> A <strong>nicotinamida<\/strong> pode ajudar a <strong>reduzir a vermelhid\u00e3o<\/strong> associada a condi\u00e7\u00f5es inflamat\u00f3rias da <strong>pele<\/strong>.<\/li>\n\n\n\n<li><strong>Prote\u00e7\u00e3o contra danos solares:<\/strong> Estudos sugerem que a <strong>nicotinamida<\/strong> pode ajudar a reparar o DNA danificado pelos raios uv e <strong>reduzir o risco<\/strong> de certos tipos de c\u00e2ncer de <strong>pele<\/strong> n\u00e3o melanoma.<\/li>\n\n\n\n<li><strong>Pode ajudar na acne:<\/strong> Suas propriedades anti-inflamat\u00f3rias e reguladoras do sebo podem ser ben\u00e9ficas para o manejo da acne.<\/li>\n<\/ul>\n\n\n\n<p>A <strong>nicotinamida<\/strong> \u00e9 frequentemente encontrada em produtos para cuidados com a <strong>pele<\/strong> e suplementos destinados \u00e0 <strong>sa\u00fade dermatol\u00f3gica<\/strong>.<\/p>\n\n\n\n<h2 class=\"wp-block-heading\">O uso de niacina pode realmente ajudar a controlar os n\u00edveis de colesterol?<\/h2>\n\n\n\n<p>Sim, uma <strong>forma<\/strong> espec\u00edfica de <strong>niacina<\/strong>, o <strong>\u00e1cido nicot\u00ednico<\/strong>, \u00e9 um tratamento medicamentoso <strong>eficaz<\/strong> para controlar os n\u00edveis de <strong>colesterol<\/strong>, mas apenas em <strong>altas doses<\/strong> (geralmente entre 1000 mg e 3000 mg por dia) e <strong>sob estrita supervis\u00e3o m\u00e9dica<\/strong>.<\/p>\n\n\n\n<p>O <strong>\u00e1cido nicot\u00ednico<\/strong>, em doses farmacol\u00f3gicas, pode:<\/p>\n\n\n\n<ul class=\"wp-block-list\">\n<li><strong>Reduzir o colesterol LDL (&#8220;ruim&#8221;):<\/strong> Embora n\u00e3o seja t\u00e3o potente quanto as estatinas, pode ajudar a <strong>reduzir o colesterol<\/strong> LDL.<\/li>\n\n\n\n<li><strong>Reduzir os triglicer\u00eddeos:<\/strong> \u00c9 particularmente <strong>eficaz<\/strong> na <strong>redu\u00e7\u00e3o de triglicer\u00eddeos<\/strong> elevados.<\/li>\n\n\n\n<li><strong>Aumentar o colesterol HDL (&#8220;bom&#8221;):<\/strong> A <strong>niacina<\/strong> \u00e9 um dos tratamentos mais <strong>eficazes<\/strong> para aumentar os n\u00edveis de <strong>colesterol<\/strong> HDL.<\/li>\n<\/ul>\n\n\n\n<p>\u00c9 crucial entender que estes <strong>efeitos no colesterol<\/strong> ocorrem apenas com <strong>doses<\/strong> muito maiores do que a <strong>dosagem<\/strong> di\u00e1ria recomendada para prevenir a <strong>defici\u00eancia<\/strong> e s\u00e3o acompanhados por <strong>efeitos colaterais<\/strong> significativos, como o <strong>niacin flush<\/strong> (vermelhid\u00e3o, calor, coceira na <strong>pele<\/strong>) e, em casos raros com doses muito altas, <strong>toxicidade hep\u00e1tica<\/strong>. O uso de <strong>niacina<\/strong> para o <strong>colesterol<\/strong> \u00e9 um tratamento m\u00e9dico que <strong>nunca deve ser iniciado ou ajustado sem a supervis\u00e3o de um m\u00e9dico<\/strong>. A <strong>nicotinamida<\/strong> (a <strong>forma<\/strong> frequentemente usada para a <strong>sa\u00fade da pele<\/strong>) <strong>n\u00e3o<\/strong> tem o mesmo <strong>efeito no colesterol<\/strong> que o <strong>\u00e1cido nicot\u00ednico<\/strong>.<\/p>\n\n\n\n<h2 class=\"wp-block-heading\">Quais s\u00e3o as melhores fontes alimentares de Niacina (Vitamina B3)?<\/h2>\n\n\n\n<p>A <strong>niacina<\/strong> \u00e9 encontrada naturalmente em muitos <strong>alimentos<\/strong> e tamb\u00e9m pode ser sintetizada pelo corpo a partir do amino\u00e1cido triptofano, se a ingest\u00e3o de triptofano for suficiente. As melhores fontes alimentares incluem:<\/p>\n\n\n\n<ul class=\"wp-block-list\">\n<li>Carnes magras (frango, peru)<\/li>\n\n\n\n<li>Peixes (salm\u00e3o, atum)<\/li>\n\n\n\n<li>F\u00edgado bovino e outras carnes de \u00f3rg\u00e3os<\/li>\n\n\n\n<li>Amendoim<\/li>\n\n\n\n<li>Cogumelos<\/li>\n\n\n\n<li>Leguminosas (feij\u00f5es, lentilhas)<\/li>\n\n\n\n<li>Gr\u00e3os integrais e cereais fortificados<\/li>\n\n\n\n<li>Levedura nutricional fortificada<\/li>\n<\/ul>\n\n\n\n<p>A <strong>dosagem<\/strong> di\u00e1ria recomendada (rda) de <strong>niacina<\/strong> para adultos \u00e9 de 14-16 mg (em equivalentes de niacina &#8211; ne) por dia. Essa quantidade \u00e9 facilmente alcan\u00e7ada com uma <strong>dieta<\/strong> equilibrada.<\/p>\n\n\n\n<h2 class=\"wp-block-heading\">Qual a dosagem recomendada de Niacina e existem riscos ou efeitos colaterais?<\/h2>\n\n\n\n<p>A <strong>dosagem<\/strong> di\u00e1ria recomendada (rda) de <strong>niacina<\/strong> para prevenir a <strong>defici\u00eancia<\/strong> (pellagra) \u00e9 de 14-16 mg ne para adultos. O <strong>n\u00edvel de ingest\u00e3o superior toler\u00e1vel (ul)<\/strong> para adultos a partir de suplementos \u00e9 de 35 mg por dia para evitar o <strong>niacin flush<\/strong>.<\/p>\n\n\n\n<p>O <strong>niacin flush<\/strong>, caracterizado por vermelhid\u00e3o, calor, coceira e formigamento na <strong>pele<\/strong>, \u00e9 um <strong>efeito colateral<\/strong> comum do <strong>\u00e1cido nicot\u00ednico<\/strong> em doses acima do ul, mas geralmente inofensivo. No entanto, em doses terap\u00eauticas muito altas para <strong>colesterol<\/strong>, o <strong>\u00e1cido nicot\u00ednico<\/strong> pode causar <strong>efeitos colaterais<\/strong> mais s\u00e9rios, como <strong>toxicidade hep\u00e1tica<\/strong>, aumento do a\u00e7\u00facar no sangue, e <strong>problemas gastrointestinais<\/strong>. A <strong>nicotinamida<\/strong> geralmente n\u00e3o causa o <strong>niacin flush<\/strong>.<\/p>\n\n\n\n<p>Os suplementos de <strong>niacina<\/strong> s\u00e3o geralmente <strong>seguros<\/strong> dentro da <strong>dosagem<\/strong> di\u00e1ria recomendada. <strong>Mega-doses<\/strong> (especialmente de <strong>\u00e1cido nicot\u00ednico<\/strong>) s\u00f3 devem ser usadas sob <strong>estrita supervis\u00e3o m\u00e9dica<\/strong> para o tratamento do <strong>colesterol<\/strong> ou outras condi\u00e7\u00f5es espec\u00edficas, devido aos potenciais <strong>efeitos colaterais<\/strong> e intera\u00e7\u00f5es medicamentosas. A <strong>niacina<\/strong> de <strong>alimentos<\/strong> n\u00e3o \u00e9 associada a riscos de toxicidade.<\/p>\n\n\n\n<p>A <strong>niacina<\/strong> \u00e9 vital para o <strong>metabolismo energ\u00e9tico<\/strong> e tem benef\u00edcios para a <strong>sa\u00fade da pele<\/strong>. Em <strong>altas doses<\/strong> na <strong>forma<\/strong> de <strong>\u00e1cido nicot\u00ednico<\/strong>, \u00e9 um tratamento m\u00e9dico <strong>eficaz<\/strong> para o <strong>colesterol<\/strong>, mas exige <strong>supervis\u00e3o profissional<\/strong> devido aos riscos. Para a maioria das pessoas, obter a <strong>niacina<\/strong> da <strong>alimenta\u00e7\u00e3o<\/strong> \u00e9 suficiente e <strong>seguro<\/strong>.<\/p>\n","protected":false},"excerpt":{"rendered":"<p>A niacina, conhecida como vitamina B3, \u00e9 uma vitamina essencial do complexo b, sol\u00favel em \u00e1gua, que desempenha papel vital no metabolismo energ\u00e9tico do corpo. Ela \u00e9 convertida em coenzimas importantes, como NAD (dinucleot\u00eddeo de nicotinamida e adenina) e nadp (fosfato de dinucleot\u00eddeo de nicotinamida e adenina), que participam de centenas de rea\u00e7\u00f5es enzim\u00e1ticas, principalmente [&hellip;]<\/p>\n","protected":false},"author":11,"featured_media":36700,"comment_status":"open","ping_status":"open","sticky":false,"template":"","format":"standard","meta":{"_yoast_wpseo_focuskw":"Vitamina","_yoast_wpseo_title":"","_yoast_wpseo_metadesc":"Vitamina fundamental que se dissolve em \u00e1gua e pode ser consumida facilmente como parte da sua rotina di\u00e1ria","jnews-multi-image_gallery":[],"jnews_single_post":{"format":"standard"},"jnews_primary_category":[],"jnews_social_meta":[],"jnews_override_counter":[],"footnotes":""},"categories":[119],"tags":[120,565],"class_list":["post-39303","post","type-post","status-publish","format-standard","has-post-thumbnail","hentry","category-bem-estar","tag-bem-estar","tag-saude"],"yoast_head":"<!-- This site is optimized with the Yoast SEO plugin v24.6 - https:\/\/yoast.com\/wordpress\/plugins\/seo\/ -->\n<title>Vitamina essencial que pode ser dissolvida em \u00e1gua e ingerida de maneira simples - Correio Braziliense - Radar<\/title>\n<meta name=\"description\" content=\"Vitamina fundamental que se dissolve em \u00e1gua e pode ser consumida facilmente como parte da sua rotina di\u00e1ria\" \/>\n<meta name=\"robots\" content=\"index, follow, max-snippet:-1, max-image-preview:large, max-video-preview:-1\" \/>\n<link rel=\"canonical\" href=\"https:\/\/www.correiobraziliense.com.br\/cbradar\/vitamina-essencial-que-pode-ser-dissolvida-em-agua-e-ingerida-de-maneira-simples\/\" \/>\n<meta property=\"og:locale\" content=\"pt_BR\" \/>\n<meta property=\"og:type\" content=\"article\" \/>\n<meta property=\"og:title\" content=\"Vitamina essencial que pode ser dissolvida em \u00e1gua e ingerida de maneira simples - Correio Braziliense - Radar\" \/>\n<meta property=\"og:description\" content=\"Vitamina fundamental que se dissolve em \u00e1gua e pode ser consumida facilmente como parte da sua rotina di\u00e1ria\" \/>\n<meta property=\"og:url\" content=\"https:\/\/www.correiobraziliense.com.br\/cbradar\/vitamina-essencial-que-pode-ser-dissolvida-em-agua-e-ingerida-de-maneira-simples\/\" \/>\n<meta property=\"og:site_name\" content=\"Correio Braziliense - Radar\" \/>\n<meta property=\"article:published_time\" content=\"2025-05-20T13:23:00+00:00\" \/>\n<meta property=\"og:image\" content=\"https:\/\/www.correiobraziliense.com.br\/cbradar\/wp-content\/uploads\/2025\/05\/Vitamina_1747224320525.jpg\" \/>\n\t<meta property=\"og:image:width\" content=\"1280\" \/>\n\t<meta property=\"og:image:height\" content=\"720\" \/>\n\t<meta property=\"og:image:type\" content=\"image\/jpeg\" \/>\n<meta name=\"author\" content=\"Paulo Custodio\" \/>\n<meta name=\"twitter:card\" content=\"summary_large_image\" \/>\n<meta name=\"twitter:label1\" content=\"Escrito por\" \/>\n\t<meta name=\"twitter:data1\" content=\"Paulo Custodio\" \/>\n\t<meta name=\"twitter:label2\" content=\"Est. tempo de leitura\" \/>\n\t<meta name=\"twitter:data2\" content=\"7 minutos\" \/>\n<!-- \/ Yoast SEO plugin. -->","yoast_head_json":{"title":"Vitamina essencial que pode ser dissolvida em \u00e1gua e ingerida de maneira simples - Correio Braziliense - Radar","description":"Vitamina fundamental que se dissolve em \u00e1gua e pode ser consumida facilmente como parte da sua rotina di\u00e1ria","robots":{"index":"index","follow":"follow","max-snippet":"max-snippet:-1","max-image-preview":"max-image-preview:large","max-video-preview":"max-video-preview:-1"},"canonical":"https:\/\/www.correiobraziliense.com.br\/cbradar\/vitamina-essencial-que-pode-ser-dissolvida-em-agua-e-ingerida-de-maneira-simples\/","og_locale":"pt_BR","og_type":"article","og_title":"Vitamina essencial que pode ser dissolvida em \u00e1gua e ingerida de maneira simples - Correio Braziliense - Radar","og_description":"Vitamina fundamental que se dissolve em \u00e1gua e pode ser consumida facilmente como parte da sua rotina di\u00e1ria","og_url":"https:\/\/www.correiobraziliense.com.br\/cbradar\/vitamina-essencial-que-pode-ser-dissolvida-em-agua-e-ingerida-de-maneira-simples\/","og_site_name":"Correio Braziliense - Radar","article_published_time":"2025-05-20T13:23:00+00:00","og_image":[{"width":1280,"height":720,"url":"https:\/\/www.correiobraziliense.com.br\/cbradar\/wp-content\/uploads\/2025\/05\/Vitamina_1747224320525.jpg","type":"image\/jpeg"}],"author":"Paulo Custodio","twitter_card":"summary_large_image","twitter_misc":{"Escrito por":"Paulo Custodio","Est. tempo de leitura":"7 minutos"},"schema":{"@context":"https:\/\/schema.org","@graph":[{"@type":"WebPage","@id":"https:\/\/www.correiobraziliense.com.br\/cbradar\/vitamina-essencial-que-pode-ser-dissolvida-em-agua-e-ingerida-de-maneira-simples\/","url":"https:\/\/www.correiobraziliense.com.br\/cbradar\/vitamina-essencial-que-pode-ser-dissolvida-em-agua-e-ingerida-de-maneira-simples\/","name":"Vitamina essencial que pode ser dissolvida em \u00e1gua e ingerida de maneira simples - Correio Braziliense - Radar","isPartOf":{"@id":"https:\/\/www.correiobraziliense.com.br\/cbradar\/#website"},"primaryImageOfPage":{"@id":"https:\/\/www.correiobraziliense.com.br\/cbradar\/vitamina-essencial-que-pode-ser-dissolvida-em-agua-e-ingerida-de-maneira-simples\/#primaryimage"},"image":{"@id":"https:\/\/www.correiobraziliense.com.br\/cbradar\/vitamina-essencial-que-pode-ser-dissolvida-em-agua-e-ingerida-de-maneira-simples\/#primaryimage"},"thumbnailUrl":"https:\/\/www.correiobraziliense.com.br\/cbradar\/wp-content\/uploads\/2025\/05\/Vitamina_1747224320525.jpg","datePublished":"2025-05-20T13:23:00+00:00","author":{"@id":"https:\/\/www.correiobraziliense.com.br\/cbradar\/#\/schema\/person\/4cec7857301a9a1a2ef249893cd908d3"},"description":"Vitamina fundamental que se dissolve em \u00e1gua e pode ser consumida facilmente como parte da sua rotina di\u00e1ria","breadcrumb":{"@id":"https:\/\/www.correiobraziliense.com.br\/cbradar\/vitamina-essencial-que-pode-ser-dissolvida-em-agua-e-ingerida-de-maneira-simples\/#breadcrumb"},"inLanguage":"pt-BR","potentialAction":[{"@type":"ReadAction","target":["https:\/\/www.correiobraziliense.com.br\/cbradar\/vitamina-essencial-que-pode-ser-dissolvida-em-agua-e-ingerida-de-maneira-simples\/"]}]},{"@type":"ImageObject","inLanguage":"pt-BR","@id":"https:\/\/www.correiobraziliense.com.br\/cbradar\/vitamina-essencial-que-pode-ser-dissolvida-em-agua-e-ingerida-de-maneira-simples\/#primaryimage","url":"https:\/\/www.correiobraziliense.com.br\/cbradar\/wp-content\/uploads\/2025\/05\/Vitamina_1747224320525.jpg","contentUrl":"https:\/\/www.correiobraziliense.com.br\/cbradar\/wp-content\/uploads\/2025\/05\/Vitamina_1747224320525.jpg","width":1280,"height":720,"caption":"Vitamina - Cr\u00e9ditos: depositphotos.com \/ VadimVasenin"},{"@type":"BreadcrumbList","@id":"https:\/\/www.correiobraziliense.com.br\/cbradar\/vitamina-essencial-que-pode-ser-dissolvida-em-agua-e-ingerida-de-maneira-simples\/#breadcrumb","itemListElement":[{"@type":"ListItem","position":1,"name":"In\u00edcio","item":"https:\/\/www.correiobraziliense.com.br\/cbradar\/"},{"@type":"ListItem","position":2,"name":"Vitamina essencial que pode ser dissolvida em \u00e1gua e ingerida de maneira simples"}]},{"@type":"WebSite","@id":"https:\/\/www.correiobraziliense.com.br\/cbradar\/#website","url":"https:\/\/www.correiobraziliense.com.br\/cbradar\/","name":"Correio Braziliense - Radar","description":"Acompanhe as \u00faltimas not\u00edcias e fique bem informado sobre tudo o que acontece no Brasil e no mundo.","potentialAction":[{"@type":"SearchAction","target":{"@type":"EntryPoint","urlTemplate":"https:\/\/www.correiobraziliense.com.br\/cbradar\/?s={search_term_string}"},"query-input":{"@type":"PropertyValueSpecification","valueRequired":true,"valueName":"search_term_string"}}],"inLanguage":"pt-BR"},{"@type":"Person","@id":"https:\/\/www.correiobraziliense.com.br\/cbradar\/#\/schema\/person\/4cec7857301a9a1a2ef249893cd908d3","name":"Paulo Custodio","image":{"@type":"ImageObject","inLanguage":"pt-BR","@id":"https:\/\/www.correiobraziliense.com.br\/cbradar\/#\/schema\/person\/image\/","url":"https:\/\/secure.gravatar.com\/avatar\/bcd67168d1534e8fcf4f45c726a87cea?s=96&d=mm&r=g","contentUrl":"https:\/\/secure.gravatar.com\/avatar\/bcd67168d1534e8fcf4f45c726a87cea?s=96&d=mm&r=g","caption":"Paulo Custodio"},"sameAs":["https:\/\/www.correiobraziliense.com.br\/cbradar"],"url":"https:\/\/www.correiobraziliense.com.br\/cbradar\/author\/paulomyth\/"}]}},"_links":{"self":[{"href":"https:\/\/www.correiobraziliense.com.br\/cbradar\/wp-json\/wp\/v2\/posts\/39303","targetHints":{"allow":["GET"]}}],"collection":[{"href":"https:\/\/www.correiobraziliense.com.br\/cbradar\/wp-json\/wp\/v2\/posts"}],"about":[{"href":"https:\/\/www.correiobraziliense.com.br\/cbradar\/wp-json\/wp\/v2\/types\/post"}],"author":[{"embeddable":true,"href":"https:\/\/www.correiobraziliense.com.br\/cbradar\/wp-json\/wp\/v2\/users\/11"}],"replies":[{"embeddable":true,"href":"https:\/\/www.correiobraziliense.com.br\/cbradar\/wp-json\/wp\/v2\/comments?post=39303"}],"version-history":[{"count":3,"href":"https:\/\/www.correiobraziliense.com.br\/cbradar\/wp-json\/wp\/v2\/posts\/39303\/revisions"}],"predecessor-version":[{"id":39364,"href":"https:\/\/www.correiobraziliense.com.br\/cbradar\/wp-json\/wp\/v2\/posts\/39303\/revisions\/39364"}],"wp:featuredmedia":[{"embeddable":true,"href":"https:\/\/www.correiobraziliense.com.br\/cbradar\/wp-json\/wp\/v2\/media\/36700"}],"wp:attachment":[{"href":"https:\/\/www.correiobraziliense.com.br\/cbradar\/wp-json\/wp\/v2\/media?parent=39303"}],"wp:term":[{"taxonomy":"category","embeddable":true,"href":"https:\/\/www.correiobraziliense.com.br\/cbradar\/wp-json\/wp\/v2\/categories?post=39303"},{"taxonomy":"post_tag","embeddable":true,"href":"https:\/\/www.correiobraziliense.com.br\/cbradar\/wp-json\/wp\/v2\/tags?post=39303"}],"curies":[{"name":"wp","href":"https:\/\/api.w.org\/{rel}","templated":true}]}}