{"id":39306,"date":"2025-05-20T13:23:00","date_gmt":"2025-05-20T16:23:00","guid":{"rendered":"https:\/\/www.correiobraziliense.com.br\/cbradar\/?p=39306"},"modified":"2025-05-19T10:58:01","modified_gmt":"2025-05-19T13:58:01","slug":"uma-pratica-comum-que-pode-mudar-tudo-na-saude-do-seu-coracao-e-musculos","status":"publish","type":"post","link":"https:\/\/www.correiobraziliense.com.br\/cbradar\/uma-pratica-comum-que-pode-mudar-tudo-na-saude-do-seu-coracao-e-musculos\/","title":{"rendered":"Uma pr\u00e1tica comum que pode mudar tudo na sa\u00fade do seu cora\u00e7\u00e3o e m\u00fasculos"},"content":{"rendered":"\n<p>A <a href=\"https:\/\/pt.wikipedia.org\/wiki\/Dan\u00e7a\" target=\"_blank\" rel=\"noreferrer noopener\"><strong>dan\u00e7a<\/strong> <\/a>\u00e9 uma express\u00e3o universal da cultura humana, uma forma de arte, celebra\u00e7\u00e3o e, fundamentalmente, uma atividade f\u00edsica poderosa com uma vasta gama de benef\u00edcios para a <strong>sa\u00fade<\/strong> que v\u00e3o muito al\u00e9m do corpo. Ao combinar movimento, <strong>ritmo<\/strong>, <strong>m\u00fasica<\/strong> e, frequentemente, intera\u00e7\u00e3o com outras pessoas, a <strong>dan\u00e7a<\/strong> envolve o indiv\u00edduo de forma completa \u2013 f\u00edsica, mental e socialmente. Longe da ideia de ser apenas um hobby ou uma performance art\u00edstica, a <strong>dan\u00e7a<\/strong> regular \u00e9 um exerc\u00edcio <strong>aer\u00f3bico<\/strong> eficaz que melhora a <strong><a href=\"https:\/\/www.correiobraziliense.com.br\/cbradar\/hormonio-que-e-produzido-naturalmente-pelo-corpo-e-seus-segredos-que-quase-ninguem-sabe\/\" target=\"_blank\" rel=\"noreferrer noopener\">sa\u00fade <\/a>cardiovascular<\/strong>, a <strong>for\u00e7a muscular<\/strong>, a <strong>flexibilidade<\/strong>, a <strong>coordena\u00e7\u00e3o<\/strong> e o <strong>equil\u00edbrio<\/strong>. Mas seus superpoderes n\u00e3o param por a\u00ed; ela \u00e9 uma aliada not\u00e1vel para a <strong>sa\u00fade mental<\/strong>, atuando na <strong>redu\u00e7\u00e3o do estresse<\/strong> e na melhoria do <strong>humor<\/strong>, e uma ferramenta poderosa para construir e manter <strong>conex\u00f5es sociais<\/strong>, combatendo o <strong>isolamento social<\/strong>.<\/p>\n\n\n\n<p>A beleza da <strong>dan\u00e7a<\/strong> reside na sua acessibilidade e diversidade. Existem in\u00fameros estilos, ritmos e formas de praticar, adequados para todas as idades, n\u00edveis de condicionamento f\u00edsico e prefer\u00eancias. Seja em uma aula de <strong>dan\u00e7a<\/strong> de sal\u00e3o, uma sess\u00e3o de Zumba, um est\u00fadio de bal\u00e9 para adultos ou simplesmente dan\u00e7ando livremente em casa, os benef\u00edcios s\u00e3o vastos e acess\u00edveis a todos que se permitirem mover ao ritmo da <strong>m\u00fasica<\/strong>. Explorar a amplitude desses benef\u00edcios revela por que a <strong>dan\u00e7a<\/strong> \u00e9 uma atividade t\u00e3o rica e recompensadora para o bem-estar integral.<\/p>\n\n\n\n<h2 class=\"wp-block-heading\">Que benef\u00edcios f\u00edsicos a dan\u00e7a oferece, sendo uma atividade t\u00e3o completa?<\/h2>\n\n\n<div class=\"wp-block-image\">\n<figure class=\"aligncenter size-large\"><img decoding=\"async\" width=\"1024\" height=\"576\" src=\"https:\/\/www.correiobraziliense.com.br\/cbradar\/wp-content\/uploads\/2025\/05\/danca_1747659745235-1024x576.jpg\" alt=\"Uma pr\u00e1tica comum que pode mudar tudo na sa\u00fade do seu cora\u00e7\u00e3o e m\u00fasculos\" class=\"wp-image-39341\" srcset=\"https:\/\/www.correiobraziliense.com.br\/cbradar\/wp-content\/uploads\/2025\/05\/danca_1747659745235-1024x576.jpg 1024w, https:\/\/www.correiobraziliense.com.br\/cbradar\/wp-content\/uploads\/2025\/05\/danca_1747659745235-300x169.jpg 300w, https:\/\/www.correiobraziliense.com.br\/cbradar\/wp-content\/uploads\/2025\/05\/danca_1747659745235-768x432.jpg 768w, https:\/\/www.correiobraziliense.com.br\/cbradar\/wp-content\/uploads\/2025\/05\/danca_1747659745235-750x422.jpg 750w, https:\/\/www.correiobraziliense.com.br\/cbradar\/wp-content\/uploads\/2025\/05\/danca_1747659745235-1140x641.jpg 1140w, https:\/\/www.correiobraziliense.com.br\/cbradar\/wp-content\/uploads\/2025\/05\/danca_1747659745235.jpg 1280w\" sizes=\"(max-width: 1024px) 100vw, 1024px\" \/><figcaption class=\"wp-element-caption\">Dan\u00e7a &#8211; Cr\u00e9ditos: depositphotos.com \/ VitalikRadko<\/figcaption><\/figure><\/div>\n\n\n<p>A <strong>dan\u00e7a<\/strong> \u00e9 uma atividade f\u00edsica completa que trabalha o corpo de forma integrada:<\/p>\n\n\n\n<ul class=\"wp-block-list\">\n<li><strong>Sa\u00fade Cardiovascular:<\/strong> A <strong>dan\u00e7a<\/strong> eleva a frequ\u00eancia card\u00edaca de forma sustentada, sendo um excelente exerc\u00edcio <strong>aer\u00f3bico<\/strong> que fortalece o <strong>cora\u00e7\u00e3o<\/strong> e os <strong>pulm\u00f5es<\/strong>, melhora a circula\u00e7\u00e3o e <strong>reduz o risco<\/strong> de doen\u00e7as <strong>cardiovasculares<\/strong>.<\/li>\n\n\n\n<li><strong>For\u00e7a Muscular:<\/strong> Muitos estilos de <strong>dan\u00e7a<\/strong> utilizam o peso corporal para <strong>fortalecer<\/strong> os m\u00fasculos das pernas, <strong>gl\u00fateos<\/strong>, <strong>core<\/strong> e parte superior do corpo.<\/li>\n\n\n\n<li><strong>Flexibilidade e Amplitude de Movimento:<\/strong> Os movimentos amplos e fluidos da <strong>dan\u00e7a<\/strong> aumentam a <strong>flexibilidade<\/strong> e a <strong>amplitude de movimento<\/strong> nas articula\u00e7\u00f5es.<\/li>\n\n\n\n<li><strong>Coordena\u00e7\u00e3o e Agilidade:<\/strong> A <strong>dan\u00e7a<\/strong> exige <strong>coordena\u00e7\u00e3o<\/strong> entre <strong>bra\u00e7os<\/strong> e pernas e a capacidade de mudar de dire\u00e7\u00e3o rapidamente.<\/li>\n\n\n\n<li><strong>Equil\u00edbrio:<\/strong> Manter o <strong>equil\u00edbrio<\/strong> em diferentes posturas e movimentos \u00e9 fundamental na <strong>dan\u00e7a<\/strong>.<\/li>\n\n\n\n<li><strong>Controle de Peso:<\/strong> A <strong>dan\u00e7a<\/strong> queima calorias, auxiliando no controle de peso quando combinada com uma dieta <strong>saud\u00e1vel<\/strong>.<\/li>\n\n\n\n<li><strong>Sa\u00fade \u00d3ssea:<\/strong> A <strong>dan\u00e7a<\/strong> de impacto (em certos estilos) \u00e9 um exerc\u00edcio de sustenta\u00e7\u00e3o de peso que contribui para a <strong>densidade \u00f3ssea<\/strong>.<\/li>\n<\/ul>\n\n\n\n<p>A <strong>dan\u00e7a<\/strong> melhora o <strong>condicionamento f\u00edsico<\/strong> geral de forma divertida.<\/p>\n\n\n\n<h2 class=\"wp-block-heading\">Como a dan\u00e7a, que combina movimento e express\u00e3o, impacta nossa sa\u00fade mental?<\/h2>\n\n\n\n<p>A <strong>dan\u00e7a<\/strong> \u00e9 uma forma poderosa de express\u00e3o e um excelente gerenciador de <strong>estresse<\/strong>, com benef\u00edcios significativos para a <strong>sa\u00fade mental<\/strong>:<\/p>\n\n\n\n<ul class=\"wp-block-list\">\n<li><strong>Redu\u00e7\u00e3o do estresse e da ansiedade:<\/strong> O movimento f\u00edsico libera <strong>endorfinas<\/strong>, que promovem bem-estar. A <strong>dan\u00e7a<\/strong> permite liberar <strong>tens\u00e3o<\/strong> f\u00edsica e emocional acumulada. O foco na <strong>m\u00fasica<\/strong> e no <strong>ritmo<\/strong> pode ser meditativo.<\/li>\n\n\n\n<li><strong>Melhora do humor:<\/strong> A combina\u00e7\u00e3o de <strong>exerc\u00edcio f\u00edsico<\/strong>, <strong>m\u00fasica<\/strong> e express\u00e3o <strong>criativa<\/strong> eleva o <strong>humor<\/strong>.<\/li>\n\n\n\n<li><strong>Aumento da autoestima e autoconfian\u00e7a:<\/strong> Aprender novos passos, dominar coreografias e expressar-se atrav\u00e9s do movimento pode aumentar a <strong>confian\u00e7a<\/strong> no pr\u00f3prio corpo e nas pr\u00f3prias capacidades.<\/li>\n\n\n\n<li><strong>Al\u00edvio dos sintomas de depress\u00e3o:<\/strong> A <strong>dan\u00e7a<\/strong> regular tem sido associada \u00e0 <strong>redu\u00e7\u00e3o dos sintomas<\/strong> de <strong>depress\u00e3o<\/strong>.<\/li>\n\n\n\n<li><strong>Benef\u00edcios cognitivos:<\/strong> Memorizar passos e sequ\u00eancias de <strong>dan\u00e7a<\/strong> estimula o c\u00e9rebro, melhorando a <strong>mem\u00f3ria<\/strong> e a <strong>concentra\u00e7\u00e3o<\/strong>. A <strong>dan\u00e7a<\/strong> que exige <strong>coordena\u00e7\u00e3o<\/strong> e ritmo desafia diferentes \u00e1reas do c\u00e9rebro.<\/li>\n\n\n\n<li><strong>Criatividade e express\u00e3o:<\/strong> A <strong>dan\u00e7a<\/strong> oferece uma sa\u00edda <strong>criativa<\/strong> e emocional.<\/li>\n<\/ul>\n\n\n\n<p>A <strong>dan\u00e7a<\/strong> nutre a mente e as emo\u00e7\u00f5es.<\/p>\n\n\n\n<h2 class=\"wp-block-heading\">De que forma dan\u00e7ar pode ser uma ferramenta poderosa para a sa\u00fade social?<\/h2>\n\n\n\n<p>A <strong>dan\u00e7a<\/strong> \u00e9 frequentemente uma atividade social, proporcionando benef\u00edcios importantes para a <strong>sa\u00fade social<\/strong>:<\/p>\n\n\n\n<ul class=\"wp-block-list\">\n<li><strong>Constru\u00e7\u00e3o de conex\u00f5es:<\/strong> Aulas de <strong>dan\u00e7a<\/strong>, grupos de <strong>dan\u00e7a<\/strong> e eventos sociais de <strong>dan\u00e7a<\/strong> s\u00e3o \u00f3timas oportunidades para conhecer novas pessoas e construir amizades.<\/li>\n\n\n\n<li><strong>Senso de pertencimento:<\/strong> Fazer parte de um grupo de <strong>dan\u00e7a<\/strong> ou de uma comunidade de <strong>dan\u00e7a<\/strong> cria um senso de pertencimento e apoio social.<\/li>\n\n\n\n<li><strong>Redu\u00e7\u00e3o do isolamento social:<\/strong> Para pessoas que podem se sentir isoladas, a <strong>dan\u00e7a<\/strong> oferece uma forma divertida e envolvente de interagir socialmente.<\/li>\n\n\n\n<li><strong>Melhora das habilidades sociais:<\/strong> A <strong>dan\u00e7a<\/strong> de sal\u00e3o e outros estilos de <strong>dan\u00e7a<\/strong> em par exigem <strong>comunica\u00e7\u00e3o<\/strong> e <strong>coordena\u00e7\u00e3o<\/strong> com um parceiro.<\/li>\n\n\n\n<li><strong>Divers\u00e3o compartilhada:<\/strong> Compartilhar a alegria e a <strong>energia<\/strong> da <strong>dan\u00e7a<\/strong> com outros cria experi\u00eancias positivas.<\/li>\n<\/ul>\n\n\n\n<p>A <strong>dan\u00e7a<\/strong> combate o <strong>isolamento social<\/strong> e fortalece os la\u00e7os comunit\u00e1rios.<\/p>\n\n\n\n<h2 class=\"wp-block-heading\">Quais estilos de dan\u00e7a s\u00e3o mais indicados para iniciantes e para diferentes objetivos de sa\u00fade?<\/h2>\n\n\n\n<p>A beleza da <strong>dan\u00e7a<\/strong> \u00e9 sua diversidade, com op\u00e7\u00f5es para todos:<\/p>\n\n\n\n<ul class=\"wp-block-list\">\n<li><strong>Para iniciantes:<\/strong> Estilos que focam em movimentos b\u00e1sicos e <strong>ritmo<\/strong>, como Zumba, dan\u00e7a livre, aulas introdut\u00f3rias de <strong>dan\u00e7a<\/strong> de sal\u00e3o ou <strong>dan\u00e7a<\/strong> moderna.<\/li>\n\n\n\n<li><strong>Para sa\u00fade cardiovascular:<\/strong> Estilos que envolvem movimentos cont\u00ednuos e elevados, como Zumba, <strong>dan\u00e7a<\/strong> aer\u00f3bica, <strong>dan\u00e7a<\/strong> moderna.<\/li>\n\n\n\n<li><strong>Para for\u00e7a e flexibilidade:<\/strong> Estilos que incluem <strong>exerc\u00edcios<\/strong> de <strong>fortalecimento<\/strong> e <strong>alongamento<\/strong>, como bal\u00e9 (para adultos iniciantes), <strong>dan\u00e7a<\/strong> contempor\u00e2nea, certos tipos de <strong>dan\u00e7a<\/strong> moderna.<\/li>\n\n\n\n<li><strong>Para equil\u00edbrio e coordena\u00e7\u00e3o:<\/strong> Quase todos os estilos de <strong>dan\u00e7a<\/strong> melhoram esses aspectos, mas a <strong>dan\u00e7a<\/strong> de sal\u00e3o e o bal\u00e9 s\u00e3o particularmente bons.<\/li>\n\n\n\n<li><strong>Para foco social:<\/strong> Aulas de <strong>dan\u00e7a<\/strong> de sal\u00e3o, forr\u00f3, salsa, zouk, <strong>dan\u00e7a<\/strong> em grupo.<\/li>\n<\/ul>\n\n\n\n<p>Escolha um estilo que ressoe com voc\u00ea e que seja prazeroso.<\/p>\n\n\n\n<h2 class=\"wp-block-heading\">Como integrar a dan\u00e7a na sua rotina e fazer dela um h\u00e1bito de longo prazo?<\/h2>\n\n\n\n<p>Integrar a <strong>dan\u00e7a<\/strong> na sua rotina pode ser simples e divertido:<\/p>\n\n\n\n<ul class=\"wp-block-list\">\n<li><strong>Encontre aulas locais:<\/strong> Procure est\u00fadios de <strong>dan\u00e7a<\/strong>, academias ou centros comunit\u00e1rios que ofere\u00e7am aulas de estilos que lhe interessem.<\/li>\n\n\n\n<li><strong>Use recursos online:<\/strong> Existem in\u00fameros v\u00eddeos e aulas de <strong>dan\u00e7a<\/strong> online para todos os n\u00edveis e estilos.<\/li>\n\n\n\n<li><strong>Comece devagar:<\/strong> Se voc\u00ea \u00e9 iniciante, comece com aulas para iniciantes ou sess\u00f5es mais curtas.<\/li>\n\n\n\n<li><strong>Seja consistente:<\/strong> Tente dan\u00e7ar regularmente, mesmo que por 15-20 minutos por dia. A <strong>consist\u00eancia<\/strong> \u00e9 a chave.<\/li>\n\n\n\n<li><strong>Fa\u00e7a ser divertido:<\/strong> Escolha a <strong>m\u00fasica<\/strong> que voc\u00ea ama e o estilo que lhe traz alegria.<\/li>\n\n\n\n<li><strong>Dance em casa:<\/strong> N\u00e3o tenha medo de dan\u00e7ar livremente em casa ao som da sua <strong>m\u00fasica<\/strong> favorita.<\/li>\n\n\n\n<li><strong>Convide amigos:<\/strong> Dan\u00e7ar com amigos pode tornar a atividade mais social e motivadora.<\/li>\n<\/ul>\n\n\n\n<p>Transformar a <strong>dan\u00e7a<\/strong> em um <strong>h\u00e1bito<\/strong> de longo prazo trar\u00e1 <strong>benef\u00edcios<\/strong> cont\u00ednuos para sua <strong>sa\u00fade f\u00edsica<\/strong>, <strong>mental<\/strong> e <strong>social<\/strong>, adicionando alegria e <strong>energia<\/strong> \u00e0 sua vida.<\/p>\n","protected":false},"excerpt":{"rendered":"<p>A dan\u00e7a \u00e9 uma express\u00e3o universal da cultura humana, uma forma de arte, celebra\u00e7\u00e3o e, fundamentalmente, uma atividade f\u00edsica poderosa com uma vasta gama de benef\u00edcios para a sa\u00fade que v\u00e3o muito al\u00e9m do corpo. Ao combinar movimento, ritmo, m\u00fasica e, frequentemente, intera\u00e7\u00e3o com outras pessoas, a dan\u00e7a envolve o indiv\u00edduo de forma completa \u2013 [&hellip;]<\/p>\n","protected":false},"author":11,"featured_media":11130,"comment_status":"open","ping_status":"open","sticky":false,"template":"","format":"standard","meta":{"_yoast_wpseo_focuskw":"Dan\u00e7a","_yoast_wpseo_title":"","_yoast_wpseo_metadesc":"Pr\u00e1tica rotineira e acess\u00edvel que pode trazer grandes benef\u00edcios para a sa\u00fade do cora\u00e7\u00e3o e dos m\u00fasculos","jnews-multi-image_gallery":[],"jnews_single_post":{"format":"standard"},"jnews_primary_category":[],"jnews_social_meta":[],"jnews_override_counter":[],"footnotes":""},"categories":[119],"tags":[120,565],"class_list":["post-39306","post","type-post","status-publish","format-standard","has-post-thumbnail","hentry","category-bem-estar","tag-bem-estar","tag-saude"],"yoast_head":"<!-- This site is optimized with the Yoast SEO plugin v24.6 - https:\/\/yoast.com\/wordpress\/plugins\/seo\/ -->\n<title>Uma pr\u00e1tica comum que pode mudar tudo na sa\u00fade do seu cora\u00e7\u00e3o e m\u00fasculos - Correio Braziliense - Radar<\/title>\n<meta name=\"description\" content=\"Pr\u00e1tica rotineira e acess\u00edvel que pode trazer grandes benef\u00edcios para a sa\u00fade do cora\u00e7\u00e3o e dos m\u00fasculos\" \/>\n<meta name=\"robots\" content=\"index, follow, max-snippet:-1, max-image-preview:large, max-video-preview:-1\" \/>\n<link rel=\"canonical\" href=\"https:\/\/www.correiobraziliense.com.br\/cbradar\/uma-pratica-comum-que-pode-mudar-tudo-na-saude-do-seu-coracao-e-musculos\/\" \/>\n<meta property=\"og:locale\" content=\"pt_BR\" \/>\n<meta property=\"og:type\" content=\"article\" \/>\n<meta property=\"og:title\" content=\"Uma pr\u00e1tica comum que pode mudar tudo na sa\u00fade do seu cora\u00e7\u00e3o e m\u00fasculos - Correio Braziliense - Radar\" \/>\n<meta property=\"og:description\" content=\"Pr\u00e1tica rotineira e acess\u00edvel que pode trazer grandes benef\u00edcios para a sa\u00fade do cora\u00e7\u00e3o e dos m\u00fasculos\" \/>\n<meta property=\"og:url\" content=\"https:\/\/www.correiobraziliense.com.br\/cbradar\/uma-pratica-comum-que-pode-mudar-tudo-na-saude-do-seu-coracao-e-musculos\/\" \/>\n<meta property=\"og:site_name\" content=\"Correio Braziliense - Radar\" \/>\n<meta property=\"article:published_time\" content=\"2025-05-20T16:23:00+00:00\" \/>\n<meta property=\"og:image\" content=\"https:\/\/www.correiobraziliense.com.br\/cbradar\/wp-content\/uploads\/2025\/03\/coracao_1741615463654.jpg\" \/>\n\t<meta property=\"og:image:width\" content=\"1280\" \/>\n\t<meta property=\"og:image:height\" content=\"720\" \/>\n\t<meta property=\"og:image:type\" content=\"image\/jpeg\" \/>\n<meta name=\"author\" content=\"Paulo Custodio\" \/>\n<meta name=\"twitter:card\" content=\"summary_large_image\" \/>\n<meta name=\"twitter:label1\" content=\"Escrito por\" \/>\n\t<meta name=\"twitter:data1\" content=\"Paulo Custodio\" \/>\n\t<meta name=\"twitter:label2\" content=\"Est. tempo de leitura\" \/>\n\t<meta name=\"twitter:data2\" content=\"7 minutos\" \/>\n<!-- \/ Yoast SEO plugin. -->","yoast_head_json":{"title":"Uma pr\u00e1tica comum que pode mudar tudo na sa\u00fade do seu cora\u00e7\u00e3o e m\u00fasculos - Correio Braziliense - Radar","description":"Pr\u00e1tica rotineira e acess\u00edvel que pode trazer grandes benef\u00edcios para a sa\u00fade do cora\u00e7\u00e3o e dos m\u00fasculos","robots":{"index":"index","follow":"follow","max-snippet":"max-snippet:-1","max-image-preview":"max-image-preview:large","max-video-preview":"max-video-preview:-1"},"canonical":"https:\/\/www.correiobraziliense.com.br\/cbradar\/uma-pratica-comum-que-pode-mudar-tudo-na-saude-do-seu-coracao-e-musculos\/","og_locale":"pt_BR","og_type":"article","og_title":"Uma pr\u00e1tica comum que pode mudar tudo na sa\u00fade do seu cora\u00e7\u00e3o e m\u00fasculos - Correio Braziliense - Radar","og_description":"Pr\u00e1tica rotineira e acess\u00edvel que pode trazer grandes benef\u00edcios para a sa\u00fade do cora\u00e7\u00e3o e dos m\u00fasculos","og_url":"https:\/\/www.correiobraziliense.com.br\/cbradar\/uma-pratica-comum-que-pode-mudar-tudo-na-saude-do-seu-coracao-e-musculos\/","og_site_name":"Correio Braziliense - Radar","article_published_time":"2025-05-20T16:23:00+00:00","og_image":[{"width":1280,"height":720,"url":"https:\/\/www.correiobraziliense.com.br\/cbradar\/wp-content\/uploads\/2025\/03\/coracao_1741615463654.jpg","type":"image\/jpeg"}],"author":"Paulo Custodio","twitter_card":"summary_large_image","twitter_misc":{"Escrito por":"Paulo Custodio","Est. tempo de leitura":"7 minutos"},"schema":{"@context":"https:\/\/schema.org","@graph":[{"@type":"WebPage","@id":"https:\/\/www.correiobraziliense.com.br\/cbradar\/uma-pratica-comum-que-pode-mudar-tudo-na-saude-do-seu-coracao-e-musculos\/","url":"https:\/\/www.correiobraziliense.com.br\/cbradar\/uma-pratica-comum-que-pode-mudar-tudo-na-saude-do-seu-coracao-e-musculos\/","name":"Uma pr\u00e1tica comum que pode mudar tudo na sa\u00fade do seu cora\u00e7\u00e3o e m\u00fasculos - Correio Braziliense - Radar","isPartOf":{"@id":"https:\/\/www.correiobraziliense.com.br\/cbradar\/#website"},"primaryImageOfPage":{"@id":"https:\/\/www.correiobraziliense.com.br\/cbradar\/uma-pratica-comum-que-pode-mudar-tudo-na-saude-do-seu-coracao-e-musculos\/#primaryimage"},"image":{"@id":"https:\/\/www.correiobraziliense.com.br\/cbradar\/uma-pratica-comum-que-pode-mudar-tudo-na-saude-do-seu-coracao-e-musculos\/#primaryimage"},"thumbnailUrl":"https:\/\/www.correiobraziliense.com.br\/cbradar\/wp-content\/uploads\/2025\/03\/coracao_1741615463654.jpg","datePublished":"2025-05-20T16:23:00+00:00","author":{"@id":"https:\/\/www.correiobraziliense.com.br\/cbradar\/#\/schema\/person\/4cec7857301a9a1a2ef249893cd908d3"},"description":"Pr\u00e1tica rotineira e acess\u00edvel que pode trazer grandes benef\u00edcios para a sa\u00fade do cora\u00e7\u00e3o e dos m\u00fasculos","breadcrumb":{"@id":"https:\/\/www.correiobraziliense.com.br\/cbradar\/uma-pratica-comum-que-pode-mudar-tudo-na-saude-do-seu-coracao-e-musculos\/#breadcrumb"},"inLanguage":"pt-BR","potentialAction":[{"@type":"ReadAction","target":["https:\/\/www.correiobraziliense.com.br\/cbradar\/uma-pratica-comum-que-pode-mudar-tudo-na-saude-do-seu-coracao-e-musculos\/"]}]},{"@type":"ImageObject","inLanguage":"pt-BR","@id":"https:\/\/www.correiobraziliense.com.br\/cbradar\/uma-pratica-comum-que-pode-mudar-tudo-na-saude-do-seu-coracao-e-musculos\/#primaryimage","url":"https:\/\/www.correiobraziliense.com.br\/cbradar\/wp-content\/uploads\/2025\/03\/coracao_1741615463654.jpg","contentUrl":"https:\/\/www.correiobraziliense.com.br\/cbradar\/wp-content\/uploads\/2025\/03\/coracao_1741615463654.jpg","width":1280,"height":720,"caption":"Cora\u00e7\u00e3o - Cr\u00e9ditos: depositphotos.com \/ Laputin"},{"@type":"BreadcrumbList","@id":"https:\/\/www.correiobraziliense.com.br\/cbradar\/uma-pratica-comum-que-pode-mudar-tudo-na-saude-do-seu-coracao-e-musculos\/#breadcrumb","itemListElement":[{"@type":"ListItem","position":1,"name":"In\u00edcio","item":"https:\/\/www.correiobraziliense.com.br\/cbradar\/"},{"@type":"ListItem","position":2,"name":"Uma pr\u00e1tica comum que pode mudar tudo na sa\u00fade do seu cora\u00e7\u00e3o e m\u00fasculos"}]},{"@type":"WebSite","@id":"https:\/\/www.correiobraziliense.com.br\/cbradar\/#website","url":"https:\/\/www.correiobraziliense.com.br\/cbradar\/","name":"Correio Braziliense - Radar","description":"Acompanhe as \u00faltimas not\u00edcias e fique bem informado sobre tudo o que acontece no Brasil e no mundo.","potentialAction":[{"@type":"SearchAction","target":{"@type":"EntryPoint","urlTemplate":"https:\/\/www.correiobraziliense.com.br\/cbradar\/?s={search_term_string}"},"query-input":{"@type":"PropertyValueSpecification","valueRequired":true,"valueName":"search_term_string"}}],"inLanguage":"pt-BR"},{"@type":"Person","@id":"https:\/\/www.correiobraziliense.com.br\/cbradar\/#\/schema\/person\/4cec7857301a9a1a2ef249893cd908d3","name":"Paulo Custodio","image":{"@type":"ImageObject","inLanguage":"pt-BR","@id":"https:\/\/www.correiobraziliense.com.br\/cbradar\/#\/schema\/person\/image\/","url":"https:\/\/secure.gravatar.com\/avatar\/bcd67168d1534e8fcf4f45c726a87cea?s=96&d=mm&r=g","contentUrl":"https:\/\/secure.gravatar.com\/avatar\/bcd67168d1534e8fcf4f45c726a87cea?s=96&d=mm&r=g","caption":"Paulo Custodio"},"sameAs":["https:\/\/www.correiobraziliense.com.br\/cbradar"],"url":"https:\/\/www.correiobraziliense.com.br\/cbradar\/author\/paulomyth\/"}]}},"_links":{"self":[{"href":"https:\/\/www.correiobraziliense.com.br\/cbradar\/wp-json\/wp\/v2\/posts\/39306","targetHints":{"allow":["GET"]}}],"collection":[{"href":"https:\/\/www.correiobraziliense.com.br\/cbradar\/wp-json\/wp\/v2\/posts"}],"about":[{"href":"https:\/\/www.correiobraziliense.com.br\/cbradar\/wp-json\/wp\/v2\/types\/post"}],"author":[{"embeddable":true,"href":"https:\/\/www.correiobraziliense.com.br\/cbradar\/wp-json\/wp\/v2\/users\/11"}],"replies":[{"embeddable":true,"href":"https:\/\/www.correiobraziliense.com.br\/cbradar\/wp-json\/wp\/v2\/comments?post=39306"}],"version-history":[{"count":2,"href":"https:\/\/www.correiobraziliense.com.br\/cbradar\/wp-json\/wp\/v2\/posts\/39306\/revisions"}],"predecessor-version":[{"id":39346,"href":"https:\/\/www.correiobraziliense.com.br\/cbradar\/wp-json\/wp\/v2\/posts\/39306\/revisions\/39346"}],"wp:featuredmedia":[{"embeddable":true,"href":"https:\/\/www.correiobraziliense.com.br\/cbradar\/wp-json\/wp\/v2\/media\/11130"}],"wp:attachment":[{"href":"https:\/\/www.correiobraziliense.com.br\/cbradar\/wp-json\/wp\/v2\/media?parent=39306"}],"wp:term":[{"taxonomy":"category","embeddable":true,"href":"https:\/\/www.correiobraziliense.com.br\/cbradar\/wp-json\/wp\/v2\/categories?post=39306"},{"taxonomy":"post_tag","embeddable":true,"href":"https:\/\/www.correiobraziliense.com.br\/cbradar\/wp-json\/wp\/v2\/tags?post=39306"}],"curies":[{"name":"wp","href":"https:\/\/api.w.org\/{rel}","templated":true}]}}